{"id":18055,"date":"2016-04-28T09:00:49","date_gmt":"2016-04-28T12:00:49","guid":{"rendered":"http:\/\/patagoniambiental.com.ar\/?p=18055"},"modified":"2016-04-28T09:00:49","modified_gmt":"2016-04-28T12:00:49","slug":"tierra-del-fuego-con-gran-convocatoria-se-realizo-la-primera-jornada-de-seguridad-higiene-y-medio-ambiente","status":"publish","type":"post","link":"https:\/\/patagoniambiental.com.ar\/info\/tierra-del-fuego-con-gran-convocatoria-se-realizo-la-primera-jornada-de-seguridad-higiene-y-medio-ambiente\/","title":{"rendered":"Tierra del Fuego: Con gran convocatoria, se realiz\u00f3 la primera jornada de Seguridad, Higiene y Medio Ambiente"},"content":{"rendered":"<p>RIO GRANDE.- Con gran marco de p\u00fablico y con una convocatoria que super\u00f3 las expectativas, especialistas locales en materia de Higiene y Seguridad, organizaron la primera jornada de Higiene, Seguridad y Medio Ambiente, la que se llev\u00f3 a cabo en el microcine del museo de esta ciudad \u201cVirginia Choquintel.<\/p>\n<div class=\"g g-2\">\n<div class=\"g-col b-2 a-15\">Esta jornada se desarroll\u00f3 en el marco del D\u00eda Mundial de la Seguridad e Higiene en el Trabajo y participaron profesionales, funcionarios, estudiantes y representantes de diversos sectores de la sociedad.<\/div>\n<\/div>\n<p>Del encuentro participaron m\u00e1s de cien profesionales, t\u00e9cnicos y trabajadores vinculados a la seguridad e higiene.<\/p>\n<p>Se destac\u00f3 la participaci\u00f3n del licenciado Walter Amado, presidente de la Asociaci\u00f3n de Ergonom\u00eda Argentina, quien fue acompa\u00f1ado por su par, el ingeniero Andr\u00e9s Chowanczak, quien es especialista en sistemas contra incendios y seguridad quien disert\u00f3 y ahond\u00f3 en el tema relacionado a la Protecci\u00f3n contra incendios y Juan Cejas, quien es el director de la secretar\u00eda de Desarrollo Sustentable.<\/p>\n<p>Durante el acto inaugural, se dio lectura al Decreto Municipal que con fecha 21 de abril declara de inter\u00e9s municipal la jornada, y se entregaron presentes a los organizadores y disertantes.<br \/>\nAndr\u00e9s Chowanczak<\/p>\n<p>Uno de los profesionales que arrib\u00f3 a la provincia especialmente para participar de esta jornada, el ingeniero Andr\u00e9s Chowanczak, quien es especialista en sistemas contra incendios y seguridad, le adelant\u00f3 a El Sure\u00f1o que su tem\u00e1tica se centr\u00f3 en la fabricaci\u00f3n de bombas contra incendios. \u201cLo que tratamos de hacer es dar una explicaci\u00f3n de c\u00f3mo funcionan y qu\u00e9 se tiene que tener en cuenta al momento de realizar un dise\u00f1o y c\u00f3mo se pueden fabricar y c\u00f3mo es el funcionamiento de la sala de bombas que es algo fundamental\u201d.<\/p>\n<p>Este especialista visit\u00f3 una de las f\u00e1bricas de R\u00edo Grande donde habl\u00f3 de c\u00f3mo se instal\u00f3, las caracter\u00edsticas.<\/p>\n<p>Detall\u00f3 que en Argentina se fabrican varios modelos de bombas contra incendios y que esas bombas se pueden fabricar en Tierra del Fuego. \u201cYo present\u00e9 un proyecto para fabricar las bombas pero que sus costos se adecuen a las necesidades actuales\u201d.<\/p>\n<p>Seg\u00fan asegur\u00f3 el profesional, en general se cumplen, a medias, las normativas respecto de la seguridad e higiene en los \u00e1mbitos laborales de toda la Argentina. \u201cLo malo es que muchas veces, las normas no se cumplen tan s\u00f3lo por falta de conocimiento. Lo m\u00e1s grave es que si bien tenemos una ley que obliga a contar con un equipo contra incendios, no existe una norma que diga c\u00f3mo tiene que ser ese equipo y cu\u00e1les son las condiciones que debe cumplir. Atento a ese vac\u00edo, present\u00e9 un proyecto para que se pueda cumplir con lo que dice la ley\u201d.<\/p>\n<p>Record\u00f3 y remarc\u00f3 que \u201cla ley de seguridad e higiene es del a\u00f1o \u201979 y hay cuestiones que han quedado obsoletas que son las que debemos actualizar\u201d.<\/p>\n<p>Al hablar de las condiciones fueguinas donde todo \u00e1mbito cuenta con aparatos de calefacci\u00f3n y redes de gas dijo que \u201cese es un tema aparte que se deber\u00eda tener en cuenta y generar una normativa especial para este tipo de zonas ya que ac\u00e1 el riesgo es constante\u201d.<\/p>\n<p>Por \u00faltimo manifest\u00f3 su satisfacci\u00f3n por la convocatoria que tuvo la jornada. \u201cFue muy grato ver tanta cantidad de gente interesada en esta tem\u00e1tica lo que me pone muy contento y agradezco a las autoridades por haberme invitado.<br \/>\nJuan Cejas<\/p>\n<p>Juan Cejas, director de la secretar\u00eda de Desarrollo Sustentable de la provincia, quien particip\u00f3 del panel le confi\u00f3 a El Sure\u00f1o que la Secretar\u00eda a su cargo, est\u00e1 participando como invitado especial. \u201cEn lo que respecta a esta secretar\u00eda vamos a comenzar a realizar un trabajo interdisciplinario que ha sido una excelente idea del grupo de Seguridad e Higiene que organiz\u00f3 esta jornada en virtud de que el medioambiente tiene un contacto muy estrecho con la seguridad e higiene en lo que tiene que ver con siniestros y accidentes ambientales. La seguridad y higiene tienen deficiencias o debilidades que, en muchas oportunidades terminan siendo un problema ambiental\u201d.<\/p>\n<p>\u201cPor esa raz\u00f3n, -continu\u00f3- el trabajo interdisciplinario tiene que empezar a darse y esta jornada es propicia para dar el puntapi\u00e9 inicial para que la seguridad e higiene comience a discutirse en los l\u00edmites de la seguridad e higiene en el trabajo\u201d.<\/p>\n<p>Seg\u00fan aseguraron los expositores, y al hablar de la gran convocatoria, atribuyeron esta caracter\u00edstica a la gran cantidad de nuevos profesionales quienes se mostraron muy interesados en una tem\u00e1tica como lo fue la Ergonom\u00eda que en los \u00faltimos tiempos ha adquirido un posicionamiento muy importante a nivel nacional y los profesionales est\u00e1n interesados en conocer detalles de c\u00f3mo dar el cumplimiento y la aplicaci\u00f3n en la materia.<br \/>\nAlberto Sario<\/p>\n<p>Por su parte, el licenciado Alberto Sario, uno de los integrantes de la comisi\u00f3n organizadora, dijo que \u201cla convocatoria ha superado las expectativas. Es fundamental que podamos abordar estos temas en la ciudad, porque de esto depende la salud y en muchos casos la vida de los trabajadores. Agradezco tambi\u00e9n a los disertantes, profesionales de mucha experiencia que han venido desde Buenos Aires para compartir sus conocimientos con nosotros\u201d.<\/p>\n<p>La comisi\u00f3n organizadora estuvo integrada por las licenciadas Alejandra Borgato y Vanesa Zamora; y los licenciados Alberto Sario y Diego Calisto. Adem\u00e1s se cont\u00f3 con la colaboraci\u00f3n especial del licenciado Federico Le\u00f3n Gim\u00e9nez, integrante del departamento de Seguridad e Higiene Municipalidad de R\u00edo Grande.<\/p>\n<p>Durante la jornada se procedi\u00f3 a brindar un reconocimiento a la trayectoria al ingeniero H\u00e9ctor Eugenio Borgato y al ingeniero Fabio Reiss, por ser pioneros en materia de Higiene y Seguridad en Tierra del Fuego.<\/p>\n<p>Fuente: El Sure\u00f1o<\/p>\n","protected":false},"excerpt":{"rendered":"<p>RIO GRANDE.- Con gran marco de p\u00fablico y con una convocatoria que super\u00f3 las expectativas, especialistas locales en materia de [&hellip;]<\/p>\n","protected":false},"author":2,"featured_media":0,"comment_status":"closed","ping_status":"closed","sticky":false,"template":"","format":"standard","meta":{"site-sidebar-layout":"default","site-content-layout":"","ast-site-content-layout":"default","site-content-style":"default","site-sidebar-style":"default","ast-global-header-display":"","ast-banner-title-visibility":"","ast-main-header-display":"","ast-hfb-above-header-display":"","ast-hfb-below-header-display":"","ast-hfb-mobile-header-display":"","site-post-title":"","ast-breadcrumbs-content":"","ast-featured-img":"","footer-sml-layout":"","ast-disable-related-posts":"","theme-transparent-header-meta":"","adv-header-id-meta":"","stick-header-meta":"","header-above-stick-meta":"","header-main-stick-meta":"","header-below-stick-meta":"","astra-migrate-meta-layouts":"default","ast-page-background-enabled":"default","ast-page-background-meta":{"desktop":{"background-color":"var(--ast-global-color-5)","background-image":"","background-repeat":"repeat","background-position":"center center","background-size":"auto","background-attachment":"scroll","background-type":"","background-media":"","overlay-type":"","overlay-color":"","overlay-opacity":"","overlay-gradient":""},"tablet":{"background-color":"","background-image":"","background-repeat":"repeat","background-position":"center center","background-size":"auto","background-attachment":"scroll","background-type":"","background-media":"","overlay-type":"","overlay-color":"","overlay-opacity":"","overlay-gradient":""},"mobile":{"background-color":"","background-image":"","background-repeat":"repeat","background-position":"center center","background-size":"auto","background-attachment":"scroll","background-type":"","background-media":"","overlay-type":"","overlay-color":"","overlay-opacity":"","overlay-gradient":""}},"ast-content-background-meta":{"desktop":{"background-color":"var(--ast-global-color-4)","background-image":"","background-repeat":"repeat","background-position":"center center","background-size":"auto","background-attachment":"scroll","background-type":"","background-media":"","overlay-type":"","overlay-color":"","overlay-opacity":"","overlay-gradient":""},"tablet":{"background-color":"var(--ast-global-color-4)","background-image":"","background-repeat":"repeat","background-position":"center center","background-size":"auto","background-attachment":"scroll","background-type":"","background-media":"","overlay-type":"","overlay-color":"","overlay-opacity":"","overlay-gradient":""},"mobile":{"background-color":"var(--ast-global-color-4)","background-image":"","background-repeat":"repeat","background-position":"center center","background-size":"auto","background-attachment":"scroll","background-type":"","background-media":"","overlay-type":"","overlay-color":"","overlay-opacity":"","overlay-gradient":""}},"footnotes":""},"categories":[1,13,25],"tags":[],"class_list":["post-18055","post","type-post","status-publish","format-standard","hentry","category-noticias","category-provinciales","category-tierra-del-fuego"],"yoast_head":"<!-- This site is optimized with the Yoast SEO Premium plugin v23.0 (Yoast SEO v27.5) - https:\/\/yoast.com\/product\/yoast-seo-premium-wordpress\/ -->\n<title>Tierra del Fuego: Con gran convocatoria, se realiz\u00f3 la primera jornada de Seguridad, Higiene y Medio Ambiente<\/title>\n<meta name=\"robots\" content=\"index, follow, max-snippet:-1, max-image-preview:large, max-video-preview:-1\" \/>\n<link rel=\"canonical\" href=\"https:\/\/patagoniambiental.com.ar\/info\/tierra-del-fuego-con-gran-convocatoria-se-realizo-la-primera-jornada-de-seguridad-higiene-y-medio-ambiente\/\" \/>\n<meta property=\"og:locale\" content=\"es_ES\" \/>\n<meta property=\"og:type\" content=\"article\" \/>\n<meta property=\"og:title\" content=\"Tierra del Fuego: Con gran convocatoria, se realiz\u00f3 la primera jornada de Seguridad, Higiene y Medio Ambiente\" \/>\n<meta property=\"og:description\" content=\"RIO GRANDE.- Con gran marco de p\u00fablico y con una convocatoria que super\u00f3 las expectativas, especialistas locales en materia de [&hellip;]\" \/>\n<meta property=\"og:url\" content=\"https:\/\/patagoniambiental.com.ar\/info\/tierra-del-fuego-con-gran-convocatoria-se-realizo-la-primera-jornada-de-seguridad-higiene-y-medio-ambiente\/\" \/>\n<meta property=\"og:site_name\" content=\"Patagonia Ambiental\" \/>\n<meta property=\"article:publisher\" content=\"https:\/\/www.facebook.com\/patagonia.ambiental\" \/>\n<meta property=\"article:author\" content=\"https:\/\/www.facebook.com\/share\/1C1V8Gv9BX\/?mibextid=qi2Omg\" \/>\n<meta property=\"article:published_time\" content=\"2016-04-28T12:00:49+00:00\" \/>\n<meta name=\"author\" content=\"Patagonia Ambiental\" \/>\n<meta name=\"twitter:card\" content=\"summary_large_image\" \/>\n<meta name=\"twitter:creator\" content=\"@PatAmb\" \/>\n<meta name=\"twitter:site\" content=\"@PatAmb\" \/>\n<script type=\"application\/ld+json\" class=\"yoast-schema-graph\">{\"@context\":\"https:\\\/\\\/schema.org\",\"@graph\":[{\"@type\":\"Article\",\"@id\":\"https:\\\/\\\/patagoniambiental.com.ar\\\/info\\\/tierra-del-fuego-con-gran-convocatoria-se-realizo-la-primera-jornada-de-seguridad-higiene-y-medio-ambiente\\\/#article\",\"isPartOf\":{\"@id\":\"https:\\\/\\\/patagoniambiental.com.ar\\\/info\\\/tierra-del-fuego-con-gran-convocatoria-se-realizo-la-primera-jornada-de-seguridad-higiene-y-medio-ambiente\\\/\"},\"author\":{\"name\":\"Patagonia Ambiental\",\"@id\":\"https:\\\/\\\/patagoniambiental.com.ar\\\/info\\\/#\\\/schema\\\/person\\\/db12bff64bbcbf6a253710bf0ea37b5d\"},\"headline\":\"Tierra del Fuego: Con gran convocatoria, se realiz\u00f3 la primera jornada de Seguridad, Higiene y Medio Ambiente\",\"datePublished\":\"2016-04-28T12:00:49+00:00\",\"mainEntityOfPage\":{\"@id\":\"https:\\\/\\\/patagoniambiental.com.ar\\\/info\\\/tierra-del-fuego-con-gran-convocatoria-se-realizo-la-primera-jornada-de-seguridad-higiene-y-medio-ambiente\\\/\"},\"wordCount\":999,\"publisher\":{\"@id\":\"https:\\\/\\\/patagoniambiental.com.ar\\\/info\\\/#organization\"},\"articleSection\":[\"Noticias\",\"Provinciales\",\"Tierra del Fuego\"],\"inLanguage\":\"es\"},{\"@type\":\"WebPage\",\"@id\":\"https:\\\/\\\/patagoniambiental.com.ar\\\/info\\\/tierra-del-fuego-con-gran-convocatoria-se-realizo-la-primera-jornada-de-seguridad-higiene-y-medio-ambiente\\\/\",\"url\":\"https:\\\/\\\/patagoniambiental.com.ar\\\/info\\\/tierra-del-fuego-con-gran-convocatoria-se-realizo-la-primera-jornada-de-seguridad-higiene-y-medio-ambiente\\\/\",\"name\":\"Tierra del Fuego: Con gran convocatoria, se realiz\u00f3 la primera jornada de Seguridad, Higiene y Medio Ambiente\",\"isPartOf\":{\"@id\":\"https:\\\/\\\/patagoniambiental.com.ar\\\/info\\\/#website\"},\"datePublished\":\"2016-04-28T12:00:49+00:00\",\"breadcrumb\":{\"@id\":\"https:\\\/\\\/patagoniambiental.com.ar\\\/info\\\/tierra-del-fuego-con-gran-convocatoria-se-realizo-la-primera-jornada-de-seguridad-higiene-y-medio-ambiente\\\/#breadcrumb\"},\"inLanguage\":\"es\",\"potentialAction\":[{\"@type\":\"ReadAction\",\"target\":[\"https:\\\/\\\/patagoniambiental.com.ar\\\/info\\\/tierra-del-fuego-con-gran-convocatoria-se-realizo-la-primera-jornada-de-seguridad-higiene-y-medio-ambiente\\\/\"]}]},{\"@type\":\"BreadcrumbList\",\"@id\":\"https:\\\/\\\/patagoniambiental.com.ar\\\/info\\\/tierra-del-fuego-con-gran-convocatoria-se-realizo-la-primera-jornada-de-seguridad-higiene-y-medio-ambiente\\\/#breadcrumb\",\"itemListElement\":[{\"@type\":\"ListItem\",\"position\":1,\"name\":\"Inicio\",\"item\":\"https:\\\/\\\/patagoniambiental.com.ar\\\/info\\\/\"},{\"@type\":\"ListItem\",\"position\":2,\"name\":\"Tierra del Fuego: Con gran convocatoria, se realiz\u00f3 la primera jornada de Seguridad, Higiene y Medio Ambiente\"}]},{\"@type\":\"WebSite\",\"@id\":\"https:\\\/\\\/patagoniambiental.com.ar\\\/info\\\/#website\",\"url\":\"https:\\\/\\\/patagoniambiental.com.ar\\\/info\\\/\",\"name\":\"Patagonia Ambiental\",\"description\":\"Monitoreo y an\u00e1lisis de la situaci\u00f3n geopol\u00edtica en el mundo y su implicancia en la Patagonia\",\"publisher\":{\"@id\":\"https:\\\/\\\/patagoniambiental.com.ar\\\/info\\\/#organization\"},\"potentialAction\":[{\"@type\":\"SearchAction\",\"target\":{\"@type\":\"EntryPoint\",\"urlTemplate\":\"https:\\\/\\\/patagoniambiental.com.ar\\\/info\\\/?s={search_term_string}\"},\"query-input\":{\"@type\":\"PropertyValueSpecification\",\"valueRequired\":true,\"valueName\":\"search_term_string\"}}],\"inLanguage\":\"es\"},{\"@type\":\"Organization\",\"@id\":\"https:\\\/\\\/patagoniambiental.com.ar\\\/info\\\/#organization\",\"name\":\"Patagonia Ambiental\",\"url\":\"https:\\\/\\\/patagoniambiental.com.ar\\\/info\\\/\",\"logo\":{\"@type\":\"ImageObject\",\"inLanguage\":\"es\",\"@id\":\"https:\\\/\\\/patagoniambiental.com.ar\\\/info\\\/#\\\/schema\\\/logo\\\/image\\\/\",\"url\":\"https:\\\/\\\/patagoniambiental.com.ar\\\/info\\\/wp-content\\\/uploads\\\/2025\\\/05\\\/LOGO-PATAGONIA-AMBIENTAL.png\",\"contentUrl\":\"https:\\\/\\\/patagoniambiental.com.ar\\\/info\\\/wp-content\\\/uploads\\\/2025\\\/05\\\/LOGO-PATAGONIA-AMBIENTAL.png\",\"width\":433,\"height\":250,\"caption\":\"Patagonia Ambiental\"},\"image\":{\"@id\":\"https:\\\/\\\/patagoniambiental.com.ar\\\/info\\\/#\\\/schema\\\/logo\\\/image\\\/\"},\"sameAs\":[\"https:\\\/\\\/www.facebook.com\\\/patagonia.ambiental\",\"https:\\\/\\\/x.com\\\/PatAmb\"]},{\"@type\":\"Person\",\"@id\":\"https:\\\/\\\/patagoniambiental.com.ar\\\/info\\\/#\\\/schema\\\/person\\\/db12bff64bbcbf6a253710bf0ea37b5d\",\"name\":\"Patagonia Ambiental\",\"description\":\"Andr\u00e9s Nievas T\u00e9cnico en manejo ambiental, consultor Ambiental y escritor para medios locales e internacionales sobre temas de geopolitica y medio ambiente.\",\"sameAs\":[\"http:\\\/\\\/www.patagoniambiental.com.ar\",\"https:\\\/\\\/www.facebook.com\\\/share\\\/1C1V8Gv9BX\\\/?mibextid=qi2Omg\",\"@patagoniambiental\",\"https:\\\/\\\/youtube.com\\\/@patagoniaambiental2023?si=BLt58t0wuXquxlYZ\"]}]}<\/script>\n<!-- \/ Yoast SEO Premium plugin. -->","yoast_head_json":{"title":"Tierra del Fuego: Con gran convocatoria, se realiz\u00f3 la primera jornada de Seguridad, Higiene y Medio Ambiente","robots":{"index":"index","follow":"follow","max-snippet":"max-snippet:-1","max-image-preview":"max-image-preview:large","max-video-preview":"max-video-preview:-1"},"canonical":"https:\/\/patagoniambiental.com.ar\/info\/tierra-del-fuego-con-gran-convocatoria-se-realizo-la-primera-jornada-de-seguridad-higiene-y-medio-ambiente\/","og_locale":"es_ES","og_type":"article","og_title":"Tierra del Fuego: Con gran convocatoria, se realiz\u00f3 la primera jornada de Seguridad, Higiene y Medio Ambiente","og_description":"RIO GRANDE.- Con gran marco de p\u00fablico y con una convocatoria que super\u00f3 las expectativas, especialistas locales en materia de [&hellip;]","og_url":"https:\/\/patagoniambiental.com.ar\/info\/tierra-del-fuego-con-gran-convocatoria-se-realizo-la-primera-jornada-de-seguridad-higiene-y-medio-ambiente\/","og_site_name":"Patagonia Ambiental","article_publisher":"https:\/\/www.facebook.com\/patagonia.ambiental","article_author":"https:\/\/www.facebook.com\/share\/1C1V8Gv9BX\/?mibextid=qi2Omg","article_published_time":"2016-04-28T12:00:49+00:00","author":"Patagonia Ambiental","twitter_card":"summary_large_image","twitter_creator":"@PatAmb","twitter_site":"@PatAmb","schema":{"@context":"https:\/\/schema.org","@graph":[{"@type":"Article","@id":"https:\/\/patagoniambiental.com.ar\/info\/tierra-del-fuego-con-gran-convocatoria-se-realizo-la-primera-jornada-de-seguridad-higiene-y-medio-ambiente\/#article","isPartOf":{"@id":"https:\/\/patagoniambiental.com.ar\/info\/tierra-del-fuego-con-gran-convocatoria-se-realizo-la-primera-jornada-de-seguridad-higiene-y-medio-ambiente\/"},"author":{"name":"Patagonia Ambiental","@id":"https:\/\/patagoniambiental.com.ar\/info\/#\/schema\/person\/db12bff64bbcbf6a253710bf0ea37b5d"},"headline":"Tierra del Fuego: Con gran convocatoria, se realiz\u00f3 la primera jornada de Seguridad, Higiene y Medio Ambiente","datePublished":"2016-04-28T12:00:49+00:00","mainEntityOfPage":{"@id":"https:\/\/patagoniambiental.com.ar\/info\/tierra-del-fuego-con-gran-convocatoria-se-realizo-la-primera-jornada-de-seguridad-higiene-y-medio-ambiente\/"},"wordCount":999,"publisher":{"@id":"https:\/\/patagoniambiental.com.ar\/info\/#organization"},"articleSection":["Noticias","Provinciales","Tierra del Fuego"],"inLanguage":"es"},{"@type":"WebPage","@id":"https:\/\/patagoniambiental.com.ar\/info\/tierra-del-fuego-con-gran-convocatoria-se-realizo-la-primera-jornada-de-seguridad-higiene-y-medio-ambiente\/","url":"https:\/\/patagoniambiental.com.ar\/info\/tierra-del-fuego-con-gran-convocatoria-se-realizo-la-primera-jornada-de-seguridad-higiene-y-medio-ambiente\/","name":"Tierra del Fuego: Con gran convocatoria, se realiz\u00f3 la primera jornada de Seguridad, Higiene y Medio Ambiente","isPartOf":{"@id":"https:\/\/patagoniambiental.com.ar\/info\/#website"},"datePublished":"2016-04-28T12:00:49+00:00","breadcrumb":{"@id":"https:\/\/patagoniambiental.com.ar\/info\/tierra-del-fuego-con-gran-convocatoria-se-realizo-la-primera-jornada-de-seguridad-higiene-y-medio-ambiente\/#breadcrumb"},"inLanguage":"es","potentialAction":[{"@type":"ReadAction","target":["https:\/\/patagoniambiental.com.ar\/info\/tierra-del-fuego-con-gran-convocatoria-se-realizo-la-primera-jornada-de-seguridad-higiene-y-medio-ambiente\/"]}]},{"@type":"BreadcrumbList","@id":"https:\/\/patagoniambiental.com.ar\/info\/tierra-del-fuego-con-gran-convocatoria-se-realizo-la-primera-jornada-de-seguridad-higiene-y-medio-ambiente\/#breadcrumb","itemListElement":[{"@type":"ListItem","position":1,"name":"Inicio","item":"https:\/\/patagoniambiental.com.ar\/info\/"},{"@type":"ListItem","position":2,"name":"Tierra del Fuego: Con gran convocatoria, se realiz\u00f3 la primera jornada de Seguridad, Higiene y Medio Ambiente"}]},{"@type":"WebSite","@id":"https:\/\/patagoniambiental.com.ar\/info\/#website","url":"https:\/\/patagoniambiental.com.ar\/info\/","name":"Patagonia Ambiental","description":"Monitoreo y an\u00e1lisis de la situaci\u00f3n geopol\u00edtica en el mundo y su implicancia en la Patagonia","publisher":{"@id":"https:\/\/patagoniambiental.com.ar\/info\/#organization"},"potentialAction":[{"@type":"SearchAction","target":{"@type":"EntryPoint","urlTemplate":"https:\/\/patagoniambiental.com.ar\/info\/?s={search_term_string}"},"query-input":{"@type":"PropertyValueSpecification","valueRequired":true,"valueName":"search_term_string"}}],"inLanguage":"es"},{"@type":"Organization","@id":"https:\/\/patagoniambiental.com.ar\/info\/#organization","name":"Patagonia Ambiental","url":"https:\/\/patagoniambiental.com.ar\/info\/","logo":{"@type":"ImageObject","inLanguage":"es","@id":"https:\/\/patagoniambiental.com.ar\/info\/#\/schema\/logo\/image\/","url":"https:\/\/patagoniambiental.com.ar\/info\/wp-content\/uploads\/2025\/05\/LOGO-PATAGONIA-AMBIENTAL.png","contentUrl":"https:\/\/patagoniambiental.com.ar\/info\/wp-content\/uploads\/2025\/05\/LOGO-PATAGONIA-AMBIENTAL.png","width":433,"height":250,"caption":"Patagonia Ambiental"},"image":{"@id":"https:\/\/patagoniambiental.com.ar\/info\/#\/schema\/logo\/image\/"},"sameAs":["https:\/\/www.facebook.com\/patagonia.ambiental","https:\/\/x.com\/PatAmb"]},{"@type":"Person","@id":"https:\/\/patagoniambiental.com.ar\/info\/#\/schema\/person\/db12bff64bbcbf6a253710bf0ea37b5d","name":"Patagonia Ambiental","description":"Andr\u00e9s Nievas T\u00e9cnico en manejo ambiental, consultor Ambiental y escritor para medios locales e internacionales sobre temas de geopolitica y medio ambiente.","sameAs":["http:\/\/www.patagoniambiental.com.ar","https:\/\/www.facebook.com\/share\/1C1V8Gv9BX\/?mibextid=qi2Omg","@patagoniambiental","https:\/\/youtube.com\/@patagoniaambiental2023?si=BLt58t0wuXquxlYZ"]}]}},"_links":{"self":[{"href":"https:\/\/patagoniambiental.com.ar\/info\/wp-json\/wp\/v2\/posts\/18055","targetHints":{"allow":["GET"]}}],"collection":[{"href":"https:\/\/patagoniambiental.com.ar\/info\/wp-json\/wp\/v2\/posts"}],"about":[{"href":"https:\/\/patagoniambiental.com.ar\/info\/wp-json\/wp\/v2\/types\/post"}],"author":[{"embeddable":true,"href":"https:\/\/patagoniambiental.com.ar\/info\/wp-json\/wp\/v2\/users\/2"}],"replies":[{"embeddable":true,"href":"https:\/\/patagoniambiental.com.ar\/info\/wp-json\/wp\/v2\/comments?post=18055"}],"version-history":[{"count":0,"href":"https:\/\/patagoniambiental.com.ar\/info\/wp-json\/wp\/v2\/posts\/18055\/revisions"}],"wp:attachment":[{"href":"https:\/\/patagoniambiental.com.ar\/info\/wp-json\/wp\/v2\/media?parent=18055"}],"wp:term":[{"taxonomy":"category","embeddable":true,"href":"https:\/\/patagoniambiental.com.ar\/info\/wp-json\/wp\/v2\/categories?post=18055"},{"taxonomy":"post_tag","embeddable":true,"href":"https:\/\/patagoniambiental.com.ar\/info\/wp-json\/wp\/v2\/tags?post=18055"}],"curies":[{"name":"wp","href":"https:\/\/api.w.org\/{rel}","templated":true}]}}