{"id":18130,"date":"2016-05-02T09:33:20","date_gmt":"2016-05-02T12:33:20","guid":{"rendered":"http:\/\/patagoniambiental.com.ar\/?p=18130"},"modified":"2016-05-02T09:33:20","modified_gmt":"2016-05-02T12:33:20","slug":"rio-negro-renovo-sus-representantes-en-el-directorio-de-eolica-rionegrina","status":"publish","type":"post","link":"https:\/\/patagoniambiental.com.ar\/info\/rio-negro-renovo-sus-representantes-en-el-directorio-de-eolica-rionegrina\/","title":{"rendered":"R\u00edo Negro renov\u00f3 sus representantes en el directorio de E\u00f3lica Rionegrina"},"content":{"rendered":"<div>En la sede de INVAP en la Ciudad Aut\u00f3noma de Buenos Aires, se realiz\u00f3 la nueva asamblea de accionistas y reuni\u00f3n del directorio de la empresa estatal E\u00f3lica Rionegrina, integrada por INVAP y la transportadora el\u00e9ctrica Transcomahue.<\/div>\n<div><\/div>\n<div>All\u00ed se design\u00f3 a la secretaria de Energ\u00eda El\u00e9ctrica, Andrea Confini, como nueva vicepresidenta y se acord\u00f3 c\u00f3mo ser\u00e1 la distribuci\u00f3n de tareas para la culminaci\u00f3n del proyecto de aprovechamiento \u00e9olico de la meseta de Cerro Polic\u00eda.<\/div>\n<div><\/div>\n<div>Confini estuvo acompa\u00f1ada por el secretario de Estado de Energ\u00eda, Sebasti\u00e1n Caldiero, con quien mantuvo una reuni\u00f3n con los potenciales inversores que firmaron con INVAP hace un mes un memorando de entendimiento para el desarrollo de la obra. Se trata de Dow Argentina, que est\u00e1 dispuesta a realizar una millonaria inversi\u00f3n por etapas. Su presidente para la Regi\u00f3n Sur de Am\u00e9rica Latina, Gast\u00f3n Remy, fue el representante de la multinacional qu\u00edmica estadounidense durante el encuentro.<\/div>\n<div><\/div>\n<div>En el entendimiento firmado por Dow se especific\u00f3 que el objetivo era llevar adelante el proyecto en dos fases: la primera implicar\u00e1 una inversi\u00f3n aproximada de US$ 50.000.000 e incluye la instalaci\u00f3n de cinco molinos (15 MW de capacidad instalada), transformadores y equipos de transmisi\u00f3n para conectar el campo a los electroductos del sistema del Comahue. Esto se har\u00e1 a trav\u00e9s de una L\u00ednea de Alta Tensi\u00f3n (LAT) de 132 kV de 30 kil\u00f3metros en direcci\u00f3n a El Choc\u00f3n. La segunda fase alcanzar\u00eda 50 MW de potencia instalada (20 turbinas e\u00f3licas) por un total de US$ 123.000.000.<\/div>\n<div><\/div>\n<div>\n<div>Caldiero evalu\u00f3 como \u201cmuy positiva\u201d la reuni\u00f3n con Dow. \u201cAdvertimos un gran entusiasmo y predisposici\u00f3n de la firma para concretar nuestro proyecto, para el cual tambi\u00e9n pretendemos contar con la participaci\u00f3n de otros inversores, siempre bajo el liderazgo de la Provincia de R\u00edo Negro\u201d \u201cLas caracter\u00edsticas modulares para la ampliaci\u00f3n de esta obra nos dar\u00edan esa posibilidad\u201d, a\u00f1adi\u00f3.<\/div>\n<div><\/div>\n<div>Por su parte, Confini explic\u00f3 que \u201cdurante la asamblea se avanz\u00f3 sobre la necesidad de definir la estructura financiera y comercial que tendr\u00e1 E\u00f3lica Rionegrina, con la cual apuntamos desde nuestra provincia a contribuir con la diversificaci\u00f3n de la matriz energ\u00e9tica de nuestro pa\u00eds\u201d.<\/div>\n<div><\/div>\n<div>\u201cLa intenci\u00f3n de fomentar y generar espacios de modelos comerciales mixtos, que cuenten con participaci\u00f3n estatal y privada, facilitar\u00e1 el arribo de las inversiones que R\u00edo Negro necesita para explotar nuestra potencialidad para la producci\u00f3n energ\u00e9tica a partir de fuentes renovables. Es algo que nos ha encomendado el gobernador Alberto Weretilneck, con lo cual aguardamos convertirnos en una provincia energ\u00e9ticamente sustentable y en una de las referentes del sector\u201d, concluy\u00f3 la funcionaria.<\/div>\n<\/div>\n<div><\/div>\n<div>Fuente: Gobierno de R\u00edo Negro<\/div>\n","protected":false},"excerpt":{"rendered":"<p>En la sede de INVAP en la Ciudad Aut\u00f3noma de Buenos Aires, se realiz\u00f3 la nueva asamblea de accionistas y [&hellip;]<\/p>\n","protected":false},"author":2,"featured_media":0,"comment_status":"closed","ping_status":"closed","sticky":false,"template":"","format":"standard","meta":{"site-sidebar-layout":"default","site-content-layout":"","ast-site-content-layout":"default","site-content-style":"default","site-sidebar-style":"default","ast-global-header-display":"","ast-banner-title-visibility":"","ast-main-header-display":"","ast-hfb-above-header-display":"","ast-hfb-below-header-display":"","ast-hfb-mobile-header-display":"","site-post-title":"","ast-breadcrumbs-content":"","ast-featured-img":"","footer-sml-layout":"","ast-disable-related-posts":"","theme-transparent-header-meta":"","adv-header-id-meta":"","stick-header-meta":"","header-above-stick-meta":"","header-main-stick-meta":"","header-below-stick-meta":"","astra-migrate-meta-layouts":"default","ast-page-background-enabled":"default","ast-page-background-meta":{"desktop":{"background-color":"var(--ast-global-color-5)","background-image":"","background-repeat":"repeat","background-position":"center center","background-size":"auto","background-attachment":"scroll","background-type":"","background-media":"","overlay-type":"","overlay-color":"","overlay-opacity":"","overlay-gradient":""},"tablet":{"background-color":"","background-image":"","background-repeat":"repeat","background-position":"center center","background-size":"auto","background-attachment":"scroll","background-type":"","background-media":"","overlay-type":"","overlay-color":"","overlay-opacity":"","overlay-gradient":""},"mobile":{"background-color":"","background-image":"","background-repeat":"repeat","background-position":"center center","background-size":"auto","background-attachment":"scroll","background-type":"","background-media":"","overlay-type":"","overlay-color":"","overlay-opacity":"","overlay-gradient":""}},"ast-content-background-meta":{"desktop":{"background-color":"var(--ast-global-color-4)","background-image":"","background-repeat":"repeat","background-position":"center center","background-size":"auto","background-attachment":"scroll","background-type":"","background-media":"","overlay-type":"","overlay-color":"","overlay-opacity":"","overlay-gradient":""},"tablet":{"background-color":"var(--ast-global-color-4)","background-image":"","background-repeat":"repeat","background-position":"center center","background-size":"auto","background-attachment":"scroll","background-type":"","background-media":"","overlay-type":"","overlay-color":"","overlay-opacity":"","overlay-gradient":""},"mobile":{"background-color":"var(--ast-global-color-4)","background-image":"","background-repeat":"repeat","background-position":"center center","background-size":"auto","background-attachment":"scroll","background-type":"","background-media":"","overlay-type":"","overlay-color":"","overlay-opacity":"","overlay-gradient":""}},"footnotes":""},"categories":[1,13,14],"tags":[],"class_list":["post-18130","post","type-post","status-publish","format-standard","hentry","category-noticias","category-provinciales","category-rio-negro"],"yoast_head":"<!-- This site is optimized with the Yoast SEO Premium plugin v23.0 (Yoast SEO v27.5) - https:\/\/yoast.com\/product\/yoast-seo-premium-wordpress\/ -->\n<title>R\u00edo Negro renov\u00f3 sus representantes en el directorio de E\u00f3lica Rionegrina<\/title>\n<meta name=\"robots\" content=\"index, follow, max-snippet:-1, max-image-preview:large, max-video-preview:-1\" \/>\n<link rel=\"canonical\" href=\"https:\/\/patagoniambiental.com.ar\/info\/rio-negro-renovo-sus-representantes-en-el-directorio-de-eolica-rionegrina\/\" \/>\n<meta property=\"og:locale\" content=\"es_ES\" \/>\n<meta property=\"og:type\" content=\"article\" \/>\n<meta property=\"og:title\" content=\"R\u00edo Negro renov\u00f3 sus representantes en el directorio de E\u00f3lica Rionegrina\" \/>\n<meta property=\"og:description\" content=\"En la sede de INVAP en la Ciudad Aut\u00f3noma de Buenos Aires, se realiz\u00f3 la nueva asamblea de accionistas y [&hellip;]\" \/>\n<meta property=\"og:url\" content=\"https:\/\/patagoniambiental.com.ar\/info\/rio-negro-renovo-sus-representantes-en-el-directorio-de-eolica-rionegrina\/\" \/>\n<meta property=\"og:site_name\" content=\"Patagonia Ambiental\" \/>\n<meta property=\"article:publisher\" content=\"https:\/\/www.facebook.com\/patagonia.ambiental\" \/>\n<meta property=\"article:author\" content=\"https:\/\/www.facebook.com\/share\/1C1V8Gv9BX\/?mibextid=qi2Omg\" \/>\n<meta property=\"article:published_time\" content=\"2016-05-02T12:33:20+00:00\" \/>\n<meta name=\"author\" content=\"Patagonia Ambiental\" \/>\n<meta name=\"twitter:card\" content=\"summary_large_image\" \/>\n<meta name=\"twitter:creator\" content=\"@PatAmb\" \/>\n<meta name=\"twitter:site\" content=\"@PatAmb\" \/>\n<script type=\"application\/ld+json\" class=\"yoast-schema-graph\">{\"@context\":\"https:\\\/\\\/schema.org\",\"@graph\":[{\"@type\":\"Article\",\"@id\":\"https:\\\/\\\/patagoniambiental.com.ar\\\/info\\\/rio-negro-renovo-sus-representantes-en-el-directorio-de-eolica-rionegrina\\\/#article\",\"isPartOf\":{\"@id\":\"https:\\\/\\\/patagoniambiental.com.ar\\\/info\\\/rio-negro-renovo-sus-representantes-en-el-directorio-de-eolica-rionegrina\\\/\"},\"author\":{\"name\":\"Patagonia Ambiental\",\"@id\":\"https:\\\/\\\/patagoniambiental.com.ar\\\/info\\\/#\\\/schema\\\/person\\\/db12bff64bbcbf6a253710bf0ea37b5d\"},\"headline\":\"R\u00edo Negro renov\u00f3 sus representantes en el directorio de E\u00f3lica Rionegrina\",\"datePublished\":\"2016-05-02T12:33:20+00:00\",\"mainEntityOfPage\":{\"@id\":\"https:\\\/\\\/patagoniambiental.com.ar\\\/info\\\/rio-negro-renovo-sus-representantes-en-el-directorio-de-eolica-rionegrina\\\/\"},\"wordCount\":481,\"publisher\":{\"@id\":\"https:\\\/\\\/patagoniambiental.com.ar\\\/info\\\/#organization\"},\"articleSection\":[\"Noticias\",\"Provinciales\",\"R\u00edo Negro\"],\"inLanguage\":\"es\"},{\"@type\":\"WebPage\",\"@id\":\"https:\\\/\\\/patagoniambiental.com.ar\\\/info\\\/rio-negro-renovo-sus-representantes-en-el-directorio-de-eolica-rionegrina\\\/\",\"url\":\"https:\\\/\\\/patagoniambiental.com.ar\\\/info\\\/rio-negro-renovo-sus-representantes-en-el-directorio-de-eolica-rionegrina\\\/\",\"name\":\"R\u00edo Negro renov\u00f3 sus representantes en el directorio de E\u00f3lica Rionegrina\",\"isPartOf\":{\"@id\":\"https:\\\/\\\/patagoniambiental.com.ar\\\/info\\\/#website\"},\"datePublished\":\"2016-05-02T12:33:20+00:00\",\"breadcrumb\":{\"@id\":\"https:\\\/\\\/patagoniambiental.com.ar\\\/info\\\/rio-negro-renovo-sus-representantes-en-el-directorio-de-eolica-rionegrina\\\/#breadcrumb\"},\"inLanguage\":\"es\",\"potentialAction\":[{\"@type\":\"ReadAction\",\"target\":[\"https:\\\/\\\/patagoniambiental.com.ar\\\/info\\\/rio-negro-renovo-sus-representantes-en-el-directorio-de-eolica-rionegrina\\\/\"]}]},{\"@type\":\"BreadcrumbList\",\"@id\":\"https:\\\/\\\/patagoniambiental.com.ar\\\/info\\\/rio-negro-renovo-sus-representantes-en-el-directorio-de-eolica-rionegrina\\\/#breadcrumb\",\"itemListElement\":[{\"@type\":\"ListItem\",\"position\":1,\"name\":\"Inicio\",\"item\":\"https:\\\/\\\/patagoniambiental.com.ar\\\/info\\\/\"},{\"@type\":\"ListItem\",\"position\":2,\"name\":\"R\u00edo Negro renov\u00f3 sus representantes en el directorio de E\u00f3lica Rionegrina\"}]},{\"@type\":\"WebSite\",\"@id\":\"https:\\\/\\\/patagoniambiental.com.ar\\\/info\\\/#website\",\"url\":\"https:\\\/\\\/patagoniambiental.com.ar\\\/info\\\/\",\"name\":\"Patagonia Ambiental\",\"description\":\"Monitoreo y an\u00e1lisis de la situaci\u00f3n geopol\u00edtica en el mundo y su implicancia en la Patagonia\",\"publisher\":{\"@id\":\"https:\\\/\\\/patagoniambiental.com.ar\\\/info\\\/#organization\"},\"potentialAction\":[{\"@type\":\"SearchAction\",\"target\":{\"@type\":\"EntryPoint\",\"urlTemplate\":\"https:\\\/\\\/patagoniambiental.com.ar\\\/info\\\/?s={search_term_string}\"},\"query-input\":{\"@type\":\"PropertyValueSpecification\",\"valueRequired\":true,\"valueName\":\"search_term_string\"}}],\"inLanguage\":\"es\"},{\"@type\":\"Organization\",\"@id\":\"https:\\\/\\\/patagoniambiental.com.ar\\\/info\\\/#organization\",\"name\":\"Patagonia Ambiental\",\"url\":\"https:\\\/\\\/patagoniambiental.com.ar\\\/info\\\/\",\"logo\":{\"@type\":\"ImageObject\",\"inLanguage\":\"es\",\"@id\":\"https:\\\/\\\/patagoniambiental.com.ar\\\/info\\\/#\\\/schema\\\/logo\\\/image\\\/\",\"url\":\"https:\\\/\\\/patagoniambiental.com.ar\\\/info\\\/wp-content\\\/uploads\\\/2025\\\/05\\\/LOGO-PATAGONIA-AMBIENTAL.png\",\"contentUrl\":\"https:\\\/\\\/patagoniambiental.com.ar\\\/info\\\/wp-content\\\/uploads\\\/2025\\\/05\\\/LOGO-PATAGONIA-AMBIENTAL.png\",\"width\":433,\"height\":250,\"caption\":\"Patagonia Ambiental\"},\"image\":{\"@id\":\"https:\\\/\\\/patagoniambiental.com.ar\\\/info\\\/#\\\/schema\\\/logo\\\/image\\\/\"},\"sameAs\":[\"https:\\\/\\\/www.facebook.com\\\/patagonia.ambiental\",\"https:\\\/\\\/x.com\\\/PatAmb\"]},{\"@type\":\"Person\",\"@id\":\"https:\\\/\\\/patagoniambiental.com.ar\\\/info\\\/#\\\/schema\\\/person\\\/db12bff64bbcbf6a253710bf0ea37b5d\",\"name\":\"Patagonia Ambiental\",\"description\":\"Andr\u00e9s Nievas T\u00e9cnico en manejo ambiental, consultor Ambiental y escritor para medios locales e internacionales sobre temas de geopolitica y medio ambiente.\",\"sameAs\":[\"http:\\\/\\\/www.patagoniambiental.com.ar\",\"https:\\\/\\\/www.facebook.com\\\/share\\\/1C1V8Gv9BX\\\/?mibextid=qi2Omg\",\"@patagoniambiental\",\"https:\\\/\\\/youtube.com\\\/@patagoniaambiental2023?si=BLt58t0wuXquxlYZ\"]}]}<\/script>\n<!-- \/ Yoast SEO Premium plugin. -->","yoast_head_json":{"title":"R\u00edo Negro renov\u00f3 sus representantes en el directorio de E\u00f3lica Rionegrina","robots":{"index":"index","follow":"follow","max-snippet":"max-snippet:-1","max-image-preview":"max-image-preview:large","max-video-preview":"max-video-preview:-1"},"canonical":"https:\/\/patagoniambiental.com.ar\/info\/rio-negro-renovo-sus-representantes-en-el-directorio-de-eolica-rionegrina\/","og_locale":"es_ES","og_type":"article","og_title":"R\u00edo Negro renov\u00f3 sus representantes en el directorio de E\u00f3lica Rionegrina","og_description":"En la sede de INVAP en la Ciudad Aut\u00f3noma de Buenos Aires, se realiz\u00f3 la nueva asamblea de accionistas y [&hellip;]","og_url":"https:\/\/patagoniambiental.com.ar\/info\/rio-negro-renovo-sus-representantes-en-el-directorio-de-eolica-rionegrina\/","og_site_name":"Patagonia Ambiental","article_publisher":"https:\/\/www.facebook.com\/patagonia.ambiental","article_author":"https:\/\/www.facebook.com\/share\/1C1V8Gv9BX\/?mibextid=qi2Omg","article_published_time":"2016-05-02T12:33:20+00:00","author":"Patagonia Ambiental","twitter_card":"summary_large_image","twitter_creator":"@PatAmb","twitter_site":"@PatAmb","schema":{"@context":"https:\/\/schema.org","@graph":[{"@type":"Article","@id":"https:\/\/patagoniambiental.com.ar\/info\/rio-negro-renovo-sus-representantes-en-el-directorio-de-eolica-rionegrina\/#article","isPartOf":{"@id":"https:\/\/patagoniambiental.com.ar\/info\/rio-negro-renovo-sus-representantes-en-el-directorio-de-eolica-rionegrina\/"},"author":{"name":"Patagonia Ambiental","@id":"https:\/\/patagoniambiental.com.ar\/info\/#\/schema\/person\/db12bff64bbcbf6a253710bf0ea37b5d"},"headline":"R\u00edo Negro renov\u00f3 sus representantes en el directorio de E\u00f3lica Rionegrina","datePublished":"2016-05-02T12:33:20+00:00","mainEntityOfPage":{"@id":"https:\/\/patagoniambiental.com.ar\/info\/rio-negro-renovo-sus-representantes-en-el-directorio-de-eolica-rionegrina\/"},"wordCount":481,"publisher":{"@id":"https:\/\/patagoniambiental.com.ar\/info\/#organization"},"articleSection":["Noticias","Provinciales","R\u00edo Negro"],"inLanguage":"es"},{"@type":"WebPage","@id":"https:\/\/patagoniambiental.com.ar\/info\/rio-negro-renovo-sus-representantes-en-el-directorio-de-eolica-rionegrina\/","url":"https:\/\/patagoniambiental.com.ar\/info\/rio-negro-renovo-sus-representantes-en-el-directorio-de-eolica-rionegrina\/","name":"R\u00edo Negro renov\u00f3 sus representantes en el directorio de E\u00f3lica Rionegrina","isPartOf":{"@id":"https:\/\/patagoniambiental.com.ar\/info\/#website"},"datePublished":"2016-05-02T12:33:20+00:00","breadcrumb":{"@id":"https:\/\/patagoniambiental.com.ar\/info\/rio-negro-renovo-sus-representantes-en-el-directorio-de-eolica-rionegrina\/#breadcrumb"},"inLanguage":"es","potentialAction":[{"@type":"ReadAction","target":["https:\/\/patagoniambiental.com.ar\/info\/rio-negro-renovo-sus-representantes-en-el-directorio-de-eolica-rionegrina\/"]}]},{"@type":"BreadcrumbList","@id":"https:\/\/patagoniambiental.com.ar\/info\/rio-negro-renovo-sus-representantes-en-el-directorio-de-eolica-rionegrina\/#breadcrumb","itemListElement":[{"@type":"ListItem","position":1,"name":"Inicio","item":"https:\/\/patagoniambiental.com.ar\/info\/"},{"@type":"ListItem","position":2,"name":"R\u00edo Negro renov\u00f3 sus representantes en el directorio de E\u00f3lica Rionegrina"}]},{"@type":"WebSite","@id":"https:\/\/patagoniambiental.com.ar\/info\/#website","url":"https:\/\/patagoniambiental.com.ar\/info\/","name":"Patagonia Ambiental","description":"Monitoreo y an\u00e1lisis de la situaci\u00f3n geopol\u00edtica en el mundo y su implicancia en la Patagonia","publisher":{"@id":"https:\/\/patagoniambiental.com.ar\/info\/#organization"},"potentialAction":[{"@type":"SearchAction","target":{"@type":"EntryPoint","urlTemplate":"https:\/\/patagoniambiental.com.ar\/info\/?s={search_term_string}"},"query-input":{"@type":"PropertyValueSpecification","valueRequired":true,"valueName":"search_term_string"}}],"inLanguage":"es"},{"@type":"Organization","@id":"https:\/\/patagoniambiental.com.ar\/info\/#organization","name":"Patagonia Ambiental","url":"https:\/\/patagoniambiental.com.ar\/info\/","logo":{"@type":"ImageObject","inLanguage":"es","@id":"https:\/\/patagoniambiental.com.ar\/info\/#\/schema\/logo\/image\/","url":"https:\/\/patagoniambiental.com.ar\/info\/wp-content\/uploads\/2025\/05\/LOGO-PATAGONIA-AMBIENTAL.png","contentUrl":"https:\/\/patagoniambiental.com.ar\/info\/wp-content\/uploads\/2025\/05\/LOGO-PATAGONIA-AMBIENTAL.png","width":433,"height":250,"caption":"Patagonia Ambiental"},"image":{"@id":"https:\/\/patagoniambiental.com.ar\/info\/#\/schema\/logo\/image\/"},"sameAs":["https:\/\/www.facebook.com\/patagonia.ambiental","https:\/\/x.com\/PatAmb"]},{"@type":"Person","@id":"https:\/\/patagoniambiental.com.ar\/info\/#\/schema\/person\/db12bff64bbcbf6a253710bf0ea37b5d","name":"Patagonia Ambiental","description":"Andr\u00e9s Nievas T\u00e9cnico en manejo ambiental, consultor Ambiental y escritor para medios locales e internacionales sobre temas de geopolitica y medio ambiente.","sameAs":["http:\/\/www.patagoniambiental.com.ar","https:\/\/www.facebook.com\/share\/1C1V8Gv9BX\/?mibextid=qi2Omg","@patagoniambiental","https:\/\/youtube.com\/@patagoniaambiental2023?si=BLt58t0wuXquxlYZ"]}]}},"_links":{"self":[{"href":"https:\/\/patagoniambiental.com.ar\/info\/wp-json\/wp\/v2\/posts\/18130","targetHints":{"allow":["GET"]}}],"collection":[{"href":"https:\/\/patagoniambiental.com.ar\/info\/wp-json\/wp\/v2\/posts"}],"about":[{"href":"https:\/\/patagoniambiental.com.ar\/info\/wp-json\/wp\/v2\/types\/post"}],"author":[{"embeddable":true,"href":"https:\/\/patagoniambiental.com.ar\/info\/wp-json\/wp\/v2\/users\/2"}],"replies":[{"embeddable":true,"href":"https:\/\/patagoniambiental.com.ar\/info\/wp-json\/wp\/v2\/comments?post=18130"}],"version-history":[{"count":0,"href":"https:\/\/patagoniambiental.com.ar\/info\/wp-json\/wp\/v2\/posts\/18130\/revisions"}],"wp:attachment":[{"href":"https:\/\/patagoniambiental.com.ar\/info\/wp-json\/wp\/v2\/media?parent=18130"}],"wp:term":[{"taxonomy":"category","embeddable":true,"href":"https:\/\/patagoniambiental.com.ar\/info\/wp-json\/wp\/v2\/categories?post=18130"},{"taxonomy":"post_tag","embeddable":true,"href":"https:\/\/patagoniambiental.com.ar\/info\/wp-json\/wp\/v2\/tags?post=18130"}],"curies":[{"name":"wp","href":"https:\/\/api.w.org\/{rel}","templated":true}]}}