{"id":18139,"date":"2016-05-03T09:00:26","date_gmt":"2016-05-03T12:00:26","guid":{"rendered":"http:\/\/patagoniambiental.com.ar\/?p=18139"},"modified":"2016-05-03T09:00:26","modified_gmt":"2016-05-03T12:00:26","slug":"rio-negro-seis-municipios-trabajaran-para-tratar-sus-residuos-urbanos-y-por-su-aprovechamiento-energetico","status":"publish","type":"post","link":"https:\/\/patagoniambiental.com.ar\/info\/rio-negro-seis-municipios-trabajaran-para-tratar-sus-residuos-urbanos-y-por-su-aprovechamiento-energetico\/","title":{"rendered":"R\u00edo Negro: Seis Municipios trabajar\u00e1n para tratar sus residuos urbanos y por su aprovechamiento energ\u00e9tico"},"content":{"rendered":"<p class=\"x_ecxMsoNormal\"><b><\/b>R\u00cdO NEGRO.- \u00a0A instancias del Gobierno Provincial, intendentes de seis localidades valletanas acordaron trabajar para un aprovechamiento energ\u00e9tico de los residuos s\u00f3lidos urbanos. Una tarea que es coordinada por la Secretar\u00eda de Estado de Energ\u00eda y la Secretar\u00eda de Ambiente y Desarrollo Sustentable, que el viernes pasado tuvo un nuevo encuentro.<\/p>\n<p class=\"x_ecxMsoNormal\">Fue una jornada de trabajo realizada en la sede cipole\u00f1a de la Secretar\u00eda de Energ\u00eda. All\u00ed estuvo la intendenta de Allen, Sabina Costa; el jefe comunal de Contralmirante Cordero, Gustavo Pita; el de Cinco Saltos, Germ\u00e1n Epul; el de Fern\u00e1ndez Oro, Mariano Lav\u00edn; el de Cipolletti, An\u00edbal Tortoriello; y el de Campo Grande, Pedro Dantas. Fueron recibidos por el secretario de Estado de Energ\u00eda, Sebasti\u00e1n Caldiero; la secretaria de Energ\u00eda El\u00e9ctrica, Andrea Confini; y por la secretaria de Ambiente y Desarrollo Sustentable, dependiente de la Secretar\u00eda General, Dina Migani.<\/p>\n<p class=\"x_ecxMsoNormal\">Se trat\u00f3 de la continuidad del trabajo iniciado en la jornada que se hizo la semana anterior en Cinco Saltos, donde diferentes empresas expusieron las tecnolog\u00edas que permitir\u00edan un tratamiento regional de los residuos s\u00f3lidos urbanos para convertirlos en recursos energ\u00e9ticos. El pr\u00f3ximo viernes en Fern\u00e1ndez Oro, en la sede de Ambiente, se har\u00e1 una nueva reuni\u00f3n t\u00e9cnica.<\/p>\n<p class=\"x_ecxMsoNormal\">\u201cQuiero destacar el grado de compromiso mostrado por los intendentes, que est\u00e1n consustanciados tanto con la participaci\u00f3n como con la toma de decisi\u00f3n\u201d, destac\u00f3 Confini.<\/p>\n<p class=\"x_ecxMsoNormal\">Al respecto, la funcionaria indic\u00f3 que \u201csi bien es un proyecto que la provincia est\u00e1 acompa\u00f1ando y liderando, los Intendentes lo han tomado como propio\u201d.<\/p>\n<p class=\"x_ecxMsoNormal\">El perfil del proyecto ser\u00e1 definido por los jefes comunales. Las posibilidades, seg\u00fan rese\u00f1\u00f3 Confini, van desde la producci\u00f3n de un subproducto hasta la generaci\u00f3n de valor agregado\u201d. \u201cSe puede generar fertilizantes o energ\u00eda el\u00e9ctrica\u201d, indic\u00f3.<\/p>\n<p class=\"x_ecxMsoNormal\">\u201cNuestro equipo t\u00e9cnico elabor\u00f3 un resumen de cada una de las exposiciones hechas en Cinco Saltos y rese\u00f1\u00f3 cu\u00e1les eran los aspectos positivos y negativos de cada propuesta. Y con esa valoraci\u00f3n empezamos a pensar en conjunto de qu\u00e9 manera nos veremos m\u00e1s beneficiados\u201d, a\u00f1adi\u00f3.<\/p>\n<p class=\"x_ecxMsoNormal\">Confini confi\u00f3 que el aprovechamiento energ\u00e9tico de los residuos es la posibilidad que m\u00e1s aceptaci\u00f3n ha tenido en las primeras conversaciones. Llegado el momento, adelant\u00f3 que se deber\u00e1 definir d\u00f3nde se tendr\u00eda que emplazar la planta. \u201cSi se aprovechan los 150.000 a 200.000 toneladas de residuos que se generan al a\u00f1o en la regi\u00f3n, se podr\u00edan producir 30 megas de electricidad, lo que equivale al consumo el\u00e9ctrico de Allen\u201d, ejemplific\u00f3.<\/p>\n<p class=\"x_ecxMsoNormal\">En igual sentido, la titular de la Secretar\u00eda de Ambiente y Desarrollo Sustentable, Dina Migani, calific\u00f3 como muy positivo lo que se viene haciendo. Y se mostr\u00f3 confiada en que \u201cen corto plazo se va a tomar una decisi\u00f3n que es fundamental para la Provincia, para los municipios y para el ambiente\u201d.<\/p>\n<p class=\"x_ecxMsoNormal\">A su vez, Migani aclar\u00f3 que se piensa no hablando de residuos \u201csino de materia prima para producir un producto, que en este caso ser\u00eda energ\u00eda, que es tan importante\u201d.<\/p>\n<p class=\"x_ecxMsoNormal\">Sobre la metodolog\u00eda de trabajo elegida, la responsable de Ambiente mencion\u00f3 que tambi\u00e9n se opt\u00f3 por incorporar a las empresas que generan gran cantidad de residuos, como para sumarlas en esta iniciativa regional. Anticip\u00f3 que cada municipio har\u00e1 consultas a las empresas radicadas en sus ejidos con el fin de sumar elementos t\u00e9cnicos para analizar las propuestas de tratamiento que ya poseen.<\/p>\n<p>Fuente: Gobierno de R\u00edo Negro<\/p>\n","protected":false},"excerpt":{"rendered":"<p>R\u00cdO NEGRO.- \u00a0A instancias del Gobierno Provincial, intendentes de seis localidades valletanas acordaron trabajar para un aprovechamiento energ\u00e9tico de los [&hellip;]<\/p>\n","protected":false},"author":2,"featured_media":0,"comment_status":"closed","ping_status":"closed","sticky":false,"template":"","format":"standard","meta":{"site-sidebar-layout":"default","site-content-layout":"","ast-site-content-layout":"default","site-content-style":"default","site-sidebar-style":"default","ast-global-header-display":"","ast-banner-title-visibility":"","ast-main-header-display":"","ast-hfb-above-header-display":"","ast-hfb-below-header-display":"","ast-hfb-mobile-header-display":"","site-post-title":"","ast-breadcrumbs-content":"","ast-featured-img":"","footer-sml-layout":"","ast-disable-related-posts":"","theme-transparent-header-meta":"","adv-header-id-meta":"","stick-header-meta":"","header-above-stick-meta":"","header-main-stick-meta":"","header-below-stick-meta":"","astra-migrate-meta-layouts":"default","ast-page-background-enabled":"default","ast-page-background-meta":{"desktop":{"background-color":"var(--ast-global-color-5)","background-image":"","background-repeat":"repeat","background-position":"center center","background-size":"auto","background-attachment":"scroll","background-type":"","background-media":"","overlay-type":"","overlay-color":"","overlay-opacity":"","overlay-gradient":""},"tablet":{"background-color":"","background-image":"","background-repeat":"repeat","background-position":"center center","background-size":"auto","background-attachment":"scroll","background-type":"","background-media":"","overlay-type":"","overlay-color":"","overlay-opacity":"","overlay-gradient":""},"mobile":{"background-color":"","background-image":"","background-repeat":"repeat","background-position":"center center","background-size":"auto","background-attachment":"scroll","background-type":"","background-media":"","overlay-type":"","overlay-color":"","overlay-opacity":"","overlay-gradient":""}},"ast-content-background-meta":{"desktop":{"background-color":"var(--ast-global-color-4)","background-image":"","background-repeat":"repeat","background-position":"center center","background-size":"auto","background-attachment":"scroll","background-type":"","background-media":"","overlay-type":"","overlay-color":"","overlay-opacity":"","overlay-gradient":""},"tablet":{"background-color":"var(--ast-global-color-4)","background-image":"","background-repeat":"repeat","background-position":"center center","background-size":"auto","background-attachment":"scroll","background-type":"","background-media":"","overlay-type":"","overlay-color":"","overlay-opacity":"","overlay-gradient":""},"mobile":{"background-color":"var(--ast-global-color-4)","background-image":"","background-repeat":"repeat","background-position":"center center","background-size":"auto","background-attachment":"scroll","background-type":"","background-media":"","overlay-type":"","overlay-color":"","overlay-opacity":"","overlay-gradient":""}},"footnotes":""},"categories":[1,13,14],"tags":[],"class_list":["post-18139","post","type-post","status-publish","format-standard","hentry","category-noticias","category-provinciales","category-rio-negro"],"yoast_head":"<!-- This site is optimized with the Yoast SEO Premium plugin v23.0 (Yoast SEO v27.5) - https:\/\/yoast.com\/product\/yoast-seo-premium-wordpress\/ -->\n<title>R\u00edo Negro: Seis Municipios trabajar\u00e1n para tratar sus residuos urbanos y por su aprovechamiento energ\u00e9tico<\/title>\n<meta name=\"robots\" content=\"index, follow, max-snippet:-1, max-image-preview:large, max-video-preview:-1\" \/>\n<link rel=\"canonical\" href=\"https:\/\/patagoniambiental.com.ar\/info\/rio-negro-seis-municipios-trabajaran-para-tratar-sus-residuos-urbanos-y-por-su-aprovechamiento-energetico\/\" \/>\n<meta property=\"og:locale\" content=\"es_ES\" \/>\n<meta property=\"og:type\" content=\"article\" \/>\n<meta property=\"og:title\" content=\"R\u00edo Negro: Seis Municipios trabajar\u00e1n para tratar sus residuos urbanos y por su aprovechamiento energ\u00e9tico\" \/>\n<meta property=\"og:description\" content=\"R\u00cdO NEGRO.- \u00a0A instancias del Gobierno Provincial, intendentes de seis localidades valletanas acordaron trabajar para un aprovechamiento energ\u00e9tico de los [&hellip;]\" \/>\n<meta property=\"og:url\" content=\"https:\/\/patagoniambiental.com.ar\/info\/rio-negro-seis-municipios-trabajaran-para-tratar-sus-residuos-urbanos-y-por-su-aprovechamiento-energetico\/\" \/>\n<meta property=\"og:site_name\" content=\"Patagonia Ambiental\" \/>\n<meta property=\"article:publisher\" content=\"https:\/\/www.facebook.com\/patagonia.ambiental\" \/>\n<meta property=\"article:author\" content=\"https:\/\/www.facebook.com\/share\/1C1V8Gv9BX\/?mibextid=qi2Omg\" \/>\n<meta property=\"article:published_time\" content=\"2016-05-03T12:00:26+00:00\" \/>\n<meta name=\"author\" content=\"Patagonia Ambiental\" \/>\n<meta name=\"twitter:card\" content=\"summary_large_image\" \/>\n<meta name=\"twitter:creator\" content=\"@PatAmb\" \/>\n<meta name=\"twitter:site\" content=\"@PatAmb\" \/>\n<script type=\"application\/ld+json\" class=\"yoast-schema-graph\">{\"@context\":\"https:\\\/\\\/schema.org\",\"@graph\":[{\"@type\":\"Article\",\"@id\":\"https:\\\/\\\/patagoniambiental.com.ar\\\/info\\\/rio-negro-seis-municipios-trabajaran-para-tratar-sus-residuos-urbanos-y-por-su-aprovechamiento-energetico\\\/#article\",\"isPartOf\":{\"@id\":\"https:\\\/\\\/patagoniambiental.com.ar\\\/info\\\/rio-negro-seis-municipios-trabajaran-para-tratar-sus-residuos-urbanos-y-por-su-aprovechamiento-energetico\\\/\"},\"author\":{\"name\":\"Patagonia Ambiental\",\"@id\":\"https:\\\/\\\/patagoniambiental.com.ar\\\/info\\\/#\\\/schema\\\/person\\\/db12bff64bbcbf6a253710bf0ea37b5d\"},\"headline\":\"R\u00edo Negro: Seis Municipios trabajar\u00e1n para tratar sus residuos urbanos y por su aprovechamiento energ\u00e9tico\",\"datePublished\":\"2016-05-03T12:00:26+00:00\",\"mainEntityOfPage\":{\"@id\":\"https:\\\/\\\/patagoniambiental.com.ar\\\/info\\\/rio-negro-seis-municipios-trabajaran-para-tratar-sus-residuos-urbanos-y-por-su-aprovechamiento-energetico\\\/\"},\"wordCount\":621,\"publisher\":{\"@id\":\"https:\\\/\\\/patagoniambiental.com.ar\\\/info\\\/#organization\"},\"articleSection\":[\"Noticias\",\"Provinciales\",\"R\u00edo Negro\"],\"inLanguage\":\"es\"},{\"@type\":\"WebPage\",\"@id\":\"https:\\\/\\\/patagoniambiental.com.ar\\\/info\\\/rio-negro-seis-municipios-trabajaran-para-tratar-sus-residuos-urbanos-y-por-su-aprovechamiento-energetico\\\/\",\"url\":\"https:\\\/\\\/patagoniambiental.com.ar\\\/info\\\/rio-negro-seis-municipios-trabajaran-para-tratar-sus-residuos-urbanos-y-por-su-aprovechamiento-energetico\\\/\",\"name\":\"R\u00edo Negro: Seis Municipios trabajar\u00e1n para tratar sus residuos urbanos y por su aprovechamiento energ\u00e9tico\",\"isPartOf\":{\"@id\":\"https:\\\/\\\/patagoniambiental.com.ar\\\/info\\\/#website\"},\"datePublished\":\"2016-05-03T12:00:26+00:00\",\"breadcrumb\":{\"@id\":\"https:\\\/\\\/patagoniambiental.com.ar\\\/info\\\/rio-negro-seis-municipios-trabajaran-para-tratar-sus-residuos-urbanos-y-por-su-aprovechamiento-energetico\\\/#breadcrumb\"},\"inLanguage\":\"es\",\"potentialAction\":[{\"@type\":\"ReadAction\",\"target\":[\"https:\\\/\\\/patagoniambiental.com.ar\\\/info\\\/rio-negro-seis-municipios-trabajaran-para-tratar-sus-residuos-urbanos-y-por-su-aprovechamiento-energetico\\\/\"]}]},{\"@type\":\"BreadcrumbList\",\"@id\":\"https:\\\/\\\/patagoniambiental.com.ar\\\/info\\\/rio-negro-seis-municipios-trabajaran-para-tratar-sus-residuos-urbanos-y-por-su-aprovechamiento-energetico\\\/#breadcrumb\",\"itemListElement\":[{\"@type\":\"ListItem\",\"position\":1,\"name\":\"Inicio\",\"item\":\"https:\\\/\\\/patagoniambiental.com.ar\\\/info\\\/\"},{\"@type\":\"ListItem\",\"position\":2,\"name\":\"R\u00edo Negro: Seis Municipios trabajar\u00e1n para tratar sus residuos urbanos y por su aprovechamiento energ\u00e9tico\"}]},{\"@type\":\"WebSite\",\"@id\":\"https:\\\/\\\/patagoniambiental.com.ar\\\/info\\\/#website\",\"url\":\"https:\\\/\\\/patagoniambiental.com.ar\\\/info\\\/\",\"name\":\"Patagonia Ambiental\",\"description\":\"Monitoreo y an\u00e1lisis de la situaci\u00f3n geopol\u00edtica en el mundo y su implicancia en la Patagonia\",\"publisher\":{\"@id\":\"https:\\\/\\\/patagoniambiental.com.ar\\\/info\\\/#organization\"},\"potentialAction\":[{\"@type\":\"SearchAction\",\"target\":{\"@type\":\"EntryPoint\",\"urlTemplate\":\"https:\\\/\\\/patagoniambiental.com.ar\\\/info\\\/?s={search_term_string}\"},\"query-input\":{\"@type\":\"PropertyValueSpecification\",\"valueRequired\":true,\"valueName\":\"search_term_string\"}}],\"inLanguage\":\"es\"},{\"@type\":\"Organization\",\"@id\":\"https:\\\/\\\/patagoniambiental.com.ar\\\/info\\\/#organization\",\"name\":\"Patagonia Ambiental\",\"url\":\"https:\\\/\\\/patagoniambiental.com.ar\\\/info\\\/\",\"logo\":{\"@type\":\"ImageObject\",\"inLanguage\":\"es\",\"@id\":\"https:\\\/\\\/patagoniambiental.com.ar\\\/info\\\/#\\\/schema\\\/logo\\\/image\\\/\",\"url\":\"https:\\\/\\\/patagoniambiental.com.ar\\\/info\\\/wp-content\\\/uploads\\\/2025\\\/05\\\/LOGO-PATAGONIA-AMBIENTAL.png\",\"contentUrl\":\"https:\\\/\\\/patagoniambiental.com.ar\\\/info\\\/wp-content\\\/uploads\\\/2025\\\/05\\\/LOGO-PATAGONIA-AMBIENTAL.png\",\"width\":433,\"height\":250,\"caption\":\"Patagonia Ambiental\"},\"image\":{\"@id\":\"https:\\\/\\\/patagoniambiental.com.ar\\\/info\\\/#\\\/schema\\\/logo\\\/image\\\/\"},\"sameAs\":[\"https:\\\/\\\/www.facebook.com\\\/patagonia.ambiental\",\"https:\\\/\\\/x.com\\\/PatAmb\"]},{\"@type\":\"Person\",\"@id\":\"https:\\\/\\\/patagoniambiental.com.ar\\\/info\\\/#\\\/schema\\\/person\\\/db12bff64bbcbf6a253710bf0ea37b5d\",\"name\":\"Patagonia Ambiental\",\"description\":\"Andr\u00e9s Nievas T\u00e9cnico en manejo ambiental, consultor Ambiental y escritor para medios locales e internacionales sobre temas de geopolitica y medio ambiente.\",\"sameAs\":[\"http:\\\/\\\/www.patagoniambiental.com.ar\",\"https:\\\/\\\/www.facebook.com\\\/share\\\/1C1V8Gv9BX\\\/?mibextid=qi2Omg\",\"@patagoniambiental\",\"https:\\\/\\\/youtube.com\\\/@patagoniaambiental2023?si=BLt58t0wuXquxlYZ\"]}]}<\/script>\n<!-- \/ Yoast SEO Premium plugin. -->","yoast_head_json":{"title":"R\u00edo Negro: Seis Municipios trabajar\u00e1n para tratar sus residuos urbanos y por su aprovechamiento energ\u00e9tico","robots":{"index":"index","follow":"follow","max-snippet":"max-snippet:-1","max-image-preview":"max-image-preview:large","max-video-preview":"max-video-preview:-1"},"canonical":"https:\/\/patagoniambiental.com.ar\/info\/rio-negro-seis-municipios-trabajaran-para-tratar-sus-residuos-urbanos-y-por-su-aprovechamiento-energetico\/","og_locale":"es_ES","og_type":"article","og_title":"R\u00edo Negro: Seis Municipios trabajar\u00e1n para tratar sus residuos urbanos y por su aprovechamiento energ\u00e9tico","og_description":"R\u00cdO NEGRO.- \u00a0A instancias del Gobierno Provincial, intendentes de seis localidades valletanas acordaron trabajar para un aprovechamiento energ\u00e9tico de los [&hellip;]","og_url":"https:\/\/patagoniambiental.com.ar\/info\/rio-negro-seis-municipios-trabajaran-para-tratar-sus-residuos-urbanos-y-por-su-aprovechamiento-energetico\/","og_site_name":"Patagonia Ambiental","article_publisher":"https:\/\/www.facebook.com\/patagonia.ambiental","article_author":"https:\/\/www.facebook.com\/share\/1C1V8Gv9BX\/?mibextid=qi2Omg","article_published_time":"2016-05-03T12:00:26+00:00","author":"Patagonia Ambiental","twitter_card":"summary_large_image","twitter_creator":"@PatAmb","twitter_site":"@PatAmb","schema":{"@context":"https:\/\/schema.org","@graph":[{"@type":"Article","@id":"https:\/\/patagoniambiental.com.ar\/info\/rio-negro-seis-municipios-trabajaran-para-tratar-sus-residuos-urbanos-y-por-su-aprovechamiento-energetico\/#article","isPartOf":{"@id":"https:\/\/patagoniambiental.com.ar\/info\/rio-negro-seis-municipios-trabajaran-para-tratar-sus-residuos-urbanos-y-por-su-aprovechamiento-energetico\/"},"author":{"name":"Patagonia Ambiental","@id":"https:\/\/patagoniambiental.com.ar\/info\/#\/schema\/person\/db12bff64bbcbf6a253710bf0ea37b5d"},"headline":"R\u00edo Negro: Seis Municipios trabajar\u00e1n para tratar sus residuos urbanos y por su aprovechamiento energ\u00e9tico","datePublished":"2016-05-03T12:00:26+00:00","mainEntityOfPage":{"@id":"https:\/\/patagoniambiental.com.ar\/info\/rio-negro-seis-municipios-trabajaran-para-tratar-sus-residuos-urbanos-y-por-su-aprovechamiento-energetico\/"},"wordCount":621,"publisher":{"@id":"https:\/\/patagoniambiental.com.ar\/info\/#organization"},"articleSection":["Noticias","Provinciales","R\u00edo Negro"],"inLanguage":"es"},{"@type":"WebPage","@id":"https:\/\/patagoniambiental.com.ar\/info\/rio-negro-seis-municipios-trabajaran-para-tratar-sus-residuos-urbanos-y-por-su-aprovechamiento-energetico\/","url":"https:\/\/patagoniambiental.com.ar\/info\/rio-negro-seis-municipios-trabajaran-para-tratar-sus-residuos-urbanos-y-por-su-aprovechamiento-energetico\/","name":"R\u00edo Negro: Seis Municipios trabajar\u00e1n para tratar sus residuos urbanos y por su aprovechamiento energ\u00e9tico","isPartOf":{"@id":"https:\/\/patagoniambiental.com.ar\/info\/#website"},"datePublished":"2016-05-03T12:00:26+00:00","breadcrumb":{"@id":"https:\/\/patagoniambiental.com.ar\/info\/rio-negro-seis-municipios-trabajaran-para-tratar-sus-residuos-urbanos-y-por-su-aprovechamiento-energetico\/#breadcrumb"},"inLanguage":"es","potentialAction":[{"@type":"ReadAction","target":["https:\/\/patagoniambiental.com.ar\/info\/rio-negro-seis-municipios-trabajaran-para-tratar-sus-residuos-urbanos-y-por-su-aprovechamiento-energetico\/"]}]},{"@type":"BreadcrumbList","@id":"https:\/\/patagoniambiental.com.ar\/info\/rio-negro-seis-municipios-trabajaran-para-tratar-sus-residuos-urbanos-y-por-su-aprovechamiento-energetico\/#breadcrumb","itemListElement":[{"@type":"ListItem","position":1,"name":"Inicio","item":"https:\/\/patagoniambiental.com.ar\/info\/"},{"@type":"ListItem","position":2,"name":"R\u00edo Negro: Seis Municipios trabajar\u00e1n para tratar sus residuos urbanos y por su aprovechamiento energ\u00e9tico"}]},{"@type":"WebSite","@id":"https:\/\/patagoniambiental.com.ar\/info\/#website","url":"https:\/\/patagoniambiental.com.ar\/info\/","name":"Patagonia Ambiental","description":"Monitoreo y an\u00e1lisis de la situaci\u00f3n geopol\u00edtica en el mundo y su implicancia en la Patagonia","publisher":{"@id":"https:\/\/patagoniambiental.com.ar\/info\/#organization"},"potentialAction":[{"@type":"SearchAction","target":{"@type":"EntryPoint","urlTemplate":"https:\/\/patagoniambiental.com.ar\/info\/?s={search_term_string}"},"query-input":{"@type":"PropertyValueSpecification","valueRequired":true,"valueName":"search_term_string"}}],"inLanguage":"es"},{"@type":"Organization","@id":"https:\/\/patagoniambiental.com.ar\/info\/#organization","name":"Patagonia Ambiental","url":"https:\/\/patagoniambiental.com.ar\/info\/","logo":{"@type":"ImageObject","inLanguage":"es","@id":"https:\/\/patagoniambiental.com.ar\/info\/#\/schema\/logo\/image\/","url":"https:\/\/patagoniambiental.com.ar\/info\/wp-content\/uploads\/2025\/05\/LOGO-PATAGONIA-AMBIENTAL.png","contentUrl":"https:\/\/patagoniambiental.com.ar\/info\/wp-content\/uploads\/2025\/05\/LOGO-PATAGONIA-AMBIENTAL.png","width":433,"height":250,"caption":"Patagonia Ambiental"},"image":{"@id":"https:\/\/patagoniambiental.com.ar\/info\/#\/schema\/logo\/image\/"},"sameAs":["https:\/\/www.facebook.com\/patagonia.ambiental","https:\/\/x.com\/PatAmb"]},{"@type":"Person","@id":"https:\/\/patagoniambiental.com.ar\/info\/#\/schema\/person\/db12bff64bbcbf6a253710bf0ea37b5d","name":"Patagonia Ambiental","description":"Andr\u00e9s Nievas T\u00e9cnico en manejo ambiental, consultor Ambiental y escritor para medios locales e internacionales sobre temas de geopolitica y medio ambiente.","sameAs":["http:\/\/www.patagoniambiental.com.ar","https:\/\/www.facebook.com\/share\/1C1V8Gv9BX\/?mibextid=qi2Omg","@patagoniambiental","https:\/\/youtube.com\/@patagoniaambiental2023?si=BLt58t0wuXquxlYZ"]}]}},"_links":{"self":[{"href":"https:\/\/patagoniambiental.com.ar\/info\/wp-json\/wp\/v2\/posts\/18139","targetHints":{"allow":["GET"]}}],"collection":[{"href":"https:\/\/patagoniambiental.com.ar\/info\/wp-json\/wp\/v2\/posts"}],"about":[{"href":"https:\/\/patagoniambiental.com.ar\/info\/wp-json\/wp\/v2\/types\/post"}],"author":[{"embeddable":true,"href":"https:\/\/patagoniambiental.com.ar\/info\/wp-json\/wp\/v2\/users\/2"}],"replies":[{"embeddable":true,"href":"https:\/\/patagoniambiental.com.ar\/info\/wp-json\/wp\/v2\/comments?post=18139"}],"version-history":[{"count":0,"href":"https:\/\/patagoniambiental.com.ar\/info\/wp-json\/wp\/v2\/posts\/18139\/revisions"}],"wp:attachment":[{"href":"https:\/\/patagoniambiental.com.ar\/info\/wp-json\/wp\/v2\/media?parent=18139"}],"wp:term":[{"taxonomy":"category","embeddable":true,"href":"https:\/\/patagoniambiental.com.ar\/info\/wp-json\/wp\/v2\/categories?post=18139"},{"taxonomy":"post_tag","embeddable":true,"href":"https:\/\/patagoniambiental.com.ar\/info\/wp-json\/wp\/v2\/tags?post=18139"}],"curies":[{"name":"wp","href":"https:\/\/api.w.org\/{rel}","templated":true}]}}