{"id":18156,"date":"2016-05-04T09:00:49","date_gmt":"2016-05-04T12:00:49","guid":{"rendered":"http:\/\/patagoniambiental.com.ar\/?p=18156"},"modified":"2016-05-04T09:00:49","modified_gmt":"2016-05-04T12:00:49","slug":"rio-negro-ambiente-fiscalizo-muestreos-en-el-complejo-tecnologico-pilcaniyeu","status":"publish","type":"post","link":"https:\/\/patagoniambiental.com.ar\/info\/rio-negro-ambiente-fiscalizo-muestreos-en-el-complejo-tecnologico-pilcaniyeu\/","title":{"rendered":"R\u00edo Negro: Ambiente fiscaliz\u00f3 muestreos en el Complejo Tecnol\u00f3gico Pilcaniyeu"},"content":{"rendered":"<p>R\u00cdO NEGRO.-\u00a0Personal del \u00e1rea legal y t\u00e9cnica de la Secretar\u00eda de Ambiente y Desarrollo Sustentable llev\u00f3 adelante tareas de fiscalizaci\u00f3n en el Complejo Tecnol\u00f3gico Pilcaniyeu. A su vez, desde el organismo dependiente de la Secretar\u00eda General de la Gobernaci\u00f3n, durante la visita a la zona hicieron entrega de una camioneta 4&#215;2 a los responsables de la Delegaci\u00f3n de Ambiente en San Carlos de Bariloche.<\/p>\n<p>Los inspectores de SAyDS desarrollaron tareas de fiscalizaci\u00f3n y estuvieron acompa\u00f1ados por profesionales de gesti\u00f3n ambiental de la Comisi\u00f3n Nacional de Energ\u00eda At\u00f3mica (CNEA).<\/p>\n<p>La intervenci\u00f3n del \u00e1rea legal y t\u00e9cnica de Ambiente se efectu\u00f3 durante los muestreos de aguas superficiales en el r\u00edo Pichi Leufu. Tambi\u00e9n se muestrearon aguas subterr\u00e1neas en zona de riego y\u00a0 en los freat\u00edmetros cercanos al humedal.<\/p>\n<p>Adem\u00e1s se entrevistaron con personal de la planta de enriquecimiento de uranio para interiorizarse sobre las gestiones y pasos a seguir en cuanto a la remediaci\u00f3n del humedal natural, se analizaron los diferentes proyectos para tal fin.<\/p>\n<p>La recorrida de los t\u00e9cnicos de SAyDS tambi\u00e9n incluy\u00f3 la planta de tratamiento de efluentes domiciliarios.<\/p>\n<p>Esta es la primera inspecci\u00f3n que se realiza en 2016 y ya qued\u00f3 prevista una nueva visita para agosto, cumpliendo as\u00ed con los tiempos estipulados durante la fiscalizaci\u00f3n realizada en 2015, de la que particip\u00f3 la titular de la cartera, Dina Migani.<\/p>\n<p>Adem\u00e1s se acord\u00f3 para el mes citado una capacitaci\u00f3n para el personal de SAyDS sobre el funcionamiento de la planta de enriquecimiento de uranio, la que ser\u00e1 dictada por la Comisi\u00f3n Nacional de Energ\u00eda At\u00f3mica y los ingenieros at\u00f3micos responsables del Complejo Tecnol\u00f3gico de Pilcaniyeu.<br \/>\nFuente: Gobierno de R\u00edo Negro<\/p>\n","protected":false},"excerpt":{"rendered":"<p>R\u00cdO NEGRO.-\u00a0Personal del \u00e1rea legal y t\u00e9cnica de la Secretar\u00eda de Ambiente y Desarrollo Sustentable llev\u00f3 adelante tareas de fiscalizaci\u00f3n [&hellip;]<\/p>\n","protected":false},"author":2,"featured_media":0,"comment_status":"closed","ping_status":"closed","sticky":false,"template":"","format":"standard","meta":{"site-sidebar-layout":"default","site-content-layout":"","ast-site-content-layout":"default","site-content-style":"default","site-sidebar-style":"default","ast-global-header-display":"","ast-banner-title-visibility":"","ast-main-header-display":"","ast-hfb-above-header-display":"","ast-hfb-below-header-display":"","ast-hfb-mobile-header-display":"","site-post-title":"","ast-breadcrumbs-content":"","ast-featured-img":"","footer-sml-layout":"","ast-disable-related-posts":"","theme-transparent-header-meta":"","adv-header-id-meta":"","stick-header-meta":"","header-above-stick-meta":"","header-main-stick-meta":"","header-below-stick-meta":"","astra-migrate-meta-layouts":"default","ast-page-background-enabled":"default","ast-page-background-meta":{"desktop":{"background-color":"var(--ast-global-color-5)","background-image":"","background-repeat":"repeat","background-position":"center center","background-size":"auto","background-attachment":"scroll","background-type":"","background-media":"","overlay-type":"","overlay-color":"","overlay-opacity":"","overlay-gradient":""},"tablet":{"background-color":"","background-image":"","background-repeat":"repeat","background-position":"center center","background-size":"auto","background-attachment":"scroll","background-type":"","background-media":"","overlay-type":"","overlay-color":"","overlay-opacity":"","overlay-gradient":""},"mobile":{"background-color":"","background-image":"","background-repeat":"repeat","background-position":"center center","background-size":"auto","background-attachment":"scroll","background-type":"","background-media":"","overlay-type":"","overlay-color":"","overlay-opacity":"","overlay-gradient":""}},"ast-content-background-meta":{"desktop":{"background-color":"var(--ast-global-color-4)","background-image":"","background-repeat":"repeat","background-position":"center center","background-size":"auto","background-attachment":"scroll","background-type":"","background-media":"","overlay-type":"","overlay-color":"","overlay-opacity":"","overlay-gradient":""},"tablet":{"background-color":"var(--ast-global-color-4)","background-image":"","background-repeat":"repeat","background-position":"center center","background-size":"auto","background-attachment":"scroll","background-type":"","background-media":"","overlay-type":"","overlay-color":"","overlay-opacity":"","overlay-gradient":""},"mobile":{"background-color":"var(--ast-global-color-4)","background-image":"","background-repeat":"repeat","background-position":"center center","background-size":"auto","background-attachment":"scroll","background-type":"","background-media":"","overlay-type":"","overlay-color":"","overlay-opacity":"","overlay-gradient":""}},"footnotes":""},"categories":[1,13,14],"tags":[],"class_list":["post-18156","post","type-post","status-publish","format-standard","hentry","category-noticias","category-provinciales","category-rio-negro"],"yoast_head":"<!-- This site is optimized with the Yoast SEO Premium plugin v23.0 (Yoast SEO v27.5) - https:\/\/yoast.com\/product\/yoast-seo-premium-wordpress\/ -->\n<title>R\u00edo Negro: Ambiente fiscaliz\u00f3 muestreos en el Complejo Tecnol\u00f3gico Pilcaniyeu<\/title>\n<meta name=\"robots\" content=\"index, follow, max-snippet:-1, max-image-preview:large, max-video-preview:-1\" \/>\n<link rel=\"canonical\" href=\"https:\/\/patagoniambiental.com.ar\/info\/rio-negro-ambiente-fiscalizo-muestreos-en-el-complejo-tecnologico-pilcaniyeu\/\" \/>\n<meta property=\"og:locale\" content=\"es_ES\" \/>\n<meta property=\"og:type\" content=\"article\" \/>\n<meta property=\"og:title\" content=\"R\u00edo Negro: Ambiente fiscaliz\u00f3 muestreos en el Complejo Tecnol\u00f3gico Pilcaniyeu\" \/>\n<meta property=\"og:description\" content=\"R\u00cdO NEGRO.-\u00a0Personal del \u00e1rea legal y t\u00e9cnica de la Secretar\u00eda de Ambiente y Desarrollo Sustentable llev\u00f3 adelante tareas de fiscalizaci\u00f3n [&hellip;]\" \/>\n<meta property=\"og:url\" content=\"https:\/\/patagoniambiental.com.ar\/info\/rio-negro-ambiente-fiscalizo-muestreos-en-el-complejo-tecnologico-pilcaniyeu\/\" \/>\n<meta property=\"og:site_name\" content=\"Patagonia Ambiental\" \/>\n<meta property=\"article:publisher\" content=\"https:\/\/www.facebook.com\/patagonia.ambiental\" \/>\n<meta property=\"article:author\" content=\"https:\/\/www.facebook.com\/share\/1C1V8Gv9BX\/?mibextid=qi2Omg\" \/>\n<meta property=\"article:published_time\" content=\"2016-05-04T12:00:49+00:00\" \/>\n<meta name=\"author\" content=\"Patagonia Ambiental\" \/>\n<meta name=\"twitter:card\" content=\"summary_large_image\" \/>\n<meta name=\"twitter:creator\" content=\"@PatAmb\" \/>\n<meta name=\"twitter:site\" content=\"@PatAmb\" \/>\n<script type=\"application\/ld+json\" class=\"yoast-schema-graph\">{\"@context\":\"https:\\\/\\\/schema.org\",\"@graph\":[{\"@type\":\"Article\",\"@id\":\"https:\\\/\\\/patagoniambiental.com.ar\\\/info\\\/rio-negro-ambiente-fiscalizo-muestreos-en-el-complejo-tecnologico-pilcaniyeu\\\/#article\",\"isPartOf\":{\"@id\":\"https:\\\/\\\/patagoniambiental.com.ar\\\/info\\\/rio-negro-ambiente-fiscalizo-muestreos-en-el-complejo-tecnologico-pilcaniyeu\\\/\"},\"author\":{\"name\":\"Patagonia Ambiental\",\"@id\":\"https:\\\/\\\/patagoniambiental.com.ar\\\/info\\\/#\\\/schema\\\/person\\\/db12bff64bbcbf6a253710bf0ea37b5d\"},\"headline\":\"R\u00edo Negro: Ambiente fiscaliz\u00f3 muestreos en el Complejo Tecnol\u00f3gico Pilcaniyeu\",\"datePublished\":\"2016-05-04T12:00:49+00:00\",\"mainEntityOfPage\":{\"@id\":\"https:\\\/\\\/patagoniambiental.com.ar\\\/info\\\/rio-negro-ambiente-fiscalizo-muestreos-en-el-complejo-tecnologico-pilcaniyeu\\\/\"},\"wordCount\":317,\"publisher\":{\"@id\":\"https:\\\/\\\/patagoniambiental.com.ar\\\/info\\\/#organization\"},\"articleSection\":[\"Noticias\",\"Provinciales\",\"R\u00edo Negro\"],\"inLanguage\":\"es\"},{\"@type\":\"WebPage\",\"@id\":\"https:\\\/\\\/patagoniambiental.com.ar\\\/info\\\/rio-negro-ambiente-fiscalizo-muestreos-en-el-complejo-tecnologico-pilcaniyeu\\\/\",\"url\":\"https:\\\/\\\/patagoniambiental.com.ar\\\/info\\\/rio-negro-ambiente-fiscalizo-muestreos-en-el-complejo-tecnologico-pilcaniyeu\\\/\",\"name\":\"R\u00edo Negro: Ambiente fiscaliz\u00f3 muestreos en el Complejo Tecnol\u00f3gico Pilcaniyeu\",\"isPartOf\":{\"@id\":\"https:\\\/\\\/patagoniambiental.com.ar\\\/info\\\/#website\"},\"datePublished\":\"2016-05-04T12:00:49+00:00\",\"breadcrumb\":{\"@id\":\"https:\\\/\\\/patagoniambiental.com.ar\\\/info\\\/rio-negro-ambiente-fiscalizo-muestreos-en-el-complejo-tecnologico-pilcaniyeu\\\/#breadcrumb\"},\"inLanguage\":\"es\",\"potentialAction\":[{\"@type\":\"ReadAction\",\"target\":[\"https:\\\/\\\/patagoniambiental.com.ar\\\/info\\\/rio-negro-ambiente-fiscalizo-muestreos-en-el-complejo-tecnologico-pilcaniyeu\\\/\"]}]},{\"@type\":\"BreadcrumbList\",\"@id\":\"https:\\\/\\\/patagoniambiental.com.ar\\\/info\\\/rio-negro-ambiente-fiscalizo-muestreos-en-el-complejo-tecnologico-pilcaniyeu\\\/#breadcrumb\",\"itemListElement\":[{\"@type\":\"ListItem\",\"position\":1,\"name\":\"Inicio\",\"item\":\"https:\\\/\\\/patagoniambiental.com.ar\\\/info\\\/\"},{\"@type\":\"ListItem\",\"position\":2,\"name\":\"R\u00edo Negro: Ambiente fiscaliz\u00f3 muestreos en el Complejo Tecnol\u00f3gico Pilcaniyeu\"}]},{\"@type\":\"WebSite\",\"@id\":\"https:\\\/\\\/patagoniambiental.com.ar\\\/info\\\/#website\",\"url\":\"https:\\\/\\\/patagoniambiental.com.ar\\\/info\\\/\",\"name\":\"Patagonia Ambiental\",\"description\":\"Monitoreo y an\u00e1lisis de la situaci\u00f3n geopol\u00edtica en el mundo y su implicancia en la Patagonia\",\"publisher\":{\"@id\":\"https:\\\/\\\/patagoniambiental.com.ar\\\/info\\\/#organization\"},\"potentialAction\":[{\"@type\":\"SearchAction\",\"target\":{\"@type\":\"EntryPoint\",\"urlTemplate\":\"https:\\\/\\\/patagoniambiental.com.ar\\\/info\\\/?s={search_term_string}\"},\"query-input\":{\"@type\":\"PropertyValueSpecification\",\"valueRequired\":true,\"valueName\":\"search_term_string\"}}],\"inLanguage\":\"es\"},{\"@type\":\"Organization\",\"@id\":\"https:\\\/\\\/patagoniambiental.com.ar\\\/info\\\/#organization\",\"name\":\"Patagonia Ambiental\",\"url\":\"https:\\\/\\\/patagoniambiental.com.ar\\\/info\\\/\",\"logo\":{\"@type\":\"ImageObject\",\"inLanguage\":\"es\",\"@id\":\"https:\\\/\\\/patagoniambiental.com.ar\\\/info\\\/#\\\/schema\\\/logo\\\/image\\\/\",\"url\":\"https:\\\/\\\/patagoniambiental.com.ar\\\/info\\\/wp-content\\\/uploads\\\/2025\\\/05\\\/LOGO-PATAGONIA-AMBIENTAL.png\",\"contentUrl\":\"https:\\\/\\\/patagoniambiental.com.ar\\\/info\\\/wp-content\\\/uploads\\\/2025\\\/05\\\/LOGO-PATAGONIA-AMBIENTAL.png\",\"width\":433,\"height\":250,\"caption\":\"Patagonia Ambiental\"},\"image\":{\"@id\":\"https:\\\/\\\/patagoniambiental.com.ar\\\/info\\\/#\\\/schema\\\/logo\\\/image\\\/\"},\"sameAs\":[\"https:\\\/\\\/www.facebook.com\\\/patagonia.ambiental\",\"https:\\\/\\\/x.com\\\/PatAmb\"]},{\"@type\":\"Person\",\"@id\":\"https:\\\/\\\/patagoniambiental.com.ar\\\/info\\\/#\\\/schema\\\/person\\\/db12bff64bbcbf6a253710bf0ea37b5d\",\"name\":\"Patagonia Ambiental\",\"description\":\"Andr\u00e9s Nievas T\u00e9cnico en manejo ambiental, consultor Ambiental y escritor para medios locales e internacionales sobre temas de geopolitica y medio ambiente.\",\"sameAs\":[\"http:\\\/\\\/www.patagoniambiental.com.ar\",\"https:\\\/\\\/www.facebook.com\\\/share\\\/1C1V8Gv9BX\\\/?mibextid=qi2Omg\",\"@patagoniambiental\",\"https:\\\/\\\/youtube.com\\\/@patagoniaambiental2023?si=BLt58t0wuXquxlYZ\"]}]}<\/script>\n<!-- \/ Yoast SEO Premium plugin. -->","yoast_head_json":{"title":"R\u00edo Negro: Ambiente fiscaliz\u00f3 muestreos en el Complejo Tecnol\u00f3gico Pilcaniyeu","robots":{"index":"index","follow":"follow","max-snippet":"max-snippet:-1","max-image-preview":"max-image-preview:large","max-video-preview":"max-video-preview:-1"},"canonical":"https:\/\/patagoniambiental.com.ar\/info\/rio-negro-ambiente-fiscalizo-muestreos-en-el-complejo-tecnologico-pilcaniyeu\/","og_locale":"es_ES","og_type":"article","og_title":"R\u00edo Negro: Ambiente fiscaliz\u00f3 muestreos en el Complejo Tecnol\u00f3gico Pilcaniyeu","og_description":"R\u00cdO NEGRO.-\u00a0Personal del \u00e1rea legal y t\u00e9cnica de la Secretar\u00eda de Ambiente y Desarrollo Sustentable llev\u00f3 adelante tareas de fiscalizaci\u00f3n [&hellip;]","og_url":"https:\/\/patagoniambiental.com.ar\/info\/rio-negro-ambiente-fiscalizo-muestreos-en-el-complejo-tecnologico-pilcaniyeu\/","og_site_name":"Patagonia Ambiental","article_publisher":"https:\/\/www.facebook.com\/patagonia.ambiental","article_author":"https:\/\/www.facebook.com\/share\/1C1V8Gv9BX\/?mibextid=qi2Omg","article_published_time":"2016-05-04T12:00:49+00:00","author":"Patagonia Ambiental","twitter_card":"summary_large_image","twitter_creator":"@PatAmb","twitter_site":"@PatAmb","schema":{"@context":"https:\/\/schema.org","@graph":[{"@type":"Article","@id":"https:\/\/patagoniambiental.com.ar\/info\/rio-negro-ambiente-fiscalizo-muestreos-en-el-complejo-tecnologico-pilcaniyeu\/#article","isPartOf":{"@id":"https:\/\/patagoniambiental.com.ar\/info\/rio-negro-ambiente-fiscalizo-muestreos-en-el-complejo-tecnologico-pilcaniyeu\/"},"author":{"name":"Patagonia Ambiental","@id":"https:\/\/patagoniambiental.com.ar\/info\/#\/schema\/person\/db12bff64bbcbf6a253710bf0ea37b5d"},"headline":"R\u00edo Negro: Ambiente fiscaliz\u00f3 muestreos en el Complejo Tecnol\u00f3gico Pilcaniyeu","datePublished":"2016-05-04T12:00:49+00:00","mainEntityOfPage":{"@id":"https:\/\/patagoniambiental.com.ar\/info\/rio-negro-ambiente-fiscalizo-muestreos-en-el-complejo-tecnologico-pilcaniyeu\/"},"wordCount":317,"publisher":{"@id":"https:\/\/patagoniambiental.com.ar\/info\/#organization"},"articleSection":["Noticias","Provinciales","R\u00edo Negro"],"inLanguage":"es"},{"@type":"WebPage","@id":"https:\/\/patagoniambiental.com.ar\/info\/rio-negro-ambiente-fiscalizo-muestreos-en-el-complejo-tecnologico-pilcaniyeu\/","url":"https:\/\/patagoniambiental.com.ar\/info\/rio-negro-ambiente-fiscalizo-muestreos-en-el-complejo-tecnologico-pilcaniyeu\/","name":"R\u00edo Negro: Ambiente fiscaliz\u00f3 muestreos en el Complejo Tecnol\u00f3gico Pilcaniyeu","isPartOf":{"@id":"https:\/\/patagoniambiental.com.ar\/info\/#website"},"datePublished":"2016-05-04T12:00:49+00:00","breadcrumb":{"@id":"https:\/\/patagoniambiental.com.ar\/info\/rio-negro-ambiente-fiscalizo-muestreos-en-el-complejo-tecnologico-pilcaniyeu\/#breadcrumb"},"inLanguage":"es","potentialAction":[{"@type":"ReadAction","target":["https:\/\/patagoniambiental.com.ar\/info\/rio-negro-ambiente-fiscalizo-muestreos-en-el-complejo-tecnologico-pilcaniyeu\/"]}]},{"@type":"BreadcrumbList","@id":"https:\/\/patagoniambiental.com.ar\/info\/rio-negro-ambiente-fiscalizo-muestreos-en-el-complejo-tecnologico-pilcaniyeu\/#breadcrumb","itemListElement":[{"@type":"ListItem","position":1,"name":"Inicio","item":"https:\/\/patagoniambiental.com.ar\/info\/"},{"@type":"ListItem","position":2,"name":"R\u00edo Negro: Ambiente fiscaliz\u00f3 muestreos en el Complejo Tecnol\u00f3gico Pilcaniyeu"}]},{"@type":"WebSite","@id":"https:\/\/patagoniambiental.com.ar\/info\/#website","url":"https:\/\/patagoniambiental.com.ar\/info\/","name":"Patagonia Ambiental","description":"Monitoreo y an\u00e1lisis de la situaci\u00f3n geopol\u00edtica en el mundo y su implicancia en la Patagonia","publisher":{"@id":"https:\/\/patagoniambiental.com.ar\/info\/#organization"},"potentialAction":[{"@type":"SearchAction","target":{"@type":"EntryPoint","urlTemplate":"https:\/\/patagoniambiental.com.ar\/info\/?s={search_term_string}"},"query-input":{"@type":"PropertyValueSpecification","valueRequired":true,"valueName":"search_term_string"}}],"inLanguage":"es"},{"@type":"Organization","@id":"https:\/\/patagoniambiental.com.ar\/info\/#organization","name":"Patagonia Ambiental","url":"https:\/\/patagoniambiental.com.ar\/info\/","logo":{"@type":"ImageObject","inLanguage":"es","@id":"https:\/\/patagoniambiental.com.ar\/info\/#\/schema\/logo\/image\/","url":"https:\/\/patagoniambiental.com.ar\/info\/wp-content\/uploads\/2025\/05\/LOGO-PATAGONIA-AMBIENTAL.png","contentUrl":"https:\/\/patagoniambiental.com.ar\/info\/wp-content\/uploads\/2025\/05\/LOGO-PATAGONIA-AMBIENTAL.png","width":433,"height":250,"caption":"Patagonia Ambiental"},"image":{"@id":"https:\/\/patagoniambiental.com.ar\/info\/#\/schema\/logo\/image\/"},"sameAs":["https:\/\/www.facebook.com\/patagonia.ambiental","https:\/\/x.com\/PatAmb"]},{"@type":"Person","@id":"https:\/\/patagoniambiental.com.ar\/info\/#\/schema\/person\/db12bff64bbcbf6a253710bf0ea37b5d","name":"Patagonia Ambiental","description":"Andr\u00e9s Nievas T\u00e9cnico en manejo ambiental, consultor Ambiental y escritor para medios locales e internacionales sobre temas de geopolitica y medio ambiente.","sameAs":["http:\/\/www.patagoniambiental.com.ar","https:\/\/www.facebook.com\/share\/1C1V8Gv9BX\/?mibextid=qi2Omg","@patagoniambiental","https:\/\/youtube.com\/@patagoniaambiental2023?si=BLt58t0wuXquxlYZ"]}]}},"_links":{"self":[{"href":"https:\/\/patagoniambiental.com.ar\/info\/wp-json\/wp\/v2\/posts\/18156","targetHints":{"allow":["GET"]}}],"collection":[{"href":"https:\/\/patagoniambiental.com.ar\/info\/wp-json\/wp\/v2\/posts"}],"about":[{"href":"https:\/\/patagoniambiental.com.ar\/info\/wp-json\/wp\/v2\/types\/post"}],"author":[{"embeddable":true,"href":"https:\/\/patagoniambiental.com.ar\/info\/wp-json\/wp\/v2\/users\/2"}],"replies":[{"embeddable":true,"href":"https:\/\/patagoniambiental.com.ar\/info\/wp-json\/wp\/v2\/comments?post=18156"}],"version-history":[{"count":0,"href":"https:\/\/patagoniambiental.com.ar\/info\/wp-json\/wp\/v2\/posts\/18156\/revisions"}],"wp:attachment":[{"href":"https:\/\/patagoniambiental.com.ar\/info\/wp-json\/wp\/v2\/media?parent=18156"}],"wp:term":[{"taxonomy":"category","embeddable":true,"href":"https:\/\/patagoniambiental.com.ar\/info\/wp-json\/wp\/v2\/categories?post=18156"},{"taxonomy":"post_tag","embeddable":true,"href":"https:\/\/patagoniambiental.com.ar\/info\/wp-json\/wp\/v2\/tags?post=18156"}],"curies":[{"name":"wp","href":"https:\/\/api.w.org\/{rel}","templated":true}]}}