{"id":18184,"date":"2016-05-05T09:00:53","date_gmt":"2016-05-05T12:00:53","guid":{"rendered":"http:\/\/patagoniambiental.com.ar\/?p=18184"},"modified":"2016-05-05T09:00:53","modified_gmt":"2016-05-05T12:00:53","slug":"ushuaia-el-gobierno-trabaja-en-el-manejo-del-problema-ambiental-que-produce-el-castor","status":"publish","type":"post","link":"https:\/\/patagoniambiental.com.ar\/info\/ushuaia-el-gobierno-trabaja-en-el-manejo-del-problema-ambiental-que-produce-el-castor\/","title":{"rendered":"Ushuaia: El Gobierno trabaja en el manejo del problema ambiental que produce el castor"},"content":{"rendered":"<div id=\"main\" class=\"col-left\">\n<div class=\"post\">\n<div class=\"post-content\">\n<div class=\"column column-new\">\n<div class=\"news main-new post-new\">\n<div class=\"news-title\">\n<div id=\"bodytext\" class=\"cuerpotexto\">USHUAIA.- En el SUM de la Estaci\u00f3n de Pscicultura \u201cR\u00edo Olivia\u201d de Ushuaia, se realizaron dos encuentros vinculados al manejo del castor. La primer jornada se dio en el marco de un proyecto cofinanciado entre el Fondo Mundial para el Medio ambiente (GEF) y los gobiernos nacionales y provinciales, implementado a trav\u00e9s de la Organizaci\u00f3n de las Naciones Unidas para la Alimentaci\u00f3n y la Agricultura (FAO).<\/p>\n<p>Este proyecto busca fortalecer la gobernanza para la protecci\u00f3n de la biodiversidad, en pos de lograr como objetivos \u00faltimos la restauraci\u00f3n de los ecosistemas afectados y la formulaci\u00f3n e implementaci\u00f3n de una Estrategia Nacional sobre Especies Ex\u00f3ticas Invasoras (ENEEI).<\/p>\n<p>En este encuentro, se puso en marcha el Comit\u00e9 Interinstitucional, actor ejecutivo que llevar\u00e1 adelante la gesti\u00f3n y coordinaci\u00f3n del \u201cDesarrollo del programa piloto de erradicaci\u00f3n del Castor americano en la Provincia de Tierra del Fuego, sobre la base de la gobernanza de las especies ex\u00f3ticas invasoras de la ENEEI\u201d. La misma fue una jornada abierta a diferentes actores vinculados a la tem\u00e1tica, ya que se busca trabajar unificadamente para lograr los objetivos propuestos.<\/p>\n<p>Estuvieron presentes autoridades del Ministerio de Ambiente de la Naci\u00f3n, como el Director de Fauna y Biodiversidad, Santiago D\u2019Alessio y la Coordinadora Nacional del proyecto Especies Ex\u00f3ticas Invasoras, In\u00e9s Kasul\u00edn. Asimismo, particip\u00f3 el Oficial a cargo de la Representaci\u00f3n de ONU-FAO en Argentina, Francisco Yofre. En representaci\u00f3n de la Provincia de Tierra del Fuego, asistieron el Secretario de Ambiente, Desarrollo Sostenible y Cambio Clim\u00e1tico, Lic. Mauro P\u00e9rez Toscani y el Subsecretario de Pol\u00edtica Ambiental y Sostenibilidad, Lic. Juli\u00e1n Chalde. Tambi\u00e9n, estuvieron presentes, el Gerente general del \u201cComponente Castor\u201d en Tierra del Fuego, Dr. Adri\u00e1n Schiavini, representantes del CADIC-CONICET, de la Administraci\u00f3n de Parques Nacionales y del Instituto Fueguino de Turismo (In.Fue.Tur).<\/p>\n<p>La reuni\u00f3n de la segunda jornada fue espec\u00edficamente t\u00e9cnica, preparatoria de la reuni\u00f3n del Comit\u00e9 Asesor del Acuerdo Binacional con Chile, a partir del cual se pretende articular acciones en conjunto que permitan controlar y manejar el castor de toda la Isla Grande de Tierra del Fuego.<\/p>\n<p>Desde hace d\u00e9cadas, a partir de la introducci\u00f3n err\u00f3neamente planificada y ante la ausencia de depredadores naturales locales, el castor (Castor canadensis) se ha convertido en una de las mayores amenazas para la biodiversidad de los ecosistemas fueguinos. La presencia del castor en la Isla Grande de Tierra del Fuego causa importantes da\u00f1os al bosque nativo, matando miles de \u00e1rboles de lenga, coh\u00edues y \u00f1ires, impidiendo el desarrollo de los procesos naturales del bosque; cambiando adem\u00e1s la din\u00e1mica natural de muchos de los cursos de agua existentes en la provincia, por la construcci\u00f3n de diques que este efect\u00faa; desplazando y eliminando a especies nativas locales.<\/p>\n<p>Las Especies Ex\u00f3ticas Invasoras, como el castor, son una de las primeras causas de p\u00e9rdida de biodiversidad a nivel mundial y en particular en las \u00c1reas Protegidas. Ante este escenario se puede se\u00f1alar que la Isla Grande de Tierra del Fuego tiene un problema ambiental que debe ser atendido.<\/p>\n<p>El Gobierno provincial posee un fuerte compromiso con la conservaci\u00f3n y protecci\u00f3n de la biodiversidad en todosuterritorio y articula acciones sobre el castor en conjunto con el Ministerio de Ambiente y Desarrollo Sustentable de la Naci\u00f3n (MAYDS) el Centro Austral de Investigaciones Cient\u00edficas (CADIC) del CONICET.<\/p>\n<p>El Director de Fauna y Biodiversidad, Santiago D\u2019Alessio se\u00f1al\u00f3 que \u201cla problem\u00e1tica de la Especies Ex\u00f3ticas Invasoras es algo que advertimos cada vez con mayor fuerza como una amenaza para la biodiversidad. De hecho, a nivel global son la segunda causa en la p\u00e9rdida de biodiversidad. Hay casos donde estas especies no tiene depredadores y logran expandirse exitosamente y el castor seguramente es la m\u00e1s visible y emblem\u00e1tica en Tierra del Fuego y es una de los casos m\u00e1s conocidos a nivel global. Esa es la raz\u00f3n por la cual el Estado Nacional ha dado prioridad a este proyecto de manejo del castor. De hecho, el mundo est\u00e1 mirando c\u00f3mo la Tierra del Fuego, c\u00f3mo la Rep\u00fablica Argentina y todos los organismos que participamos de este proyecto, abordamos esta tem\u00e1tica del castor, para ver el resultado de este trabajo y con qu\u00e9 metodolog\u00eda avanzamos y con cu\u00e1les no\u201d.<\/p>\n<p>El objetivo fundamental de esta Estrategia planteada, es coordinar las acciones tendientes a reducir el impacto de las especies ex\u00f3ticas invasoras sobre la biodiversidad, los recursos naturales, las actividades econ\u00f3micas, el turismo y la salud p\u00fablica, todas ellas relacionadas de manera directa con la calidad de vida de los habitantes del pa\u00eds.<\/p>\n<p>Sobre este lanzamiento y las acciones que se realizar\u00e1n para controlar el avance del castor, el Secretario de Ambiente, Desarrollo Sostenible y Cambio Clim\u00e1tico de la Provincia, Mauro P\u00e9rez Toscani, dijo que \u201cEste es un d\u00eda muy importante, ya que hoy se pone en marcha en la Provincia de Tierra del Fuego la Estrategia Nacional de Especies Ex\u00f3ticas Invasoras, con el primer plan piloto a nivel nacional, que es el Proyecto de Control del Castor, debido a que este animal desde hace mucho tiempo est\u00e1 degradando fuertemente el bosque y el ecosistema fueguino\u201d.<\/p>\n<p>Agreg\u00f3 que \u201clas intervenciones en el terreno ser\u00e1n en siete sitios piloto ubicados a lo largo de la Provincia, donde los restauradores de biodiversidad trabajar\u00e1n en la reparaci\u00f3n de los ambientes naturales impactados y har\u00e1n un control y manejo de la Especie Ex\u00f3tica Invasora, el castor\u201d.<\/p>\n<p>Por su parte, el Dr. Adri\u00e1n Schiavini manifest\u00f3 que \u201choy nos reunimos con el Comit\u00e9 Asesor del Acuerdo Binacional que tenemos con Chile para reparar los ambientes australes a partir de la erradicaci\u00f3n del castor. Ambos pa\u00edses estamos pr\u00f3ximos a implementar este a\u00f1o acciones con experiencias piloto, por eso, esta reuni\u00f3n de hoy es para armar la agenda para ese encuentro que ser\u00e1 inminente, antes de octubre, ya que los dos proyectos inician sus operaciones en la \u00faltima parte del a\u00f1o y debemos conversar sobre el avance de ambos, qu\u00e9 acciones podemos hacer en conjunto, ya que cualquier tipo de acci\u00f3n que se lleve adelante debe ser en forma integral en toda la isla para que pueda ser efectiva\u201d.<\/p><\/div>\n<\/div>\n<\/div>\n<\/div>\n<div class=\"post-navi\"><\/div>\n<div class=\"post-navi\"><span class=\"up\">Fuente: Ushuaia Noticias\u00a0<\/span><\/div>\n<\/div>\n<\/div>\n<\/div>\n<div id=\"sidebar\" class=\"col-right\"><\/div>\n","protected":false},"excerpt":{"rendered":"<p>USHUAIA.- En el SUM de la Estaci\u00f3n de Pscicultura \u201cR\u00edo Olivia\u201d de Ushuaia, se realizaron dos encuentros vinculados al manejo [&hellip;]<\/p>\n","protected":false},"author":2,"featured_media":0,"comment_status":"closed","ping_status":"closed","sticky":false,"template":"","format":"standard","meta":{"site-sidebar-layout":"default","site-content-layout":"","ast-site-content-layout":"default","site-content-style":"default","site-sidebar-style":"default","ast-global-header-display":"","ast-banner-title-visibility":"","ast-main-header-display":"","ast-hfb-above-header-display":"","ast-hfb-below-header-display":"","ast-hfb-mobile-header-display":"","site-post-title":"","ast-breadcrumbs-content":"","ast-featured-img":"","footer-sml-layout":"","ast-disable-related-posts":"","theme-transparent-header-meta":"","adv-header-id-meta":"","stick-header-meta":"","header-above-stick-meta":"","header-main-stick-meta":"","header-below-stick-meta":"","astra-migrate-meta-layouts":"default","ast-page-background-enabled":"default","ast-page-background-meta":{"desktop":{"background-color":"var(--ast-global-color-5)","background-image":"","background-repeat":"repeat","background-position":"center center","background-size":"auto","background-attachment":"scroll","background-type":"","background-media":"","overlay-type":"","overlay-color":"","overlay-opacity":"","overlay-gradient":""},"tablet":{"background-color":"","background-image":"","background-repeat":"repeat","background-position":"center center","background-size":"auto","background-attachment":"scroll","background-type":"","background-media":"","overlay-type":"","overlay-color":"","overlay-opacity":"","overlay-gradient":""},"mobile":{"background-color":"","background-image":"","background-repeat":"repeat","background-position":"center center","background-size":"auto","background-attachment":"scroll","background-type":"","background-media":"","overlay-type":"","overlay-color":"","overlay-opacity":"","overlay-gradient":""}},"ast-content-background-meta":{"desktop":{"background-color":"var(--ast-global-color-4)","background-image":"","background-repeat":"repeat","background-position":"center center","background-size":"auto","background-attachment":"scroll","background-type":"","background-media":"","overlay-type":"","overlay-color":"","overlay-opacity":"","overlay-gradient":""},"tablet":{"background-color":"var(--ast-global-color-4)","background-image":"","background-repeat":"repeat","background-position":"center center","background-size":"auto","background-attachment":"scroll","background-type":"","background-media":"","overlay-type":"","overlay-color":"","overlay-opacity":"","overlay-gradient":""},"mobile":{"background-color":"var(--ast-global-color-4)","background-image":"","background-repeat":"repeat","background-position":"center center","background-size":"auto","background-attachment":"scroll","background-type":"","background-media":"","overlay-type":"","overlay-color":"","overlay-opacity":"","overlay-gradient":""}},"footnotes":""},"categories":[1,13,25],"tags":[],"class_list":["post-18184","post","type-post","status-publish","format-standard","hentry","category-noticias","category-provinciales","category-tierra-del-fuego"],"yoast_head":"<!-- This site is optimized with the Yoast SEO Premium plugin v23.0 (Yoast SEO v27.5) - https:\/\/yoast.com\/product\/yoast-seo-premium-wordpress\/ -->\n<title>Ushuaia: El Gobierno trabaja en el manejo del problema ambiental que produce el castor<\/title>\n<meta name=\"robots\" content=\"index, follow, max-snippet:-1, max-image-preview:large, max-video-preview:-1\" \/>\n<link rel=\"canonical\" href=\"https:\/\/patagoniambiental.com.ar\/info\/ushuaia-el-gobierno-trabaja-en-el-manejo-del-problema-ambiental-que-produce-el-castor\/\" \/>\n<meta property=\"og:locale\" content=\"es_ES\" \/>\n<meta property=\"og:type\" content=\"article\" \/>\n<meta property=\"og:title\" content=\"Ushuaia: El Gobierno trabaja en el manejo del problema ambiental que produce el castor\" \/>\n<meta property=\"og:description\" content=\"USHUAIA.- En el SUM de la Estaci\u00f3n de Pscicultura \u201cR\u00edo Olivia\u201d de Ushuaia, se realizaron dos encuentros vinculados al manejo [&hellip;]\" \/>\n<meta property=\"og:url\" content=\"https:\/\/patagoniambiental.com.ar\/info\/ushuaia-el-gobierno-trabaja-en-el-manejo-del-problema-ambiental-que-produce-el-castor\/\" \/>\n<meta property=\"og:site_name\" content=\"Patagonia Ambiental\" \/>\n<meta property=\"article:publisher\" content=\"https:\/\/www.facebook.com\/patagonia.ambiental\" \/>\n<meta property=\"article:author\" content=\"https:\/\/www.facebook.com\/share\/1C1V8Gv9BX\/?mibextid=qi2Omg\" \/>\n<meta property=\"article:published_time\" content=\"2016-05-05T12:00:53+00:00\" \/>\n<meta name=\"author\" content=\"Patagonia Ambiental\" \/>\n<meta name=\"twitter:card\" content=\"summary_large_image\" \/>\n<meta name=\"twitter:creator\" content=\"@PatAmb\" \/>\n<meta name=\"twitter:site\" content=\"@PatAmb\" \/>\n<script type=\"application\/ld+json\" class=\"yoast-schema-graph\">{\"@context\":\"https:\\\/\\\/schema.org\",\"@graph\":[{\"@type\":\"Article\",\"@id\":\"https:\\\/\\\/patagoniambiental.com.ar\\\/info\\\/ushuaia-el-gobierno-trabaja-en-el-manejo-del-problema-ambiental-que-produce-el-castor\\\/#article\",\"isPartOf\":{\"@id\":\"https:\\\/\\\/patagoniambiental.com.ar\\\/info\\\/ushuaia-el-gobierno-trabaja-en-el-manejo-del-problema-ambiental-que-produce-el-castor\\\/\"},\"author\":{\"name\":\"Patagonia Ambiental\",\"@id\":\"https:\\\/\\\/patagoniambiental.com.ar\\\/info\\\/#\\\/schema\\\/person\\\/db12bff64bbcbf6a253710bf0ea37b5d\"},\"headline\":\"Ushuaia: El Gobierno trabaja en el manejo del problema ambiental que produce el castor\",\"datePublished\":\"2016-05-05T12:00:53+00:00\",\"mainEntityOfPage\":{\"@id\":\"https:\\\/\\\/patagoniambiental.com.ar\\\/info\\\/ushuaia-el-gobierno-trabaja-en-el-manejo-del-problema-ambiental-que-produce-el-castor\\\/\"},\"wordCount\":1101,\"publisher\":{\"@id\":\"https:\\\/\\\/patagoniambiental.com.ar\\\/info\\\/#organization\"},\"articleSection\":[\"Noticias\",\"Provinciales\",\"Tierra del Fuego\"],\"inLanguage\":\"es\"},{\"@type\":\"WebPage\",\"@id\":\"https:\\\/\\\/patagoniambiental.com.ar\\\/info\\\/ushuaia-el-gobierno-trabaja-en-el-manejo-del-problema-ambiental-que-produce-el-castor\\\/\",\"url\":\"https:\\\/\\\/patagoniambiental.com.ar\\\/info\\\/ushuaia-el-gobierno-trabaja-en-el-manejo-del-problema-ambiental-que-produce-el-castor\\\/\",\"name\":\"Ushuaia: El Gobierno trabaja en el manejo del problema ambiental que produce el castor\",\"isPartOf\":{\"@id\":\"https:\\\/\\\/patagoniambiental.com.ar\\\/info\\\/#website\"},\"datePublished\":\"2016-05-05T12:00:53+00:00\",\"breadcrumb\":{\"@id\":\"https:\\\/\\\/patagoniambiental.com.ar\\\/info\\\/ushuaia-el-gobierno-trabaja-en-el-manejo-del-problema-ambiental-que-produce-el-castor\\\/#breadcrumb\"},\"inLanguage\":\"es\",\"potentialAction\":[{\"@type\":\"ReadAction\",\"target\":[\"https:\\\/\\\/patagoniambiental.com.ar\\\/info\\\/ushuaia-el-gobierno-trabaja-en-el-manejo-del-problema-ambiental-que-produce-el-castor\\\/\"]}]},{\"@type\":\"BreadcrumbList\",\"@id\":\"https:\\\/\\\/patagoniambiental.com.ar\\\/info\\\/ushuaia-el-gobierno-trabaja-en-el-manejo-del-problema-ambiental-que-produce-el-castor\\\/#breadcrumb\",\"itemListElement\":[{\"@type\":\"ListItem\",\"position\":1,\"name\":\"Inicio\",\"item\":\"https:\\\/\\\/patagoniambiental.com.ar\\\/info\\\/\"},{\"@type\":\"ListItem\",\"position\":2,\"name\":\"Ushuaia: El Gobierno trabaja en el manejo del problema ambiental que produce el castor\"}]},{\"@type\":\"WebSite\",\"@id\":\"https:\\\/\\\/patagoniambiental.com.ar\\\/info\\\/#website\",\"url\":\"https:\\\/\\\/patagoniambiental.com.ar\\\/info\\\/\",\"name\":\"Patagonia Ambiental\",\"description\":\"Monitoreo y an\u00e1lisis de la situaci\u00f3n geopol\u00edtica en el mundo y su implicancia en la Patagonia\",\"publisher\":{\"@id\":\"https:\\\/\\\/patagoniambiental.com.ar\\\/info\\\/#organization\"},\"potentialAction\":[{\"@type\":\"SearchAction\",\"target\":{\"@type\":\"EntryPoint\",\"urlTemplate\":\"https:\\\/\\\/patagoniambiental.com.ar\\\/info\\\/?s={search_term_string}\"},\"query-input\":{\"@type\":\"PropertyValueSpecification\",\"valueRequired\":true,\"valueName\":\"search_term_string\"}}],\"inLanguage\":\"es\"},{\"@type\":\"Organization\",\"@id\":\"https:\\\/\\\/patagoniambiental.com.ar\\\/info\\\/#organization\",\"name\":\"Patagonia Ambiental\",\"url\":\"https:\\\/\\\/patagoniambiental.com.ar\\\/info\\\/\",\"logo\":{\"@type\":\"ImageObject\",\"inLanguage\":\"es\",\"@id\":\"https:\\\/\\\/patagoniambiental.com.ar\\\/info\\\/#\\\/schema\\\/logo\\\/image\\\/\",\"url\":\"https:\\\/\\\/patagoniambiental.com.ar\\\/info\\\/wp-content\\\/uploads\\\/2025\\\/05\\\/LOGO-PATAGONIA-AMBIENTAL.png\",\"contentUrl\":\"https:\\\/\\\/patagoniambiental.com.ar\\\/info\\\/wp-content\\\/uploads\\\/2025\\\/05\\\/LOGO-PATAGONIA-AMBIENTAL.png\",\"width\":433,\"height\":250,\"caption\":\"Patagonia Ambiental\"},\"image\":{\"@id\":\"https:\\\/\\\/patagoniambiental.com.ar\\\/info\\\/#\\\/schema\\\/logo\\\/image\\\/\"},\"sameAs\":[\"https:\\\/\\\/www.facebook.com\\\/patagonia.ambiental\",\"https:\\\/\\\/x.com\\\/PatAmb\"]},{\"@type\":\"Person\",\"@id\":\"https:\\\/\\\/patagoniambiental.com.ar\\\/info\\\/#\\\/schema\\\/person\\\/db12bff64bbcbf6a253710bf0ea37b5d\",\"name\":\"Patagonia Ambiental\",\"description\":\"Andr\u00e9s Nievas T\u00e9cnico en manejo ambiental, consultor Ambiental y escritor para medios locales e internacionales sobre temas de geopolitica y medio ambiente.\",\"sameAs\":[\"http:\\\/\\\/www.patagoniambiental.com.ar\",\"https:\\\/\\\/www.facebook.com\\\/share\\\/1C1V8Gv9BX\\\/?mibextid=qi2Omg\",\"@patagoniambiental\",\"https:\\\/\\\/youtube.com\\\/@patagoniaambiental2023?si=BLt58t0wuXquxlYZ\"]}]}<\/script>\n<!-- \/ Yoast SEO Premium plugin. -->","yoast_head_json":{"title":"Ushuaia: El Gobierno trabaja en el manejo del problema ambiental que produce el castor","robots":{"index":"index","follow":"follow","max-snippet":"max-snippet:-1","max-image-preview":"max-image-preview:large","max-video-preview":"max-video-preview:-1"},"canonical":"https:\/\/patagoniambiental.com.ar\/info\/ushuaia-el-gobierno-trabaja-en-el-manejo-del-problema-ambiental-que-produce-el-castor\/","og_locale":"es_ES","og_type":"article","og_title":"Ushuaia: El Gobierno trabaja en el manejo del problema ambiental que produce el castor","og_description":"USHUAIA.- En el SUM de la Estaci\u00f3n de Pscicultura \u201cR\u00edo Olivia\u201d de Ushuaia, se realizaron dos encuentros vinculados al manejo [&hellip;]","og_url":"https:\/\/patagoniambiental.com.ar\/info\/ushuaia-el-gobierno-trabaja-en-el-manejo-del-problema-ambiental-que-produce-el-castor\/","og_site_name":"Patagonia Ambiental","article_publisher":"https:\/\/www.facebook.com\/patagonia.ambiental","article_author":"https:\/\/www.facebook.com\/share\/1C1V8Gv9BX\/?mibextid=qi2Omg","article_published_time":"2016-05-05T12:00:53+00:00","author":"Patagonia Ambiental","twitter_card":"summary_large_image","twitter_creator":"@PatAmb","twitter_site":"@PatAmb","schema":{"@context":"https:\/\/schema.org","@graph":[{"@type":"Article","@id":"https:\/\/patagoniambiental.com.ar\/info\/ushuaia-el-gobierno-trabaja-en-el-manejo-del-problema-ambiental-que-produce-el-castor\/#article","isPartOf":{"@id":"https:\/\/patagoniambiental.com.ar\/info\/ushuaia-el-gobierno-trabaja-en-el-manejo-del-problema-ambiental-que-produce-el-castor\/"},"author":{"name":"Patagonia Ambiental","@id":"https:\/\/patagoniambiental.com.ar\/info\/#\/schema\/person\/db12bff64bbcbf6a253710bf0ea37b5d"},"headline":"Ushuaia: El Gobierno trabaja en el manejo del problema ambiental que produce el castor","datePublished":"2016-05-05T12:00:53+00:00","mainEntityOfPage":{"@id":"https:\/\/patagoniambiental.com.ar\/info\/ushuaia-el-gobierno-trabaja-en-el-manejo-del-problema-ambiental-que-produce-el-castor\/"},"wordCount":1101,"publisher":{"@id":"https:\/\/patagoniambiental.com.ar\/info\/#organization"},"articleSection":["Noticias","Provinciales","Tierra del Fuego"],"inLanguage":"es"},{"@type":"WebPage","@id":"https:\/\/patagoniambiental.com.ar\/info\/ushuaia-el-gobierno-trabaja-en-el-manejo-del-problema-ambiental-que-produce-el-castor\/","url":"https:\/\/patagoniambiental.com.ar\/info\/ushuaia-el-gobierno-trabaja-en-el-manejo-del-problema-ambiental-que-produce-el-castor\/","name":"Ushuaia: El Gobierno trabaja en el manejo del problema ambiental que produce el castor","isPartOf":{"@id":"https:\/\/patagoniambiental.com.ar\/info\/#website"},"datePublished":"2016-05-05T12:00:53+00:00","breadcrumb":{"@id":"https:\/\/patagoniambiental.com.ar\/info\/ushuaia-el-gobierno-trabaja-en-el-manejo-del-problema-ambiental-que-produce-el-castor\/#breadcrumb"},"inLanguage":"es","potentialAction":[{"@type":"ReadAction","target":["https:\/\/patagoniambiental.com.ar\/info\/ushuaia-el-gobierno-trabaja-en-el-manejo-del-problema-ambiental-que-produce-el-castor\/"]}]},{"@type":"BreadcrumbList","@id":"https:\/\/patagoniambiental.com.ar\/info\/ushuaia-el-gobierno-trabaja-en-el-manejo-del-problema-ambiental-que-produce-el-castor\/#breadcrumb","itemListElement":[{"@type":"ListItem","position":1,"name":"Inicio","item":"https:\/\/patagoniambiental.com.ar\/info\/"},{"@type":"ListItem","position":2,"name":"Ushuaia: El Gobierno trabaja en el manejo del problema ambiental que produce el castor"}]},{"@type":"WebSite","@id":"https:\/\/patagoniambiental.com.ar\/info\/#website","url":"https:\/\/patagoniambiental.com.ar\/info\/","name":"Patagonia Ambiental","description":"Monitoreo y an\u00e1lisis de la situaci\u00f3n geopol\u00edtica en el mundo y su implicancia en la Patagonia","publisher":{"@id":"https:\/\/patagoniambiental.com.ar\/info\/#organization"},"potentialAction":[{"@type":"SearchAction","target":{"@type":"EntryPoint","urlTemplate":"https:\/\/patagoniambiental.com.ar\/info\/?s={search_term_string}"},"query-input":{"@type":"PropertyValueSpecification","valueRequired":true,"valueName":"search_term_string"}}],"inLanguage":"es"},{"@type":"Organization","@id":"https:\/\/patagoniambiental.com.ar\/info\/#organization","name":"Patagonia Ambiental","url":"https:\/\/patagoniambiental.com.ar\/info\/","logo":{"@type":"ImageObject","inLanguage":"es","@id":"https:\/\/patagoniambiental.com.ar\/info\/#\/schema\/logo\/image\/","url":"https:\/\/patagoniambiental.com.ar\/info\/wp-content\/uploads\/2025\/05\/LOGO-PATAGONIA-AMBIENTAL.png","contentUrl":"https:\/\/patagoniambiental.com.ar\/info\/wp-content\/uploads\/2025\/05\/LOGO-PATAGONIA-AMBIENTAL.png","width":433,"height":250,"caption":"Patagonia Ambiental"},"image":{"@id":"https:\/\/patagoniambiental.com.ar\/info\/#\/schema\/logo\/image\/"},"sameAs":["https:\/\/www.facebook.com\/patagonia.ambiental","https:\/\/x.com\/PatAmb"]},{"@type":"Person","@id":"https:\/\/patagoniambiental.com.ar\/info\/#\/schema\/person\/db12bff64bbcbf6a253710bf0ea37b5d","name":"Patagonia Ambiental","description":"Andr\u00e9s Nievas T\u00e9cnico en manejo ambiental, consultor Ambiental y escritor para medios locales e internacionales sobre temas de geopolitica y medio ambiente.","sameAs":["http:\/\/www.patagoniambiental.com.ar","https:\/\/www.facebook.com\/share\/1C1V8Gv9BX\/?mibextid=qi2Omg","@patagoniambiental","https:\/\/youtube.com\/@patagoniaambiental2023?si=BLt58t0wuXquxlYZ"]}]}},"_links":{"self":[{"href":"https:\/\/patagoniambiental.com.ar\/info\/wp-json\/wp\/v2\/posts\/18184","targetHints":{"allow":["GET"]}}],"collection":[{"href":"https:\/\/patagoniambiental.com.ar\/info\/wp-json\/wp\/v2\/posts"}],"about":[{"href":"https:\/\/patagoniambiental.com.ar\/info\/wp-json\/wp\/v2\/types\/post"}],"author":[{"embeddable":true,"href":"https:\/\/patagoniambiental.com.ar\/info\/wp-json\/wp\/v2\/users\/2"}],"replies":[{"embeddable":true,"href":"https:\/\/patagoniambiental.com.ar\/info\/wp-json\/wp\/v2\/comments?post=18184"}],"version-history":[{"count":0,"href":"https:\/\/patagoniambiental.com.ar\/info\/wp-json\/wp\/v2\/posts\/18184\/revisions"}],"wp:attachment":[{"href":"https:\/\/patagoniambiental.com.ar\/info\/wp-json\/wp\/v2\/media?parent=18184"}],"wp:term":[{"taxonomy":"category","embeddable":true,"href":"https:\/\/patagoniambiental.com.ar\/info\/wp-json\/wp\/v2\/categories?post=18184"},{"taxonomy":"post_tag","embeddable":true,"href":"https:\/\/patagoniambiental.com.ar\/info\/wp-json\/wp\/v2\/tags?post=18184"}],"curies":[{"name":"wp","href":"https:\/\/api.w.org\/{rel}","templated":true}]}}