{"id":18199,"date":"2016-05-06T09:00:11","date_gmt":"2016-05-06T12:00:11","guid":{"rendered":"http:\/\/patagoniambiental.com.ar\/?p=18199"},"modified":"2016-05-06T09:00:11","modified_gmt":"2016-05-06T12:00:11","slug":"tierra-del-fuego-presentan-propuesta-para-solucionar-el-problema-hidroambiental-de-laguna-de-los-cisnes-y-seca","status":"publish","type":"post","link":"https:\/\/patagoniambiental.com.ar\/info\/tierra-del-fuego-presentan-propuesta-para-solucionar-el-problema-hidroambiental-de-laguna-de-los-cisnes-y-seca\/","title":{"rendered":"Tierra del Fuego: Presentan propuesta para solucionar el problema hidroambiental de Laguna de los Cisnes y Seca"},"content":{"rendered":"<div class=\"single-content\">\n<p>USHUAIA<strong>.- <\/strong>El desecamiento de las lagunas de los Cisnes y Seca ubicadas pr\u00f3ximas al ejido urbano de R\u00edo Grande, han generado un problema ambiental con graves inconvenientes para la poblaci\u00f3n, fruto del polvo en suspensi\u00f3n que causa desde alergias hasta suspensi\u00f3n de vuelos, especialmente durante los frecuentes d\u00edas de viento que tiene la ciudad en los meses de verano.<\/p>\n<p>Ante este escenario, el Gobierno de la Provincia tom\u00f3 la decisi\u00f3n de buscar una definitiva y pronta soluci\u00f3n a este problema hidroambiental, producto de cambios en las variables clim\u00e1ticas y las perdidas por evaporaci\u00f3n sobre el cauce lagunar en la \u00e9poca estival.<\/p>\n<p>A trav\u00e9s de la Direcci\u00f3n General de Recursos H\u00eddricos, de la Secretar\u00eda de Ambiente, Desarrollo Sostenible y Cambio Clim\u00e1tico de la Provincia, se realizaron una serie de estudios t\u00e9cnicos sobre la Laguna de Los Cisnes de 350 hect\u00e1reas de superficie; en su cuenca de aproximadamente de 2.630 hect\u00e1reas; sobre el r\u00edo Grande, en proximidades a la divisoria de aguas y en barrios aleda\u00f1os.<\/p>\n<p>Luego de varios meses de trabajo, la semana pasada en el Centro Cultural Yaganes se realiz\u00f3 la presentaci\u00f3n de los resultados de estos estudios ante la comunidad de R\u00edo Grande. La exposici\u00f3n estuvo a cargo del Secretario de Desarrollo Sostenible y Cambio Clim\u00e1tico, Lic. Mauro P\u00e9rez Toscani, el Director General de Recursos H\u00eddricos, Ing. Gerardo Noir y del equipo de profesionales y t\u00e9cnicos especializados que forman parte de la Direcci\u00f3n General de Recursos H\u00eddricos.<\/p>\n<p>Ante un numeroso auditorio, entre los que asistieron el administrador de la Estancia Mar\u00eda Behety, Paul Chevalier, establecimiento propietario de la parcela donde se encuentran las Lagunas; la Concejal y presidente de la Comisi\u00f3n de Turismo Ecolog\u00eda y Medio Ambiente del Consejo Deliberante de R\u00edo Grande, Laura Colazo; el Secretario de Obras y Servicios P\u00fablicos, Jorge Coldorf y la Ingeniera Marcela Arguello por la Municipalidad de R\u00edo Grande; representando a la Universidad Nacional de Tierra del Fuego la Lic. Rita Lofriego; por la Base Naval R\u00edo Grande el capit\u00e1n de fragata Juan Alberto Mercatelli; por Aeropuertos Argentina 2000, el administrador del Aeropuerto de R\u00edo Grande, Alberto Luna; el jefe del Aeropuerto, Juan Carlos Montes de Oca y vecinos de los barrios San Mart\u00edn, Aeropuerto, Chacra XIII, II, IV y Los Cisnes, cercanos a las Lagunas.<\/p>\n<p>Durante la presentaci\u00f3n, el Secretario, P\u00e9rez Toscani manifest\u00f3 que \u201cvinimos a dar a conocer a la comunidad de R\u00edo Grande estos estudios y las obras que son necesarias y que se realizar\u00e1n para poder tener, a mediano plazo, una soluci\u00f3n definitiva a este problema en aproximadamente un periodo de entre ocho a diez meses, a partir de inicio de las mismas\u201d.<\/p>\n<p>En relaci\u00f3n al financiamiento de las obras, P\u00e9rez Toscani, detall\u00f3 que \u201cse encuentra dentro del paquete de obras que ha gestionado la Gobernadora Bertone ante la Naci\u00f3n, por medio del Ente Nacional de Obras H\u00eddricas y Sanitarias, por un monto de inversi\u00f3n de 350 millones de pesos\u201d.<\/p>\n<p>\u201cCabe destacar el trabajo realizado por los profesionales y t\u00e9cnicos que pertenecen a la Direcci\u00f3n General de Recursos H\u00eddricos, los cuales han realizado los estudios necesarios para conocer en profundidad el sector afectado, brindando los detalles t\u00e9cnicos necesarios para la selecci\u00f3n de las alternativas y soluci\u00f3n de la problem\u00e1tica que perjudica a la ciudad de R\u00edo Grande\u201d.<\/p>\n<p>Respecto a las caracter\u00edsticas t\u00e9cnicas de las obras, el Ingeniero Gerardo Noir explic\u00f3 que \u201cse consideran aquellas obras que son viables desde no solo el punto de vista t\u00e9cnico, sino que tambi\u00e9n desde lo ambiental y econ\u00f3mico\u201d.<\/p>\n<p>Por \u00faltimo, se\u00f1al\u00f3 que \u201cla conclusi\u00f3n a la cual permiti\u00f3 arribar el estudio, y acorde a los que ya se hab\u00edan llevado a cabo por esta Direcci\u00f3n a finales de los a\u00f1os 90, es la necesidad de realizar una serie obras civiles para efectuar en un trasvase de cuenca desde el r\u00edo Grande a la Laguna de los Cisnes y Seca, como as\u00ed tambi\u00e9n se consideran las posibles derivaciones de los excedentes h\u00eddricos resultado de los drenajes pluviales de barrios vecinos\u201d.<\/p>\n<\/div>\n<p>Fuente: Gobierno de Tierra del Fuego<\/p>\n<p>&nbsp;<\/p>\n","protected":false},"excerpt":{"rendered":"<p>USHUAIA.- El desecamiento de las lagunas de los Cisnes y Seca ubicadas pr\u00f3ximas al ejido urbano de R\u00edo Grande, han [&hellip;]<\/p>\n","protected":false},"author":2,"featured_media":0,"comment_status":"closed","ping_status":"closed","sticky":false,"template":"","format":"standard","meta":{"site-sidebar-layout":"default","site-content-layout":"","ast-site-content-layout":"default","site-content-style":"default","site-sidebar-style":"default","ast-global-header-display":"","ast-banner-title-visibility":"","ast-main-header-display":"","ast-hfb-above-header-display":"","ast-hfb-below-header-display":"","ast-hfb-mobile-header-display":"","site-post-title":"","ast-breadcrumbs-content":"","ast-featured-img":"","footer-sml-layout":"","ast-disable-related-posts":"","theme-transparent-header-meta":"","adv-header-id-meta":"","stick-header-meta":"","header-above-stick-meta":"","header-main-stick-meta":"","header-below-stick-meta":"","astra-migrate-meta-layouts":"default","ast-page-background-enabled":"default","ast-page-background-meta":{"desktop":{"background-color":"var(--ast-global-color-5)","background-image":"","background-repeat":"repeat","background-position":"center center","background-size":"auto","background-attachment":"scroll","background-type":"","background-media":"","overlay-type":"","overlay-color":"","overlay-opacity":"","overlay-gradient":""},"tablet":{"background-color":"","background-image":"","background-repeat":"repeat","background-position":"center center","background-size":"auto","background-attachment":"scroll","background-type":"","background-media":"","overlay-type":"","overlay-color":"","overlay-opacity":"","overlay-gradient":""},"mobile":{"background-color":"","background-image":"","background-repeat":"repeat","background-position":"center center","background-size":"auto","background-attachment":"scroll","background-type":"","background-media":"","overlay-type":"","overlay-color":"","overlay-opacity":"","overlay-gradient":""}},"ast-content-background-meta":{"desktop":{"background-color":"var(--ast-global-color-4)","background-image":"","background-repeat":"repeat","background-position":"center center","background-size":"auto","background-attachment":"scroll","background-type":"","background-media":"","overlay-type":"","overlay-color":"","overlay-opacity":"","overlay-gradient":""},"tablet":{"background-color":"var(--ast-global-color-4)","background-image":"","background-repeat":"repeat","background-position":"center center","background-size":"auto","background-attachment":"scroll","background-type":"","background-media":"","overlay-type":"","overlay-color":"","overlay-opacity":"","overlay-gradient":""},"mobile":{"background-color":"var(--ast-global-color-4)","background-image":"","background-repeat":"repeat","background-position":"center center","background-size":"auto","background-attachment":"scroll","background-type":"","background-media":"","overlay-type":"","overlay-color":"","overlay-opacity":"","overlay-gradient":""}},"footnotes":""},"categories":[1,13,25],"tags":[],"class_list":["post-18199","post","type-post","status-publish","format-standard","hentry","category-noticias","category-provinciales","category-tierra-del-fuego"],"yoast_head":"<!-- This site is optimized with the Yoast SEO Premium plugin v23.0 (Yoast SEO v27.5) - https:\/\/yoast.com\/product\/yoast-seo-premium-wordpress\/ -->\n<title>Tierra del Fuego: Presentan propuesta para solucionar el problema hidroambiental de Laguna de los Cisnes y Seca<\/title>\n<meta name=\"robots\" content=\"index, follow, max-snippet:-1, max-image-preview:large, max-video-preview:-1\" \/>\n<link rel=\"canonical\" href=\"https:\/\/patagoniambiental.com.ar\/info\/tierra-del-fuego-presentan-propuesta-para-solucionar-el-problema-hidroambiental-de-laguna-de-los-cisnes-y-seca\/\" \/>\n<meta property=\"og:locale\" content=\"es_ES\" \/>\n<meta property=\"og:type\" content=\"article\" \/>\n<meta property=\"og:title\" content=\"Tierra del Fuego: Presentan propuesta para solucionar el problema hidroambiental de Laguna de los Cisnes y Seca\" \/>\n<meta property=\"og:description\" content=\"USHUAIA.- El desecamiento de las lagunas de los Cisnes y Seca ubicadas pr\u00f3ximas al ejido urbano de R\u00edo Grande, han [&hellip;]\" \/>\n<meta property=\"og:url\" content=\"https:\/\/patagoniambiental.com.ar\/info\/tierra-del-fuego-presentan-propuesta-para-solucionar-el-problema-hidroambiental-de-laguna-de-los-cisnes-y-seca\/\" \/>\n<meta property=\"og:site_name\" content=\"Patagonia Ambiental\" \/>\n<meta property=\"article:publisher\" content=\"https:\/\/www.facebook.com\/patagonia.ambiental\" \/>\n<meta property=\"article:author\" content=\"https:\/\/www.facebook.com\/share\/1C1V8Gv9BX\/?mibextid=qi2Omg\" \/>\n<meta property=\"article:published_time\" content=\"2016-05-06T12:00:11+00:00\" \/>\n<meta name=\"author\" content=\"Patagonia Ambiental\" \/>\n<meta name=\"twitter:card\" content=\"summary_large_image\" \/>\n<meta name=\"twitter:creator\" content=\"@PatAmb\" \/>\n<meta name=\"twitter:site\" content=\"@PatAmb\" \/>\n<script type=\"application\/ld+json\" class=\"yoast-schema-graph\">{\"@context\":\"https:\\\/\\\/schema.org\",\"@graph\":[{\"@type\":\"Article\",\"@id\":\"https:\\\/\\\/patagoniambiental.com.ar\\\/info\\\/tierra-del-fuego-presentan-propuesta-para-solucionar-el-problema-hidroambiental-de-laguna-de-los-cisnes-y-seca\\\/#article\",\"isPartOf\":{\"@id\":\"https:\\\/\\\/patagoniambiental.com.ar\\\/info\\\/tierra-del-fuego-presentan-propuesta-para-solucionar-el-problema-hidroambiental-de-laguna-de-los-cisnes-y-seca\\\/\"},\"author\":{\"name\":\"Patagonia Ambiental\",\"@id\":\"https:\\\/\\\/patagoniambiental.com.ar\\\/info\\\/#\\\/schema\\\/person\\\/db12bff64bbcbf6a253710bf0ea37b5d\"},\"headline\":\"Tierra del Fuego: Presentan propuesta para solucionar el problema hidroambiental de Laguna de los Cisnes y Seca\",\"datePublished\":\"2016-05-06T12:00:11+00:00\",\"mainEntityOfPage\":{\"@id\":\"https:\\\/\\\/patagoniambiental.com.ar\\\/info\\\/tierra-del-fuego-presentan-propuesta-para-solucionar-el-problema-hidroambiental-de-laguna-de-los-cisnes-y-seca\\\/\"},\"wordCount\":746,\"publisher\":{\"@id\":\"https:\\\/\\\/patagoniambiental.com.ar\\\/info\\\/#organization\"},\"articleSection\":[\"Noticias\",\"Provinciales\",\"Tierra del Fuego\"],\"inLanguage\":\"es\"},{\"@type\":\"WebPage\",\"@id\":\"https:\\\/\\\/patagoniambiental.com.ar\\\/info\\\/tierra-del-fuego-presentan-propuesta-para-solucionar-el-problema-hidroambiental-de-laguna-de-los-cisnes-y-seca\\\/\",\"url\":\"https:\\\/\\\/patagoniambiental.com.ar\\\/info\\\/tierra-del-fuego-presentan-propuesta-para-solucionar-el-problema-hidroambiental-de-laguna-de-los-cisnes-y-seca\\\/\",\"name\":\"Tierra del Fuego: Presentan propuesta para solucionar el problema hidroambiental de Laguna de los Cisnes y Seca\",\"isPartOf\":{\"@id\":\"https:\\\/\\\/patagoniambiental.com.ar\\\/info\\\/#website\"},\"datePublished\":\"2016-05-06T12:00:11+00:00\",\"breadcrumb\":{\"@id\":\"https:\\\/\\\/patagoniambiental.com.ar\\\/info\\\/tierra-del-fuego-presentan-propuesta-para-solucionar-el-problema-hidroambiental-de-laguna-de-los-cisnes-y-seca\\\/#breadcrumb\"},\"inLanguage\":\"es\",\"potentialAction\":[{\"@type\":\"ReadAction\",\"target\":[\"https:\\\/\\\/patagoniambiental.com.ar\\\/info\\\/tierra-del-fuego-presentan-propuesta-para-solucionar-el-problema-hidroambiental-de-laguna-de-los-cisnes-y-seca\\\/\"]}]},{\"@type\":\"BreadcrumbList\",\"@id\":\"https:\\\/\\\/patagoniambiental.com.ar\\\/info\\\/tierra-del-fuego-presentan-propuesta-para-solucionar-el-problema-hidroambiental-de-laguna-de-los-cisnes-y-seca\\\/#breadcrumb\",\"itemListElement\":[{\"@type\":\"ListItem\",\"position\":1,\"name\":\"Inicio\",\"item\":\"https:\\\/\\\/patagoniambiental.com.ar\\\/info\\\/\"},{\"@type\":\"ListItem\",\"position\":2,\"name\":\"Tierra del Fuego: Presentan propuesta para solucionar el problema hidroambiental de Laguna de los Cisnes y Seca\"}]},{\"@type\":\"WebSite\",\"@id\":\"https:\\\/\\\/patagoniambiental.com.ar\\\/info\\\/#website\",\"url\":\"https:\\\/\\\/patagoniambiental.com.ar\\\/info\\\/\",\"name\":\"Patagonia Ambiental\",\"description\":\"Monitoreo y an\u00e1lisis de la situaci\u00f3n geopol\u00edtica en el mundo y su implicancia en la Patagonia\",\"publisher\":{\"@id\":\"https:\\\/\\\/patagoniambiental.com.ar\\\/info\\\/#organization\"},\"potentialAction\":[{\"@type\":\"SearchAction\",\"target\":{\"@type\":\"EntryPoint\",\"urlTemplate\":\"https:\\\/\\\/patagoniambiental.com.ar\\\/info\\\/?s={search_term_string}\"},\"query-input\":{\"@type\":\"PropertyValueSpecification\",\"valueRequired\":true,\"valueName\":\"search_term_string\"}}],\"inLanguage\":\"es\"},{\"@type\":\"Organization\",\"@id\":\"https:\\\/\\\/patagoniambiental.com.ar\\\/info\\\/#organization\",\"name\":\"Patagonia Ambiental\",\"url\":\"https:\\\/\\\/patagoniambiental.com.ar\\\/info\\\/\",\"logo\":{\"@type\":\"ImageObject\",\"inLanguage\":\"es\",\"@id\":\"https:\\\/\\\/patagoniambiental.com.ar\\\/info\\\/#\\\/schema\\\/logo\\\/image\\\/\",\"url\":\"https:\\\/\\\/patagoniambiental.com.ar\\\/info\\\/wp-content\\\/uploads\\\/2025\\\/05\\\/LOGO-PATAGONIA-AMBIENTAL.png\",\"contentUrl\":\"https:\\\/\\\/patagoniambiental.com.ar\\\/info\\\/wp-content\\\/uploads\\\/2025\\\/05\\\/LOGO-PATAGONIA-AMBIENTAL.png\",\"width\":433,\"height\":250,\"caption\":\"Patagonia Ambiental\"},\"image\":{\"@id\":\"https:\\\/\\\/patagoniambiental.com.ar\\\/info\\\/#\\\/schema\\\/logo\\\/image\\\/\"},\"sameAs\":[\"https:\\\/\\\/www.facebook.com\\\/patagonia.ambiental\",\"https:\\\/\\\/x.com\\\/PatAmb\"]},{\"@type\":\"Person\",\"@id\":\"https:\\\/\\\/patagoniambiental.com.ar\\\/info\\\/#\\\/schema\\\/person\\\/db12bff64bbcbf6a253710bf0ea37b5d\",\"name\":\"Patagonia Ambiental\",\"description\":\"Andr\u00e9s Nievas T\u00e9cnico en manejo ambiental, consultor Ambiental y escritor para medios locales e internacionales sobre temas de geopolitica y medio ambiente.\",\"sameAs\":[\"http:\\\/\\\/www.patagoniambiental.com.ar\",\"https:\\\/\\\/www.facebook.com\\\/share\\\/1C1V8Gv9BX\\\/?mibextid=qi2Omg\",\"@patagoniambiental\",\"https:\\\/\\\/youtube.com\\\/@patagoniaambiental2023?si=BLt58t0wuXquxlYZ\"]}]}<\/script>\n<!-- \/ Yoast SEO Premium plugin. -->","yoast_head_json":{"title":"Tierra del Fuego: Presentan propuesta para solucionar el problema hidroambiental de Laguna de los Cisnes y Seca","robots":{"index":"index","follow":"follow","max-snippet":"max-snippet:-1","max-image-preview":"max-image-preview:large","max-video-preview":"max-video-preview:-1"},"canonical":"https:\/\/patagoniambiental.com.ar\/info\/tierra-del-fuego-presentan-propuesta-para-solucionar-el-problema-hidroambiental-de-laguna-de-los-cisnes-y-seca\/","og_locale":"es_ES","og_type":"article","og_title":"Tierra del Fuego: Presentan propuesta para solucionar el problema hidroambiental de Laguna de los Cisnes y Seca","og_description":"USHUAIA.- El desecamiento de las lagunas de los Cisnes y Seca ubicadas pr\u00f3ximas al ejido urbano de R\u00edo Grande, han [&hellip;]","og_url":"https:\/\/patagoniambiental.com.ar\/info\/tierra-del-fuego-presentan-propuesta-para-solucionar-el-problema-hidroambiental-de-laguna-de-los-cisnes-y-seca\/","og_site_name":"Patagonia Ambiental","article_publisher":"https:\/\/www.facebook.com\/patagonia.ambiental","article_author":"https:\/\/www.facebook.com\/share\/1C1V8Gv9BX\/?mibextid=qi2Omg","article_published_time":"2016-05-06T12:00:11+00:00","author":"Patagonia Ambiental","twitter_card":"summary_large_image","twitter_creator":"@PatAmb","twitter_site":"@PatAmb","schema":{"@context":"https:\/\/schema.org","@graph":[{"@type":"Article","@id":"https:\/\/patagoniambiental.com.ar\/info\/tierra-del-fuego-presentan-propuesta-para-solucionar-el-problema-hidroambiental-de-laguna-de-los-cisnes-y-seca\/#article","isPartOf":{"@id":"https:\/\/patagoniambiental.com.ar\/info\/tierra-del-fuego-presentan-propuesta-para-solucionar-el-problema-hidroambiental-de-laguna-de-los-cisnes-y-seca\/"},"author":{"name":"Patagonia Ambiental","@id":"https:\/\/patagoniambiental.com.ar\/info\/#\/schema\/person\/db12bff64bbcbf6a253710bf0ea37b5d"},"headline":"Tierra del Fuego: Presentan propuesta para solucionar el problema hidroambiental de Laguna de los Cisnes y Seca","datePublished":"2016-05-06T12:00:11+00:00","mainEntityOfPage":{"@id":"https:\/\/patagoniambiental.com.ar\/info\/tierra-del-fuego-presentan-propuesta-para-solucionar-el-problema-hidroambiental-de-laguna-de-los-cisnes-y-seca\/"},"wordCount":746,"publisher":{"@id":"https:\/\/patagoniambiental.com.ar\/info\/#organization"},"articleSection":["Noticias","Provinciales","Tierra del Fuego"],"inLanguage":"es"},{"@type":"WebPage","@id":"https:\/\/patagoniambiental.com.ar\/info\/tierra-del-fuego-presentan-propuesta-para-solucionar-el-problema-hidroambiental-de-laguna-de-los-cisnes-y-seca\/","url":"https:\/\/patagoniambiental.com.ar\/info\/tierra-del-fuego-presentan-propuesta-para-solucionar-el-problema-hidroambiental-de-laguna-de-los-cisnes-y-seca\/","name":"Tierra del Fuego: Presentan propuesta para solucionar el problema hidroambiental de Laguna de los Cisnes y Seca","isPartOf":{"@id":"https:\/\/patagoniambiental.com.ar\/info\/#website"},"datePublished":"2016-05-06T12:00:11+00:00","breadcrumb":{"@id":"https:\/\/patagoniambiental.com.ar\/info\/tierra-del-fuego-presentan-propuesta-para-solucionar-el-problema-hidroambiental-de-laguna-de-los-cisnes-y-seca\/#breadcrumb"},"inLanguage":"es","potentialAction":[{"@type":"ReadAction","target":["https:\/\/patagoniambiental.com.ar\/info\/tierra-del-fuego-presentan-propuesta-para-solucionar-el-problema-hidroambiental-de-laguna-de-los-cisnes-y-seca\/"]}]},{"@type":"BreadcrumbList","@id":"https:\/\/patagoniambiental.com.ar\/info\/tierra-del-fuego-presentan-propuesta-para-solucionar-el-problema-hidroambiental-de-laguna-de-los-cisnes-y-seca\/#breadcrumb","itemListElement":[{"@type":"ListItem","position":1,"name":"Inicio","item":"https:\/\/patagoniambiental.com.ar\/info\/"},{"@type":"ListItem","position":2,"name":"Tierra del Fuego: Presentan propuesta para solucionar el problema hidroambiental de Laguna de los Cisnes y Seca"}]},{"@type":"WebSite","@id":"https:\/\/patagoniambiental.com.ar\/info\/#website","url":"https:\/\/patagoniambiental.com.ar\/info\/","name":"Patagonia Ambiental","description":"Monitoreo y an\u00e1lisis de la situaci\u00f3n geopol\u00edtica en el mundo y su implicancia en la Patagonia","publisher":{"@id":"https:\/\/patagoniambiental.com.ar\/info\/#organization"},"potentialAction":[{"@type":"SearchAction","target":{"@type":"EntryPoint","urlTemplate":"https:\/\/patagoniambiental.com.ar\/info\/?s={search_term_string}"},"query-input":{"@type":"PropertyValueSpecification","valueRequired":true,"valueName":"search_term_string"}}],"inLanguage":"es"},{"@type":"Organization","@id":"https:\/\/patagoniambiental.com.ar\/info\/#organization","name":"Patagonia Ambiental","url":"https:\/\/patagoniambiental.com.ar\/info\/","logo":{"@type":"ImageObject","inLanguage":"es","@id":"https:\/\/patagoniambiental.com.ar\/info\/#\/schema\/logo\/image\/","url":"https:\/\/patagoniambiental.com.ar\/info\/wp-content\/uploads\/2025\/05\/LOGO-PATAGONIA-AMBIENTAL.png","contentUrl":"https:\/\/patagoniambiental.com.ar\/info\/wp-content\/uploads\/2025\/05\/LOGO-PATAGONIA-AMBIENTAL.png","width":433,"height":250,"caption":"Patagonia Ambiental"},"image":{"@id":"https:\/\/patagoniambiental.com.ar\/info\/#\/schema\/logo\/image\/"},"sameAs":["https:\/\/www.facebook.com\/patagonia.ambiental","https:\/\/x.com\/PatAmb"]},{"@type":"Person","@id":"https:\/\/patagoniambiental.com.ar\/info\/#\/schema\/person\/db12bff64bbcbf6a253710bf0ea37b5d","name":"Patagonia Ambiental","description":"Andr\u00e9s Nievas T\u00e9cnico en manejo ambiental, consultor Ambiental y escritor para medios locales e internacionales sobre temas de geopolitica y medio ambiente.","sameAs":["http:\/\/www.patagoniambiental.com.ar","https:\/\/www.facebook.com\/share\/1C1V8Gv9BX\/?mibextid=qi2Omg","@patagoniambiental","https:\/\/youtube.com\/@patagoniaambiental2023?si=BLt58t0wuXquxlYZ"]}]}},"_links":{"self":[{"href":"https:\/\/patagoniambiental.com.ar\/info\/wp-json\/wp\/v2\/posts\/18199","targetHints":{"allow":["GET"]}}],"collection":[{"href":"https:\/\/patagoniambiental.com.ar\/info\/wp-json\/wp\/v2\/posts"}],"about":[{"href":"https:\/\/patagoniambiental.com.ar\/info\/wp-json\/wp\/v2\/types\/post"}],"author":[{"embeddable":true,"href":"https:\/\/patagoniambiental.com.ar\/info\/wp-json\/wp\/v2\/users\/2"}],"replies":[{"embeddable":true,"href":"https:\/\/patagoniambiental.com.ar\/info\/wp-json\/wp\/v2\/comments?post=18199"}],"version-history":[{"count":0,"href":"https:\/\/patagoniambiental.com.ar\/info\/wp-json\/wp\/v2\/posts\/18199\/revisions"}],"wp:attachment":[{"href":"https:\/\/patagoniambiental.com.ar\/info\/wp-json\/wp\/v2\/media?parent=18199"}],"wp:term":[{"taxonomy":"category","embeddable":true,"href":"https:\/\/patagoniambiental.com.ar\/info\/wp-json\/wp\/v2\/categories?post=18199"},{"taxonomy":"post_tag","embeddable":true,"href":"https:\/\/patagoniambiental.com.ar\/info\/wp-json\/wp\/v2\/tags?post=18199"}],"curies":[{"name":"wp","href":"https:\/\/api.w.org\/{rel}","templated":true}]}}