{"id":18222,"date":"2016-05-07T09:13:08","date_gmt":"2016-05-07T12:13:08","guid":{"rendered":"http:\/\/patagoniambiental.com.ar\/?p=18222"},"modified":"2016-05-07T09:13:08","modified_gmt":"2016-05-07T12:13:08","slug":"rio-negro-para-analizar-la-actualidad-del-rio-colorado-autoridades-del-dpa-recibieron-a-integrantes-del-coirco","status":"publish","type":"post","link":"https:\/\/patagoniambiental.com.ar\/info\/rio-negro-para-analizar-la-actualidad-del-rio-colorado-autoridades-del-dpa-recibieron-a-integrantes-del-coirco\/","title":{"rendered":"R\u00edo Negro: Para analizar la actualidad del r\u00edo Colorado, autoridades del DPA recibieron a integrantes del COIRCO"},"content":{"rendered":"<p class=\"x_x_MsoNormal\"><b><\/b>VIEDMA.-\u00a0<i>El Departamento Provincial de Aguas (DPA) mantuvo intensas reuniones durante esta semana con el Comit\u00e9 Interjurisdiccional del r\u00edo Colorado (COIRCO), oportunidad en que se analizaron la actualidad\u00a0 y planificaron trabajos futuros en la cuenca. \u00a0<\/i><\/p>\n<p class=\"x_x_MsoNormal\">Se trata de jornadas que se realizan todos los a\u00f1os para analizar el programa de calidad de aguas, el estado y las operatividad del embalse Casa de Piedra.<\/p>\n<p class=\"x_x_MsoNormal\">De esta manera, el superintendente del DPA, Fernando Curetti, estuvo junto al intendente de Recursos H\u00eddricos, Daniel Petri, con la presencia de los representantes de todas las Jurisdicciones miembros del Estado Nacional y de las Provincias de Mendoza, Neuqu\u00e9n, R\u00edo Negro, La Pampa y Buenos Aires.<\/p>\n<p class=\"x_x_MsoNormal\">En este sentido, entre los temas analizados se destacan los vinculados al Programa Integral de Calidad de Aguas del r\u00edo Colorado, as\u00ed como el estado h\u00eddrico de la cuenca y la operaci\u00f3n prevista en el Embalse Casa de Piedra para los pr\u00f3ximos meses. Del mismo modo, se dialog\u00f3 y analiz\u00f3 el control de las actividades petroleras en la cuenca.<\/p>\n<p class=\"x_x_MsoNormal\">En este marco,\u00a0 adem\u00e1s se planific\u00f3 sobre las posibles actividades para conmemorar los 40 a\u00f1os que cumplir\u00e1 el COIRCO el pr\u00f3ximo 26 de Octubre, hecho que lo convierte en el Organismo de Cuenca m\u00e1s antiguo del pa\u00eds.<\/p>\n<p class=\"x_x_MsoNormal\">Cabe agregar, que esta instituci\u00f3n fue creada en 1976 por acuerdo de los gobernadores de las provincias de Buenos Aires, La Pampa, Mendoza, Neuqu\u00e9n y R\u00edo Negro. De este modo,\u00a0 mediante el Comit\u00e9 las provincias asumieron la responsabilidad de poner en marcha el Programa \u00fanico de Habilitaci\u00f3n de \u00c1reas de Riego y Distribuci\u00f3n de Caudales del R\u00edo Colorado, tendiente a una distribuci\u00f3n razonable y equitativa de sus aguas para su uso com\u00fan.<\/p>\n<p>Fuente: Gobierno de R\u00edo Negro<\/p>\n","protected":false},"excerpt":{"rendered":"<p>VIEDMA.-\u00a0El Departamento Provincial de Aguas (DPA) mantuvo intensas reuniones durante esta semana con el Comit\u00e9 Interjurisdiccional del r\u00edo Colorado (COIRCO), [&hellip;]<\/p>\n","protected":false},"author":2,"featured_media":0,"comment_status":"closed","ping_status":"closed","sticky":false,"template":"","format":"standard","meta":{"site-sidebar-layout":"default","site-content-layout":"","ast-site-content-layout":"default","site-content-style":"default","site-sidebar-style":"default","ast-global-header-display":"","ast-banner-title-visibility":"","ast-main-header-display":"","ast-hfb-above-header-display":"","ast-hfb-below-header-display":"","ast-hfb-mobile-header-display":"","site-post-title":"","ast-breadcrumbs-content":"","ast-featured-img":"","footer-sml-layout":"","ast-disable-related-posts":"","theme-transparent-header-meta":"","adv-header-id-meta":"","stick-header-meta":"","header-above-stick-meta":"","header-main-stick-meta":"","header-below-stick-meta":"","astra-migrate-meta-layouts":"default","ast-page-background-enabled":"default","ast-page-background-meta":{"desktop":{"background-color":"var(--ast-global-color-5)","background-image":"","background-repeat":"repeat","background-position":"center center","background-size":"auto","background-attachment":"scroll","background-type":"","background-media":"","overlay-type":"","overlay-color":"","overlay-opacity":"","overlay-gradient":""},"tablet":{"background-color":"","background-image":"","background-repeat":"repeat","background-position":"center center","background-size":"auto","background-attachment":"scroll","background-type":"","background-media":"","overlay-type":"","overlay-color":"","overlay-opacity":"","overlay-gradient":""},"mobile":{"background-color":"","background-image":"","background-repeat":"repeat","background-position":"center center","background-size":"auto","background-attachment":"scroll","background-type":"","background-media":"","overlay-type":"","overlay-color":"","overlay-opacity":"","overlay-gradient":""}},"ast-content-background-meta":{"desktop":{"background-color":"var(--ast-global-color-4)","background-image":"","background-repeat":"repeat","background-position":"center center","background-size":"auto","background-attachment":"scroll","background-type":"","background-media":"","overlay-type":"","overlay-color":"","overlay-opacity":"","overlay-gradient":""},"tablet":{"background-color":"var(--ast-global-color-4)","background-image":"","background-repeat":"repeat","background-position":"center center","background-size":"auto","background-attachment":"scroll","background-type":"","background-media":"","overlay-type":"","overlay-color":"","overlay-opacity":"","overlay-gradient":""},"mobile":{"background-color":"var(--ast-global-color-4)","background-image":"","background-repeat":"repeat","background-position":"center center","background-size":"auto","background-attachment":"scroll","background-type":"","background-media":"","overlay-type":"","overlay-color":"","overlay-opacity":"","overlay-gradient":""}},"footnotes":""},"categories":[1,13,14],"tags":[],"class_list":["post-18222","post","type-post","status-publish","format-standard","hentry","category-noticias","category-provinciales","category-rio-negro"],"yoast_head":"<!-- This site is optimized with the Yoast SEO Premium plugin v23.0 (Yoast SEO v27.5) - https:\/\/yoast.com\/product\/yoast-seo-premium-wordpress\/ -->\n<title>R\u00edo Negro: Para analizar la actualidad del r\u00edo Colorado, autoridades del DPA recibieron a integrantes del COIRCO<\/title>\n<meta name=\"robots\" content=\"index, follow, max-snippet:-1, max-image-preview:large, max-video-preview:-1\" \/>\n<link rel=\"canonical\" href=\"https:\/\/patagoniambiental.com.ar\/info\/rio-negro-para-analizar-la-actualidad-del-rio-colorado-autoridades-del-dpa-recibieron-a-integrantes-del-coirco\/\" \/>\n<meta property=\"og:locale\" content=\"es_ES\" \/>\n<meta property=\"og:type\" content=\"article\" \/>\n<meta property=\"og:title\" content=\"R\u00edo Negro: Para analizar la actualidad del r\u00edo Colorado, autoridades del DPA recibieron a integrantes del COIRCO\" \/>\n<meta property=\"og:description\" content=\"VIEDMA.-\u00a0El Departamento Provincial de Aguas (DPA) mantuvo intensas reuniones durante esta semana con el Comit\u00e9 Interjurisdiccional del r\u00edo Colorado (COIRCO), [&hellip;]\" \/>\n<meta property=\"og:url\" content=\"https:\/\/patagoniambiental.com.ar\/info\/rio-negro-para-analizar-la-actualidad-del-rio-colorado-autoridades-del-dpa-recibieron-a-integrantes-del-coirco\/\" \/>\n<meta property=\"og:site_name\" content=\"Patagonia Ambiental\" \/>\n<meta property=\"article:publisher\" content=\"https:\/\/www.facebook.com\/patagonia.ambiental\" \/>\n<meta property=\"article:author\" content=\"https:\/\/www.facebook.com\/share\/1C1V8Gv9BX\/?mibextid=qi2Omg\" \/>\n<meta property=\"article:published_time\" content=\"2016-05-07T12:13:08+00:00\" \/>\n<meta name=\"author\" content=\"Patagonia Ambiental\" \/>\n<meta name=\"twitter:card\" content=\"summary_large_image\" \/>\n<meta name=\"twitter:creator\" content=\"@PatAmb\" \/>\n<meta name=\"twitter:site\" content=\"@PatAmb\" \/>\n<script type=\"application\/ld+json\" class=\"yoast-schema-graph\">{\"@context\":\"https:\\\/\\\/schema.org\",\"@graph\":[{\"@type\":\"Article\",\"@id\":\"https:\\\/\\\/patagoniambiental.com.ar\\\/info\\\/rio-negro-para-analizar-la-actualidad-del-rio-colorado-autoridades-del-dpa-recibieron-a-integrantes-del-coirco\\\/#article\",\"isPartOf\":{\"@id\":\"https:\\\/\\\/patagoniambiental.com.ar\\\/info\\\/rio-negro-para-analizar-la-actualidad-del-rio-colorado-autoridades-del-dpa-recibieron-a-integrantes-del-coirco\\\/\"},\"author\":{\"name\":\"Patagonia Ambiental\",\"@id\":\"https:\\\/\\\/patagoniambiental.com.ar\\\/info\\\/#\\\/schema\\\/person\\\/db12bff64bbcbf6a253710bf0ea37b5d\"},\"headline\":\"R\u00edo Negro: Para analizar la actualidad del r\u00edo Colorado, autoridades del DPA recibieron a integrantes del COIRCO\",\"datePublished\":\"2016-05-07T12:13:08+00:00\",\"mainEntityOfPage\":{\"@id\":\"https:\\\/\\\/patagoniambiental.com.ar\\\/info\\\/rio-negro-para-analizar-la-actualidad-del-rio-colorado-autoridades-del-dpa-recibieron-a-integrantes-del-coirco\\\/\"},\"wordCount\":322,\"publisher\":{\"@id\":\"https:\\\/\\\/patagoniambiental.com.ar\\\/info\\\/#organization\"},\"articleSection\":[\"Noticias\",\"Provinciales\",\"R\u00edo Negro\"],\"inLanguage\":\"es\"},{\"@type\":\"WebPage\",\"@id\":\"https:\\\/\\\/patagoniambiental.com.ar\\\/info\\\/rio-negro-para-analizar-la-actualidad-del-rio-colorado-autoridades-del-dpa-recibieron-a-integrantes-del-coirco\\\/\",\"url\":\"https:\\\/\\\/patagoniambiental.com.ar\\\/info\\\/rio-negro-para-analizar-la-actualidad-del-rio-colorado-autoridades-del-dpa-recibieron-a-integrantes-del-coirco\\\/\",\"name\":\"R\u00edo Negro: Para analizar la actualidad del r\u00edo Colorado, autoridades del DPA recibieron a integrantes del COIRCO\",\"isPartOf\":{\"@id\":\"https:\\\/\\\/patagoniambiental.com.ar\\\/info\\\/#website\"},\"datePublished\":\"2016-05-07T12:13:08+00:00\",\"breadcrumb\":{\"@id\":\"https:\\\/\\\/patagoniambiental.com.ar\\\/info\\\/rio-negro-para-analizar-la-actualidad-del-rio-colorado-autoridades-del-dpa-recibieron-a-integrantes-del-coirco\\\/#breadcrumb\"},\"inLanguage\":\"es\",\"potentialAction\":[{\"@type\":\"ReadAction\",\"target\":[\"https:\\\/\\\/patagoniambiental.com.ar\\\/info\\\/rio-negro-para-analizar-la-actualidad-del-rio-colorado-autoridades-del-dpa-recibieron-a-integrantes-del-coirco\\\/\"]}]},{\"@type\":\"BreadcrumbList\",\"@id\":\"https:\\\/\\\/patagoniambiental.com.ar\\\/info\\\/rio-negro-para-analizar-la-actualidad-del-rio-colorado-autoridades-del-dpa-recibieron-a-integrantes-del-coirco\\\/#breadcrumb\",\"itemListElement\":[{\"@type\":\"ListItem\",\"position\":1,\"name\":\"Inicio\",\"item\":\"https:\\\/\\\/patagoniambiental.com.ar\\\/info\\\/\"},{\"@type\":\"ListItem\",\"position\":2,\"name\":\"R\u00edo Negro: Para analizar la actualidad del r\u00edo Colorado, autoridades del DPA recibieron a integrantes del COIRCO\"}]},{\"@type\":\"WebSite\",\"@id\":\"https:\\\/\\\/patagoniambiental.com.ar\\\/info\\\/#website\",\"url\":\"https:\\\/\\\/patagoniambiental.com.ar\\\/info\\\/\",\"name\":\"Patagonia Ambiental\",\"description\":\"Monitoreo y an\u00e1lisis de la situaci\u00f3n geopol\u00edtica en el mundo y su implicancia en la Patagonia\",\"publisher\":{\"@id\":\"https:\\\/\\\/patagoniambiental.com.ar\\\/info\\\/#organization\"},\"potentialAction\":[{\"@type\":\"SearchAction\",\"target\":{\"@type\":\"EntryPoint\",\"urlTemplate\":\"https:\\\/\\\/patagoniambiental.com.ar\\\/info\\\/?s={search_term_string}\"},\"query-input\":{\"@type\":\"PropertyValueSpecification\",\"valueRequired\":true,\"valueName\":\"search_term_string\"}}],\"inLanguage\":\"es\"},{\"@type\":\"Organization\",\"@id\":\"https:\\\/\\\/patagoniambiental.com.ar\\\/info\\\/#organization\",\"name\":\"Patagonia Ambiental\",\"url\":\"https:\\\/\\\/patagoniambiental.com.ar\\\/info\\\/\",\"logo\":{\"@type\":\"ImageObject\",\"inLanguage\":\"es\",\"@id\":\"https:\\\/\\\/patagoniambiental.com.ar\\\/info\\\/#\\\/schema\\\/logo\\\/image\\\/\",\"url\":\"https:\\\/\\\/patagoniambiental.com.ar\\\/info\\\/wp-content\\\/uploads\\\/2025\\\/05\\\/LOGO-PATAGONIA-AMBIENTAL.png\",\"contentUrl\":\"https:\\\/\\\/patagoniambiental.com.ar\\\/info\\\/wp-content\\\/uploads\\\/2025\\\/05\\\/LOGO-PATAGONIA-AMBIENTAL.png\",\"width\":433,\"height\":250,\"caption\":\"Patagonia Ambiental\"},\"image\":{\"@id\":\"https:\\\/\\\/patagoniambiental.com.ar\\\/info\\\/#\\\/schema\\\/logo\\\/image\\\/\"},\"sameAs\":[\"https:\\\/\\\/www.facebook.com\\\/patagonia.ambiental\",\"https:\\\/\\\/x.com\\\/PatAmb\"]},{\"@type\":\"Person\",\"@id\":\"https:\\\/\\\/patagoniambiental.com.ar\\\/info\\\/#\\\/schema\\\/person\\\/db12bff64bbcbf6a253710bf0ea37b5d\",\"name\":\"Patagonia Ambiental\",\"description\":\"Andr\u00e9s Nievas T\u00e9cnico en manejo ambiental, consultor Ambiental y escritor para medios locales e internacionales sobre temas de geopolitica y medio ambiente.\",\"sameAs\":[\"http:\\\/\\\/www.patagoniambiental.com.ar\",\"https:\\\/\\\/www.facebook.com\\\/share\\\/1C1V8Gv9BX\\\/?mibextid=qi2Omg\",\"@patagoniambiental\",\"https:\\\/\\\/youtube.com\\\/@patagoniaambiental2023?si=BLt58t0wuXquxlYZ\"]}]}<\/script>\n<!-- \/ Yoast SEO Premium plugin. -->","yoast_head_json":{"title":"R\u00edo Negro: Para analizar la actualidad del r\u00edo Colorado, autoridades del DPA recibieron a integrantes del COIRCO","robots":{"index":"index","follow":"follow","max-snippet":"max-snippet:-1","max-image-preview":"max-image-preview:large","max-video-preview":"max-video-preview:-1"},"canonical":"https:\/\/patagoniambiental.com.ar\/info\/rio-negro-para-analizar-la-actualidad-del-rio-colorado-autoridades-del-dpa-recibieron-a-integrantes-del-coirco\/","og_locale":"es_ES","og_type":"article","og_title":"R\u00edo Negro: Para analizar la actualidad del r\u00edo Colorado, autoridades del DPA recibieron a integrantes del COIRCO","og_description":"VIEDMA.-\u00a0El Departamento Provincial de Aguas (DPA) mantuvo intensas reuniones durante esta semana con el Comit\u00e9 Interjurisdiccional del r\u00edo Colorado (COIRCO), [&hellip;]","og_url":"https:\/\/patagoniambiental.com.ar\/info\/rio-negro-para-analizar-la-actualidad-del-rio-colorado-autoridades-del-dpa-recibieron-a-integrantes-del-coirco\/","og_site_name":"Patagonia Ambiental","article_publisher":"https:\/\/www.facebook.com\/patagonia.ambiental","article_author":"https:\/\/www.facebook.com\/share\/1C1V8Gv9BX\/?mibextid=qi2Omg","article_published_time":"2016-05-07T12:13:08+00:00","author":"Patagonia Ambiental","twitter_card":"summary_large_image","twitter_creator":"@PatAmb","twitter_site":"@PatAmb","schema":{"@context":"https:\/\/schema.org","@graph":[{"@type":"Article","@id":"https:\/\/patagoniambiental.com.ar\/info\/rio-negro-para-analizar-la-actualidad-del-rio-colorado-autoridades-del-dpa-recibieron-a-integrantes-del-coirco\/#article","isPartOf":{"@id":"https:\/\/patagoniambiental.com.ar\/info\/rio-negro-para-analizar-la-actualidad-del-rio-colorado-autoridades-del-dpa-recibieron-a-integrantes-del-coirco\/"},"author":{"name":"Patagonia Ambiental","@id":"https:\/\/patagoniambiental.com.ar\/info\/#\/schema\/person\/db12bff64bbcbf6a253710bf0ea37b5d"},"headline":"R\u00edo Negro: Para analizar la actualidad del r\u00edo Colorado, autoridades del DPA recibieron a integrantes del COIRCO","datePublished":"2016-05-07T12:13:08+00:00","mainEntityOfPage":{"@id":"https:\/\/patagoniambiental.com.ar\/info\/rio-negro-para-analizar-la-actualidad-del-rio-colorado-autoridades-del-dpa-recibieron-a-integrantes-del-coirco\/"},"wordCount":322,"publisher":{"@id":"https:\/\/patagoniambiental.com.ar\/info\/#organization"},"articleSection":["Noticias","Provinciales","R\u00edo Negro"],"inLanguage":"es"},{"@type":"WebPage","@id":"https:\/\/patagoniambiental.com.ar\/info\/rio-negro-para-analizar-la-actualidad-del-rio-colorado-autoridades-del-dpa-recibieron-a-integrantes-del-coirco\/","url":"https:\/\/patagoniambiental.com.ar\/info\/rio-negro-para-analizar-la-actualidad-del-rio-colorado-autoridades-del-dpa-recibieron-a-integrantes-del-coirco\/","name":"R\u00edo Negro: Para analizar la actualidad del r\u00edo Colorado, autoridades del DPA recibieron a integrantes del COIRCO","isPartOf":{"@id":"https:\/\/patagoniambiental.com.ar\/info\/#website"},"datePublished":"2016-05-07T12:13:08+00:00","breadcrumb":{"@id":"https:\/\/patagoniambiental.com.ar\/info\/rio-negro-para-analizar-la-actualidad-del-rio-colorado-autoridades-del-dpa-recibieron-a-integrantes-del-coirco\/#breadcrumb"},"inLanguage":"es","potentialAction":[{"@type":"ReadAction","target":["https:\/\/patagoniambiental.com.ar\/info\/rio-negro-para-analizar-la-actualidad-del-rio-colorado-autoridades-del-dpa-recibieron-a-integrantes-del-coirco\/"]}]},{"@type":"BreadcrumbList","@id":"https:\/\/patagoniambiental.com.ar\/info\/rio-negro-para-analizar-la-actualidad-del-rio-colorado-autoridades-del-dpa-recibieron-a-integrantes-del-coirco\/#breadcrumb","itemListElement":[{"@type":"ListItem","position":1,"name":"Inicio","item":"https:\/\/patagoniambiental.com.ar\/info\/"},{"@type":"ListItem","position":2,"name":"R\u00edo Negro: Para analizar la actualidad del r\u00edo Colorado, autoridades del DPA recibieron a integrantes del COIRCO"}]},{"@type":"WebSite","@id":"https:\/\/patagoniambiental.com.ar\/info\/#website","url":"https:\/\/patagoniambiental.com.ar\/info\/","name":"Patagonia Ambiental","description":"Monitoreo y an\u00e1lisis de la situaci\u00f3n geopol\u00edtica en el mundo y su implicancia en la Patagonia","publisher":{"@id":"https:\/\/patagoniambiental.com.ar\/info\/#organization"},"potentialAction":[{"@type":"SearchAction","target":{"@type":"EntryPoint","urlTemplate":"https:\/\/patagoniambiental.com.ar\/info\/?s={search_term_string}"},"query-input":{"@type":"PropertyValueSpecification","valueRequired":true,"valueName":"search_term_string"}}],"inLanguage":"es"},{"@type":"Organization","@id":"https:\/\/patagoniambiental.com.ar\/info\/#organization","name":"Patagonia Ambiental","url":"https:\/\/patagoniambiental.com.ar\/info\/","logo":{"@type":"ImageObject","inLanguage":"es","@id":"https:\/\/patagoniambiental.com.ar\/info\/#\/schema\/logo\/image\/","url":"https:\/\/patagoniambiental.com.ar\/info\/wp-content\/uploads\/2025\/05\/LOGO-PATAGONIA-AMBIENTAL.png","contentUrl":"https:\/\/patagoniambiental.com.ar\/info\/wp-content\/uploads\/2025\/05\/LOGO-PATAGONIA-AMBIENTAL.png","width":433,"height":250,"caption":"Patagonia Ambiental"},"image":{"@id":"https:\/\/patagoniambiental.com.ar\/info\/#\/schema\/logo\/image\/"},"sameAs":["https:\/\/www.facebook.com\/patagonia.ambiental","https:\/\/x.com\/PatAmb"]},{"@type":"Person","@id":"https:\/\/patagoniambiental.com.ar\/info\/#\/schema\/person\/db12bff64bbcbf6a253710bf0ea37b5d","name":"Patagonia Ambiental","description":"Andr\u00e9s Nievas T\u00e9cnico en manejo ambiental, consultor Ambiental y escritor para medios locales e internacionales sobre temas de geopolitica y medio ambiente.","sameAs":["http:\/\/www.patagoniambiental.com.ar","https:\/\/www.facebook.com\/share\/1C1V8Gv9BX\/?mibextid=qi2Omg","@patagoniambiental","https:\/\/youtube.com\/@patagoniaambiental2023?si=BLt58t0wuXquxlYZ"]}]}},"_links":{"self":[{"href":"https:\/\/patagoniambiental.com.ar\/info\/wp-json\/wp\/v2\/posts\/18222","targetHints":{"allow":["GET"]}}],"collection":[{"href":"https:\/\/patagoniambiental.com.ar\/info\/wp-json\/wp\/v2\/posts"}],"about":[{"href":"https:\/\/patagoniambiental.com.ar\/info\/wp-json\/wp\/v2\/types\/post"}],"author":[{"embeddable":true,"href":"https:\/\/patagoniambiental.com.ar\/info\/wp-json\/wp\/v2\/users\/2"}],"replies":[{"embeddable":true,"href":"https:\/\/patagoniambiental.com.ar\/info\/wp-json\/wp\/v2\/comments?post=18222"}],"version-history":[{"count":0,"href":"https:\/\/patagoniambiental.com.ar\/info\/wp-json\/wp\/v2\/posts\/18222\/revisions"}],"wp:attachment":[{"href":"https:\/\/patagoniambiental.com.ar\/info\/wp-json\/wp\/v2\/media?parent=18222"}],"wp:term":[{"taxonomy":"category","embeddable":true,"href":"https:\/\/patagoniambiental.com.ar\/info\/wp-json\/wp\/v2\/categories?post=18222"},{"taxonomy":"post_tag","embeddable":true,"href":"https:\/\/patagoniambiental.com.ar\/info\/wp-json\/wp\/v2\/tags?post=18222"}],"curies":[{"name":"wp","href":"https:\/\/api.w.org\/{rel}","templated":true}]}}