{"id":18249,"date":"2016-05-09T09:00:39","date_gmt":"2016-05-09T12:00:39","guid":{"rendered":"http:\/\/patagoniambiental.com.ar\/?p=18249"},"modified":"2016-05-09T09:00:39","modified_gmt":"2016-05-09T12:00:39","slug":"municipios-rionegrinos-analizan-como-aprovechar-sus-residuos-urbanos-para-generar-energia","status":"publish","type":"post","link":"https:\/\/patagoniambiental.com.ar\/info\/municipios-rionegrinos-analizan-como-aprovechar-sus-residuos-urbanos-para-generar-energia\/","title":{"rendered":"R\u00edo Negro: Seis Municipios constituyeron mesa t\u00e9cnica para avanzar sobre generaci\u00f3n el\u00e9ctrica de residuos s\u00f3lidos urbanos"},"content":{"rendered":"<p>FERNANDEZ ORO.- Seis Municipios del Alto valle de R\u00edo Negro,\u00a0conformaron en Fern\u00e1ndez Oro una Mesa T\u00e9cnica donde se definir\u00e1 la mejor propuesta para la disposici\u00f3n y aprovechamiento energ\u00e9tico de sus residuos s\u00f3lidos urbanos.<\/p>\n<p>La reuni\u00f3n se realiz\u00f3 el viernes en la sede de la Secretar\u00eda de Ambiente y Desarrollo Sustentable que, junto al \u00e1rea el\u00e9ctrica de la Secretar\u00eda de Estado de Energ\u00eda, est\u00e1n colaborando para la selecci\u00f3n de la mejor propuesta a nivel regional. All\u00ed estuvieron representantes de Allen, Campo Grande, Cinco Saltos, Cipolletti, Contralmirante Cordero y el municipio anfitri\u00f3n, Fern\u00e1ndez Oro. Por el Gobierno Provincial participaron la secretaria de Energ\u00eda El\u00e9ctrica, Andrea Confini; y la secretaria de Medio Ambiente y Desarrollo Sustentable, Dina Migani, entre otros.<\/p>\n<p>La secretaria de Energ\u00eda El\u00e9ctrica, Andrea Confini, explic\u00f3 que la reuni\u00f3n fue la tercera por este tema y sirvi\u00f3 para analizar con mayor profundidad las experiencias que expusieron cuatro empresas en las jornadas que se organizaron hace un par de semanas en Cinco Saltos.<\/p>\n<p>\u201cSe arm\u00f3 la mesa t\u00e9cnica con un representante por cada uno de los Municipios, uno de la Secretaria de Energ\u00eda y otro de Ambiente. Ellos se pondr\u00e1n a trabajar durante las pr\u00f3ximas semanas para convocar a otras empresas y conocer otras experiencias que se hayan hecho en la Argentina. Sobre todo en lo que es el aprovechamiento para la generaci\u00f3n de energ\u00eda el\u00e9ctrica a partir del uso de residuos\u201d, destac\u00f3.<\/p>\n<p>En funci\u00f3n de los an\u00e1lisis t\u00e9cnicos que surjan, anticip\u00f3, \u201cse har\u00e1 una nueva convocatoria a intendentes y funcionarios para hacer otra reuni\u00f3n ampliatoria\u201d.<\/p>\n<p>Seg\u00fan especific\u00f3 la funcionaria, la localizaci\u00f3n del proyecto ya est\u00e1 acordada. Ser\u00e1 un predio en la barda norte de Allen, a partir de la proposici\u00f3n que hizo llegar su intendenta Sabina Costa. Confini valor\u00f3 la actitud de los intendentes al ponerse r\u00e1pidamente de acuerdo, al considera las ventajas comparativas que otorgara la nueva Estaci\u00f3n Transformadora que se est\u00e1 construyendo all\u00ed y que estar\u00e1 operativa a comienzos del a\u00f1o entrante.<\/p>\n<p>\u201cOtra definici\u00f3n que se tom\u00f3 hoy fue s\u00f3lo trabajar por el momento con la propuesta rionegrina, dejando de lado la posibilidad de integrar al municipio neuquino\u201d, concluy\u00f3.<\/p>\n<p>Fuente: Gobierno de R\u00edo Negro<\/p>\n","protected":false},"excerpt":{"rendered":"<p>FERNANDEZ ORO.- Seis Municipios del Alto valle de R\u00edo Negro,\u00a0conformaron en Fern\u00e1ndez Oro una Mesa T\u00e9cnica donde se definir\u00e1 la [&hellip;]<\/p>\n","protected":false},"author":2,"featured_media":6466,"comment_status":"closed","ping_status":"closed","sticky":false,"template":"","format":"standard","meta":{"site-sidebar-layout":"default","site-content-layout":"","ast-site-content-layout":"default","site-content-style":"default","site-sidebar-style":"default","ast-global-header-display":"","ast-banner-title-visibility":"","ast-main-header-display":"","ast-hfb-above-header-display":"","ast-hfb-below-header-display":"","ast-hfb-mobile-header-display":"","site-post-title":"","ast-breadcrumbs-content":"","ast-featured-img":"","footer-sml-layout":"","ast-disable-related-posts":"","theme-transparent-header-meta":"","adv-header-id-meta":"","stick-header-meta":"","header-above-stick-meta":"","header-main-stick-meta":"","header-below-stick-meta":"","astra-migrate-meta-layouts":"default","ast-page-background-enabled":"default","ast-page-background-meta":{"desktop":{"background-color":"var(--ast-global-color-5)","background-image":"","background-repeat":"repeat","background-position":"center center","background-size":"auto","background-attachment":"scroll","background-type":"","background-media":"","overlay-type":"","overlay-color":"","overlay-opacity":"","overlay-gradient":""},"tablet":{"background-color":"","background-image":"","background-repeat":"repeat","background-position":"center center","background-size":"auto","background-attachment":"scroll","background-type":"","background-media":"","overlay-type":"","overlay-color":"","overlay-opacity":"","overlay-gradient":""},"mobile":{"background-color":"","background-image":"","background-repeat":"repeat","background-position":"center center","background-size":"auto","background-attachment":"scroll","background-type":"","background-media":"","overlay-type":"","overlay-color":"","overlay-opacity":"","overlay-gradient":""}},"ast-content-background-meta":{"desktop":{"background-color":"var(--ast-global-color-4)","background-image":"","background-repeat":"repeat","background-position":"center center","background-size":"auto","background-attachment":"scroll","background-type":"","background-media":"","overlay-type":"","overlay-color":"","overlay-opacity":"","overlay-gradient":""},"tablet":{"background-color":"var(--ast-global-color-4)","background-image":"","background-repeat":"repeat","background-position":"center center","background-size":"auto","background-attachment":"scroll","background-type":"","background-media":"","overlay-type":"","overlay-color":"","overlay-opacity":"","overlay-gradient":""},"mobile":{"background-color":"var(--ast-global-color-4)","background-image":"","background-repeat":"repeat","background-position":"center center","background-size":"auto","background-attachment":"scroll","background-type":"","background-media":"","overlay-type":"","overlay-color":"","overlay-opacity":"","overlay-gradient":""}},"footnotes":""},"categories":[1,13,14],"tags":[],"class_list":["post-18249","post","type-post","status-publish","format-standard","has-post-thumbnail","hentry","category-noticias","category-provinciales","category-rio-negro"],"yoast_head":"<!-- This site is optimized with the Yoast SEO Premium plugin v23.0 (Yoast SEO v27.5) - https:\/\/yoast.com\/product\/yoast-seo-premium-wordpress\/ -->\n<title>R\u00edo Negro: Seis Municipios constituyeron mesa t\u00e9cnica para avanzar sobre generaci\u00f3n el\u00e9ctrica de residuos s\u00f3lidos urbanos<\/title>\n<meta name=\"robots\" content=\"index, follow, max-snippet:-1, max-image-preview:large, max-video-preview:-1\" \/>\n<link rel=\"canonical\" href=\"https:\/\/patagoniambiental.com.ar\/info\/municipios-rionegrinos-analizan-como-aprovechar-sus-residuos-urbanos-para-generar-energia\/\" \/>\n<meta property=\"og:locale\" content=\"es_ES\" \/>\n<meta property=\"og:type\" content=\"article\" \/>\n<meta property=\"og:title\" content=\"R\u00edo Negro: Seis Municipios constituyeron mesa t\u00e9cnica para avanzar sobre generaci\u00f3n el\u00e9ctrica de residuos s\u00f3lidos urbanos\" \/>\n<meta property=\"og:description\" content=\"FERNANDEZ ORO.- Seis Municipios del Alto valle de R\u00edo Negro,\u00a0conformaron en Fern\u00e1ndez Oro una Mesa T\u00e9cnica donde se definir\u00e1 la [&hellip;]\" \/>\n<meta property=\"og:url\" content=\"https:\/\/patagoniambiental.com.ar\/info\/municipios-rionegrinos-analizan-como-aprovechar-sus-residuos-urbanos-para-generar-energia\/\" \/>\n<meta property=\"og:site_name\" content=\"Patagonia Ambiental\" \/>\n<meta property=\"article:publisher\" content=\"https:\/\/www.facebook.com\/patagonia.ambiental\" \/>\n<meta property=\"article:author\" content=\"https:\/\/www.facebook.com\/share\/1C1V8Gv9BX\/?mibextid=qi2Omg\" \/>\n<meta property=\"article:published_time\" content=\"2016-05-09T12:00:39+00:00\" \/>\n<meta name=\"author\" content=\"Patagonia Ambiental\" \/>\n<meta name=\"twitter:card\" content=\"summary_large_image\" \/>\n<meta name=\"twitter:creator\" content=\"@PatAmb\" \/>\n<meta name=\"twitter:site\" content=\"@PatAmb\" \/>\n<script type=\"application\/ld+json\" class=\"yoast-schema-graph\">{\"@context\":\"https:\\\/\\\/schema.org\",\"@graph\":[{\"@type\":\"Article\",\"@id\":\"https:\\\/\\\/patagoniambiental.com.ar\\\/info\\\/municipios-rionegrinos-analizan-como-aprovechar-sus-residuos-urbanos-para-generar-energia\\\/#article\",\"isPartOf\":{\"@id\":\"https:\\\/\\\/patagoniambiental.com.ar\\\/info\\\/municipios-rionegrinos-analizan-como-aprovechar-sus-residuos-urbanos-para-generar-energia\\\/\"},\"author\":{\"name\":\"Patagonia Ambiental\",\"@id\":\"https:\\\/\\\/patagoniambiental.com.ar\\\/info\\\/#\\\/schema\\\/person\\\/db12bff64bbcbf6a253710bf0ea37b5d\"},\"headline\":\"R\u00edo Negro: Seis Municipios constituyeron mesa t\u00e9cnica para avanzar sobre generaci\u00f3n el\u00e9ctrica de residuos s\u00f3lidos urbanos\",\"datePublished\":\"2016-05-09T12:00:39+00:00\",\"mainEntityOfPage\":{\"@id\":\"https:\\\/\\\/patagoniambiental.com.ar\\\/info\\\/municipios-rionegrinos-analizan-como-aprovechar-sus-residuos-urbanos-para-generar-energia\\\/\"},\"wordCount\":418,\"publisher\":{\"@id\":\"https:\\\/\\\/patagoniambiental.com.ar\\\/info\\\/#organization\"},\"image\":{\"@id\":\"https:\\\/\\\/patagoniambiental.com.ar\\\/info\\\/municipios-rionegrinos-analizan-como-aprovechar-sus-residuos-urbanos-para-generar-energia\\\/#primaryimage\"},\"thumbnailUrl\":\"\",\"articleSection\":[\"Noticias\",\"Provinciales\",\"R\u00edo Negro\"],\"inLanguage\":\"es\"},{\"@type\":\"WebPage\",\"@id\":\"https:\\\/\\\/patagoniambiental.com.ar\\\/info\\\/municipios-rionegrinos-analizan-como-aprovechar-sus-residuos-urbanos-para-generar-energia\\\/\",\"url\":\"https:\\\/\\\/patagoniambiental.com.ar\\\/info\\\/municipios-rionegrinos-analizan-como-aprovechar-sus-residuos-urbanos-para-generar-energia\\\/\",\"name\":\"R\u00edo Negro: Seis Municipios constituyeron mesa t\u00e9cnica para avanzar sobre generaci\u00f3n el\u00e9ctrica de residuos s\u00f3lidos urbanos\",\"isPartOf\":{\"@id\":\"https:\\\/\\\/patagoniambiental.com.ar\\\/info\\\/#website\"},\"primaryImageOfPage\":{\"@id\":\"https:\\\/\\\/patagoniambiental.com.ar\\\/info\\\/municipios-rionegrinos-analizan-como-aprovechar-sus-residuos-urbanos-para-generar-energia\\\/#primaryimage\"},\"image\":{\"@id\":\"https:\\\/\\\/patagoniambiental.com.ar\\\/info\\\/municipios-rionegrinos-analizan-como-aprovechar-sus-residuos-urbanos-para-generar-energia\\\/#primaryimage\"},\"thumbnailUrl\":\"\",\"datePublished\":\"2016-05-09T12:00:39+00:00\",\"breadcrumb\":{\"@id\":\"https:\\\/\\\/patagoniambiental.com.ar\\\/info\\\/municipios-rionegrinos-analizan-como-aprovechar-sus-residuos-urbanos-para-generar-energia\\\/#breadcrumb\"},\"inLanguage\":\"es\",\"potentialAction\":[{\"@type\":\"ReadAction\",\"target\":[\"https:\\\/\\\/patagoniambiental.com.ar\\\/info\\\/municipios-rionegrinos-analizan-como-aprovechar-sus-residuos-urbanos-para-generar-energia\\\/\"]}]},{\"@type\":\"ImageObject\",\"inLanguage\":\"es\",\"@id\":\"https:\\\/\\\/patagoniambiental.com.ar\\\/info\\\/municipios-rionegrinos-analizan-como-aprovechar-sus-residuos-urbanos-para-generar-energia\\\/#primaryimage\",\"url\":\"\",\"contentUrl\":\"\"},{\"@type\":\"BreadcrumbList\",\"@id\":\"https:\\\/\\\/patagoniambiental.com.ar\\\/info\\\/municipios-rionegrinos-analizan-como-aprovechar-sus-residuos-urbanos-para-generar-energia\\\/#breadcrumb\",\"itemListElement\":[{\"@type\":\"ListItem\",\"position\":1,\"name\":\"Inicio\",\"item\":\"https:\\\/\\\/patagoniambiental.com.ar\\\/info\\\/\"},{\"@type\":\"ListItem\",\"position\":2,\"name\":\"R\u00edo Negro: Seis Municipios constituyeron mesa t\u00e9cnica para avanzar sobre generaci\u00f3n el\u00e9ctrica de residuos s\u00f3lidos urbanos\"}]},{\"@type\":\"WebSite\",\"@id\":\"https:\\\/\\\/patagoniambiental.com.ar\\\/info\\\/#website\",\"url\":\"https:\\\/\\\/patagoniambiental.com.ar\\\/info\\\/\",\"name\":\"Patagonia Ambiental\",\"description\":\"Monitoreo y an\u00e1lisis de la situaci\u00f3n geopol\u00edtica en el mundo y su implicancia en la Patagonia\",\"publisher\":{\"@id\":\"https:\\\/\\\/patagoniambiental.com.ar\\\/info\\\/#organization\"},\"potentialAction\":[{\"@type\":\"SearchAction\",\"target\":{\"@type\":\"EntryPoint\",\"urlTemplate\":\"https:\\\/\\\/patagoniambiental.com.ar\\\/info\\\/?s={search_term_string}\"},\"query-input\":{\"@type\":\"PropertyValueSpecification\",\"valueRequired\":true,\"valueName\":\"search_term_string\"}}],\"inLanguage\":\"es\"},{\"@type\":\"Organization\",\"@id\":\"https:\\\/\\\/patagoniambiental.com.ar\\\/info\\\/#organization\",\"name\":\"Patagonia Ambiental\",\"url\":\"https:\\\/\\\/patagoniambiental.com.ar\\\/info\\\/\",\"logo\":{\"@type\":\"ImageObject\",\"inLanguage\":\"es\",\"@id\":\"https:\\\/\\\/patagoniambiental.com.ar\\\/info\\\/#\\\/schema\\\/logo\\\/image\\\/\",\"url\":\"https:\\\/\\\/patagoniambiental.com.ar\\\/info\\\/wp-content\\\/uploads\\\/2025\\\/05\\\/LOGO-PATAGONIA-AMBIENTAL.png\",\"contentUrl\":\"https:\\\/\\\/patagoniambiental.com.ar\\\/info\\\/wp-content\\\/uploads\\\/2025\\\/05\\\/LOGO-PATAGONIA-AMBIENTAL.png\",\"width\":433,\"height\":250,\"caption\":\"Patagonia Ambiental\"},\"image\":{\"@id\":\"https:\\\/\\\/patagoniambiental.com.ar\\\/info\\\/#\\\/schema\\\/logo\\\/image\\\/\"},\"sameAs\":[\"https:\\\/\\\/www.facebook.com\\\/patagonia.ambiental\",\"https:\\\/\\\/x.com\\\/PatAmb\"]},{\"@type\":\"Person\",\"@id\":\"https:\\\/\\\/patagoniambiental.com.ar\\\/info\\\/#\\\/schema\\\/person\\\/db12bff64bbcbf6a253710bf0ea37b5d\",\"name\":\"Patagonia Ambiental\",\"description\":\"Andr\u00e9s Nievas T\u00e9cnico en manejo ambiental, consultor Ambiental y escritor para medios locales e internacionales sobre temas de geopolitica y medio ambiente.\",\"sameAs\":[\"http:\\\/\\\/www.patagoniambiental.com.ar\",\"https:\\\/\\\/www.facebook.com\\\/share\\\/1C1V8Gv9BX\\\/?mibextid=qi2Omg\",\"@patagoniambiental\",\"https:\\\/\\\/youtube.com\\\/@patagoniaambiental2023?si=BLt58t0wuXquxlYZ\"]}]}<\/script>\n<!-- \/ Yoast SEO Premium plugin. -->","yoast_head_json":{"title":"R\u00edo Negro: Seis Municipios constituyeron mesa t\u00e9cnica para avanzar sobre generaci\u00f3n el\u00e9ctrica de residuos s\u00f3lidos urbanos","robots":{"index":"index","follow":"follow","max-snippet":"max-snippet:-1","max-image-preview":"max-image-preview:large","max-video-preview":"max-video-preview:-1"},"canonical":"https:\/\/patagoniambiental.com.ar\/info\/municipios-rionegrinos-analizan-como-aprovechar-sus-residuos-urbanos-para-generar-energia\/","og_locale":"es_ES","og_type":"article","og_title":"R\u00edo Negro: Seis Municipios constituyeron mesa t\u00e9cnica para avanzar sobre generaci\u00f3n el\u00e9ctrica de residuos s\u00f3lidos urbanos","og_description":"FERNANDEZ ORO.- Seis Municipios del Alto valle de R\u00edo Negro,\u00a0conformaron en Fern\u00e1ndez Oro una Mesa T\u00e9cnica donde se definir\u00e1 la [&hellip;]","og_url":"https:\/\/patagoniambiental.com.ar\/info\/municipios-rionegrinos-analizan-como-aprovechar-sus-residuos-urbanos-para-generar-energia\/","og_site_name":"Patagonia Ambiental","article_publisher":"https:\/\/www.facebook.com\/patagonia.ambiental","article_author":"https:\/\/www.facebook.com\/share\/1C1V8Gv9BX\/?mibextid=qi2Omg","article_published_time":"2016-05-09T12:00:39+00:00","author":"Patagonia Ambiental","twitter_card":"summary_large_image","twitter_creator":"@PatAmb","twitter_site":"@PatAmb","schema":{"@context":"https:\/\/schema.org","@graph":[{"@type":"Article","@id":"https:\/\/patagoniambiental.com.ar\/info\/municipios-rionegrinos-analizan-como-aprovechar-sus-residuos-urbanos-para-generar-energia\/#article","isPartOf":{"@id":"https:\/\/patagoniambiental.com.ar\/info\/municipios-rionegrinos-analizan-como-aprovechar-sus-residuos-urbanos-para-generar-energia\/"},"author":{"name":"Patagonia Ambiental","@id":"https:\/\/patagoniambiental.com.ar\/info\/#\/schema\/person\/db12bff64bbcbf6a253710bf0ea37b5d"},"headline":"R\u00edo Negro: Seis Municipios constituyeron mesa t\u00e9cnica para avanzar sobre generaci\u00f3n el\u00e9ctrica de residuos s\u00f3lidos urbanos","datePublished":"2016-05-09T12:00:39+00:00","mainEntityOfPage":{"@id":"https:\/\/patagoniambiental.com.ar\/info\/municipios-rionegrinos-analizan-como-aprovechar-sus-residuos-urbanos-para-generar-energia\/"},"wordCount":418,"publisher":{"@id":"https:\/\/patagoniambiental.com.ar\/info\/#organization"},"image":{"@id":"https:\/\/patagoniambiental.com.ar\/info\/municipios-rionegrinos-analizan-como-aprovechar-sus-residuos-urbanos-para-generar-energia\/#primaryimage"},"thumbnailUrl":"","articleSection":["Noticias","Provinciales","R\u00edo Negro"],"inLanguage":"es"},{"@type":"WebPage","@id":"https:\/\/patagoniambiental.com.ar\/info\/municipios-rionegrinos-analizan-como-aprovechar-sus-residuos-urbanos-para-generar-energia\/","url":"https:\/\/patagoniambiental.com.ar\/info\/municipios-rionegrinos-analizan-como-aprovechar-sus-residuos-urbanos-para-generar-energia\/","name":"R\u00edo Negro: Seis Municipios constituyeron mesa t\u00e9cnica para avanzar sobre generaci\u00f3n el\u00e9ctrica de residuos s\u00f3lidos urbanos","isPartOf":{"@id":"https:\/\/patagoniambiental.com.ar\/info\/#website"},"primaryImageOfPage":{"@id":"https:\/\/patagoniambiental.com.ar\/info\/municipios-rionegrinos-analizan-como-aprovechar-sus-residuos-urbanos-para-generar-energia\/#primaryimage"},"image":{"@id":"https:\/\/patagoniambiental.com.ar\/info\/municipios-rionegrinos-analizan-como-aprovechar-sus-residuos-urbanos-para-generar-energia\/#primaryimage"},"thumbnailUrl":"","datePublished":"2016-05-09T12:00:39+00:00","breadcrumb":{"@id":"https:\/\/patagoniambiental.com.ar\/info\/municipios-rionegrinos-analizan-como-aprovechar-sus-residuos-urbanos-para-generar-energia\/#breadcrumb"},"inLanguage":"es","potentialAction":[{"@type":"ReadAction","target":["https:\/\/patagoniambiental.com.ar\/info\/municipios-rionegrinos-analizan-como-aprovechar-sus-residuos-urbanos-para-generar-energia\/"]}]},{"@type":"ImageObject","inLanguage":"es","@id":"https:\/\/patagoniambiental.com.ar\/info\/municipios-rionegrinos-analizan-como-aprovechar-sus-residuos-urbanos-para-generar-energia\/#primaryimage","url":"","contentUrl":""},{"@type":"BreadcrumbList","@id":"https:\/\/patagoniambiental.com.ar\/info\/municipios-rionegrinos-analizan-como-aprovechar-sus-residuos-urbanos-para-generar-energia\/#breadcrumb","itemListElement":[{"@type":"ListItem","position":1,"name":"Inicio","item":"https:\/\/patagoniambiental.com.ar\/info\/"},{"@type":"ListItem","position":2,"name":"R\u00edo Negro: Seis Municipios constituyeron mesa t\u00e9cnica para avanzar sobre generaci\u00f3n el\u00e9ctrica de residuos s\u00f3lidos urbanos"}]},{"@type":"WebSite","@id":"https:\/\/patagoniambiental.com.ar\/info\/#website","url":"https:\/\/patagoniambiental.com.ar\/info\/","name":"Patagonia Ambiental","description":"Monitoreo y an\u00e1lisis de la situaci\u00f3n geopol\u00edtica en el mundo y su implicancia en la Patagonia","publisher":{"@id":"https:\/\/patagoniambiental.com.ar\/info\/#organization"},"potentialAction":[{"@type":"SearchAction","target":{"@type":"EntryPoint","urlTemplate":"https:\/\/patagoniambiental.com.ar\/info\/?s={search_term_string}"},"query-input":{"@type":"PropertyValueSpecification","valueRequired":true,"valueName":"search_term_string"}}],"inLanguage":"es"},{"@type":"Organization","@id":"https:\/\/patagoniambiental.com.ar\/info\/#organization","name":"Patagonia Ambiental","url":"https:\/\/patagoniambiental.com.ar\/info\/","logo":{"@type":"ImageObject","inLanguage":"es","@id":"https:\/\/patagoniambiental.com.ar\/info\/#\/schema\/logo\/image\/","url":"https:\/\/patagoniambiental.com.ar\/info\/wp-content\/uploads\/2025\/05\/LOGO-PATAGONIA-AMBIENTAL.png","contentUrl":"https:\/\/patagoniambiental.com.ar\/info\/wp-content\/uploads\/2025\/05\/LOGO-PATAGONIA-AMBIENTAL.png","width":433,"height":250,"caption":"Patagonia Ambiental"},"image":{"@id":"https:\/\/patagoniambiental.com.ar\/info\/#\/schema\/logo\/image\/"},"sameAs":["https:\/\/www.facebook.com\/patagonia.ambiental","https:\/\/x.com\/PatAmb"]},{"@type":"Person","@id":"https:\/\/patagoniambiental.com.ar\/info\/#\/schema\/person\/db12bff64bbcbf6a253710bf0ea37b5d","name":"Patagonia Ambiental","description":"Andr\u00e9s Nievas T\u00e9cnico en manejo ambiental, consultor Ambiental y escritor para medios locales e internacionales sobre temas de geopolitica y medio ambiente.","sameAs":["http:\/\/www.patagoniambiental.com.ar","https:\/\/www.facebook.com\/share\/1C1V8Gv9BX\/?mibextid=qi2Omg","@patagoniambiental","https:\/\/youtube.com\/@patagoniaambiental2023?si=BLt58t0wuXquxlYZ"]}]}},"_links":{"self":[{"href":"https:\/\/patagoniambiental.com.ar\/info\/wp-json\/wp\/v2\/posts\/18249","targetHints":{"allow":["GET"]}}],"collection":[{"href":"https:\/\/patagoniambiental.com.ar\/info\/wp-json\/wp\/v2\/posts"}],"about":[{"href":"https:\/\/patagoniambiental.com.ar\/info\/wp-json\/wp\/v2\/types\/post"}],"author":[{"embeddable":true,"href":"https:\/\/patagoniambiental.com.ar\/info\/wp-json\/wp\/v2\/users\/2"}],"replies":[{"embeddable":true,"href":"https:\/\/patagoniambiental.com.ar\/info\/wp-json\/wp\/v2\/comments?post=18249"}],"version-history":[{"count":0,"href":"https:\/\/patagoniambiental.com.ar\/info\/wp-json\/wp\/v2\/posts\/18249\/revisions"}],"wp:featuredmedia":[{"embeddable":true,"href":"https:\/\/patagoniambiental.com.ar\/info\/wp-json\/"}],"wp:attachment":[{"href":"https:\/\/patagoniambiental.com.ar\/info\/wp-json\/wp\/v2\/media?parent=18249"}],"wp:term":[{"taxonomy":"category","embeddable":true,"href":"https:\/\/patagoniambiental.com.ar\/info\/wp-json\/wp\/v2\/categories?post=18249"},{"taxonomy":"post_tag","embeddable":true,"href":"https:\/\/patagoniambiental.com.ar\/info\/wp-json\/wp\/v2\/tags?post=18249"}],"curies":[{"name":"wp","href":"https:\/\/api.w.org\/{rel}","templated":true}]}}