{"id":18272,"date":"2016-05-10T09:00:10","date_gmt":"2016-05-10T12:00:10","guid":{"rendered":"http:\/\/patagoniambiental.com.ar\/?p=18272"},"modified":"2016-05-10T09:00:10","modified_gmt":"2016-05-10T12:00:10","slug":"san-luis-tiene-el-primer-barrio-bioclimatico-de-la-argentina","status":"publish","type":"post","link":"https:\/\/patagoniambiental.com.ar\/info\/san-luis-tiene-el-primer-barrio-bioclimatico-de-la-argentina\/","title":{"rendered":"San Luis tiene el primer barrio bioclim\u00e1tico de la Argentina"},"content":{"rendered":"<div class=\"vc_col-sm-9 wpb_column vc_column_container \">\n<div class=\"wpb_wrapper\">\n<div class=\"wpb_text_column wpb_content_element  vc_custom_1453301130129\">\n<div class=\"wpb_wrapper\">\n<p class=\"p1\"><span class=\"s1\">Las casas generan energ\u00eda con paneles solares y tienen sistemas de ahorro de agua; el costo inicial de construcci\u00f3n es m\u00e1s alto, pero se compensa con el ahorro en consumos.<\/span><\/p>\n<\/div>\n<\/div>\n<div class=\"wpb_text_column wpb_content_element \">\n<div class=\"wpb_wrapper\">\n<p>Juan Pablo G\u00f3mez y sus dos hijas est\u00e1n adapt\u00e1ndose a vivir en una casa donde las temperaturas tienen menos oscilaciones por su tipo de paredes, donde los vidriados son dobles y donde gastan menos agua por el modelo de sanitarios que utilizan. Son vecinos del primer y \u00fanico barrio bioclim\u00e1tico de la Argentina, en San Luis.<\/p>\n<p>Las 35 viviendas que integran el proyecto pionero generan energ\u00eda con paneles solares, lo que permite un ahorro del 30 por ciento en los costos del suministro. Las casas -inauguradas a fines de septiembre- fueron construidas por un convenio entre el Gobierno provincial y el Sindicato Judiciales Puntanos.<\/p>\n<p>Desde el Ministerio de Medio Ambiente de San Luis, Cristian Molequer, dijo a LA NACION que el objetivo fue fomentar el ahorro de energ\u00eda y de agua, y aprovechar al m\u00e1ximo las condiciones naturales del entorno. El concepto es el de la arquitectura bioclim\u00e1tica que aspira a edificios que tengan en cuenta las condiciones clim\u00e1ticas y disminuyan su impacto medioambiental.<\/p>\n<p>&nbsp;<\/p>\n<p>El arquitecto Osvaldo Freire, especialista en construcciones sustentables del Colegio de Arquitectos de C\u00f3rdoba, explic\u00f3 que una vivienda bioclim\u00e1tica puede lograr un ahorro importante en el consumo energ\u00e9tico. Aunque el costo inicial de construcci\u00f3n es entre 10 y 20 por ciento mayor al de una tradicional termina, en unos diez a\u00f1os, siendo m\u00e1s rentable, porque se amortizan los gastos de funcionamiento.<\/p>\n<p>&nbsp;<\/p>\n<p>\u201cEn el 77, cuando fue el terremoto de Caucete no exist\u00edan las estructuras antis\u00edsmicas. Se incorporaron entonces con una suba de los costos de construcci\u00f3n de alrededor del 12 por ciento, pero fue a cambio de seguridad. Con las casas bioclim\u00e1ticas, a corto plazo ser\u00e1 lo mismo; ya no ser\u00e1n una opci\u00f3n sino una necesidad y la poblaci\u00f3n se va mentalizando\u201d, a\u00f1adi\u00f3.<\/p>\n<p><strong>Equipadas para reducir el consumo<\/strong><\/p>\n<p>Las viviendas del barrio puntano son gemelas; todas tienen paneles fotovoltaicos y un medidor bidireccional que permite inyectar energ\u00eda a la red de distribuci\u00f3n. Tambi\u00e9n est\u00e1n equipadas con equipos termosolares para calentar agua y calefaccionar por losa radiante; tienen aislaci\u00f3n t\u00e9rmica de las paredes, techos y aberturas con DVH (doble vidriado herm\u00e9tico).<\/p>\n<p>Adem\u00e1s, sus instalaciones est\u00e1n preparadas para el uso medido y el tratamiento del agua mediante dispositivos que reducen el consumo en duchas, inodoros y grifos, y la iluminaci\u00f3n es con tecnolog\u00eda LED y bajo consumo con placas fotovoltaicas. M\u00e1s adelante se incluir\u00e1 un sistema propio de separaci\u00f3n de residuos de origen y forestaci\u00f3n y cobertura vegetal para controlar la radiaci\u00f3n solar en verano y en invierno.<\/p>\n<p>Los c\u00e1lculos indican que estas construcciones reducen al a\u00f1o el uso de la energ\u00eda para calefaccionar en un 65 por ciento; la electricidad para iluminaci\u00f3n en un 70%, y el consumo de agua en un 33%.<\/p>\n<p>Alejandro Alcaraz, secretario general de los Judiciales, cont\u00f3 que la propuesta surgi\u00f3 del ministerio de Medio Ambiente: \u201cFirmamos un acuerdo para un plan habitacional, y cuando nos sugirieron este dise\u00f1o, aceptamos de inmediato. Hay otro programa similar para Villa Mercedes\u201d.<\/p>\n<p>Algunos aspectos en la construcci\u00f3n est\u00e1n pendientes, apunt\u00f3, por la suba de costos que implic\u00f3 la inflaci\u00f3n y por inconvenientes en Aduana, donde quedaron unos microinyectores de paneles. \u201cTal vez ahora se normalice\u201d, dijo.<\/p>\n<p>El barrio tiene la posibilidad de producir energ\u00eda no s\u00f3lo para autoabastecerse sino para inyectarla a la red el\u00e9ctrica. La empresa que presta el servicio el\u00e9ctrico en San Luis les descontar\u00e1 el aporte de sus facturas. El sistema est\u00e1 pensado con criterios de sustentabilidad y de integraci\u00f3n.<\/p>\n<p><strong>Recursos a desarrollar<\/strong><\/p>\n<p>Luis Rotaeche, coordinador de Energ\u00edas Renovables del Instituto Argentino de la Energ\u00eda (IAE) \u201cGeneral Mosconi\u201d, subray\u00f3 que a largo plazo la \u201cautogeneraci\u00f3n\u201d energ\u00e9tica tiene un gran porvenir. \u201cEn todo el mundo se ven casas con placas fotovoltaicas en los techos. Ojal\u00e1 empez\u00e1ramos a encontrarlas en la Argentina -agreg\u00f3-. El Estado deber\u00eda impulsar su uso a trav\u00e9s de diferentes medidas.\u201d<\/p>\n<p>Este a\u00f1o, por primera vez en la \u00faltima d\u00e9cada, desde el Gobierno se habl\u00f3 de \u201ccrisis energ\u00e9tica\u201d. El ministro del \u00e1rea, Juan Jos\u00e9 Aranguren, afirm\u00f3 que llevar\u00e1 por lo menos dos a\u00f1os salir de la emergencia. El impulso al desarrollo de las renovables est\u00e1 entre los objetivos de la administraci\u00f3n.<\/p>\n<p>Argentina tiene \u201crecursos gigantescos\u201d dijo Rotaeche. En energ\u00eda e\u00f3lica la calidad de los vientos est\u00e1 entre los mejores del mundo y, en solar, comparte con Chile y Bolivia una de las zonas de mayor irradiaci\u00f3n del mundo. \u201cPero no se ha hecho nada\u201d, defini\u00f3. La generaci\u00f3n del sector cubre apenas el 0,5 por ciento del consumo total de energ\u00eda.<\/p>\n<p>El sector \u201cse manej\u00f3 sin pol\u00edticas claras; para la financiaci\u00f3n no ayud\u00f3 la confrontaci\u00f3n con los mercados de capitales y as\u00ed es imposible sumarse a la tendencia mundial\u201d, seg\u00fan Rotaeche. Advirti\u00f3, adem\u00e1s, que deber\u00edan tomarse medidas para dar \u201cseguridad\u201d a los inversores; crear una agencia con profesionales id\u00f3neos que se ocupe del tema y definir un agente comercializador estatal para el sector.<\/p>\n<p>\u201cEn los primeros tiempos hay que sobreactuar para conseguir inversiones y financiamiento -a\u00f1adi\u00f3-. S\u00f3lo con competencia podremos bajar los precios\u201d. En energ\u00eda e\u00f3lica, hoy el Mw\/hora en Argentina se paga 126 d\u00f3lares, mientras que en Uruguay cuesta 63,5 y en Brasil 50.<\/p>\n<p>Fuente: Diario La Naci\u00f3n<\/p>\n<\/div>\n<\/div>\n<\/div>\n<\/div>\n","protected":false},"excerpt":{"rendered":"<p>Las casas generan energ\u00eda con paneles solares y tienen sistemas de ahorro de agua; el costo inicial de construcci\u00f3n es [&hellip;]<\/p>\n","protected":false},"author":2,"featured_media":0,"comment_status":"closed","ping_status":"closed","sticky":false,"template":"","format":"standard","meta":{"site-sidebar-layout":"default","site-content-layout":"","ast-site-content-layout":"default","site-content-style":"default","site-sidebar-style":"default","ast-global-header-display":"","ast-banner-title-visibility":"","ast-main-header-display":"","ast-hfb-above-header-display":"","ast-hfb-below-header-display":"","ast-hfb-mobile-header-display":"","site-post-title":"","ast-breadcrumbs-content":"","ast-featured-img":"","footer-sml-layout":"","ast-disable-related-posts":"","theme-transparent-header-meta":"","adv-header-id-meta":"","stick-header-meta":"","header-above-stick-meta":"","header-main-stick-meta":"","header-below-stick-meta":"","astra-migrate-meta-layouts":"default","ast-page-background-enabled":"default","ast-page-background-meta":{"desktop":{"background-color":"var(--ast-global-color-5)","background-image":"","background-repeat":"repeat","background-position":"center center","background-size":"auto","background-attachment":"scroll","background-type":"","background-media":"","overlay-type":"","overlay-color":"","overlay-opacity":"","overlay-gradient":""},"tablet":{"background-color":"","background-image":"","background-repeat":"repeat","background-position":"center center","background-size":"auto","background-attachment":"scroll","background-type":"","background-media":"","overlay-type":"","overlay-color":"","overlay-opacity":"","overlay-gradient":""},"mobile":{"background-color":"","background-image":"","background-repeat":"repeat","background-position":"center center","background-size":"auto","background-attachment":"scroll","background-type":"","background-media":"","overlay-type":"","overlay-color":"","overlay-opacity":"","overlay-gradient":""}},"ast-content-background-meta":{"desktop":{"background-color":"var(--ast-global-color-4)","background-image":"","background-repeat":"repeat","background-position":"center center","background-size":"auto","background-attachment":"scroll","background-type":"","background-media":"","overlay-type":"","overlay-color":"","overlay-opacity":"","overlay-gradient":""},"tablet":{"background-color":"var(--ast-global-color-4)","background-image":"","background-repeat":"repeat","background-position":"center center","background-size":"auto","background-attachment":"scroll","background-type":"","background-media":"","overlay-type":"","overlay-color":"","overlay-opacity":"","overlay-gradient":""},"mobile":{"background-color":"var(--ast-global-color-4)","background-image":"","background-repeat":"repeat","background-position":"center center","background-size":"auto","background-attachment":"scroll","background-type":"","background-media":"","overlay-type":"","overlay-color":"","overlay-opacity":"","overlay-gradient":""}},"footnotes":""},"categories":[19,1],"tags":[],"class_list":["post-18272","post","type-post","status-publish","format-standard","hentry","category-nacionales","category-noticias"],"yoast_head":"<!-- This site is optimized with the Yoast SEO Premium plugin v23.0 (Yoast SEO v27.5) - https:\/\/yoast.com\/product\/yoast-seo-premium-wordpress\/ -->\n<title>San Luis tiene el primer barrio bioclim\u00e1tico de la Argentina<\/title>\n<meta name=\"robots\" content=\"index, follow, max-snippet:-1, max-image-preview:large, max-video-preview:-1\" \/>\n<link rel=\"canonical\" href=\"https:\/\/patagoniambiental.com.ar\/info\/san-luis-tiene-el-primer-barrio-bioclimatico-de-la-argentina\/\" \/>\n<meta property=\"og:locale\" content=\"es_ES\" \/>\n<meta property=\"og:type\" content=\"article\" \/>\n<meta property=\"og:title\" content=\"San Luis tiene el primer barrio bioclim\u00e1tico de la Argentina\" \/>\n<meta property=\"og:description\" content=\"Las casas generan energ\u00eda con paneles solares y tienen sistemas de ahorro de agua; el costo inicial de construcci\u00f3n es [&hellip;]\" \/>\n<meta property=\"og:url\" content=\"https:\/\/patagoniambiental.com.ar\/info\/san-luis-tiene-el-primer-barrio-bioclimatico-de-la-argentina\/\" \/>\n<meta property=\"og:site_name\" content=\"Patagonia Ambiental\" \/>\n<meta property=\"article:publisher\" content=\"https:\/\/www.facebook.com\/patagonia.ambiental\" \/>\n<meta property=\"article:author\" content=\"https:\/\/www.facebook.com\/share\/1C1V8Gv9BX\/?mibextid=qi2Omg\" \/>\n<meta property=\"article:published_time\" content=\"2016-05-10T12:00:10+00:00\" \/>\n<meta name=\"author\" content=\"Patagonia Ambiental\" \/>\n<meta name=\"twitter:card\" content=\"summary_large_image\" \/>\n<meta name=\"twitter:creator\" content=\"@PatAmb\" \/>\n<meta name=\"twitter:site\" content=\"@PatAmb\" \/>\n<script type=\"application\/ld+json\" class=\"yoast-schema-graph\">{\"@context\":\"https:\\\/\\\/schema.org\",\"@graph\":[{\"@type\":\"Article\",\"@id\":\"https:\\\/\\\/patagoniambiental.com.ar\\\/info\\\/san-luis-tiene-el-primer-barrio-bioclimatico-de-la-argentina\\\/#article\",\"isPartOf\":{\"@id\":\"https:\\\/\\\/patagoniambiental.com.ar\\\/info\\\/san-luis-tiene-el-primer-barrio-bioclimatico-de-la-argentina\\\/\"},\"author\":{\"name\":\"Patagonia Ambiental\",\"@id\":\"https:\\\/\\\/patagoniambiental.com.ar\\\/info\\\/#\\\/schema\\\/person\\\/db12bff64bbcbf6a253710bf0ea37b5d\"},\"headline\":\"San Luis tiene el primer barrio bioclim\u00e1tico de la Argentina\",\"datePublished\":\"2016-05-10T12:00:10+00:00\",\"mainEntityOfPage\":{\"@id\":\"https:\\\/\\\/patagoniambiental.com.ar\\\/info\\\/san-luis-tiene-el-primer-barrio-bioclimatico-de-la-argentina\\\/\"},\"wordCount\":963,\"publisher\":{\"@id\":\"https:\\\/\\\/patagoniambiental.com.ar\\\/info\\\/#organization\"},\"articleSection\":[\"Nacionales\",\"Noticias\"],\"inLanguage\":\"es\"},{\"@type\":\"WebPage\",\"@id\":\"https:\\\/\\\/patagoniambiental.com.ar\\\/info\\\/san-luis-tiene-el-primer-barrio-bioclimatico-de-la-argentina\\\/\",\"url\":\"https:\\\/\\\/patagoniambiental.com.ar\\\/info\\\/san-luis-tiene-el-primer-barrio-bioclimatico-de-la-argentina\\\/\",\"name\":\"San Luis tiene el primer barrio bioclim\u00e1tico de la Argentina\",\"isPartOf\":{\"@id\":\"https:\\\/\\\/patagoniambiental.com.ar\\\/info\\\/#website\"},\"datePublished\":\"2016-05-10T12:00:10+00:00\",\"breadcrumb\":{\"@id\":\"https:\\\/\\\/patagoniambiental.com.ar\\\/info\\\/san-luis-tiene-el-primer-barrio-bioclimatico-de-la-argentina\\\/#breadcrumb\"},\"inLanguage\":\"es\",\"potentialAction\":[{\"@type\":\"ReadAction\",\"target\":[\"https:\\\/\\\/patagoniambiental.com.ar\\\/info\\\/san-luis-tiene-el-primer-barrio-bioclimatico-de-la-argentina\\\/\"]}]},{\"@type\":\"BreadcrumbList\",\"@id\":\"https:\\\/\\\/patagoniambiental.com.ar\\\/info\\\/san-luis-tiene-el-primer-barrio-bioclimatico-de-la-argentina\\\/#breadcrumb\",\"itemListElement\":[{\"@type\":\"ListItem\",\"position\":1,\"name\":\"Inicio\",\"item\":\"https:\\\/\\\/patagoniambiental.com.ar\\\/info\\\/\"},{\"@type\":\"ListItem\",\"position\":2,\"name\":\"San Luis tiene el primer barrio bioclim\u00e1tico de la Argentina\"}]},{\"@type\":\"WebSite\",\"@id\":\"https:\\\/\\\/patagoniambiental.com.ar\\\/info\\\/#website\",\"url\":\"https:\\\/\\\/patagoniambiental.com.ar\\\/info\\\/\",\"name\":\"Patagonia Ambiental\",\"description\":\"Monitoreo y an\u00e1lisis de la situaci\u00f3n geopol\u00edtica en el mundo y su implicancia en la Patagonia\",\"publisher\":{\"@id\":\"https:\\\/\\\/patagoniambiental.com.ar\\\/info\\\/#organization\"},\"potentialAction\":[{\"@type\":\"SearchAction\",\"target\":{\"@type\":\"EntryPoint\",\"urlTemplate\":\"https:\\\/\\\/patagoniambiental.com.ar\\\/info\\\/?s={search_term_string}\"},\"query-input\":{\"@type\":\"PropertyValueSpecification\",\"valueRequired\":true,\"valueName\":\"search_term_string\"}}],\"inLanguage\":\"es\"},{\"@type\":\"Organization\",\"@id\":\"https:\\\/\\\/patagoniambiental.com.ar\\\/info\\\/#organization\",\"name\":\"Patagonia Ambiental\",\"url\":\"https:\\\/\\\/patagoniambiental.com.ar\\\/info\\\/\",\"logo\":{\"@type\":\"ImageObject\",\"inLanguage\":\"es\",\"@id\":\"https:\\\/\\\/patagoniambiental.com.ar\\\/info\\\/#\\\/schema\\\/logo\\\/image\\\/\",\"url\":\"https:\\\/\\\/patagoniambiental.com.ar\\\/info\\\/wp-content\\\/uploads\\\/2025\\\/05\\\/LOGO-PATAGONIA-AMBIENTAL.png\",\"contentUrl\":\"https:\\\/\\\/patagoniambiental.com.ar\\\/info\\\/wp-content\\\/uploads\\\/2025\\\/05\\\/LOGO-PATAGONIA-AMBIENTAL.png\",\"width\":433,\"height\":250,\"caption\":\"Patagonia Ambiental\"},\"image\":{\"@id\":\"https:\\\/\\\/patagoniambiental.com.ar\\\/info\\\/#\\\/schema\\\/logo\\\/image\\\/\"},\"sameAs\":[\"https:\\\/\\\/www.facebook.com\\\/patagonia.ambiental\",\"https:\\\/\\\/x.com\\\/PatAmb\"]},{\"@type\":\"Person\",\"@id\":\"https:\\\/\\\/patagoniambiental.com.ar\\\/info\\\/#\\\/schema\\\/person\\\/db12bff64bbcbf6a253710bf0ea37b5d\",\"name\":\"Patagonia Ambiental\",\"description\":\"Andr\u00e9s Nievas T\u00e9cnico en manejo ambiental, consultor Ambiental y escritor para medios locales e internacionales sobre temas de geopolitica y medio ambiente.\",\"sameAs\":[\"http:\\\/\\\/www.patagoniambiental.com.ar\",\"https:\\\/\\\/www.facebook.com\\\/share\\\/1C1V8Gv9BX\\\/?mibextid=qi2Omg\",\"@patagoniambiental\",\"https:\\\/\\\/youtube.com\\\/@patagoniaambiental2023?si=BLt58t0wuXquxlYZ\"]}]}<\/script>\n<!-- \/ Yoast SEO Premium plugin. -->","yoast_head_json":{"title":"San Luis tiene el primer barrio bioclim\u00e1tico de la Argentina","robots":{"index":"index","follow":"follow","max-snippet":"max-snippet:-1","max-image-preview":"max-image-preview:large","max-video-preview":"max-video-preview:-1"},"canonical":"https:\/\/patagoniambiental.com.ar\/info\/san-luis-tiene-el-primer-barrio-bioclimatico-de-la-argentina\/","og_locale":"es_ES","og_type":"article","og_title":"San Luis tiene el primer barrio bioclim\u00e1tico de la Argentina","og_description":"Las casas generan energ\u00eda con paneles solares y tienen sistemas de ahorro de agua; el costo inicial de construcci\u00f3n es [&hellip;]","og_url":"https:\/\/patagoniambiental.com.ar\/info\/san-luis-tiene-el-primer-barrio-bioclimatico-de-la-argentina\/","og_site_name":"Patagonia Ambiental","article_publisher":"https:\/\/www.facebook.com\/patagonia.ambiental","article_author":"https:\/\/www.facebook.com\/share\/1C1V8Gv9BX\/?mibextid=qi2Omg","article_published_time":"2016-05-10T12:00:10+00:00","author":"Patagonia Ambiental","twitter_card":"summary_large_image","twitter_creator":"@PatAmb","twitter_site":"@PatAmb","schema":{"@context":"https:\/\/schema.org","@graph":[{"@type":"Article","@id":"https:\/\/patagoniambiental.com.ar\/info\/san-luis-tiene-el-primer-barrio-bioclimatico-de-la-argentina\/#article","isPartOf":{"@id":"https:\/\/patagoniambiental.com.ar\/info\/san-luis-tiene-el-primer-barrio-bioclimatico-de-la-argentina\/"},"author":{"name":"Patagonia Ambiental","@id":"https:\/\/patagoniambiental.com.ar\/info\/#\/schema\/person\/db12bff64bbcbf6a253710bf0ea37b5d"},"headline":"San Luis tiene el primer barrio bioclim\u00e1tico de la Argentina","datePublished":"2016-05-10T12:00:10+00:00","mainEntityOfPage":{"@id":"https:\/\/patagoniambiental.com.ar\/info\/san-luis-tiene-el-primer-barrio-bioclimatico-de-la-argentina\/"},"wordCount":963,"publisher":{"@id":"https:\/\/patagoniambiental.com.ar\/info\/#organization"},"articleSection":["Nacionales","Noticias"],"inLanguage":"es"},{"@type":"WebPage","@id":"https:\/\/patagoniambiental.com.ar\/info\/san-luis-tiene-el-primer-barrio-bioclimatico-de-la-argentina\/","url":"https:\/\/patagoniambiental.com.ar\/info\/san-luis-tiene-el-primer-barrio-bioclimatico-de-la-argentina\/","name":"San Luis tiene el primer barrio bioclim\u00e1tico de la Argentina","isPartOf":{"@id":"https:\/\/patagoniambiental.com.ar\/info\/#website"},"datePublished":"2016-05-10T12:00:10+00:00","breadcrumb":{"@id":"https:\/\/patagoniambiental.com.ar\/info\/san-luis-tiene-el-primer-barrio-bioclimatico-de-la-argentina\/#breadcrumb"},"inLanguage":"es","potentialAction":[{"@type":"ReadAction","target":["https:\/\/patagoniambiental.com.ar\/info\/san-luis-tiene-el-primer-barrio-bioclimatico-de-la-argentina\/"]}]},{"@type":"BreadcrumbList","@id":"https:\/\/patagoniambiental.com.ar\/info\/san-luis-tiene-el-primer-barrio-bioclimatico-de-la-argentina\/#breadcrumb","itemListElement":[{"@type":"ListItem","position":1,"name":"Inicio","item":"https:\/\/patagoniambiental.com.ar\/info\/"},{"@type":"ListItem","position":2,"name":"San Luis tiene el primer barrio bioclim\u00e1tico de la Argentina"}]},{"@type":"WebSite","@id":"https:\/\/patagoniambiental.com.ar\/info\/#website","url":"https:\/\/patagoniambiental.com.ar\/info\/","name":"Patagonia Ambiental","description":"Monitoreo y an\u00e1lisis de la situaci\u00f3n geopol\u00edtica en el mundo y su implicancia en la Patagonia","publisher":{"@id":"https:\/\/patagoniambiental.com.ar\/info\/#organization"},"potentialAction":[{"@type":"SearchAction","target":{"@type":"EntryPoint","urlTemplate":"https:\/\/patagoniambiental.com.ar\/info\/?s={search_term_string}"},"query-input":{"@type":"PropertyValueSpecification","valueRequired":true,"valueName":"search_term_string"}}],"inLanguage":"es"},{"@type":"Organization","@id":"https:\/\/patagoniambiental.com.ar\/info\/#organization","name":"Patagonia Ambiental","url":"https:\/\/patagoniambiental.com.ar\/info\/","logo":{"@type":"ImageObject","inLanguage":"es","@id":"https:\/\/patagoniambiental.com.ar\/info\/#\/schema\/logo\/image\/","url":"https:\/\/patagoniambiental.com.ar\/info\/wp-content\/uploads\/2025\/05\/LOGO-PATAGONIA-AMBIENTAL.png","contentUrl":"https:\/\/patagoniambiental.com.ar\/info\/wp-content\/uploads\/2025\/05\/LOGO-PATAGONIA-AMBIENTAL.png","width":433,"height":250,"caption":"Patagonia Ambiental"},"image":{"@id":"https:\/\/patagoniambiental.com.ar\/info\/#\/schema\/logo\/image\/"},"sameAs":["https:\/\/www.facebook.com\/patagonia.ambiental","https:\/\/x.com\/PatAmb"]},{"@type":"Person","@id":"https:\/\/patagoniambiental.com.ar\/info\/#\/schema\/person\/db12bff64bbcbf6a253710bf0ea37b5d","name":"Patagonia Ambiental","description":"Andr\u00e9s Nievas T\u00e9cnico en manejo ambiental, consultor Ambiental y escritor para medios locales e internacionales sobre temas de geopolitica y medio ambiente.","sameAs":["http:\/\/www.patagoniambiental.com.ar","https:\/\/www.facebook.com\/share\/1C1V8Gv9BX\/?mibextid=qi2Omg","@patagoniambiental","https:\/\/youtube.com\/@patagoniaambiental2023?si=BLt58t0wuXquxlYZ"]}]}},"_links":{"self":[{"href":"https:\/\/patagoniambiental.com.ar\/info\/wp-json\/wp\/v2\/posts\/18272","targetHints":{"allow":["GET"]}}],"collection":[{"href":"https:\/\/patagoniambiental.com.ar\/info\/wp-json\/wp\/v2\/posts"}],"about":[{"href":"https:\/\/patagoniambiental.com.ar\/info\/wp-json\/wp\/v2\/types\/post"}],"author":[{"embeddable":true,"href":"https:\/\/patagoniambiental.com.ar\/info\/wp-json\/wp\/v2\/users\/2"}],"replies":[{"embeddable":true,"href":"https:\/\/patagoniambiental.com.ar\/info\/wp-json\/wp\/v2\/comments?post=18272"}],"version-history":[{"count":0,"href":"https:\/\/patagoniambiental.com.ar\/info\/wp-json\/wp\/v2\/posts\/18272\/revisions"}],"wp:attachment":[{"href":"https:\/\/patagoniambiental.com.ar\/info\/wp-json\/wp\/v2\/media?parent=18272"}],"wp:term":[{"taxonomy":"category","embeddable":true,"href":"https:\/\/patagoniambiental.com.ar\/info\/wp-json\/wp\/v2\/categories?post=18272"},{"taxonomy":"post_tag","embeddable":true,"href":"https:\/\/patagoniambiental.com.ar\/info\/wp-json\/wp\/v2\/tags?post=18272"}],"curies":[{"name":"wp","href":"https:\/\/api.w.org\/{rel}","templated":true}]}}