{"id":18314,"date":"2016-05-11T09:00:38","date_gmt":"2016-05-11T12:00:38","guid":{"rendered":"http:\/\/patagoniambiental.com.ar\/?p=18314"},"modified":"2016-05-11T09:00:38","modified_gmt":"2016-05-11T12:00:38","slug":"el-pasado-9-de-mayo-el-100-de-la-energia-consumida-en-uruguay-procedio-de-renovables","status":"publish","type":"post","link":"https:\/\/patagoniambiental.com.ar\/info\/el-pasado-9-de-mayo-el-100-de-la-energia-consumida-en-uruguay-procedio-de-renovables\/","title":{"rendered":"El pasado 9 de mayo, el 100% de la energ\u00eda consumida en Uruguay procedi\u00f3 de renovables"},"content":{"rendered":"<p class=\"entradilla\">La energ\u00eda el\u00e9ctrica consumida en Uruguay durante las 24 horas del 9 de mayo pasado, provino en su totalidad de fuentes de energ\u00eda renovables, inform\u00f3 una empresa especializada en reducci\u00f3n de costes energ\u00e9ticos.<\/p>\n<p>A trav\u00e9s de su Twitter, la firma SEG Ingenier\u00eda especific\u00f3 que, del total de energ\u00eda consumida en esas 24 horas, el 70,53 % se origin\u00f3 en represas hidr\u00e1ulicas, el 21,13 % fue generada de forma e\u00f3lica, el 7,96 % provino de la biomasa y el 0,39 % fue energ\u00eda solar.<br \/>\nEl director de Cambio Clim\u00e1tico del Ministerio de Vivienda y Medio Ambiente de Uruguay, Ram\u00f3n M\u00e9ndez, recientemente reconocido como una de las 50 personas m\u00e1s influyentes del mundo seg\u00fan la revista Forbes, dijo a Efe en marzo que durante dos a\u00f1os se invirtieron m\u00e1s de 2.000 millones de d\u00f3lares en energ\u00edas renovables.<br \/>\nGracias a ello, se consigui\u00f3 que casi la totalidad de la matriz el\u00e9ctrica provenga de una combinaci\u00f3n entre energ\u00eda e\u00f3lica, fotovoltaica y centrales de biomasa, que se han complementado con la tradicional energ\u00eda hidr\u00e1ulica, seg\u00fan M\u00e9ndez.<br \/>\nAsimismo, se\u00f1al\u00f3 que con la introducci\u00f3n de varios tipos de energ\u00edas renovables \u201cse rompi\u00f3 con varios mitos\u201d, que seg\u00fan explic\u00f3 se planteaban desde el inicio de estos proyectos, entre ellos que \u201cno era posible\u201d generar un \u201cfuerte porcentaje\u201d de fuentes renovables m\u00e1s all\u00e1 de la energ\u00eda hidr\u00e1ulica.<br \/>\n\u201cHicimos tramos en los que era posible complementar diferentes tipos de energ\u00edas renovables entre s\u00ed para llegar a un porcentaje muy cercano al 100 %. De hecho, en parte del d\u00eda, el 100 % de la energ\u00eda en Uruguay proviene de esa combinaci\u00f3n entre energ\u00edas renovables\u201d, indic\u00f3.<\/p>\n<p>Fuente: EFEverde<\/p>\n","protected":false},"excerpt":{"rendered":"<p>La energ\u00eda el\u00e9ctrica consumida en Uruguay durante las 24 horas del 9 de mayo pasado, provino en su totalidad de [&hellip;]<\/p>\n","protected":false},"author":2,"featured_media":0,"comment_status":"closed","ping_status":"closed","sticky":false,"template":"","format":"standard","meta":{"site-sidebar-layout":"default","site-content-layout":"","ast-site-content-layout":"default","site-content-style":"default","site-sidebar-style":"default","ast-global-header-display":"","ast-banner-title-visibility":"","ast-main-header-display":"","ast-hfb-above-header-display":"","ast-hfb-below-header-display":"","ast-hfb-mobile-header-display":"","site-post-title":"","ast-breadcrumbs-content":"","ast-featured-img":"","footer-sml-layout":"","ast-disable-related-posts":"","theme-transparent-header-meta":"","adv-header-id-meta":"","stick-header-meta":"","header-above-stick-meta":"","header-main-stick-meta":"","header-below-stick-meta":"","astra-migrate-meta-layouts":"default","ast-page-background-enabled":"default","ast-page-background-meta":{"desktop":{"background-color":"var(--ast-global-color-5)","background-image":"","background-repeat":"repeat","background-position":"center center","background-size":"auto","background-attachment":"scroll","background-type":"","background-media":"","overlay-type":"","overlay-color":"","overlay-opacity":"","overlay-gradient":""},"tablet":{"background-color":"","background-image":"","background-repeat":"repeat","background-position":"center center","background-size":"auto","background-attachment":"scroll","background-type":"","background-media":"","overlay-type":"","overlay-color":"","overlay-opacity":"","overlay-gradient":""},"mobile":{"background-color":"","background-image":"","background-repeat":"repeat","background-position":"center center","background-size":"auto","background-attachment":"scroll","background-type":"","background-media":"","overlay-type":"","overlay-color":"","overlay-opacity":"","overlay-gradient":""}},"ast-content-background-meta":{"desktop":{"background-color":"var(--ast-global-color-4)","background-image":"","background-repeat":"repeat","background-position":"center center","background-size":"auto","background-attachment":"scroll","background-type":"","background-media":"","overlay-type":"","overlay-color":"","overlay-opacity":"","overlay-gradient":""},"tablet":{"background-color":"var(--ast-global-color-4)","background-image":"","background-repeat":"repeat","background-position":"center center","background-size":"auto","background-attachment":"scroll","background-type":"","background-media":"","overlay-type":"","overlay-color":"","overlay-opacity":"","overlay-gradient":""},"mobile":{"background-color":"var(--ast-global-color-4)","background-image":"","background-repeat":"repeat","background-position":"center center","background-size":"auto","background-attachment":"scroll","background-type":"","background-media":"","overlay-type":"","overlay-color":"","overlay-opacity":"","overlay-gradient":""}},"footnotes":""},"categories":[23,1],"tags":[],"class_list":["post-18314","post","type-post","status-publish","format-standard","hentry","category-internacionales","category-noticias"],"yoast_head":"<!-- This site is optimized with the Yoast SEO Premium plugin v23.0 (Yoast SEO v27.5) - https:\/\/yoast.com\/product\/yoast-seo-premium-wordpress\/ -->\n<title>El pasado 9 de mayo, el 100% de la energ\u00eda consumida en Uruguay procedi\u00f3 de renovables<\/title>\n<meta name=\"robots\" content=\"index, follow, max-snippet:-1, max-image-preview:large, max-video-preview:-1\" \/>\n<link rel=\"canonical\" href=\"https:\/\/patagoniambiental.com.ar\/info\/el-pasado-9-de-mayo-el-100-de-la-energia-consumida-en-uruguay-procedio-de-renovables\/\" \/>\n<meta property=\"og:locale\" content=\"es_ES\" \/>\n<meta property=\"og:type\" content=\"article\" \/>\n<meta property=\"og:title\" content=\"El pasado 9 de mayo, el 100% de la energ\u00eda consumida en Uruguay procedi\u00f3 de renovables\" \/>\n<meta property=\"og:description\" content=\"La energ\u00eda el\u00e9ctrica consumida en Uruguay durante las 24 horas del 9 de mayo pasado, provino en su totalidad de [&hellip;]\" \/>\n<meta property=\"og:url\" content=\"https:\/\/patagoniambiental.com.ar\/info\/el-pasado-9-de-mayo-el-100-de-la-energia-consumida-en-uruguay-procedio-de-renovables\/\" \/>\n<meta property=\"og:site_name\" content=\"Patagonia Ambiental\" \/>\n<meta property=\"article:publisher\" content=\"https:\/\/www.facebook.com\/patagonia.ambiental\" \/>\n<meta property=\"article:author\" content=\"https:\/\/www.facebook.com\/share\/1C1V8Gv9BX\/?mibextid=qi2Omg\" \/>\n<meta property=\"article:published_time\" content=\"2016-05-11T12:00:38+00:00\" \/>\n<meta name=\"author\" content=\"Patagonia Ambiental\" \/>\n<meta name=\"twitter:card\" content=\"summary_large_image\" \/>\n<meta name=\"twitter:creator\" content=\"@PatAmb\" \/>\n<meta name=\"twitter:site\" content=\"@PatAmb\" \/>\n<script type=\"application\/ld+json\" class=\"yoast-schema-graph\">{\"@context\":\"https:\\\/\\\/schema.org\",\"@graph\":[{\"@type\":\"Article\",\"@id\":\"https:\\\/\\\/patagoniambiental.com.ar\\\/info\\\/el-pasado-9-de-mayo-el-100-de-la-energia-consumida-en-uruguay-procedio-de-renovables\\\/#article\",\"isPartOf\":{\"@id\":\"https:\\\/\\\/patagoniambiental.com.ar\\\/info\\\/el-pasado-9-de-mayo-el-100-de-la-energia-consumida-en-uruguay-procedio-de-renovables\\\/\"},\"author\":{\"name\":\"Patagonia Ambiental\",\"@id\":\"https:\\\/\\\/patagoniambiental.com.ar\\\/info\\\/#\\\/schema\\\/person\\\/db12bff64bbcbf6a253710bf0ea37b5d\"},\"headline\":\"El pasado 9 de mayo, el 100% de la energ\u00eda consumida en Uruguay procedi\u00f3 de renovables\",\"datePublished\":\"2016-05-11T12:00:38+00:00\",\"mainEntityOfPage\":{\"@id\":\"https:\\\/\\\/patagoniambiental.com.ar\\\/info\\\/el-pasado-9-de-mayo-el-100-de-la-energia-consumida-en-uruguay-procedio-de-renovables\\\/\"},\"wordCount\":305,\"publisher\":{\"@id\":\"https:\\\/\\\/patagoniambiental.com.ar\\\/info\\\/#organization\"},\"articleSection\":[\"Internacionales\",\"Noticias\"],\"inLanguage\":\"es\"},{\"@type\":\"WebPage\",\"@id\":\"https:\\\/\\\/patagoniambiental.com.ar\\\/info\\\/el-pasado-9-de-mayo-el-100-de-la-energia-consumida-en-uruguay-procedio-de-renovables\\\/\",\"url\":\"https:\\\/\\\/patagoniambiental.com.ar\\\/info\\\/el-pasado-9-de-mayo-el-100-de-la-energia-consumida-en-uruguay-procedio-de-renovables\\\/\",\"name\":\"El pasado 9 de mayo, el 100% de la energ\u00eda consumida en Uruguay procedi\u00f3 de renovables\",\"isPartOf\":{\"@id\":\"https:\\\/\\\/patagoniambiental.com.ar\\\/info\\\/#website\"},\"datePublished\":\"2016-05-11T12:00:38+00:00\",\"breadcrumb\":{\"@id\":\"https:\\\/\\\/patagoniambiental.com.ar\\\/info\\\/el-pasado-9-de-mayo-el-100-de-la-energia-consumida-en-uruguay-procedio-de-renovables\\\/#breadcrumb\"},\"inLanguage\":\"es\",\"potentialAction\":[{\"@type\":\"ReadAction\",\"target\":[\"https:\\\/\\\/patagoniambiental.com.ar\\\/info\\\/el-pasado-9-de-mayo-el-100-de-la-energia-consumida-en-uruguay-procedio-de-renovables\\\/\"]}]},{\"@type\":\"BreadcrumbList\",\"@id\":\"https:\\\/\\\/patagoniambiental.com.ar\\\/info\\\/el-pasado-9-de-mayo-el-100-de-la-energia-consumida-en-uruguay-procedio-de-renovables\\\/#breadcrumb\",\"itemListElement\":[{\"@type\":\"ListItem\",\"position\":1,\"name\":\"Inicio\",\"item\":\"https:\\\/\\\/patagoniambiental.com.ar\\\/info\\\/\"},{\"@type\":\"ListItem\",\"position\":2,\"name\":\"El pasado 9 de mayo, el 100% de la energ\u00eda consumida en Uruguay procedi\u00f3 de renovables\"}]},{\"@type\":\"WebSite\",\"@id\":\"https:\\\/\\\/patagoniambiental.com.ar\\\/info\\\/#website\",\"url\":\"https:\\\/\\\/patagoniambiental.com.ar\\\/info\\\/\",\"name\":\"Patagonia Ambiental\",\"description\":\"Monitoreo y an\u00e1lisis de la situaci\u00f3n geopol\u00edtica en el mundo y su implicancia en la Patagonia\",\"publisher\":{\"@id\":\"https:\\\/\\\/patagoniambiental.com.ar\\\/info\\\/#organization\"},\"potentialAction\":[{\"@type\":\"SearchAction\",\"target\":{\"@type\":\"EntryPoint\",\"urlTemplate\":\"https:\\\/\\\/patagoniambiental.com.ar\\\/info\\\/?s={search_term_string}\"},\"query-input\":{\"@type\":\"PropertyValueSpecification\",\"valueRequired\":true,\"valueName\":\"search_term_string\"}}],\"inLanguage\":\"es\"},{\"@type\":\"Organization\",\"@id\":\"https:\\\/\\\/patagoniambiental.com.ar\\\/info\\\/#organization\",\"name\":\"Patagonia Ambiental\",\"url\":\"https:\\\/\\\/patagoniambiental.com.ar\\\/info\\\/\",\"logo\":{\"@type\":\"ImageObject\",\"inLanguage\":\"es\",\"@id\":\"https:\\\/\\\/patagoniambiental.com.ar\\\/info\\\/#\\\/schema\\\/logo\\\/image\\\/\",\"url\":\"https:\\\/\\\/patagoniambiental.com.ar\\\/info\\\/wp-content\\\/uploads\\\/2025\\\/05\\\/LOGO-PATAGONIA-AMBIENTAL.png\",\"contentUrl\":\"https:\\\/\\\/patagoniambiental.com.ar\\\/info\\\/wp-content\\\/uploads\\\/2025\\\/05\\\/LOGO-PATAGONIA-AMBIENTAL.png\",\"width\":433,\"height\":250,\"caption\":\"Patagonia Ambiental\"},\"image\":{\"@id\":\"https:\\\/\\\/patagoniambiental.com.ar\\\/info\\\/#\\\/schema\\\/logo\\\/image\\\/\"},\"sameAs\":[\"https:\\\/\\\/www.facebook.com\\\/patagonia.ambiental\",\"https:\\\/\\\/x.com\\\/PatAmb\"]},{\"@type\":\"Person\",\"@id\":\"https:\\\/\\\/patagoniambiental.com.ar\\\/info\\\/#\\\/schema\\\/person\\\/db12bff64bbcbf6a253710bf0ea37b5d\",\"name\":\"Patagonia Ambiental\",\"description\":\"Andr\u00e9s Nievas T\u00e9cnico en manejo ambiental, consultor Ambiental y escritor para medios locales e internacionales sobre temas de geopolitica y medio ambiente.\",\"sameAs\":[\"http:\\\/\\\/www.patagoniambiental.com.ar\",\"https:\\\/\\\/www.facebook.com\\\/share\\\/1C1V8Gv9BX\\\/?mibextid=qi2Omg\",\"@patagoniambiental\",\"https:\\\/\\\/youtube.com\\\/@patagoniaambiental2023?si=BLt58t0wuXquxlYZ\"]}]}<\/script>\n<!-- \/ Yoast SEO Premium plugin. -->","yoast_head_json":{"title":"El pasado 9 de mayo, el 100% de la energ\u00eda consumida en Uruguay procedi\u00f3 de renovables","robots":{"index":"index","follow":"follow","max-snippet":"max-snippet:-1","max-image-preview":"max-image-preview:large","max-video-preview":"max-video-preview:-1"},"canonical":"https:\/\/patagoniambiental.com.ar\/info\/el-pasado-9-de-mayo-el-100-de-la-energia-consumida-en-uruguay-procedio-de-renovables\/","og_locale":"es_ES","og_type":"article","og_title":"El pasado 9 de mayo, el 100% de la energ\u00eda consumida en Uruguay procedi\u00f3 de renovables","og_description":"La energ\u00eda el\u00e9ctrica consumida en Uruguay durante las 24 horas del 9 de mayo pasado, provino en su totalidad de [&hellip;]","og_url":"https:\/\/patagoniambiental.com.ar\/info\/el-pasado-9-de-mayo-el-100-de-la-energia-consumida-en-uruguay-procedio-de-renovables\/","og_site_name":"Patagonia Ambiental","article_publisher":"https:\/\/www.facebook.com\/patagonia.ambiental","article_author":"https:\/\/www.facebook.com\/share\/1C1V8Gv9BX\/?mibextid=qi2Omg","article_published_time":"2016-05-11T12:00:38+00:00","author":"Patagonia Ambiental","twitter_card":"summary_large_image","twitter_creator":"@PatAmb","twitter_site":"@PatAmb","schema":{"@context":"https:\/\/schema.org","@graph":[{"@type":"Article","@id":"https:\/\/patagoniambiental.com.ar\/info\/el-pasado-9-de-mayo-el-100-de-la-energia-consumida-en-uruguay-procedio-de-renovables\/#article","isPartOf":{"@id":"https:\/\/patagoniambiental.com.ar\/info\/el-pasado-9-de-mayo-el-100-de-la-energia-consumida-en-uruguay-procedio-de-renovables\/"},"author":{"name":"Patagonia Ambiental","@id":"https:\/\/patagoniambiental.com.ar\/info\/#\/schema\/person\/db12bff64bbcbf6a253710bf0ea37b5d"},"headline":"El pasado 9 de mayo, el 100% de la energ\u00eda consumida en Uruguay procedi\u00f3 de renovables","datePublished":"2016-05-11T12:00:38+00:00","mainEntityOfPage":{"@id":"https:\/\/patagoniambiental.com.ar\/info\/el-pasado-9-de-mayo-el-100-de-la-energia-consumida-en-uruguay-procedio-de-renovables\/"},"wordCount":305,"publisher":{"@id":"https:\/\/patagoniambiental.com.ar\/info\/#organization"},"articleSection":["Internacionales","Noticias"],"inLanguage":"es"},{"@type":"WebPage","@id":"https:\/\/patagoniambiental.com.ar\/info\/el-pasado-9-de-mayo-el-100-de-la-energia-consumida-en-uruguay-procedio-de-renovables\/","url":"https:\/\/patagoniambiental.com.ar\/info\/el-pasado-9-de-mayo-el-100-de-la-energia-consumida-en-uruguay-procedio-de-renovables\/","name":"El pasado 9 de mayo, el 100% de la energ\u00eda consumida en Uruguay procedi\u00f3 de renovables","isPartOf":{"@id":"https:\/\/patagoniambiental.com.ar\/info\/#website"},"datePublished":"2016-05-11T12:00:38+00:00","breadcrumb":{"@id":"https:\/\/patagoniambiental.com.ar\/info\/el-pasado-9-de-mayo-el-100-de-la-energia-consumida-en-uruguay-procedio-de-renovables\/#breadcrumb"},"inLanguage":"es","potentialAction":[{"@type":"ReadAction","target":["https:\/\/patagoniambiental.com.ar\/info\/el-pasado-9-de-mayo-el-100-de-la-energia-consumida-en-uruguay-procedio-de-renovables\/"]}]},{"@type":"BreadcrumbList","@id":"https:\/\/patagoniambiental.com.ar\/info\/el-pasado-9-de-mayo-el-100-de-la-energia-consumida-en-uruguay-procedio-de-renovables\/#breadcrumb","itemListElement":[{"@type":"ListItem","position":1,"name":"Inicio","item":"https:\/\/patagoniambiental.com.ar\/info\/"},{"@type":"ListItem","position":2,"name":"El pasado 9 de mayo, el 100% de la energ\u00eda consumida en Uruguay procedi\u00f3 de renovables"}]},{"@type":"WebSite","@id":"https:\/\/patagoniambiental.com.ar\/info\/#website","url":"https:\/\/patagoniambiental.com.ar\/info\/","name":"Patagonia Ambiental","description":"Monitoreo y an\u00e1lisis de la situaci\u00f3n geopol\u00edtica en el mundo y su implicancia en la Patagonia","publisher":{"@id":"https:\/\/patagoniambiental.com.ar\/info\/#organization"},"potentialAction":[{"@type":"SearchAction","target":{"@type":"EntryPoint","urlTemplate":"https:\/\/patagoniambiental.com.ar\/info\/?s={search_term_string}"},"query-input":{"@type":"PropertyValueSpecification","valueRequired":true,"valueName":"search_term_string"}}],"inLanguage":"es"},{"@type":"Organization","@id":"https:\/\/patagoniambiental.com.ar\/info\/#organization","name":"Patagonia Ambiental","url":"https:\/\/patagoniambiental.com.ar\/info\/","logo":{"@type":"ImageObject","inLanguage":"es","@id":"https:\/\/patagoniambiental.com.ar\/info\/#\/schema\/logo\/image\/","url":"https:\/\/patagoniambiental.com.ar\/info\/wp-content\/uploads\/2025\/05\/LOGO-PATAGONIA-AMBIENTAL.png","contentUrl":"https:\/\/patagoniambiental.com.ar\/info\/wp-content\/uploads\/2025\/05\/LOGO-PATAGONIA-AMBIENTAL.png","width":433,"height":250,"caption":"Patagonia Ambiental"},"image":{"@id":"https:\/\/patagoniambiental.com.ar\/info\/#\/schema\/logo\/image\/"},"sameAs":["https:\/\/www.facebook.com\/patagonia.ambiental","https:\/\/x.com\/PatAmb"]},{"@type":"Person","@id":"https:\/\/patagoniambiental.com.ar\/info\/#\/schema\/person\/db12bff64bbcbf6a253710bf0ea37b5d","name":"Patagonia Ambiental","description":"Andr\u00e9s Nievas T\u00e9cnico en manejo ambiental, consultor Ambiental y escritor para medios locales e internacionales sobre temas de geopolitica y medio ambiente.","sameAs":["http:\/\/www.patagoniambiental.com.ar","https:\/\/www.facebook.com\/share\/1C1V8Gv9BX\/?mibextid=qi2Omg","@patagoniambiental","https:\/\/youtube.com\/@patagoniaambiental2023?si=BLt58t0wuXquxlYZ"]}]}},"_links":{"self":[{"href":"https:\/\/patagoniambiental.com.ar\/info\/wp-json\/wp\/v2\/posts\/18314","targetHints":{"allow":["GET"]}}],"collection":[{"href":"https:\/\/patagoniambiental.com.ar\/info\/wp-json\/wp\/v2\/posts"}],"about":[{"href":"https:\/\/patagoniambiental.com.ar\/info\/wp-json\/wp\/v2\/types\/post"}],"author":[{"embeddable":true,"href":"https:\/\/patagoniambiental.com.ar\/info\/wp-json\/wp\/v2\/users\/2"}],"replies":[{"embeddable":true,"href":"https:\/\/patagoniambiental.com.ar\/info\/wp-json\/wp\/v2\/comments?post=18314"}],"version-history":[{"count":0,"href":"https:\/\/patagoniambiental.com.ar\/info\/wp-json\/wp\/v2\/posts\/18314\/revisions"}],"wp:attachment":[{"href":"https:\/\/patagoniambiental.com.ar\/info\/wp-json\/wp\/v2\/media?parent=18314"}],"wp:term":[{"taxonomy":"category","embeddable":true,"href":"https:\/\/patagoniambiental.com.ar\/info\/wp-json\/wp\/v2\/categories?post=18314"},{"taxonomy":"post_tag","embeddable":true,"href":"https:\/\/patagoniambiental.com.ar\/info\/wp-json\/wp\/v2\/tags?post=18314"}],"curies":[{"name":"wp","href":"https:\/\/api.w.org\/{rel}","templated":true}]}}