{"id":18334,"date":"2016-05-12T09:00:24","date_gmt":"2016-05-12T12:00:24","guid":{"rendered":"http:\/\/patagoniambiental.com.ar\/?p=18334"},"modified":"2016-05-12T09:00:24","modified_gmt":"2016-05-12T12:00:24","slug":"la-secretaria-de-energia-prepara-el-lanzamiento-del-programa-rio-negro-renovable","status":"publish","type":"post","link":"https:\/\/patagoniambiental.com.ar\/info\/la-secretaria-de-energia-prepara-el-lanzamiento-del-programa-rio-negro-renovable\/","title":{"rendered":"Preparan lanzamiento del programa R\u00edo Negro Renovable"},"content":{"rendered":"<p class=\"x_ecxMsoNormal\" style=\"text-align: justify;\"><b><\/b>VIEDMA.-\u00a0El Gobierno de R\u00edo Negro, a trav\u00e9s de la Secretar\u00eda de Estado de Energ\u00eda, avanz\u00f3 en la conformaci\u00f3n de un programa integral para aprovechar la potencialidad de la provincia para constituirse en uno de los referentes patag\u00f3nicos en producci\u00f3n de energ\u00edas renovables.<\/p>\n<p class=\"x_ecxMsoNormal\">\u00a0Se trata del programa denominado R\u00edo Negro Renovable, que incluye a otros organismos como el Departamento Provincial de Aguas (DPA) y la empresa estatal INVAP, con cuyos t\u00e9cnicos ayer se realiz\u00f3 un nuevo encuentro de trabajo. Fue en Cipolletti y estuvo encabezado por la secretaria de Energ\u00eda El\u00e9ctrica, Andrea Confini.<\/p>\n<p class=\"x_ecxMsoNormal\">Al respecto, Confini se\u00f1al\u00f3 que \u201cd\u00edas atr\u00e1s tambi\u00e9n estuvimos reunidos con el superintendente General del DPA, Fernando Curetti, porque nuestra intenci\u00f3n es trabajar sobre todo con nuestro recurso hidr\u00e1ulico\u201d.<\/p>\n<p class=\"x_ecxMsoNormal\">La titular de la cartera el\u00e9ctrica indic\u00f3 que \u201cse pueden repotenciar las centrales sobre los canales que opera el DPA, al igual que poner operativas las ubicadas sobre otros cursos de agua, como las de la zona cordillerana\u201d. En estos casos se refiri\u00f3 a la central de Villa Mascardi; La Mosca, emplazada sobre el R\u00edo Villegas; la de Mall\u00edn Ahogado; Loma Atravesada o Cuesta del Ternero, entre otras.<\/p>\n<p class=\"x_ecxMsoNormal\">Uno de las definiciones que surgi\u00f3 del encuentro de ayer por la tarde, seg\u00fan confirm\u00f3 Confini, fue \u201canalizar la posibilidad de replicar la experiencia de la generaci\u00f3n el\u00e9ctrica con usinas h\u00edbridas que aprovechen el recurso e\u00f3lico y el solar en Laguna Blanca y Pilquiniyeu del Limay\u201d. \u201cEn las pr\u00f3ximas semanas se analizar\u00e1 el sistema de generaci\u00f3n aislada de otras comisiones de fomento, como para estudiar d\u00f3nde ser\u00eda apropiado montar un m\u00f3dulo similar con tecnolog\u00eda desarrollada por el INVAP\u201d, explic\u00f3 la funcionaria.<\/p>\n<p class=\"x_ecxMsoNormal\">Confini llam\u00f3 a pensar en \u201cun R\u00edo Negro sustentable en materia energ\u00e9tica, a partir del aprovechamiento de todo su potencial\u201d. \u201cEstamos rodeados de r\u00edos, poseemos vientos aprovechables y ahora, hasta se vislumbra otra posibilidad a partir del tratamiento que podemos darle a los residuos s\u00f3lidos que generan municipios e industrias, lo cual nos habilita a pensar no s\u00f3lo en su disposici\u00f3n final, sino en c\u00f3mo podemos convertirlos en recursos energ\u00e9ticos\u201d.<\/p>\n<p class=\"x_ecxMsoNormal\">\u201cLas condiciones macro que se est\u00e1n dando tras la reglamentaci\u00f3n del r\u00e9gimen nacional de fomento para el uso de fuentes renovables para la producci\u00f3n de energ\u00eda el\u00e9ctrica nos ubica en el momento apropiado. Debemos aprovechar esas condiciones favorables para el desarrollo de proyectos relacionados con las energ\u00edas renovables\u201d, concluy\u00f3 Confini.<\/p>\n<p>Fuente: Gobierno de R\u00edo Negro<\/p>\n","protected":false},"excerpt":{"rendered":"<p>VIEDMA.-\u00a0El Gobierno de R\u00edo Negro, a trav\u00e9s de la Secretar\u00eda de Estado de Energ\u00eda, avanz\u00f3 en la conformaci\u00f3n de un [&hellip;]<\/p>\n","protected":false},"author":2,"featured_media":4681,"comment_status":"closed","ping_status":"closed","sticky":false,"template":"","format":"standard","meta":{"site-sidebar-layout":"default","site-content-layout":"","ast-site-content-layout":"default","site-content-style":"default","site-sidebar-style":"default","ast-global-header-display":"","ast-banner-title-visibility":"","ast-main-header-display":"","ast-hfb-above-header-display":"","ast-hfb-below-header-display":"","ast-hfb-mobile-header-display":"","site-post-title":"","ast-breadcrumbs-content":"","ast-featured-img":"","footer-sml-layout":"","ast-disable-related-posts":"","theme-transparent-header-meta":"","adv-header-id-meta":"","stick-header-meta":"","header-above-stick-meta":"","header-main-stick-meta":"","header-below-stick-meta":"","astra-migrate-meta-layouts":"default","ast-page-background-enabled":"default","ast-page-background-meta":{"desktop":{"background-color":"var(--ast-global-color-5)","background-image":"","background-repeat":"repeat","background-position":"center center","background-size":"auto","background-attachment":"scroll","background-type":"","background-media":"","overlay-type":"","overlay-color":"","overlay-opacity":"","overlay-gradient":""},"tablet":{"background-color":"","background-image":"","background-repeat":"repeat","background-position":"center center","background-size":"auto","background-attachment":"scroll","background-type":"","background-media":"","overlay-type":"","overlay-color":"","overlay-opacity":"","overlay-gradient":""},"mobile":{"background-color":"","background-image":"","background-repeat":"repeat","background-position":"center center","background-size":"auto","background-attachment":"scroll","background-type":"","background-media":"","overlay-type":"","overlay-color":"","overlay-opacity":"","overlay-gradient":""}},"ast-content-background-meta":{"desktop":{"background-color":"var(--ast-global-color-4)","background-image":"","background-repeat":"repeat","background-position":"center center","background-size":"auto","background-attachment":"scroll","background-type":"","background-media":"","overlay-type":"","overlay-color":"","overlay-opacity":"","overlay-gradient":""},"tablet":{"background-color":"var(--ast-global-color-4)","background-image":"","background-repeat":"repeat","background-position":"center center","background-size":"auto","background-attachment":"scroll","background-type":"","background-media":"","overlay-type":"","overlay-color":"","overlay-opacity":"","overlay-gradient":""},"mobile":{"background-color":"var(--ast-global-color-4)","background-image":"","background-repeat":"repeat","background-position":"center center","background-size":"auto","background-attachment":"scroll","background-type":"","background-media":"","overlay-type":"","overlay-color":"","overlay-opacity":"","overlay-gradient":""}},"footnotes":""},"categories":[1,13,14],"tags":[],"class_list":["post-18334","post","type-post","status-publish","format-standard","has-post-thumbnail","hentry","category-noticias","category-provinciales","category-rio-negro"],"yoast_head":"<!-- This site is optimized with the Yoast SEO Premium plugin v23.0 (Yoast SEO v27.5) - https:\/\/yoast.com\/product\/yoast-seo-premium-wordpress\/ -->\n<title>Preparan lanzamiento del programa R\u00edo Negro Renovable<\/title>\n<meta name=\"robots\" content=\"index, follow, max-snippet:-1, max-image-preview:large, max-video-preview:-1\" \/>\n<link rel=\"canonical\" href=\"https:\/\/patagoniambiental.com.ar\/info\/la-secretaria-de-energia-prepara-el-lanzamiento-del-programa-rio-negro-renovable\/\" \/>\n<meta property=\"og:locale\" content=\"es_ES\" \/>\n<meta property=\"og:type\" content=\"article\" \/>\n<meta property=\"og:title\" content=\"Preparan lanzamiento del programa R\u00edo Negro Renovable\" \/>\n<meta property=\"og:description\" content=\"VIEDMA.-\u00a0El Gobierno de R\u00edo Negro, a trav\u00e9s de la Secretar\u00eda de Estado de Energ\u00eda, avanz\u00f3 en la conformaci\u00f3n de un [&hellip;]\" \/>\n<meta property=\"og:url\" content=\"https:\/\/patagoniambiental.com.ar\/info\/la-secretaria-de-energia-prepara-el-lanzamiento-del-programa-rio-negro-renovable\/\" \/>\n<meta property=\"og:site_name\" content=\"Patagonia Ambiental\" \/>\n<meta property=\"article:publisher\" content=\"https:\/\/www.facebook.com\/patagonia.ambiental\" \/>\n<meta property=\"article:author\" content=\"https:\/\/www.facebook.com\/share\/1C1V8Gv9BX\/?mibextid=qi2Omg\" \/>\n<meta property=\"article:published_time\" content=\"2016-05-12T12:00:24+00:00\" \/>\n<meta name=\"author\" content=\"Patagonia Ambiental\" \/>\n<meta name=\"twitter:card\" content=\"summary_large_image\" \/>\n<meta name=\"twitter:creator\" content=\"@PatAmb\" \/>\n<meta name=\"twitter:site\" content=\"@PatAmb\" \/>\n<script type=\"application\/ld+json\" class=\"yoast-schema-graph\">{\"@context\":\"https:\\\/\\\/schema.org\",\"@graph\":[{\"@type\":\"Article\",\"@id\":\"https:\\\/\\\/patagoniambiental.com.ar\\\/info\\\/la-secretaria-de-energia-prepara-el-lanzamiento-del-programa-rio-negro-renovable\\\/#article\",\"isPartOf\":{\"@id\":\"https:\\\/\\\/patagoniambiental.com.ar\\\/info\\\/la-secretaria-de-energia-prepara-el-lanzamiento-del-programa-rio-negro-renovable\\\/\"},\"author\":{\"name\":\"Patagonia Ambiental\",\"@id\":\"https:\\\/\\\/patagoniambiental.com.ar\\\/info\\\/#\\\/schema\\\/person\\\/db12bff64bbcbf6a253710bf0ea37b5d\"},\"headline\":\"Preparan lanzamiento del programa R\u00edo Negro Renovable\",\"datePublished\":\"2016-05-12T12:00:24+00:00\",\"mainEntityOfPage\":{\"@id\":\"https:\\\/\\\/patagoniambiental.com.ar\\\/info\\\/la-secretaria-de-energia-prepara-el-lanzamiento-del-programa-rio-negro-renovable\\\/\"},\"wordCount\":453,\"publisher\":{\"@id\":\"https:\\\/\\\/patagoniambiental.com.ar\\\/info\\\/#organization\"},\"image\":{\"@id\":\"https:\\\/\\\/patagoniambiental.com.ar\\\/info\\\/la-secretaria-de-energia-prepara-el-lanzamiento-del-programa-rio-negro-renovable\\\/#primaryimage\"},\"thumbnailUrl\":\"\",\"articleSection\":[\"Noticias\",\"Provinciales\",\"R\u00edo Negro\"],\"inLanguage\":\"es\"},{\"@type\":\"WebPage\",\"@id\":\"https:\\\/\\\/patagoniambiental.com.ar\\\/info\\\/la-secretaria-de-energia-prepara-el-lanzamiento-del-programa-rio-negro-renovable\\\/\",\"url\":\"https:\\\/\\\/patagoniambiental.com.ar\\\/info\\\/la-secretaria-de-energia-prepara-el-lanzamiento-del-programa-rio-negro-renovable\\\/\",\"name\":\"Preparan lanzamiento del programa R\u00edo Negro Renovable\",\"isPartOf\":{\"@id\":\"https:\\\/\\\/patagoniambiental.com.ar\\\/info\\\/#website\"},\"primaryImageOfPage\":{\"@id\":\"https:\\\/\\\/patagoniambiental.com.ar\\\/info\\\/la-secretaria-de-energia-prepara-el-lanzamiento-del-programa-rio-negro-renovable\\\/#primaryimage\"},\"image\":{\"@id\":\"https:\\\/\\\/patagoniambiental.com.ar\\\/info\\\/la-secretaria-de-energia-prepara-el-lanzamiento-del-programa-rio-negro-renovable\\\/#primaryimage\"},\"thumbnailUrl\":\"\",\"datePublished\":\"2016-05-12T12:00:24+00:00\",\"breadcrumb\":{\"@id\":\"https:\\\/\\\/patagoniambiental.com.ar\\\/info\\\/la-secretaria-de-energia-prepara-el-lanzamiento-del-programa-rio-negro-renovable\\\/#breadcrumb\"},\"inLanguage\":\"es\",\"potentialAction\":[{\"@type\":\"ReadAction\",\"target\":[\"https:\\\/\\\/patagoniambiental.com.ar\\\/info\\\/la-secretaria-de-energia-prepara-el-lanzamiento-del-programa-rio-negro-renovable\\\/\"]}]},{\"@type\":\"ImageObject\",\"inLanguage\":\"es\",\"@id\":\"https:\\\/\\\/patagoniambiental.com.ar\\\/info\\\/la-secretaria-de-energia-prepara-el-lanzamiento-del-programa-rio-negro-renovable\\\/#primaryimage\",\"url\":\"\",\"contentUrl\":\"\"},{\"@type\":\"BreadcrumbList\",\"@id\":\"https:\\\/\\\/patagoniambiental.com.ar\\\/info\\\/la-secretaria-de-energia-prepara-el-lanzamiento-del-programa-rio-negro-renovable\\\/#breadcrumb\",\"itemListElement\":[{\"@type\":\"ListItem\",\"position\":1,\"name\":\"Inicio\",\"item\":\"https:\\\/\\\/patagoniambiental.com.ar\\\/info\\\/\"},{\"@type\":\"ListItem\",\"position\":2,\"name\":\"Preparan lanzamiento del programa R\u00edo Negro Renovable\"}]},{\"@type\":\"WebSite\",\"@id\":\"https:\\\/\\\/patagoniambiental.com.ar\\\/info\\\/#website\",\"url\":\"https:\\\/\\\/patagoniambiental.com.ar\\\/info\\\/\",\"name\":\"Patagonia Ambiental\",\"description\":\"Monitoreo y an\u00e1lisis de la situaci\u00f3n geopol\u00edtica en el mundo y su implicancia en la Patagonia\",\"publisher\":{\"@id\":\"https:\\\/\\\/patagoniambiental.com.ar\\\/info\\\/#organization\"},\"potentialAction\":[{\"@type\":\"SearchAction\",\"target\":{\"@type\":\"EntryPoint\",\"urlTemplate\":\"https:\\\/\\\/patagoniambiental.com.ar\\\/info\\\/?s={search_term_string}\"},\"query-input\":{\"@type\":\"PropertyValueSpecification\",\"valueRequired\":true,\"valueName\":\"search_term_string\"}}],\"inLanguage\":\"es\"},{\"@type\":\"Organization\",\"@id\":\"https:\\\/\\\/patagoniambiental.com.ar\\\/info\\\/#organization\",\"name\":\"Patagonia Ambiental\",\"url\":\"https:\\\/\\\/patagoniambiental.com.ar\\\/info\\\/\",\"logo\":{\"@type\":\"ImageObject\",\"inLanguage\":\"es\",\"@id\":\"https:\\\/\\\/patagoniambiental.com.ar\\\/info\\\/#\\\/schema\\\/logo\\\/image\\\/\",\"url\":\"https:\\\/\\\/patagoniambiental.com.ar\\\/info\\\/wp-content\\\/uploads\\\/2025\\\/05\\\/LOGO-PATAGONIA-AMBIENTAL.png\",\"contentUrl\":\"https:\\\/\\\/patagoniambiental.com.ar\\\/info\\\/wp-content\\\/uploads\\\/2025\\\/05\\\/LOGO-PATAGONIA-AMBIENTAL.png\",\"width\":433,\"height\":250,\"caption\":\"Patagonia Ambiental\"},\"image\":{\"@id\":\"https:\\\/\\\/patagoniambiental.com.ar\\\/info\\\/#\\\/schema\\\/logo\\\/image\\\/\"},\"sameAs\":[\"https:\\\/\\\/www.facebook.com\\\/patagonia.ambiental\",\"https:\\\/\\\/x.com\\\/PatAmb\"]},{\"@type\":\"Person\",\"@id\":\"https:\\\/\\\/patagoniambiental.com.ar\\\/info\\\/#\\\/schema\\\/person\\\/db12bff64bbcbf6a253710bf0ea37b5d\",\"name\":\"Patagonia Ambiental\",\"description\":\"Andr\u00e9s Nievas T\u00e9cnico en manejo ambiental, consultor Ambiental y escritor para medios locales e internacionales sobre temas de geopolitica y medio ambiente.\",\"sameAs\":[\"http:\\\/\\\/www.patagoniambiental.com.ar\",\"https:\\\/\\\/www.facebook.com\\\/share\\\/1C1V8Gv9BX\\\/?mibextid=qi2Omg\",\"@patagoniambiental\",\"https:\\\/\\\/youtube.com\\\/@patagoniaambiental2023?si=BLt58t0wuXquxlYZ\"]}]}<\/script>\n<!-- \/ Yoast SEO Premium plugin. -->","yoast_head_json":{"title":"Preparan lanzamiento del programa R\u00edo Negro Renovable","robots":{"index":"index","follow":"follow","max-snippet":"max-snippet:-1","max-image-preview":"max-image-preview:large","max-video-preview":"max-video-preview:-1"},"canonical":"https:\/\/patagoniambiental.com.ar\/info\/la-secretaria-de-energia-prepara-el-lanzamiento-del-programa-rio-negro-renovable\/","og_locale":"es_ES","og_type":"article","og_title":"Preparan lanzamiento del programa R\u00edo Negro Renovable","og_description":"VIEDMA.-\u00a0El Gobierno de R\u00edo Negro, a trav\u00e9s de la Secretar\u00eda de Estado de Energ\u00eda, avanz\u00f3 en la conformaci\u00f3n de un [&hellip;]","og_url":"https:\/\/patagoniambiental.com.ar\/info\/la-secretaria-de-energia-prepara-el-lanzamiento-del-programa-rio-negro-renovable\/","og_site_name":"Patagonia Ambiental","article_publisher":"https:\/\/www.facebook.com\/patagonia.ambiental","article_author":"https:\/\/www.facebook.com\/share\/1C1V8Gv9BX\/?mibextid=qi2Omg","article_published_time":"2016-05-12T12:00:24+00:00","author":"Patagonia Ambiental","twitter_card":"summary_large_image","twitter_creator":"@PatAmb","twitter_site":"@PatAmb","schema":{"@context":"https:\/\/schema.org","@graph":[{"@type":"Article","@id":"https:\/\/patagoniambiental.com.ar\/info\/la-secretaria-de-energia-prepara-el-lanzamiento-del-programa-rio-negro-renovable\/#article","isPartOf":{"@id":"https:\/\/patagoniambiental.com.ar\/info\/la-secretaria-de-energia-prepara-el-lanzamiento-del-programa-rio-negro-renovable\/"},"author":{"name":"Patagonia Ambiental","@id":"https:\/\/patagoniambiental.com.ar\/info\/#\/schema\/person\/db12bff64bbcbf6a253710bf0ea37b5d"},"headline":"Preparan lanzamiento del programa R\u00edo Negro Renovable","datePublished":"2016-05-12T12:00:24+00:00","mainEntityOfPage":{"@id":"https:\/\/patagoniambiental.com.ar\/info\/la-secretaria-de-energia-prepara-el-lanzamiento-del-programa-rio-negro-renovable\/"},"wordCount":453,"publisher":{"@id":"https:\/\/patagoniambiental.com.ar\/info\/#organization"},"image":{"@id":"https:\/\/patagoniambiental.com.ar\/info\/la-secretaria-de-energia-prepara-el-lanzamiento-del-programa-rio-negro-renovable\/#primaryimage"},"thumbnailUrl":"","articleSection":["Noticias","Provinciales","R\u00edo Negro"],"inLanguage":"es"},{"@type":"WebPage","@id":"https:\/\/patagoniambiental.com.ar\/info\/la-secretaria-de-energia-prepara-el-lanzamiento-del-programa-rio-negro-renovable\/","url":"https:\/\/patagoniambiental.com.ar\/info\/la-secretaria-de-energia-prepara-el-lanzamiento-del-programa-rio-negro-renovable\/","name":"Preparan lanzamiento del programa R\u00edo Negro Renovable","isPartOf":{"@id":"https:\/\/patagoniambiental.com.ar\/info\/#website"},"primaryImageOfPage":{"@id":"https:\/\/patagoniambiental.com.ar\/info\/la-secretaria-de-energia-prepara-el-lanzamiento-del-programa-rio-negro-renovable\/#primaryimage"},"image":{"@id":"https:\/\/patagoniambiental.com.ar\/info\/la-secretaria-de-energia-prepara-el-lanzamiento-del-programa-rio-negro-renovable\/#primaryimage"},"thumbnailUrl":"","datePublished":"2016-05-12T12:00:24+00:00","breadcrumb":{"@id":"https:\/\/patagoniambiental.com.ar\/info\/la-secretaria-de-energia-prepara-el-lanzamiento-del-programa-rio-negro-renovable\/#breadcrumb"},"inLanguage":"es","potentialAction":[{"@type":"ReadAction","target":["https:\/\/patagoniambiental.com.ar\/info\/la-secretaria-de-energia-prepara-el-lanzamiento-del-programa-rio-negro-renovable\/"]}]},{"@type":"ImageObject","inLanguage":"es","@id":"https:\/\/patagoniambiental.com.ar\/info\/la-secretaria-de-energia-prepara-el-lanzamiento-del-programa-rio-negro-renovable\/#primaryimage","url":"","contentUrl":""},{"@type":"BreadcrumbList","@id":"https:\/\/patagoniambiental.com.ar\/info\/la-secretaria-de-energia-prepara-el-lanzamiento-del-programa-rio-negro-renovable\/#breadcrumb","itemListElement":[{"@type":"ListItem","position":1,"name":"Inicio","item":"https:\/\/patagoniambiental.com.ar\/info\/"},{"@type":"ListItem","position":2,"name":"Preparan lanzamiento del programa R\u00edo Negro Renovable"}]},{"@type":"WebSite","@id":"https:\/\/patagoniambiental.com.ar\/info\/#website","url":"https:\/\/patagoniambiental.com.ar\/info\/","name":"Patagonia Ambiental","description":"Monitoreo y an\u00e1lisis de la situaci\u00f3n geopol\u00edtica en el mundo y su implicancia en la Patagonia","publisher":{"@id":"https:\/\/patagoniambiental.com.ar\/info\/#organization"},"potentialAction":[{"@type":"SearchAction","target":{"@type":"EntryPoint","urlTemplate":"https:\/\/patagoniambiental.com.ar\/info\/?s={search_term_string}"},"query-input":{"@type":"PropertyValueSpecification","valueRequired":true,"valueName":"search_term_string"}}],"inLanguage":"es"},{"@type":"Organization","@id":"https:\/\/patagoniambiental.com.ar\/info\/#organization","name":"Patagonia Ambiental","url":"https:\/\/patagoniambiental.com.ar\/info\/","logo":{"@type":"ImageObject","inLanguage":"es","@id":"https:\/\/patagoniambiental.com.ar\/info\/#\/schema\/logo\/image\/","url":"https:\/\/patagoniambiental.com.ar\/info\/wp-content\/uploads\/2025\/05\/LOGO-PATAGONIA-AMBIENTAL.png","contentUrl":"https:\/\/patagoniambiental.com.ar\/info\/wp-content\/uploads\/2025\/05\/LOGO-PATAGONIA-AMBIENTAL.png","width":433,"height":250,"caption":"Patagonia Ambiental"},"image":{"@id":"https:\/\/patagoniambiental.com.ar\/info\/#\/schema\/logo\/image\/"},"sameAs":["https:\/\/www.facebook.com\/patagonia.ambiental","https:\/\/x.com\/PatAmb"]},{"@type":"Person","@id":"https:\/\/patagoniambiental.com.ar\/info\/#\/schema\/person\/db12bff64bbcbf6a253710bf0ea37b5d","name":"Patagonia Ambiental","description":"Andr\u00e9s Nievas T\u00e9cnico en manejo ambiental, consultor Ambiental y escritor para medios locales e internacionales sobre temas de geopolitica y medio ambiente.","sameAs":["http:\/\/www.patagoniambiental.com.ar","https:\/\/www.facebook.com\/share\/1C1V8Gv9BX\/?mibextid=qi2Omg","@patagoniambiental","https:\/\/youtube.com\/@patagoniaambiental2023?si=BLt58t0wuXquxlYZ"]}]}},"_links":{"self":[{"href":"https:\/\/patagoniambiental.com.ar\/info\/wp-json\/wp\/v2\/posts\/18334","targetHints":{"allow":["GET"]}}],"collection":[{"href":"https:\/\/patagoniambiental.com.ar\/info\/wp-json\/wp\/v2\/posts"}],"about":[{"href":"https:\/\/patagoniambiental.com.ar\/info\/wp-json\/wp\/v2\/types\/post"}],"author":[{"embeddable":true,"href":"https:\/\/patagoniambiental.com.ar\/info\/wp-json\/wp\/v2\/users\/2"}],"replies":[{"embeddable":true,"href":"https:\/\/patagoniambiental.com.ar\/info\/wp-json\/wp\/v2\/comments?post=18334"}],"version-history":[{"count":0,"href":"https:\/\/patagoniambiental.com.ar\/info\/wp-json\/wp\/v2\/posts\/18334\/revisions"}],"wp:featuredmedia":[{"embeddable":true,"href":"https:\/\/patagoniambiental.com.ar\/info\/wp-json\/"}],"wp:attachment":[{"href":"https:\/\/patagoniambiental.com.ar\/info\/wp-json\/wp\/v2\/media?parent=18334"}],"wp:term":[{"taxonomy":"category","embeddable":true,"href":"https:\/\/patagoniambiental.com.ar\/info\/wp-json\/wp\/v2\/categories?post=18334"},{"taxonomy":"post_tag","embeddable":true,"href":"https:\/\/patagoniambiental.com.ar\/info\/wp-json\/wp\/v2\/tags?post=18334"}],"curies":[{"name":"wp","href":"https:\/\/api.w.org\/{rel}","templated":true}]}}