{"id":18350,"date":"2016-05-13T09:00:10","date_gmt":"2016-05-13T12:00:10","guid":{"rendered":"http:\/\/patagoniambiental.com.ar\/?p=18350"},"modified":"2016-05-13T09:00:10","modified_gmt":"2016-05-13T12:00:10","slug":"rio-negro-ambiente-lanza-campana-de-recoleccion-de-envases-de-agroquimicos-con-triple-lavado","status":"publish","type":"post","link":"https:\/\/patagoniambiental.com.ar\/info\/rio-negro-ambiente-lanza-campana-de-recoleccion-de-envases-de-agroquimicos-con-triple-lavado\/","title":{"rendered":"R\u00edo Negro: Ambiente lanza campa\u00f1a de recolecci\u00f3n de envases de agroqu\u00edmicos con Triple Lavado"},"content":{"rendered":"<p>&nbsp;<\/p>\n<p>R\u00cdO\u00a0NEGRO.- La secretaria de Ambiente y Desarrollo Sustentable, Dina Migani lanzar\u00e1 el pr\u00f3ximo lunes en Villa Regina la primera campa\u00f1a 2016 de \u201cRecolecci\u00f3n de envases vac\u00edos de productos agroqu\u00edmicos con Triple Lavado\u201d.<\/p>\n<p>Lo har\u00e1 mediante una conferencia de prensa en la Municipalidad de dicha localidad, y estar\u00e1 acompa\u00f1ada por funcionarios de los organismos que colaboran con el desarrollo de esta actividad, que se realiza desde hace 11 a\u00f1os.<\/p>\n<p>La campa\u00f1a dar\u00e1 inici\u00f3 ese mismo d\u00eda y se extender\u00e1 hasta el 27 de mayo, realiz\u00e1ndose\u00a0 en localidades rionegrinas. La actividad se llevar\u00e1 adelante en forma conjunta con los municipios, con la colaboraci\u00f3n de empresas, C\u00e1maras de Productores y CASAFE, quienes estar\u00e1n presentes en la conferencia.<\/p>\n<p>La recolecci\u00f3n est\u00e1 enmarcada en el programa Agroresponsable y Agrolimpio de la Secretar\u00eda de Ambiente y Desarrollo Sustentable, dependiente de la Secretar\u00eda General. Desde la organizaci\u00f3n se trabaja en la designaci\u00f3n de los centros de acopio, como as\u00ed tambi\u00e9n en la distribuci\u00f3n de bolsones y precintos.<\/p>\n<p>Al respecto, la SAyDS recuerda que se deben embolsar los envases tratados, las tapas deben ir por separado y cada bols\u00f3n debe estar identificado con un precinto. No ser\u00e1n recibidos aquellos recipientes de productos de agroqu\u00edmicos que est\u00e9n sueltos y\/o sin Triple Lavado.<\/p>\n<p><strong><em><u>Centros de acopio<\/u><\/em><\/strong><\/p>\n<p>Cinco Saltos: Jorge Zanovello, Ruta 151, tel\u00e9fono 0299- 4982000.<\/p>\n<p>Cipolletti: C\u00e1mara de Productores, calle San Luis, contacto Lidia Fern\u00e1ndez 0299 -154613660.<\/p>\n<p>Allen y Fern\u00e1ndez Oro: Ricardo Natalini, Ruta 22 y acceso Mart\u00edn Fierro, 0298-4450004.<\/p>\n<p>General Roca: Direcci\u00f3n Municipal de Medio Ambiente, Mitre 710, 0298- 4431400.<\/p>\n<p>Cervantes: Natalini Agropecuaria, Ruta 22, 0298- 4493600.<\/p>\n<p>Ingeniero Huergo: C\u00e1mara de Productores, Tacuar\u00ed 669, 0298- 4480061. Direcci\u00f3n de Ambiente de la Municipalidad, Col\u00f3n 107, oficina Cumelen, 0298 \u2013 4464550, int. 132.<\/p>\n<p>R\u00edo Colorado: ex frigor\u00edfico Frucar, Colonia Julia y Echarren, 02931- 15412011.<\/p>\n<p>Luis Beltr\u00e1n: INTA, 0294-156481126.<\/p>\n<p>Chimpay: Municipalidad, 02946-494501.<\/p>\n<p>General Conesa: EN.DE.CON, San Mart\u00edn 447, 1\u00ba piso, 2931- 498050.<\/p>\n<p>Valle Inferior: IDEVI, INTA, Camino 4.<br \/>\nFuente: Gobierno de R\u00edo Negro<\/p>\n","protected":false},"excerpt":{"rendered":"<p>&nbsp; R\u00cdO\u00a0NEGRO.- La secretaria de Ambiente y Desarrollo Sustentable, Dina Migani lanzar\u00e1 el pr\u00f3ximo lunes en Villa Regina la primera [&hellip;]<\/p>\n","protected":false},"author":2,"featured_media":0,"comment_status":"closed","ping_status":"closed","sticky":false,"template":"","format":"standard","meta":{"site-sidebar-layout":"default","site-content-layout":"","ast-site-content-layout":"default","site-content-style":"default","site-sidebar-style":"default","ast-global-header-display":"","ast-banner-title-visibility":"","ast-main-header-display":"","ast-hfb-above-header-display":"","ast-hfb-below-header-display":"","ast-hfb-mobile-header-display":"","site-post-title":"","ast-breadcrumbs-content":"","ast-featured-img":"","footer-sml-layout":"","ast-disable-related-posts":"","theme-transparent-header-meta":"","adv-header-id-meta":"","stick-header-meta":"","header-above-stick-meta":"","header-main-stick-meta":"","header-below-stick-meta":"","astra-migrate-meta-layouts":"default","ast-page-background-enabled":"default","ast-page-background-meta":{"desktop":{"background-color":"var(--ast-global-color-5)","background-image":"","background-repeat":"repeat","background-position":"center center","background-size":"auto","background-attachment":"scroll","background-type":"","background-media":"","overlay-type":"","overlay-color":"","overlay-opacity":"","overlay-gradient":""},"tablet":{"background-color":"","background-image":"","background-repeat":"repeat","background-position":"center center","background-size":"auto","background-attachment":"scroll","background-type":"","background-media":"","overlay-type":"","overlay-color":"","overlay-opacity":"","overlay-gradient":""},"mobile":{"background-color":"","background-image":"","background-repeat":"repeat","background-position":"center center","background-size":"auto","background-attachment":"scroll","background-type":"","background-media":"","overlay-type":"","overlay-color":"","overlay-opacity":"","overlay-gradient":""}},"ast-content-background-meta":{"desktop":{"background-color":"var(--ast-global-color-4)","background-image":"","background-repeat":"repeat","background-position":"center center","background-size":"auto","background-attachment":"scroll","background-type":"","background-media":"","overlay-type":"","overlay-color":"","overlay-opacity":"","overlay-gradient":""},"tablet":{"background-color":"var(--ast-global-color-4)","background-image":"","background-repeat":"repeat","background-position":"center center","background-size":"auto","background-attachment":"scroll","background-type":"","background-media":"","overlay-type":"","overlay-color":"","overlay-opacity":"","overlay-gradient":""},"mobile":{"background-color":"var(--ast-global-color-4)","background-image":"","background-repeat":"repeat","background-position":"center center","background-size":"auto","background-attachment":"scroll","background-type":"","background-media":"","overlay-type":"","overlay-color":"","overlay-opacity":"","overlay-gradient":""}},"footnotes":""},"categories":[1,13,14],"tags":[],"class_list":["post-18350","post","type-post","status-publish","format-standard","hentry","category-noticias","category-provinciales","category-rio-negro"],"yoast_head":"<!-- This site is optimized with the Yoast SEO Premium plugin v23.0 (Yoast SEO v27.5) - https:\/\/yoast.com\/product\/yoast-seo-premium-wordpress\/ -->\n<title>R\u00edo Negro: Ambiente lanza campa\u00f1a de recolecci\u00f3n de envases de agroqu\u00edmicos con Triple Lavado<\/title>\n<meta name=\"robots\" content=\"index, follow, max-snippet:-1, max-image-preview:large, max-video-preview:-1\" \/>\n<link rel=\"canonical\" href=\"https:\/\/patagoniambiental.com.ar\/info\/rio-negro-ambiente-lanza-campana-de-recoleccion-de-envases-de-agroquimicos-con-triple-lavado\/\" \/>\n<meta property=\"og:locale\" content=\"es_ES\" \/>\n<meta property=\"og:type\" content=\"article\" \/>\n<meta property=\"og:title\" content=\"R\u00edo Negro: Ambiente lanza campa\u00f1a de recolecci\u00f3n de envases de agroqu\u00edmicos con Triple Lavado\" \/>\n<meta property=\"og:description\" content=\"&nbsp; R\u00cdO\u00a0NEGRO.- La secretaria de Ambiente y Desarrollo Sustentable, Dina Migani lanzar\u00e1 el pr\u00f3ximo lunes en Villa Regina la primera [&hellip;]\" \/>\n<meta property=\"og:url\" content=\"https:\/\/patagoniambiental.com.ar\/info\/rio-negro-ambiente-lanza-campana-de-recoleccion-de-envases-de-agroquimicos-con-triple-lavado\/\" \/>\n<meta property=\"og:site_name\" content=\"Patagonia Ambiental\" \/>\n<meta property=\"article:publisher\" content=\"https:\/\/www.facebook.com\/patagonia.ambiental\" \/>\n<meta property=\"article:author\" content=\"https:\/\/www.facebook.com\/share\/1C1V8Gv9BX\/?mibextid=qi2Omg\" \/>\n<meta property=\"article:published_time\" content=\"2016-05-13T12:00:10+00:00\" \/>\n<meta name=\"author\" content=\"Patagonia Ambiental\" \/>\n<meta name=\"twitter:card\" content=\"summary_large_image\" \/>\n<meta name=\"twitter:creator\" content=\"@PatAmb\" \/>\n<meta name=\"twitter:site\" content=\"@PatAmb\" \/>\n<script type=\"application\/ld+json\" class=\"yoast-schema-graph\">{\"@context\":\"https:\\\/\\\/schema.org\",\"@graph\":[{\"@type\":\"Article\",\"@id\":\"https:\\\/\\\/patagoniambiental.com.ar\\\/info\\\/rio-negro-ambiente-lanza-campana-de-recoleccion-de-envases-de-agroquimicos-con-triple-lavado\\\/#article\",\"isPartOf\":{\"@id\":\"https:\\\/\\\/patagoniambiental.com.ar\\\/info\\\/rio-negro-ambiente-lanza-campana-de-recoleccion-de-envases-de-agroquimicos-con-triple-lavado\\\/\"},\"author\":{\"name\":\"Patagonia Ambiental\",\"@id\":\"https:\\\/\\\/patagoniambiental.com.ar\\\/info\\\/#\\\/schema\\\/person\\\/db12bff64bbcbf6a253710bf0ea37b5d\"},\"headline\":\"R\u00edo Negro: Ambiente lanza campa\u00f1a de recolecci\u00f3n de envases de agroqu\u00edmicos con Triple Lavado\",\"datePublished\":\"2016-05-13T12:00:10+00:00\",\"mainEntityOfPage\":{\"@id\":\"https:\\\/\\\/patagoniambiental.com.ar\\\/info\\\/rio-negro-ambiente-lanza-campana-de-recoleccion-de-envases-de-agroquimicos-con-triple-lavado\\\/\"},\"wordCount\":361,\"publisher\":{\"@id\":\"https:\\\/\\\/patagoniambiental.com.ar\\\/info\\\/#organization\"},\"articleSection\":[\"Noticias\",\"Provinciales\",\"R\u00edo Negro\"],\"inLanguage\":\"es\"},{\"@type\":\"WebPage\",\"@id\":\"https:\\\/\\\/patagoniambiental.com.ar\\\/info\\\/rio-negro-ambiente-lanza-campana-de-recoleccion-de-envases-de-agroquimicos-con-triple-lavado\\\/\",\"url\":\"https:\\\/\\\/patagoniambiental.com.ar\\\/info\\\/rio-negro-ambiente-lanza-campana-de-recoleccion-de-envases-de-agroquimicos-con-triple-lavado\\\/\",\"name\":\"R\u00edo Negro: Ambiente lanza campa\u00f1a de recolecci\u00f3n de envases de agroqu\u00edmicos con Triple Lavado\",\"isPartOf\":{\"@id\":\"https:\\\/\\\/patagoniambiental.com.ar\\\/info\\\/#website\"},\"datePublished\":\"2016-05-13T12:00:10+00:00\",\"breadcrumb\":{\"@id\":\"https:\\\/\\\/patagoniambiental.com.ar\\\/info\\\/rio-negro-ambiente-lanza-campana-de-recoleccion-de-envases-de-agroquimicos-con-triple-lavado\\\/#breadcrumb\"},\"inLanguage\":\"es\",\"potentialAction\":[{\"@type\":\"ReadAction\",\"target\":[\"https:\\\/\\\/patagoniambiental.com.ar\\\/info\\\/rio-negro-ambiente-lanza-campana-de-recoleccion-de-envases-de-agroquimicos-con-triple-lavado\\\/\"]}]},{\"@type\":\"BreadcrumbList\",\"@id\":\"https:\\\/\\\/patagoniambiental.com.ar\\\/info\\\/rio-negro-ambiente-lanza-campana-de-recoleccion-de-envases-de-agroquimicos-con-triple-lavado\\\/#breadcrumb\",\"itemListElement\":[{\"@type\":\"ListItem\",\"position\":1,\"name\":\"Inicio\",\"item\":\"https:\\\/\\\/patagoniambiental.com.ar\\\/info\\\/\"},{\"@type\":\"ListItem\",\"position\":2,\"name\":\"R\u00edo Negro: Ambiente lanza campa\u00f1a de recolecci\u00f3n de envases de agroqu\u00edmicos con Triple Lavado\"}]},{\"@type\":\"WebSite\",\"@id\":\"https:\\\/\\\/patagoniambiental.com.ar\\\/info\\\/#website\",\"url\":\"https:\\\/\\\/patagoniambiental.com.ar\\\/info\\\/\",\"name\":\"Patagonia Ambiental\",\"description\":\"Monitoreo y an\u00e1lisis de la situaci\u00f3n geopol\u00edtica en el mundo y su implicancia en la Patagonia\",\"publisher\":{\"@id\":\"https:\\\/\\\/patagoniambiental.com.ar\\\/info\\\/#organization\"},\"potentialAction\":[{\"@type\":\"SearchAction\",\"target\":{\"@type\":\"EntryPoint\",\"urlTemplate\":\"https:\\\/\\\/patagoniambiental.com.ar\\\/info\\\/?s={search_term_string}\"},\"query-input\":{\"@type\":\"PropertyValueSpecification\",\"valueRequired\":true,\"valueName\":\"search_term_string\"}}],\"inLanguage\":\"es\"},{\"@type\":\"Organization\",\"@id\":\"https:\\\/\\\/patagoniambiental.com.ar\\\/info\\\/#organization\",\"name\":\"Patagonia Ambiental\",\"url\":\"https:\\\/\\\/patagoniambiental.com.ar\\\/info\\\/\",\"logo\":{\"@type\":\"ImageObject\",\"inLanguage\":\"es\",\"@id\":\"https:\\\/\\\/patagoniambiental.com.ar\\\/info\\\/#\\\/schema\\\/logo\\\/image\\\/\",\"url\":\"https:\\\/\\\/patagoniambiental.com.ar\\\/info\\\/wp-content\\\/uploads\\\/2025\\\/05\\\/LOGO-PATAGONIA-AMBIENTAL.png\",\"contentUrl\":\"https:\\\/\\\/patagoniambiental.com.ar\\\/info\\\/wp-content\\\/uploads\\\/2025\\\/05\\\/LOGO-PATAGONIA-AMBIENTAL.png\",\"width\":433,\"height\":250,\"caption\":\"Patagonia Ambiental\"},\"image\":{\"@id\":\"https:\\\/\\\/patagoniambiental.com.ar\\\/info\\\/#\\\/schema\\\/logo\\\/image\\\/\"},\"sameAs\":[\"https:\\\/\\\/www.facebook.com\\\/patagonia.ambiental\",\"https:\\\/\\\/x.com\\\/PatAmb\"]},{\"@type\":\"Person\",\"@id\":\"https:\\\/\\\/patagoniambiental.com.ar\\\/info\\\/#\\\/schema\\\/person\\\/db12bff64bbcbf6a253710bf0ea37b5d\",\"name\":\"Patagonia Ambiental\",\"description\":\"Andr\u00e9s Nievas T\u00e9cnico en manejo ambiental, consultor Ambiental y escritor para medios locales e internacionales sobre temas de geopolitica y medio ambiente.\",\"sameAs\":[\"http:\\\/\\\/www.patagoniambiental.com.ar\",\"https:\\\/\\\/www.facebook.com\\\/share\\\/1C1V8Gv9BX\\\/?mibextid=qi2Omg\",\"@patagoniambiental\",\"https:\\\/\\\/youtube.com\\\/@patagoniaambiental2023?si=BLt58t0wuXquxlYZ\"]}]}<\/script>\n<!-- \/ Yoast SEO Premium plugin. -->","yoast_head_json":{"title":"R\u00edo Negro: Ambiente lanza campa\u00f1a de recolecci\u00f3n de envases de agroqu\u00edmicos con Triple Lavado","robots":{"index":"index","follow":"follow","max-snippet":"max-snippet:-1","max-image-preview":"max-image-preview:large","max-video-preview":"max-video-preview:-1"},"canonical":"https:\/\/patagoniambiental.com.ar\/info\/rio-negro-ambiente-lanza-campana-de-recoleccion-de-envases-de-agroquimicos-con-triple-lavado\/","og_locale":"es_ES","og_type":"article","og_title":"R\u00edo Negro: Ambiente lanza campa\u00f1a de recolecci\u00f3n de envases de agroqu\u00edmicos con Triple Lavado","og_description":"&nbsp; R\u00cdO\u00a0NEGRO.- La secretaria de Ambiente y Desarrollo Sustentable, Dina Migani lanzar\u00e1 el pr\u00f3ximo lunes en Villa Regina la primera [&hellip;]","og_url":"https:\/\/patagoniambiental.com.ar\/info\/rio-negro-ambiente-lanza-campana-de-recoleccion-de-envases-de-agroquimicos-con-triple-lavado\/","og_site_name":"Patagonia Ambiental","article_publisher":"https:\/\/www.facebook.com\/patagonia.ambiental","article_author":"https:\/\/www.facebook.com\/share\/1C1V8Gv9BX\/?mibextid=qi2Omg","article_published_time":"2016-05-13T12:00:10+00:00","author":"Patagonia Ambiental","twitter_card":"summary_large_image","twitter_creator":"@PatAmb","twitter_site":"@PatAmb","schema":{"@context":"https:\/\/schema.org","@graph":[{"@type":"Article","@id":"https:\/\/patagoniambiental.com.ar\/info\/rio-negro-ambiente-lanza-campana-de-recoleccion-de-envases-de-agroquimicos-con-triple-lavado\/#article","isPartOf":{"@id":"https:\/\/patagoniambiental.com.ar\/info\/rio-negro-ambiente-lanza-campana-de-recoleccion-de-envases-de-agroquimicos-con-triple-lavado\/"},"author":{"name":"Patagonia Ambiental","@id":"https:\/\/patagoniambiental.com.ar\/info\/#\/schema\/person\/db12bff64bbcbf6a253710bf0ea37b5d"},"headline":"R\u00edo Negro: Ambiente lanza campa\u00f1a de recolecci\u00f3n de envases de agroqu\u00edmicos con Triple Lavado","datePublished":"2016-05-13T12:00:10+00:00","mainEntityOfPage":{"@id":"https:\/\/patagoniambiental.com.ar\/info\/rio-negro-ambiente-lanza-campana-de-recoleccion-de-envases-de-agroquimicos-con-triple-lavado\/"},"wordCount":361,"publisher":{"@id":"https:\/\/patagoniambiental.com.ar\/info\/#organization"},"articleSection":["Noticias","Provinciales","R\u00edo Negro"],"inLanguage":"es"},{"@type":"WebPage","@id":"https:\/\/patagoniambiental.com.ar\/info\/rio-negro-ambiente-lanza-campana-de-recoleccion-de-envases-de-agroquimicos-con-triple-lavado\/","url":"https:\/\/patagoniambiental.com.ar\/info\/rio-negro-ambiente-lanza-campana-de-recoleccion-de-envases-de-agroquimicos-con-triple-lavado\/","name":"R\u00edo Negro: Ambiente lanza campa\u00f1a de recolecci\u00f3n de envases de agroqu\u00edmicos con Triple Lavado","isPartOf":{"@id":"https:\/\/patagoniambiental.com.ar\/info\/#website"},"datePublished":"2016-05-13T12:00:10+00:00","breadcrumb":{"@id":"https:\/\/patagoniambiental.com.ar\/info\/rio-negro-ambiente-lanza-campana-de-recoleccion-de-envases-de-agroquimicos-con-triple-lavado\/#breadcrumb"},"inLanguage":"es","potentialAction":[{"@type":"ReadAction","target":["https:\/\/patagoniambiental.com.ar\/info\/rio-negro-ambiente-lanza-campana-de-recoleccion-de-envases-de-agroquimicos-con-triple-lavado\/"]}]},{"@type":"BreadcrumbList","@id":"https:\/\/patagoniambiental.com.ar\/info\/rio-negro-ambiente-lanza-campana-de-recoleccion-de-envases-de-agroquimicos-con-triple-lavado\/#breadcrumb","itemListElement":[{"@type":"ListItem","position":1,"name":"Inicio","item":"https:\/\/patagoniambiental.com.ar\/info\/"},{"@type":"ListItem","position":2,"name":"R\u00edo Negro: Ambiente lanza campa\u00f1a de recolecci\u00f3n de envases de agroqu\u00edmicos con Triple Lavado"}]},{"@type":"WebSite","@id":"https:\/\/patagoniambiental.com.ar\/info\/#website","url":"https:\/\/patagoniambiental.com.ar\/info\/","name":"Patagonia Ambiental","description":"Monitoreo y an\u00e1lisis de la situaci\u00f3n geopol\u00edtica en el mundo y su implicancia en la Patagonia","publisher":{"@id":"https:\/\/patagoniambiental.com.ar\/info\/#organization"},"potentialAction":[{"@type":"SearchAction","target":{"@type":"EntryPoint","urlTemplate":"https:\/\/patagoniambiental.com.ar\/info\/?s={search_term_string}"},"query-input":{"@type":"PropertyValueSpecification","valueRequired":true,"valueName":"search_term_string"}}],"inLanguage":"es"},{"@type":"Organization","@id":"https:\/\/patagoniambiental.com.ar\/info\/#organization","name":"Patagonia Ambiental","url":"https:\/\/patagoniambiental.com.ar\/info\/","logo":{"@type":"ImageObject","inLanguage":"es","@id":"https:\/\/patagoniambiental.com.ar\/info\/#\/schema\/logo\/image\/","url":"https:\/\/patagoniambiental.com.ar\/info\/wp-content\/uploads\/2025\/05\/LOGO-PATAGONIA-AMBIENTAL.png","contentUrl":"https:\/\/patagoniambiental.com.ar\/info\/wp-content\/uploads\/2025\/05\/LOGO-PATAGONIA-AMBIENTAL.png","width":433,"height":250,"caption":"Patagonia Ambiental"},"image":{"@id":"https:\/\/patagoniambiental.com.ar\/info\/#\/schema\/logo\/image\/"},"sameAs":["https:\/\/www.facebook.com\/patagonia.ambiental","https:\/\/x.com\/PatAmb"]},{"@type":"Person","@id":"https:\/\/patagoniambiental.com.ar\/info\/#\/schema\/person\/db12bff64bbcbf6a253710bf0ea37b5d","name":"Patagonia Ambiental","description":"Andr\u00e9s Nievas T\u00e9cnico en manejo ambiental, consultor Ambiental y escritor para medios locales e internacionales sobre temas de geopolitica y medio ambiente.","sameAs":["http:\/\/www.patagoniambiental.com.ar","https:\/\/www.facebook.com\/share\/1C1V8Gv9BX\/?mibextid=qi2Omg","@patagoniambiental","https:\/\/youtube.com\/@patagoniaambiental2023?si=BLt58t0wuXquxlYZ"]}]}},"_links":{"self":[{"href":"https:\/\/patagoniambiental.com.ar\/info\/wp-json\/wp\/v2\/posts\/18350","targetHints":{"allow":["GET"]}}],"collection":[{"href":"https:\/\/patagoniambiental.com.ar\/info\/wp-json\/wp\/v2\/posts"}],"about":[{"href":"https:\/\/patagoniambiental.com.ar\/info\/wp-json\/wp\/v2\/types\/post"}],"author":[{"embeddable":true,"href":"https:\/\/patagoniambiental.com.ar\/info\/wp-json\/wp\/v2\/users\/2"}],"replies":[{"embeddable":true,"href":"https:\/\/patagoniambiental.com.ar\/info\/wp-json\/wp\/v2\/comments?post=18350"}],"version-history":[{"count":0,"href":"https:\/\/patagoniambiental.com.ar\/info\/wp-json\/wp\/v2\/posts\/18350\/revisions"}],"wp:attachment":[{"href":"https:\/\/patagoniambiental.com.ar\/info\/wp-json\/wp\/v2\/media?parent=18350"}],"wp:term":[{"taxonomy":"category","embeddable":true,"href":"https:\/\/patagoniambiental.com.ar\/info\/wp-json\/wp\/v2\/categories?post=18350"},{"taxonomy":"post_tag","embeddable":true,"href":"https:\/\/patagoniambiental.com.ar\/info\/wp-json\/wp\/v2\/tags?post=18350"}],"curies":[{"name":"wp","href":"https:\/\/api.w.org\/{rel}","templated":true}]}}