{"id":18373,"date":"2016-05-15T09:00:38","date_gmt":"2016-05-15T12:00:38","guid":{"rendered":"http:\/\/patagoniambiental.com.ar\/?p=18373"},"modified":"2016-05-15T09:00:38","modified_gmt":"2016-05-15T12:00:38","slug":"chubut-ambiente-y-la-universidad-dictan-el-19-un-curso-de-posgrado-para-la-preservacion-de-la-flora-nativa","status":"publish","type":"post","link":"https:\/\/patagoniambiental.com.ar\/info\/chubut-ambiente-y-la-universidad-dictan-el-19-un-curso-de-posgrado-para-la-preservacion-de-la-flora-nativa\/","title":{"rendered":"Chubut: El 16 Ambiente y la Universidad dictar\u00e1n un curso de posgrado para la preservaci\u00f3n de la flora nativa"},"content":{"rendered":"<p>CHUBUT.- El Ministerio de Ambiente y Control del Desarrollo Sustentable, a trav\u00e9s de la Direcci\u00f3n General de Evaluaci\u00f3n Ambiental inici\u00f3 ayer por la ma\u00f1ana, el Curso de Posgrado \u201cFLORA NATIVA CHUBUTENSE: Fitogeograf\u00eda, M\u00e9todos de Evaluaci\u00f3n de Par\u00e1metros en Ecolog\u00eda Vegetal, Desertificaci\u00f3n e Indicadores Biol\u00f3gicos\u201c, dictado por docentes de la Universidad de la Patagonia (UNPSJB) y destinado a profesionales de diversos organismos municipales y provinciales.<br \/>\nEl acto de apertura, cont\u00f3 con la presencia del titular de la cartera ambiental, Lic. Ignacio Agulleiro y la Secretaria de Extensi\u00f3n de la Facultad de Ciencias Naturales de la Universidad Nacional de la Patagonia San Juan Bosco, Dra. Mar\u00eda Eva G\u00f3ngora, quienes dieron la bienvenida a los casi treinta participantes presentes.<span id=\"more-4270\"><\/span><br \/>\nRespecto de la propuesta acad\u00e9mica, el Director General de Evaluaci\u00f3n Ambiental, Juan Arens explic\u00f3 que \u201cesta instancia de capacitaci\u00f3n tiene como objetivo principal fortalecer a los profesionales del \u00e1rea de Evaluaci\u00f3n de Proyectos del Ministerio de Ambiente y otras \u00e1reas gubernamentales como Vialidad, la Direcci\u00f3n de Flora y fauna y la Secretaria de Ecolog\u00eda de Puerto Madryn, para una correcta evaluaci\u00f3n de Documentos Ambientales.\u201d<br \/>\nArens destac\u00f3 que \u201ces importante conocer los principales m\u00e9todos para evaluar par\u00e1metros ecol\u00f3gicos en la flora, nociones de desertificaci\u00f3n, reconocer indicadores biol\u00f3gicos de la condici\u00f3n de un \u00e1rea ya sea pastizal, estepa, erial o mall\u00edn y adquirir entrenamiento en el uso de claves bot\u00e1nicas como as\u00ed tambi\u00e9n en el manejo de bases de datos\u201d mencionando que \u201cen definitiva, queremos lograr en los participantes el desarrollo de una aptitud de conservaci\u00f3n de la diversidad de la flora nativa\u201d.<br \/>\nEl curso ser\u00e1 dictado por la Dra. Cynthia Cristina Gonz\u00e1lez y Dra. Magdalena Llorens, ambas docentes de la Universidad, y contar\u00e1 con cinco clases te\u00f3rico-pr\u00e1ctico, culminando el pr\u00f3ximo 19 de mayo, en una salida de campo con reconocimiento de la flora nativa m\u00e1s frecuente de las regiones fitogeograf\u00edas de la provincia del Chubut, pudiendo identificar sus problemas ambientales e indicadores biol\u00f3gicos.<\/p>\n","protected":false},"excerpt":{"rendered":"<p>CHUBUT.- El Ministerio de Ambiente y Control del Desarrollo Sustentable, a trav\u00e9s de la Direcci\u00f3n General de Evaluaci\u00f3n Ambiental inici\u00f3 [&hellip;]<\/p>\n","protected":false},"author":2,"featured_media":0,"comment_status":"closed","ping_status":"closed","sticky":false,"template":"","format":"standard","meta":{"site-sidebar-layout":"default","site-content-layout":"","ast-site-content-layout":"default","site-content-style":"default","site-sidebar-style":"default","ast-global-header-display":"","ast-banner-title-visibility":"","ast-main-header-display":"","ast-hfb-above-header-display":"","ast-hfb-below-header-display":"","ast-hfb-mobile-header-display":"","site-post-title":"","ast-breadcrumbs-content":"","ast-featured-img":"","footer-sml-layout":"","ast-disable-related-posts":"","theme-transparent-header-meta":"","adv-header-id-meta":"","stick-header-meta":"","header-above-stick-meta":"","header-main-stick-meta":"","header-below-stick-meta":"","astra-migrate-meta-layouts":"default","ast-page-background-enabled":"default","ast-page-background-meta":{"desktop":{"background-color":"var(--ast-global-color-5)","background-image":"","background-repeat":"repeat","background-position":"center center","background-size":"auto","background-attachment":"scroll","background-type":"","background-media":"","overlay-type":"","overlay-color":"","overlay-opacity":"","overlay-gradient":""},"tablet":{"background-color":"","background-image":"","background-repeat":"repeat","background-position":"center center","background-size":"auto","background-attachment":"scroll","background-type":"","background-media":"","overlay-type":"","overlay-color":"","overlay-opacity":"","overlay-gradient":""},"mobile":{"background-color":"","background-image":"","background-repeat":"repeat","background-position":"center center","background-size":"auto","background-attachment":"scroll","background-type":"","background-media":"","overlay-type":"","overlay-color":"","overlay-opacity":"","overlay-gradient":""}},"ast-content-background-meta":{"desktop":{"background-color":"var(--ast-global-color-4)","background-image":"","background-repeat":"repeat","background-position":"center center","background-size":"auto","background-attachment":"scroll","background-type":"","background-media":"","overlay-type":"","overlay-color":"","overlay-opacity":"","overlay-gradient":""},"tablet":{"background-color":"var(--ast-global-color-4)","background-image":"","background-repeat":"repeat","background-position":"center center","background-size":"auto","background-attachment":"scroll","background-type":"","background-media":"","overlay-type":"","overlay-color":"","overlay-opacity":"","overlay-gradient":""},"mobile":{"background-color":"var(--ast-global-color-4)","background-image":"","background-repeat":"repeat","background-position":"center center","background-size":"auto","background-attachment":"scroll","background-type":"","background-media":"","overlay-type":"","overlay-color":"","overlay-opacity":"","overlay-gradient":""}},"footnotes":""},"categories":[26,1,13],"tags":[],"class_list":["post-18373","post","type-post","status-publish","format-standard","hentry","category-chubut","category-noticias","category-provinciales"],"yoast_head":"<!-- This site is optimized with the Yoast SEO Premium plugin v23.0 (Yoast SEO v27.5) - https:\/\/yoast.com\/product\/yoast-seo-premium-wordpress\/ -->\n<title>Chubut: El 16 Ambiente y la Universidad dictar\u00e1n un curso de posgrado para la preservaci\u00f3n de la flora nativa<\/title>\n<meta name=\"robots\" content=\"index, follow, max-snippet:-1, max-image-preview:large, max-video-preview:-1\" \/>\n<link rel=\"canonical\" href=\"https:\/\/patagoniambiental.com.ar\/info\/chubut-ambiente-y-la-universidad-dictan-el-19-un-curso-de-posgrado-para-la-preservacion-de-la-flora-nativa\/\" \/>\n<meta property=\"og:locale\" content=\"es_ES\" \/>\n<meta property=\"og:type\" content=\"article\" \/>\n<meta property=\"og:title\" content=\"Chubut: El 16 Ambiente y la Universidad dictar\u00e1n un curso de posgrado para la preservaci\u00f3n de la flora nativa\" \/>\n<meta property=\"og:description\" content=\"CHUBUT.- El Ministerio de Ambiente y Control del Desarrollo Sustentable, a trav\u00e9s de la Direcci\u00f3n General de Evaluaci\u00f3n Ambiental inici\u00f3 [&hellip;]\" \/>\n<meta property=\"og:url\" content=\"https:\/\/patagoniambiental.com.ar\/info\/chubut-ambiente-y-la-universidad-dictan-el-19-un-curso-de-posgrado-para-la-preservacion-de-la-flora-nativa\/\" \/>\n<meta property=\"og:site_name\" content=\"Patagonia Ambiental\" \/>\n<meta property=\"article:publisher\" content=\"https:\/\/www.facebook.com\/patagonia.ambiental\" \/>\n<meta property=\"article:author\" content=\"https:\/\/www.facebook.com\/share\/1C1V8Gv9BX\/?mibextid=qi2Omg\" \/>\n<meta property=\"article:published_time\" content=\"2016-05-15T12:00:38+00:00\" \/>\n<meta name=\"author\" content=\"Patagonia Ambiental\" \/>\n<meta name=\"twitter:card\" content=\"summary_large_image\" \/>\n<meta name=\"twitter:creator\" content=\"@PatAmb\" \/>\n<meta name=\"twitter:site\" content=\"@PatAmb\" \/>\n<script type=\"application\/ld+json\" class=\"yoast-schema-graph\">{\"@context\":\"https:\\\/\\\/schema.org\",\"@graph\":[{\"@type\":\"Article\",\"@id\":\"https:\\\/\\\/patagoniambiental.com.ar\\\/info\\\/chubut-ambiente-y-la-universidad-dictan-el-19-un-curso-de-posgrado-para-la-preservacion-de-la-flora-nativa\\\/#article\",\"isPartOf\":{\"@id\":\"https:\\\/\\\/patagoniambiental.com.ar\\\/info\\\/chubut-ambiente-y-la-universidad-dictan-el-19-un-curso-de-posgrado-para-la-preservacion-de-la-flora-nativa\\\/\"},\"author\":{\"name\":\"Patagonia Ambiental\",\"@id\":\"https:\\\/\\\/patagoniambiental.com.ar\\\/info\\\/#\\\/schema\\\/person\\\/db12bff64bbcbf6a253710bf0ea37b5d\"},\"headline\":\"Chubut: El 16 Ambiente y la Universidad dictar\u00e1n un curso de posgrado para la preservaci\u00f3n de la flora nativa\",\"datePublished\":\"2016-05-15T12:00:38+00:00\",\"mainEntityOfPage\":{\"@id\":\"https:\\\/\\\/patagoniambiental.com.ar\\\/info\\\/chubut-ambiente-y-la-universidad-dictan-el-19-un-curso-de-posgrado-para-la-preservacion-de-la-flora-nativa\\\/\"},\"wordCount\":376,\"publisher\":{\"@id\":\"https:\\\/\\\/patagoniambiental.com.ar\\\/info\\\/#organization\"},\"articleSection\":[\"Chubut\",\"Noticias\",\"Provinciales\"],\"inLanguage\":\"es\"},{\"@type\":\"WebPage\",\"@id\":\"https:\\\/\\\/patagoniambiental.com.ar\\\/info\\\/chubut-ambiente-y-la-universidad-dictan-el-19-un-curso-de-posgrado-para-la-preservacion-de-la-flora-nativa\\\/\",\"url\":\"https:\\\/\\\/patagoniambiental.com.ar\\\/info\\\/chubut-ambiente-y-la-universidad-dictan-el-19-un-curso-de-posgrado-para-la-preservacion-de-la-flora-nativa\\\/\",\"name\":\"Chubut: El 16 Ambiente y la Universidad dictar\u00e1n un curso de posgrado para la preservaci\u00f3n de la flora nativa\",\"isPartOf\":{\"@id\":\"https:\\\/\\\/patagoniambiental.com.ar\\\/info\\\/#website\"},\"datePublished\":\"2016-05-15T12:00:38+00:00\",\"breadcrumb\":{\"@id\":\"https:\\\/\\\/patagoniambiental.com.ar\\\/info\\\/chubut-ambiente-y-la-universidad-dictan-el-19-un-curso-de-posgrado-para-la-preservacion-de-la-flora-nativa\\\/#breadcrumb\"},\"inLanguage\":\"es\",\"potentialAction\":[{\"@type\":\"ReadAction\",\"target\":[\"https:\\\/\\\/patagoniambiental.com.ar\\\/info\\\/chubut-ambiente-y-la-universidad-dictan-el-19-un-curso-de-posgrado-para-la-preservacion-de-la-flora-nativa\\\/\"]}]},{\"@type\":\"BreadcrumbList\",\"@id\":\"https:\\\/\\\/patagoniambiental.com.ar\\\/info\\\/chubut-ambiente-y-la-universidad-dictan-el-19-un-curso-de-posgrado-para-la-preservacion-de-la-flora-nativa\\\/#breadcrumb\",\"itemListElement\":[{\"@type\":\"ListItem\",\"position\":1,\"name\":\"Inicio\",\"item\":\"https:\\\/\\\/patagoniambiental.com.ar\\\/info\\\/\"},{\"@type\":\"ListItem\",\"position\":2,\"name\":\"Chubut: El 16 Ambiente y la Universidad dictar\u00e1n un curso de posgrado para la preservaci\u00f3n de la flora nativa\"}]},{\"@type\":\"WebSite\",\"@id\":\"https:\\\/\\\/patagoniambiental.com.ar\\\/info\\\/#website\",\"url\":\"https:\\\/\\\/patagoniambiental.com.ar\\\/info\\\/\",\"name\":\"Patagonia Ambiental\",\"description\":\"Monitoreo y an\u00e1lisis de la situaci\u00f3n geopol\u00edtica en el mundo y su implicancia en la Patagonia\",\"publisher\":{\"@id\":\"https:\\\/\\\/patagoniambiental.com.ar\\\/info\\\/#organization\"},\"potentialAction\":[{\"@type\":\"SearchAction\",\"target\":{\"@type\":\"EntryPoint\",\"urlTemplate\":\"https:\\\/\\\/patagoniambiental.com.ar\\\/info\\\/?s={search_term_string}\"},\"query-input\":{\"@type\":\"PropertyValueSpecification\",\"valueRequired\":true,\"valueName\":\"search_term_string\"}}],\"inLanguage\":\"es\"},{\"@type\":\"Organization\",\"@id\":\"https:\\\/\\\/patagoniambiental.com.ar\\\/info\\\/#organization\",\"name\":\"Patagonia Ambiental\",\"url\":\"https:\\\/\\\/patagoniambiental.com.ar\\\/info\\\/\",\"logo\":{\"@type\":\"ImageObject\",\"inLanguage\":\"es\",\"@id\":\"https:\\\/\\\/patagoniambiental.com.ar\\\/info\\\/#\\\/schema\\\/logo\\\/image\\\/\",\"url\":\"https:\\\/\\\/patagoniambiental.com.ar\\\/info\\\/wp-content\\\/uploads\\\/2025\\\/05\\\/LOGO-PATAGONIA-AMBIENTAL.png\",\"contentUrl\":\"https:\\\/\\\/patagoniambiental.com.ar\\\/info\\\/wp-content\\\/uploads\\\/2025\\\/05\\\/LOGO-PATAGONIA-AMBIENTAL.png\",\"width\":433,\"height\":250,\"caption\":\"Patagonia Ambiental\"},\"image\":{\"@id\":\"https:\\\/\\\/patagoniambiental.com.ar\\\/info\\\/#\\\/schema\\\/logo\\\/image\\\/\"},\"sameAs\":[\"https:\\\/\\\/www.facebook.com\\\/patagonia.ambiental\",\"https:\\\/\\\/x.com\\\/PatAmb\"]},{\"@type\":\"Person\",\"@id\":\"https:\\\/\\\/patagoniambiental.com.ar\\\/info\\\/#\\\/schema\\\/person\\\/db12bff64bbcbf6a253710bf0ea37b5d\",\"name\":\"Patagonia Ambiental\",\"description\":\"Andr\u00e9s Nievas T\u00e9cnico en manejo ambiental, consultor Ambiental y escritor para medios locales e internacionales sobre temas de geopolitica y medio ambiente.\",\"sameAs\":[\"http:\\\/\\\/www.patagoniambiental.com.ar\",\"https:\\\/\\\/www.facebook.com\\\/share\\\/1C1V8Gv9BX\\\/?mibextid=qi2Omg\",\"@patagoniambiental\",\"https:\\\/\\\/youtube.com\\\/@patagoniaambiental2023?si=BLt58t0wuXquxlYZ\"]}]}<\/script>\n<!-- \/ Yoast SEO Premium plugin. -->","yoast_head_json":{"title":"Chubut: El 16 Ambiente y la Universidad dictar\u00e1n un curso de posgrado para la preservaci\u00f3n de la flora nativa","robots":{"index":"index","follow":"follow","max-snippet":"max-snippet:-1","max-image-preview":"max-image-preview:large","max-video-preview":"max-video-preview:-1"},"canonical":"https:\/\/patagoniambiental.com.ar\/info\/chubut-ambiente-y-la-universidad-dictan-el-19-un-curso-de-posgrado-para-la-preservacion-de-la-flora-nativa\/","og_locale":"es_ES","og_type":"article","og_title":"Chubut: El 16 Ambiente y la Universidad dictar\u00e1n un curso de posgrado para la preservaci\u00f3n de la flora nativa","og_description":"CHUBUT.- El Ministerio de Ambiente y Control del Desarrollo Sustentable, a trav\u00e9s de la Direcci\u00f3n General de Evaluaci\u00f3n Ambiental inici\u00f3 [&hellip;]","og_url":"https:\/\/patagoniambiental.com.ar\/info\/chubut-ambiente-y-la-universidad-dictan-el-19-un-curso-de-posgrado-para-la-preservacion-de-la-flora-nativa\/","og_site_name":"Patagonia Ambiental","article_publisher":"https:\/\/www.facebook.com\/patagonia.ambiental","article_author":"https:\/\/www.facebook.com\/share\/1C1V8Gv9BX\/?mibextid=qi2Omg","article_published_time":"2016-05-15T12:00:38+00:00","author":"Patagonia Ambiental","twitter_card":"summary_large_image","twitter_creator":"@PatAmb","twitter_site":"@PatAmb","schema":{"@context":"https:\/\/schema.org","@graph":[{"@type":"Article","@id":"https:\/\/patagoniambiental.com.ar\/info\/chubut-ambiente-y-la-universidad-dictan-el-19-un-curso-de-posgrado-para-la-preservacion-de-la-flora-nativa\/#article","isPartOf":{"@id":"https:\/\/patagoniambiental.com.ar\/info\/chubut-ambiente-y-la-universidad-dictan-el-19-un-curso-de-posgrado-para-la-preservacion-de-la-flora-nativa\/"},"author":{"name":"Patagonia Ambiental","@id":"https:\/\/patagoniambiental.com.ar\/info\/#\/schema\/person\/db12bff64bbcbf6a253710bf0ea37b5d"},"headline":"Chubut: El 16 Ambiente y la Universidad dictar\u00e1n un curso de posgrado para la preservaci\u00f3n de la flora nativa","datePublished":"2016-05-15T12:00:38+00:00","mainEntityOfPage":{"@id":"https:\/\/patagoniambiental.com.ar\/info\/chubut-ambiente-y-la-universidad-dictan-el-19-un-curso-de-posgrado-para-la-preservacion-de-la-flora-nativa\/"},"wordCount":376,"publisher":{"@id":"https:\/\/patagoniambiental.com.ar\/info\/#organization"},"articleSection":["Chubut","Noticias","Provinciales"],"inLanguage":"es"},{"@type":"WebPage","@id":"https:\/\/patagoniambiental.com.ar\/info\/chubut-ambiente-y-la-universidad-dictan-el-19-un-curso-de-posgrado-para-la-preservacion-de-la-flora-nativa\/","url":"https:\/\/patagoniambiental.com.ar\/info\/chubut-ambiente-y-la-universidad-dictan-el-19-un-curso-de-posgrado-para-la-preservacion-de-la-flora-nativa\/","name":"Chubut: El 16 Ambiente y la Universidad dictar\u00e1n un curso de posgrado para la preservaci\u00f3n de la flora nativa","isPartOf":{"@id":"https:\/\/patagoniambiental.com.ar\/info\/#website"},"datePublished":"2016-05-15T12:00:38+00:00","breadcrumb":{"@id":"https:\/\/patagoniambiental.com.ar\/info\/chubut-ambiente-y-la-universidad-dictan-el-19-un-curso-de-posgrado-para-la-preservacion-de-la-flora-nativa\/#breadcrumb"},"inLanguage":"es","potentialAction":[{"@type":"ReadAction","target":["https:\/\/patagoniambiental.com.ar\/info\/chubut-ambiente-y-la-universidad-dictan-el-19-un-curso-de-posgrado-para-la-preservacion-de-la-flora-nativa\/"]}]},{"@type":"BreadcrumbList","@id":"https:\/\/patagoniambiental.com.ar\/info\/chubut-ambiente-y-la-universidad-dictan-el-19-un-curso-de-posgrado-para-la-preservacion-de-la-flora-nativa\/#breadcrumb","itemListElement":[{"@type":"ListItem","position":1,"name":"Inicio","item":"https:\/\/patagoniambiental.com.ar\/info\/"},{"@type":"ListItem","position":2,"name":"Chubut: El 16 Ambiente y la Universidad dictar\u00e1n un curso de posgrado para la preservaci\u00f3n de la flora nativa"}]},{"@type":"WebSite","@id":"https:\/\/patagoniambiental.com.ar\/info\/#website","url":"https:\/\/patagoniambiental.com.ar\/info\/","name":"Patagonia Ambiental","description":"Monitoreo y an\u00e1lisis de la situaci\u00f3n geopol\u00edtica en el mundo y su implicancia en la Patagonia","publisher":{"@id":"https:\/\/patagoniambiental.com.ar\/info\/#organization"},"potentialAction":[{"@type":"SearchAction","target":{"@type":"EntryPoint","urlTemplate":"https:\/\/patagoniambiental.com.ar\/info\/?s={search_term_string}"},"query-input":{"@type":"PropertyValueSpecification","valueRequired":true,"valueName":"search_term_string"}}],"inLanguage":"es"},{"@type":"Organization","@id":"https:\/\/patagoniambiental.com.ar\/info\/#organization","name":"Patagonia Ambiental","url":"https:\/\/patagoniambiental.com.ar\/info\/","logo":{"@type":"ImageObject","inLanguage":"es","@id":"https:\/\/patagoniambiental.com.ar\/info\/#\/schema\/logo\/image\/","url":"https:\/\/patagoniambiental.com.ar\/info\/wp-content\/uploads\/2025\/05\/LOGO-PATAGONIA-AMBIENTAL.png","contentUrl":"https:\/\/patagoniambiental.com.ar\/info\/wp-content\/uploads\/2025\/05\/LOGO-PATAGONIA-AMBIENTAL.png","width":433,"height":250,"caption":"Patagonia Ambiental"},"image":{"@id":"https:\/\/patagoniambiental.com.ar\/info\/#\/schema\/logo\/image\/"},"sameAs":["https:\/\/www.facebook.com\/patagonia.ambiental","https:\/\/x.com\/PatAmb"]},{"@type":"Person","@id":"https:\/\/patagoniambiental.com.ar\/info\/#\/schema\/person\/db12bff64bbcbf6a253710bf0ea37b5d","name":"Patagonia Ambiental","description":"Andr\u00e9s Nievas T\u00e9cnico en manejo ambiental, consultor Ambiental y escritor para medios locales e internacionales sobre temas de geopolitica y medio ambiente.","sameAs":["http:\/\/www.patagoniambiental.com.ar","https:\/\/www.facebook.com\/share\/1C1V8Gv9BX\/?mibextid=qi2Omg","@patagoniambiental","https:\/\/youtube.com\/@patagoniaambiental2023?si=BLt58t0wuXquxlYZ"]}]}},"_links":{"self":[{"href":"https:\/\/patagoniambiental.com.ar\/info\/wp-json\/wp\/v2\/posts\/18373","targetHints":{"allow":["GET"]}}],"collection":[{"href":"https:\/\/patagoniambiental.com.ar\/info\/wp-json\/wp\/v2\/posts"}],"about":[{"href":"https:\/\/patagoniambiental.com.ar\/info\/wp-json\/wp\/v2\/types\/post"}],"author":[{"embeddable":true,"href":"https:\/\/patagoniambiental.com.ar\/info\/wp-json\/wp\/v2\/users\/2"}],"replies":[{"embeddable":true,"href":"https:\/\/patagoniambiental.com.ar\/info\/wp-json\/wp\/v2\/comments?post=18373"}],"version-history":[{"count":0,"href":"https:\/\/patagoniambiental.com.ar\/info\/wp-json\/wp\/v2\/posts\/18373\/revisions"}],"wp:attachment":[{"href":"https:\/\/patagoniambiental.com.ar\/info\/wp-json\/wp\/v2\/media?parent=18373"}],"wp:term":[{"taxonomy":"category","embeddable":true,"href":"https:\/\/patagoniambiental.com.ar\/info\/wp-json\/wp\/v2\/categories?post=18373"},{"taxonomy":"post_tag","embeddable":true,"href":"https:\/\/patagoniambiental.com.ar\/info\/wp-json\/wp\/v2\/tags?post=18373"}],"curies":[{"name":"wp","href":"https:\/\/api.w.org\/{rel}","templated":true}]}}