{"id":18388,"date":"2016-05-16T09:00:55","date_gmt":"2016-05-16T12:00:55","guid":{"rendered":"http:\/\/patagoniambiental.com.ar\/?p=18388"},"modified":"2016-05-16T09:00:55","modified_gmt":"2016-05-16T12:00:55","slug":"alemania-logra-generar-en-un-dia-energia-verde-para-cubrir-casi-el-90-de-la-demanda-total","status":"publish","type":"post","link":"https:\/\/patagoniambiental.com.ar\/info\/alemania-logra-generar-en-un-dia-energia-verde-para-cubrir-casi-el-90-de-la-demanda-total\/","title":{"rendered":"Alemania logra generar en un d\u00eda energ\u00eda verde para cubrir casi el 90% de la demanda total"},"content":{"rendered":"<div id=\"cuerpo\">\n<p>Alemania sigue su transici\u00f3n hacia las energ\u00edas renovables para luchar contra el cambio clim\u00e1tico a base de r\u00e9cords. El pasado domingo 8 de mayo la potencia econ\u00f3mica europea registr\u00f3 una cifra ins\u00f3lita cuando sus plantas alternativas generaron hasta el 87,6% de toda la electricidad que se consumi\u00f3 en el pa\u00eds. El potencial del sol y del viento fue de tal envergadura que, sorpresivamente, el precio de la electricidad cay\u00f3 en picado hasta valores negativos, lo que supone que los consumidores industriales terminaron cobrando por su consumo energ\u00e9tico.<\/p>\n<p>Durante el mediod\u00eda la jornada del domingo las plantas de energ\u00eda solar, e\u00f3lica, hidr\u00e1ulica y de biomasa alcanzaron un hito hist\u00f3rico para el pa\u00eds que demuestra el potencial de las alternativas ecol\u00f3gicas. Seg\u00fan apunt\u00f3 el &#8216;think tank&#8217; sobre pol\u00edtica energ\u00e9tica Agora Energiewende, alrededor de la una del mediod\u00eda estas fuentes generaron 55 gigavatios de los 63 que se consumieron alrededor del territorio.<\/p>\n<p>El a\u00f1o pasado, Alemania asumi\u00f3 su cuota m\u00e1xima de energ\u00edas verdes al producir en un d\u00eda el 83% de la energ\u00eda demandada. En un d\u00eda de sol y viento las plantas alternativas alemanas pueden llegar a generar entre un 60% y un 70% de la energ\u00eda, pero los n\u00fameros alcanzados el pasado s\u00e1bado no se hab\u00edan visto nunca. El r\u00e9cord se registr\u00f3 en un domingo, un d\u00eda en el que el consumo ciudadano de electricidad es menor. A\u00fan as\u00ed, el consumo fue mayor que la media habitual. Eso, seg\u00fan asegur\u00f3 Christoph Podewils, portavoz de Agora, hace creer que en un domingo de registros m\u00e1s bajos se podr\u00eda haber llegado a producir el 100% de la energ\u00eda.<\/p>\n<p>El sistema energ\u00e9tico alem\u00e1n fija el precio final de la factura dependiendo de la producci\u00f3n de energ\u00eda y de la demanda generada por los ciudadanos. Durante los puntos m\u00e1s \u00e1lgidos del pasado domingo la producci\u00f3n de energ\u00edas limpias fue tan abundante que \u201csobr\u00f3\u201d energ\u00eda convencional producida por fuentes contaminantes. La sobreproducci\u00f3n energ\u00e9tica hizo que los precios se hundieron hasta llegar a n\u00fameros rojos.<\/p>\n<p>Pero no todo son buenas noticias. Traducido en los mercados ese r\u00e9cord supone que para vender acciones de esas compa\u00f1\u00edas el\u00e9ctricas en la bolsa los accionistas ten\u00edan que pagar en lugar de obtener un beneficio. Las empresas de gas pudieron cerrar sus plantas, pero no las de carb\u00f3n y nucleares, menos flexibles que sus competidores, que terminaron perdieron dinero mientras que consumidores industriales de estas fuentes se beneficiaron de ello.<\/p>\n<p>El pa\u00eds que dirige la canciller Angela Merkel es el principal referente europeo en la transici\u00f3n hacia las energ\u00edas renovables, con un 33% (un tercio) de su producci\u00f3n que procede ya de estas fuentes no contaminantes. La concienciaci\u00f3n ecologista de esta naci\u00f3n se ejemplifica en unas campa\u00f1as de reciclaje muy asumidas entre la poblaci\u00f3n o iniciativas pioneras como la de Hamburgo, que decidi\u00f3 dejar de comprar productos de pl\u00e1stico con el dinero de los contribuyentes.<\/p>\n<p>Fuente: Energy Press<\/p>\n<\/div>\n","protected":false},"excerpt":{"rendered":"<p>Alemania sigue su transici\u00f3n hacia las energ\u00edas renovables para luchar contra el cambio clim\u00e1tico a base de r\u00e9cords. El pasado [&hellip;]<\/p>\n","protected":false},"author":2,"featured_media":0,"comment_status":"closed","ping_status":"closed","sticky":false,"template":"","format":"standard","meta":{"site-sidebar-layout":"default","site-content-layout":"","ast-site-content-layout":"default","site-content-style":"default","site-sidebar-style":"default","ast-global-header-display":"","ast-banner-title-visibility":"","ast-main-header-display":"","ast-hfb-above-header-display":"","ast-hfb-below-header-display":"","ast-hfb-mobile-header-display":"","site-post-title":"","ast-breadcrumbs-content":"","ast-featured-img":"","footer-sml-layout":"","ast-disable-related-posts":"","theme-transparent-header-meta":"","adv-header-id-meta":"","stick-header-meta":"","header-above-stick-meta":"","header-main-stick-meta":"","header-below-stick-meta":"","astra-migrate-meta-layouts":"default","ast-page-background-enabled":"default","ast-page-background-meta":{"desktop":{"background-color":"var(--ast-global-color-5)","background-image":"","background-repeat":"repeat","background-position":"center center","background-size":"auto","background-attachment":"scroll","background-type":"","background-media":"","overlay-type":"","overlay-color":"","overlay-opacity":"","overlay-gradient":""},"tablet":{"background-color":"","background-image":"","background-repeat":"repeat","background-position":"center center","background-size":"auto","background-attachment":"scroll","background-type":"","background-media":"","overlay-type":"","overlay-color":"","overlay-opacity":"","overlay-gradient":""},"mobile":{"background-color":"","background-image":"","background-repeat":"repeat","background-position":"center center","background-size":"auto","background-attachment":"scroll","background-type":"","background-media":"","overlay-type":"","overlay-color":"","overlay-opacity":"","overlay-gradient":""}},"ast-content-background-meta":{"desktop":{"background-color":"var(--ast-global-color-4)","background-image":"","background-repeat":"repeat","background-position":"center center","background-size":"auto","background-attachment":"scroll","background-type":"","background-media":"","overlay-type":"","overlay-color":"","overlay-opacity":"","overlay-gradient":""},"tablet":{"background-color":"var(--ast-global-color-4)","background-image":"","background-repeat":"repeat","background-position":"center center","background-size":"auto","background-attachment":"scroll","background-type":"","background-media":"","overlay-type":"","overlay-color":"","overlay-opacity":"","overlay-gradient":""},"mobile":{"background-color":"var(--ast-global-color-4)","background-image":"","background-repeat":"repeat","background-position":"center center","background-size":"auto","background-attachment":"scroll","background-type":"","background-media":"","overlay-type":"","overlay-color":"","overlay-opacity":"","overlay-gradient":""}},"footnotes":""},"categories":[23,1],"tags":[],"class_list":["post-18388","post","type-post","status-publish","format-standard","hentry","category-internacionales","category-noticias"],"yoast_head":"<!-- This site is optimized with the Yoast SEO Premium plugin v23.0 (Yoast SEO v27.5) - https:\/\/yoast.com\/product\/yoast-seo-premium-wordpress\/ -->\n<title>Alemania logra generar en un d\u00eda energ\u00eda verde para cubrir casi el 90% de la demanda total<\/title>\n<meta name=\"robots\" content=\"index, follow, max-snippet:-1, max-image-preview:large, max-video-preview:-1\" \/>\n<link rel=\"canonical\" href=\"https:\/\/patagoniambiental.com.ar\/info\/alemania-logra-generar-en-un-dia-energia-verde-para-cubrir-casi-el-90-de-la-demanda-total\/\" \/>\n<meta property=\"og:locale\" content=\"es_ES\" \/>\n<meta property=\"og:type\" content=\"article\" \/>\n<meta property=\"og:title\" content=\"Alemania logra generar en un d\u00eda energ\u00eda verde para cubrir casi el 90% de la demanda total\" \/>\n<meta property=\"og:description\" content=\"Alemania sigue su transici\u00f3n hacia las energ\u00edas renovables para luchar contra el cambio clim\u00e1tico a base de r\u00e9cords. El pasado [&hellip;]\" \/>\n<meta property=\"og:url\" content=\"https:\/\/patagoniambiental.com.ar\/info\/alemania-logra-generar-en-un-dia-energia-verde-para-cubrir-casi-el-90-de-la-demanda-total\/\" \/>\n<meta property=\"og:site_name\" content=\"Patagonia Ambiental\" \/>\n<meta property=\"article:publisher\" content=\"https:\/\/www.facebook.com\/patagonia.ambiental\" \/>\n<meta property=\"article:author\" content=\"https:\/\/www.facebook.com\/share\/1C1V8Gv9BX\/?mibextid=qi2Omg\" \/>\n<meta property=\"article:published_time\" content=\"2016-05-16T12:00:55+00:00\" \/>\n<meta name=\"author\" content=\"Patagonia Ambiental\" \/>\n<meta name=\"twitter:card\" content=\"summary_large_image\" \/>\n<meta name=\"twitter:creator\" content=\"@PatAmb\" \/>\n<meta name=\"twitter:site\" content=\"@PatAmb\" \/>\n<script type=\"application\/ld+json\" class=\"yoast-schema-graph\">{\"@context\":\"https:\\\/\\\/schema.org\",\"@graph\":[{\"@type\":\"Article\",\"@id\":\"https:\\\/\\\/patagoniambiental.com.ar\\\/info\\\/alemania-logra-generar-en-un-dia-energia-verde-para-cubrir-casi-el-90-de-la-demanda-total\\\/#article\",\"isPartOf\":{\"@id\":\"https:\\\/\\\/patagoniambiental.com.ar\\\/info\\\/alemania-logra-generar-en-un-dia-energia-verde-para-cubrir-casi-el-90-de-la-demanda-total\\\/\"},\"author\":{\"name\":\"Patagonia Ambiental\",\"@id\":\"https:\\\/\\\/patagoniambiental.com.ar\\\/info\\\/#\\\/schema\\\/person\\\/db12bff64bbcbf6a253710bf0ea37b5d\"},\"headline\":\"Alemania logra generar en un d\u00eda energ\u00eda verde para cubrir casi el 90% de la demanda total\",\"datePublished\":\"2016-05-16T12:00:55+00:00\",\"mainEntityOfPage\":{\"@id\":\"https:\\\/\\\/patagoniambiental.com.ar\\\/info\\\/alemania-logra-generar-en-un-dia-energia-verde-para-cubrir-casi-el-90-de-la-demanda-total\\\/\"},\"wordCount\":546,\"publisher\":{\"@id\":\"https:\\\/\\\/patagoniambiental.com.ar\\\/info\\\/#organization\"},\"articleSection\":[\"Internacionales\",\"Noticias\"],\"inLanguage\":\"es\"},{\"@type\":\"WebPage\",\"@id\":\"https:\\\/\\\/patagoniambiental.com.ar\\\/info\\\/alemania-logra-generar-en-un-dia-energia-verde-para-cubrir-casi-el-90-de-la-demanda-total\\\/\",\"url\":\"https:\\\/\\\/patagoniambiental.com.ar\\\/info\\\/alemania-logra-generar-en-un-dia-energia-verde-para-cubrir-casi-el-90-de-la-demanda-total\\\/\",\"name\":\"Alemania logra generar en un d\u00eda energ\u00eda verde para cubrir casi el 90% de la demanda total\",\"isPartOf\":{\"@id\":\"https:\\\/\\\/patagoniambiental.com.ar\\\/info\\\/#website\"},\"datePublished\":\"2016-05-16T12:00:55+00:00\",\"breadcrumb\":{\"@id\":\"https:\\\/\\\/patagoniambiental.com.ar\\\/info\\\/alemania-logra-generar-en-un-dia-energia-verde-para-cubrir-casi-el-90-de-la-demanda-total\\\/#breadcrumb\"},\"inLanguage\":\"es\",\"potentialAction\":[{\"@type\":\"ReadAction\",\"target\":[\"https:\\\/\\\/patagoniambiental.com.ar\\\/info\\\/alemania-logra-generar-en-un-dia-energia-verde-para-cubrir-casi-el-90-de-la-demanda-total\\\/\"]}]},{\"@type\":\"BreadcrumbList\",\"@id\":\"https:\\\/\\\/patagoniambiental.com.ar\\\/info\\\/alemania-logra-generar-en-un-dia-energia-verde-para-cubrir-casi-el-90-de-la-demanda-total\\\/#breadcrumb\",\"itemListElement\":[{\"@type\":\"ListItem\",\"position\":1,\"name\":\"Inicio\",\"item\":\"https:\\\/\\\/patagoniambiental.com.ar\\\/info\\\/\"},{\"@type\":\"ListItem\",\"position\":2,\"name\":\"Alemania logra generar en un d\u00eda energ\u00eda verde para cubrir casi el 90% de la demanda total\"}]},{\"@type\":\"WebSite\",\"@id\":\"https:\\\/\\\/patagoniambiental.com.ar\\\/info\\\/#website\",\"url\":\"https:\\\/\\\/patagoniambiental.com.ar\\\/info\\\/\",\"name\":\"Patagonia Ambiental\",\"description\":\"Monitoreo y an\u00e1lisis de la situaci\u00f3n geopol\u00edtica en el mundo y su implicancia en la Patagonia\",\"publisher\":{\"@id\":\"https:\\\/\\\/patagoniambiental.com.ar\\\/info\\\/#organization\"},\"potentialAction\":[{\"@type\":\"SearchAction\",\"target\":{\"@type\":\"EntryPoint\",\"urlTemplate\":\"https:\\\/\\\/patagoniambiental.com.ar\\\/info\\\/?s={search_term_string}\"},\"query-input\":{\"@type\":\"PropertyValueSpecification\",\"valueRequired\":true,\"valueName\":\"search_term_string\"}}],\"inLanguage\":\"es\"},{\"@type\":\"Organization\",\"@id\":\"https:\\\/\\\/patagoniambiental.com.ar\\\/info\\\/#organization\",\"name\":\"Patagonia Ambiental\",\"url\":\"https:\\\/\\\/patagoniambiental.com.ar\\\/info\\\/\",\"logo\":{\"@type\":\"ImageObject\",\"inLanguage\":\"es\",\"@id\":\"https:\\\/\\\/patagoniambiental.com.ar\\\/info\\\/#\\\/schema\\\/logo\\\/image\\\/\",\"url\":\"https:\\\/\\\/patagoniambiental.com.ar\\\/info\\\/wp-content\\\/uploads\\\/2025\\\/05\\\/LOGO-PATAGONIA-AMBIENTAL.png\",\"contentUrl\":\"https:\\\/\\\/patagoniambiental.com.ar\\\/info\\\/wp-content\\\/uploads\\\/2025\\\/05\\\/LOGO-PATAGONIA-AMBIENTAL.png\",\"width\":433,\"height\":250,\"caption\":\"Patagonia Ambiental\"},\"image\":{\"@id\":\"https:\\\/\\\/patagoniambiental.com.ar\\\/info\\\/#\\\/schema\\\/logo\\\/image\\\/\"},\"sameAs\":[\"https:\\\/\\\/www.facebook.com\\\/patagonia.ambiental\",\"https:\\\/\\\/x.com\\\/PatAmb\"]},{\"@type\":\"Person\",\"@id\":\"https:\\\/\\\/patagoniambiental.com.ar\\\/info\\\/#\\\/schema\\\/person\\\/db12bff64bbcbf6a253710bf0ea37b5d\",\"name\":\"Patagonia Ambiental\",\"description\":\"Andr\u00e9s Nievas T\u00e9cnico en manejo ambiental, consultor Ambiental y escritor para medios locales e internacionales sobre temas de geopolitica y medio ambiente.\",\"sameAs\":[\"http:\\\/\\\/www.patagoniambiental.com.ar\",\"https:\\\/\\\/www.facebook.com\\\/share\\\/1C1V8Gv9BX\\\/?mibextid=qi2Omg\",\"@patagoniambiental\",\"https:\\\/\\\/youtube.com\\\/@patagoniaambiental2023?si=BLt58t0wuXquxlYZ\"]}]}<\/script>\n<!-- \/ Yoast SEO Premium plugin. -->","yoast_head_json":{"title":"Alemania logra generar en un d\u00eda energ\u00eda verde para cubrir casi el 90% de la demanda total","robots":{"index":"index","follow":"follow","max-snippet":"max-snippet:-1","max-image-preview":"max-image-preview:large","max-video-preview":"max-video-preview:-1"},"canonical":"https:\/\/patagoniambiental.com.ar\/info\/alemania-logra-generar-en-un-dia-energia-verde-para-cubrir-casi-el-90-de-la-demanda-total\/","og_locale":"es_ES","og_type":"article","og_title":"Alemania logra generar en un d\u00eda energ\u00eda verde para cubrir casi el 90% de la demanda total","og_description":"Alemania sigue su transici\u00f3n hacia las energ\u00edas renovables para luchar contra el cambio clim\u00e1tico a base de r\u00e9cords. El pasado [&hellip;]","og_url":"https:\/\/patagoniambiental.com.ar\/info\/alemania-logra-generar-en-un-dia-energia-verde-para-cubrir-casi-el-90-de-la-demanda-total\/","og_site_name":"Patagonia Ambiental","article_publisher":"https:\/\/www.facebook.com\/patagonia.ambiental","article_author":"https:\/\/www.facebook.com\/share\/1C1V8Gv9BX\/?mibextid=qi2Omg","article_published_time":"2016-05-16T12:00:55+00:00","author":"Patagonia Ambiental","twitter_card":"summary_large_image","twitter_creator":"@PatAmb","twitter_site":"@PatAmb","schema":{"@context":"https:\/\/schema.org","@graph":[{"@type":"Article","@id":"https:\/\/patagoniambiental.com.ar\/info\/alemania-logra-generar-en-un-dia-energia-verde-para-cubrir-casi-el-90-de-la-demanda-total\/#article","isPartOf":{"@id":"https:\/\/patagoniambiental.com.ar\/info\/alemania-logra-generar-en-un-dia-energia-verde-para-cubrir-casi-el-90-de-la-demanda-total\/"},"author":{"name":"Patagonia Ambiental","@id":"https:\/\/patagoniambiental.com.ar\/info\/#\/schema\/person\/db12bff64bbcbf6a253710bf0ea37b5d"},"headline":"Alemania logra generar en un d\u00eda energ\u00eda verde para cubrir casi el 90% de la demanda total","datePublished":"2016-05-16T12:00:55+00:00","mainEntityOfPage":{"@id":"https:\/\/patagoniambiental.com.ar\/info\/alemania-logra-generar-en-un-dia-energia-verde-para-cubrir-casi-el-90-de-la-demanda-total\/"},"wordCount":546,"publisher":{"@id":"https:\/\/patagoniambiental.com.ar\/info\/#organization"},"articleSection":["Internacionales","Noticias"],"inLanguage":"es"},{"@type":"WebPage","@id":"https:\/\/patagoniambiental.com.ar\/info\/alemania-logra-generar-en-un-dia-energia-verde-para-cubrir-casi-el-90-de-la-demanda-total\/","url":"https:\/\/patagoniambiental.com.ar\/info\/alemania-logra-generar-en-un-dia-energia-verde-para-cubrir-casi-el-90-de-la-demanda-total\/","name":"Alemania logra generar en un d\u00eda energ\u00eda verde para cubrir casi el 90% de la demanda total","isPartOf":{"@id":"https:\/\/patagoniambiental.com.ar\/info\/#website"},"datePublished":"2016-05-16T12:00:55+00:00","breadcrumb":{"@id":"https:\/\/patagoniambiental.com.ar\/info\/alemania-logra-generar-en-un-dia-energia-verde-para-cubrir-casi-el-90-de-la-demanda-total\/#breadcrumb"},"inLanguage":"es","potentialAction":[{"@type":"ReadAction","target":["https:\/\/patagoniambiental.com.ar\/info\/alemania-logra-generar-en-un-dia-energia-verde-para-cubrir-casi-el-90-de-la-demanda-total\/"]}]},{"@type":"BreadcrumbList","@id":"https:\/\/patagoniambiental.com.ar\/info\/alemania-logra-generar-en-un-dia-energia-verde-para-cubrir-casi-el-90-de-la-demanda-total\/#breadcrumb","itemListElement":[{"@type":"ListItem","position":1,"name":"Inicio","item":"https:\/\/patagoniambiental.com.ar\/info\/"},{"@type":"ListItem","position":2,"name":"Alemania logra generar en un d\u00eda energ\u00eda verde para cubrir casi el 90% de la demanda total"}]},{"@type":"WebSite","@id":"https:\/\/patagoniambiental.com.ar\/info\/#website","url":"https:\/\/patagoniambiental.com.ar\/info\/","name":"Patagonia Ambiental","description":"Monitoreo y an\u00e1lisis de la situaci\u00f3n geopol\u00edtica en el mundo y su implicancia en la Patagonia","publisher":{"@id":"https:\/\/patagoniambiental.com.ar\/info\/#organization"},"potentialAction":[{"@type":"SearchAction","target":{"@type":"EntryPoint","urlTemplate":"https:\/\/patagoniambiental.com.ar\/info\/?s={search_term_string}"},"query-input":{"@type":"PropertyValueSpecification","valueRequired":true,"valueName":"search_term_string"}}],"inLanguage":"es"},{"@type":"Organization","@id":"https:\/\/patagoniambiental.com.ar\/info\/#organization","name":"Patagonia Ambiental","url":"https:\/\/patagoniambiental.com.ar\/info\/","logo":{"@type":"ImageObject","inLanguage":"es","@id":"https:\/\/patagoniambiental.com.ar\/info\/#\/schema\/logo\/image\/","url":"https:\/\/patagoniambiental.com.ar\/info\/wp-content\/uploads\/2025\/05\/LOGO-PATAGONIA-AMBIENTAL.png","contentUrl":"https:\/\/patagoniambiental.com.ar\/info\/wp-content\/uploads\/2025\/05\/LOGO-PATAGONIA-AMBIENTAL.png","width":433,"height":250,"caption":"Patagonia Ambiental"},"image":{"@id":"https:\/\/patagoniambiental.com.ar\/info\/#\/schema\/logo\/image\/"},"sameAs":["https:\/\/www.facebook.com\/patagonia.ambiental","https:\/\/x.com\/PatAmb"]},{"@type":"Person","@id":"https:\/\/patagoniambiental.com.ar\/info\/#\/schema\/person\/db12bff64bbcbf6a253710bf0ea37b5d","name":"Patagonia Ambiental","description":"Andr\u00e9s Nievas T\u00e9cnico en manejo ambiental, consultor Ambiental y escritor para medios locales e internacionales sobre temas de geopolitica y medio ambiente.","sameAs":["http:\/\/www.patagoniambiental.com.ar","https:\/\/www.facebook.com\/share\/1C1V8Gv9BX\/?mibextid=qi2Omg","@patagoniambiental","https:\/\/youtube.com\/@patagoniaambiental2023?si=BLt58t0wuXquxlYZ"]}]}},"_links":{"self":[{"href":"https:\/\/patagoniambiental.com.ar\/info\/wp-json\/wp\/v2\/posts\/18388","targetHints":{"allow":["GET"]}}],"collection":[{"href":"https:\/\/patagoniambiental.com.ar\/info\/wp-json\/wp\/v2\/posts"}],"about":[{"href":"https:\/\/patagoniambiental.com.ar\/info\/wp-json\/wp\/v2\/types\/post"}],"author":[{"embeddable":true,"href":"https:\/\/patagoniambiental.com.ar\/info\/wp-json\/wp\/v2\/users\/2"}],"replies":[{"embeddable":true,"href":"https:\/\/patagoniambiental.com.ar\/info\/wp-json\/wp\/v2\/comments?post=18388"}],"version-history":[{"count":0,"href":"https:\/\/patagoniambiental.com.ar\/info\/wp-json\/wp\/v2\/posts\/18388\/revisions"}],"wp:attachment":[{"href":"https:\/\/patagoniambiental.com.ar\/info\/wp-json\/wp\/v2\/media?parent=18388"}],"wp:term":[{"taxonomy":"category","embeddable":true,"href":"https:\/\/patagoniambiental.com.ar\/info\/wp-json\/wp\/v2\/categories?post=18388"},{"taxonomy":"post_tag","embeddable":true,"href":"https:\/\/patagoniambiental.com.ar\/info\/wp-json\/wp\/v2\/tags?post=18388"}],"curies":[{"name":"wp","href":"https:\/\/api.w.org\/{rel}","templated":true}]}}