{"id":18391,"date":"2016-05-16T09:00:21","date_gmt":"2016-05-16T12:00:21","guid":{"rendered":"http:\/\/patagoniambiental.com.ar\/?p=18391"},"modified":"2016-05-16T09:00:21","modified_gmt":"2016-05-16T12:00:21","slug":"santa-cruz-hay-que-concientizar-a-la-gente-de-que-la-basura-se-puede-reciclar","status":"publish","type":"post","link":"https:\/\/patagoniambiental.com.ar\/info\/santa-cruz-hay-que-concientizar-a-la-gente-de-que-la-basura-se-puede-reciclar\/","title":{"rendered":"Santa Cruz: \u201cHay que concientizar a la gente de que la basura se puede reciclar\u201d"},"content":{"rendered":"<div class=\"XXtextoNota clearfix\">\n<div align=\"justify\">\n<p>R\u00cdO GALLEGOS.- \u201cEstoy pintando uno de los lugares en los que se van realizar las actividades\u201d, dijo Milton Dosantos, en di\u00e1logo con <strong>TiempoSur<\/strong>. El martes 17 de mayo comenzar\u00e1 una serie de actividades sobre reciclado que culminar\u00e1 el d\u00eda 21, en la escuela N\u00b01.<\/p>\n<p>Se realizar\u00e1n cursos en un local de recicladores de R\u00edo gallegos, cuya ubicaci\u00f3n es Gervasio Posadas 952, los d\u00edas martes, mi\u00e9rcoles y jueves de la semana que viene.<\/p>\n<p>Dosantos agreg\u00f3 que \u201cviene un ingeniero de Misiones, quien va a dar cursos de pintura ecol\u00f3gica, hilos con botellas de pl\u00e1stico, redes deportivas y escobillones y escobas que se van a ense\u00f1ar a realizar\u201d.<\/p>\n<p>Van a haber dos horarios por d\u00eda y en el inter\u00edn de 15:00 a 17:00 de la tarde se realizar\u00e1 un paseo guiado en el lugar de \u201ceste pionero, ya que tiene un predio en el que hicimos un sendero para que la gente conozca sobre lo que trabaja este reciclador\u201d.<\/p>\n<p>Los cursos tienen un valor de 300 pesos, para estudiantes de 150 pesos y puede haber algunos estudiante becados.<\/p>\n<p>Sumado a ello, el viernes en el Complejo Cultural se va a desarrollar Cine Ambiental con la exhibici\u00f3n de tres pel\u00edculas que comenzar\u00e1n a las 03:00 de la tarde y terminar\u00e1n a las 08:00.<\/p>\n<p>La escuela N\u00b01 va a hacer el cierre de todas estas actividades, en la que va a haber stands que expondr\u00e1n los trabajos de los recicladores de R\u00edo Gallegos.<\/p>\n<p>El cierre empezar\u00e1 a las 14:00 y culminar\u00e1 a las 21:00 con m\u00fasica. En cada stand va a haber charlas de salud y medio ambiente y de juegos todos reciclados.<\/p>\n<p>\u201cHacemos esto para comentarle a la gente lo que se puede hacer con la basura. Esto comenz\u00f3 el a\u00f1o pasado con la problem\u00e1tica de la basura que no se levantaba\u201d, dijo el reciclador Dosantos.<\/p>\n<p>El a\u00f1o pasado tambi\u00e9n realizaron esta tarea para esta fecha, para conmemorar el D\u00eda del Reciclado, pero s\u00f3lo fue un d\u00eda\u201d. Este a\u00f1o van a ser m\u00e1s d\u00edas para concientizar a la gente de que no es s\u00f3lo basura lo que genera en su hogar, sino que \u00e9sta se puede reciclar y adem\u00e1s ganar plata con ello.<\/p>\n<p>\u201cAlgunos recicladores vienen trabajando de generaciones anteriores en cuanto a este tema. Vamos a presentar videos para decir de qu\u00e9 se trata el reciclado y adem\u00e1s el tema de la botellas de pl\u00e1stico que nadie sabe qu\u00e9 hacer\u201d, dijo Dosantos.<\/p>\n<p>El curso apunta a ofrecer mayores variedades de reciclado y una idea de qu\u00e9 se puede hacer con el pl\u00e1stico y dem\u00e1s elementos.<\/p>\n<p>\u201cVamos a investigar de qu\u00e9 se trata el reciclaje y armar un debate. Hay bastantes cosas para analizar. Somos un grupo de amigos independientes recicladores que con nuestro esfuerzo trajimos a un gran profesional en el reciclado\u201d.<\/p>\n<p>Est\u00e1 abierto al p\u00fablico en general, el s\u00e1bado va a estar abierto para todos y \u201cva a haber un rinc\u00f3n de m\u00fasica con instrumentos reciclados, un mont\u00f3n de juegos y despu\u00e9s recicladores de Gallegos\u201d.<\/p>\n<p>Dosantos agreg\u00f3 que la convocatoria est\u00e1 en el Facebook y los que se acercaron son los que van a participar.<\/p>\n<p>En el evento va a haber reciclado de\u00a0 muebles, ropa, libros, etc. y una feria americana.<\/p>\n<p>Agreg\u00f3 que \u201cmuchas de las cosas que usamos en la casa, como las c\u00e1scaras de la verdura y otros desechos, no hace falta tirarlos y llevarlos al basurero. Todos somos vecinos que tenemos esta misma problem\u00e1tica\u201d.<\/p>\n<p>Es la basura que generamos en el hogar.<\/p>\n<p>Por \u00faltimo, Dosantos dijo que \u201cestamos entregando en los secundarios notas para que se acerquen a los cursos\u201d.<\/p>\n<p>\u201cLas botellas de pl\u00e1stico, el vidrio, las c\u00e1scaras de las verduras y de las frutas, el papel son elementos que se pueden reciclar\u201d, concluy\u00f3.<\/p>\n<\/div>\n<\/div>\n<div class=\"votes clearfix\">\u00a0Fuente: Tiempo Sur<\/div>\n","protected":false},"excerpt":{"rendered":"<p>R\u00cdO GALLEGOS.- \u201cEstoy pintando uno de los lugares en los que se van realizar las actividades\u201d, dijo Milton Dosantos, en [&hellip;]<\/p>\n","protected":false},"author":2,"featured_media":0,"comment_status":"closed","ping_status":"closed","sticky":false,"template":"","format":"standard","meta":{"site-sidebar-layout":"default","site-content-layout":"","ast-site-content-layout":"default","site-content-style":"default","site-sidebar-style":"default","ast-global-header-display":"","ast-banner-title-visibility":"","ast-main-header-display":"","ast-hfb-above-header-display":"","ast-hfb-below-header-display":"","ast-hfb-mobile-header-display":"","site-post-title":"","ast-breadcrumbs-content":"","ast-featured-img":"","footer-sml-layout":"","ast-disable-related-posts":"","theme-transparent-header-meta":"","adv-header-id-meta":"","stick-header-meta":"","header-above-stick-meta":"","header-main-stick-meta":"","header-below-stick-meta":"","astra-migrate-meta-layouts":"default","ast-page-background-enabled":"default","ast-page-background-meta":{"desktop":{"background-color":"var(--ast-global-color-5)","background-image":"","background-repeat":"repeat","background-position":"center center","background-size":"auto","background-attachment":"scroll","background-type":"","background-media":"","overlay-type":"","overlay-color":"","overlay-opacity":"","overlay-gradient":""},"tablet":{"background-color":"","background-image":"","background-repeat":"repeat","background-position":"center center","background-size":"auto","background-attachment":"scroll","background-type":"","background-media":"","overlay-type":"","overlay-color":"","overlay-opacity":"","overlay-gradient":""},"mobile":{"background-color":"","background-image":"","background-repeat":"repeat","background-position":"center center","background-size":"auto","background-attachment":"scroll","background-type":"","background-media":"","overlay-type":"","overlay-color":"","overlay-opacity":"","overlay-gradient":""}},"ast-content-background-meta":{"desktop":{"background-color":"var(--ast-global-color-4)","background-image":"","background-repeat":"repeat","background-position":"center center","background-size":"auto","background-attachment":"scroll","background-type":"","background-media":"","overlay-type":"","overlay-color":"","overlay-opacity":"","overlay-gradient":""},"tablet":{"background-color":"var(--ast-global-color-4)","background-image":"","background-repeat":"repeat","background-position":"center center","background-size":"auto","background-attachment":"scroll","background-type":"","background-media":"","overlay-type":"","overlay-color":"","overlay-opacity":"","overlay-gradient":""},"mobile":{"background-color":"var(--ast-global-color-4)","background-image":"","background-repeat":"repeat","background-position":"center center","background-size":"auto","background-attachment":"scroll","background-type":"","background-media":"","overlay-type":"","overlay-color":"","overlay-opacity":"","overlay-gradient":""}},"footnotes":""},"categories":[12,1,13,20],"tags":[],"class_list":["post-18391","post","type-post","status-publish","format-standard","hentry","category-agenda-ambiental","category-noticias","category-provinciales","category-santa-cruz"],"yoast_head":"<!-- This site is optimized with the Yoast SEO Premium plugin v23.0 (Yoast SEO v27.5) - https:\/\/yoast.com\/product\/yoast-seo-premium-wordpress\/ -->\n<title>Santa Cruz: \u201cHay que concientizar a la gente de que la basura se puede reciclar\u201d<\/title>\n<meta name=\"robots\" content=\"index, follow, max-snippet:-1, max-image-preview:large, max-video-preview:-1\" \/>\n<link rel=\"canonical\" href=\"https:\/\/patagoniambiental.com.ar\/info\/santa-cruz-hay-que-concientizar-a-la-gente-de-que-la-basura-se-puede-reciclar\/\" \/>\n<meta property=\"og:locale\" content=\"es_ES\" \/>\n<meta property=\"og:type\" content=\"article\" \/>\n<meta property=\"og:title\" content=\"Santa Cruz: \u201cHay que concientizar a la gente de que la basura se puede reciclar\u201d\" \/>\n<meta property=\"og:description\" content=\"R\u00cdO GALLEGOS.- \u201cEstoy pintando uno de los lugares en los que se van realizar las actividades\u201d, dijo Milton Dosantos, en [&hellip;]\" \/>\n<meta property=\"og:url\" content=\"https:\/\/patagoniambiental.com.ar\/info\/santa-cruz-hay-que-concientizar-a-la-gente-de-que-la-basura-se-puede-reciclar\/\" \/>\n<meta property=\"og:site_name\" content=\"Patagonia Ambiental\" \/>\n<meta property=\"article:publisher\" content=\"https:\/\/www.facebook.com\/patagonia.ambiental\" \/>\n<meta property=\"article:author\" content=\"https:\/\/www.facebook.com\/share\/1C1V8Gv9BX\/?mibextid=qi2Omg\" \/>\n<meta property=\"article:published_time\" content=\"2016-05-16T12:00:21+00:00\" \/>\n<meta name=\"author\" content=\"Patagonia Ambiental\" \/>\n<meta name=\"twitter:card\" content=\"summary_large_image\" \/>\n<meta name=\"twitter:creator\" content=\"@PatAmb\" \/>\n<meta name=\"twitter:site\" content=\"@PatAmb\" \/>\n<script type=\"application\/ld+json\" class=\"yoast-schema-graph\">{\"@context\":\"https:\\\/\\\/schema.org\",\"@graph\":[{\"@type\":\"Article\",\"@id\":\"https:\\\/\\\/patagoniambiental.com.ar\\\/info\\\/santa-cruz-hay-que-concientizar-a-la-gente-de-que-la-basura-se-puede-reciclar\\\/#article\",\"isPartOf\":{\"@id\":\"https:\\\/\\\/patagoniambiental.com.ar\\\/info\\\/santa-cruz-hay-que-concientizar-a-la-gente-de-que-la-basura-se-puede-reciclar\\\/\"},\"author\":{\"name\":\"Patagonia Ambiental\",\"@id\":\"https:\\\/\\\/patagoniambiental.com.ar\\\/info\\\/#\\\/schema\\\/person\\\/db12bff64bbcbf6a253710bf0ea37b5d\"},\"headline\":\"Santa Cruz: \u201cHay que concientizar a la gente de que la basura se puede reciclar\u201d\",\"datePublished\":\"2016-05-16T12:00:21+00:00\",\"mainEntityOfPage\":{\"@id\":\"https:\\\/\\\/patagoniambiental.com.ar\\\/info\\\/santa-cruz-hay-que-concientizar-a-la-gente-de-que-la-basura-se-puede-reciclar\\\/\"},\"wordCount\":670,\"publisher\":{\"@id\":\"https:\\\/\\\/patagoniambiental.com.ar\\\/info\\\/#organization\"},\"articleSection\":[\"Agenda Ambiental\",\"Noticias\",\"Provinciales\",\"Santa Cruz\"],\"inLanguage\":\"es\"},{\"@type\":\"WebPage\",\"@id\":\"https:\\\/\\\/patagoniambiental.com.ar\\\/info\\\/santa-cruz-hay-que-concientizar-a-la-gente-de-que-la-basura-se-puede-reciclar\\\/\",\"url\":\"https:\\\/\\\/patagoniambiental.com.ar\\\/info\\\/santa-cruz-hay-que-concientizar-a-la-gente-de-que-la-basura-se-puede-reciclar\\\/\",\"name\":\"Santa Cruz: \u201cHay que concientizar a la gente de que la basura se puede reciclar\u201d\",\"isPartOf\":{\"@id\":\"https:\\\/\\\/patagoniambiental.com.ar\\\/info\\\/#website\"},\"datePublished\":\"2016-05-16T12:00:21+00:00\",\"breadcrumb\":{\"@id\":\"https:\\\/\\\/patagoniambiental.com.ar\\\/info\\\/santa-cruz-hay-que-concientizar-a-la-gente-de-que-la-basura-se-puede-reciclar\\\/#breadcrumb\"},\"inLanguage\":\"es\",\"potentialAction\":[{\"@type\":\"ReadAction\",\"target\":[\"https:\\\/\\\/patagoniambiental.com.ar\\\/info\\\/santa-cruz-hay-que-concientizar-a-la-gente-de-que-la-basura-se-puede-reciclar\\\/\"]}]},{\"@type\":\"BreadcrumbList\",\"@id\":\"https:\\\/\\\/patagoniambiental.com.ar\\\/info\\\/santa-cruz-hay-que-concientizar-a-la-gente-de-que-la-basura-se-puede-reciclar\\\/#breadcrumb\",\"itemListElement\":[{\"@type\":\"ListItem\",\"position\":1,\"name\":\"Inicio\",\"item\":\"https:\\\/\\\/patagoniambiental.com.ar\\\/info\\\/\"},{\"@type\":\"ListItem\",\"position\":2,\"name\":\"Santa Cruz: \u201cHay que concientizar a la gente de que la basura se puede reciclar\u201d\"}]},{\"@type\":\"WebSite\",\"@id\":\"https:\\\/\\\/patagoniambiental.com.ar\\\/info\\\/#website\",\"url\":\"https:\\\/\\\/patagoniambiental.com.ar\\\/info\\\/\",\"name\":\"Patagonia Ambiental\",\"description\":\"Monitoreo y an\u00e1lisis de la situaci\u00f3n geopol\u00edtica en el mundo y su implicancia en la Patagonia\",\"publisher\":{\"@id\":\"https:\\\/\\\/patagoniambiental.com.ar\\\/info\\\/#organization\"},\"potentialAction\":[{\"@type\":\"SearchAction\",\"target\":{\"@type\":\"EntryPoint\",\"urlTemplate\":\"https:\\\/\\\/patagoniambiental.com.ar\\\/info\\\/?s={search_term_string}\"},\"query-input\":{\"@type\":\"PropertyValueSpecification\",\"valueRequired\":true,\"valueName\":\"search_term_string\"}}],\"inLanguage\":\"es\"},{\"@type\":\"Organization\",\"@id\":\"https:\\\/\\\/patagoniambiental.com.ar\\\/info\\\/#organization\",\"name\":\"Patagonia Ambiental\",\"url\":\"https:\\\/\\\/patagoniambiental.com.ar\\\/info\\\/\",\"logo\":{\"@type\":\"ImageObject\",\"inLanguage\":\"es\",\"@id\":\"https:\\\/\\\/patagoniambiental.com.ar\\\/info\\\/#\\\/schema\\\/logo\\\/image\\\/\",\"url\":\"https:\\\/\\\/patagoniambiental.com.ar\\\/info\\\/wp-content\\\/uploads\\\/2025\\\/05\\\/LOGO-PATAGONIA-AMBIENTAL.png\",\"contentUrl\":\"https:\\\/\\\/patagoniambiental.com.ar\\\/info\\\/wp-content\\\/uploads\\\/2025\\\/05\\\/LOGO-PATAGONIA-AMBIENTAL.png\",\"width\":433,\"height\":250,\"caption\":\"Patagonia Ambiental\"},\"image\":{\"@id\":\"https:\\\/\\\/patagoniambiental.com.ar\\\/info\\\/#\\\/schema\\\/logo\\\/image\\\/\"},\"sameAs\":[\"https:\\\/\\\/www.facebook.com\\\/patagonia.ambiental\",\"https:\\\/\\\/x.com\\\/PatAmb\"]},{\"@type\":\"Person\",\"@id\":\"https:\\\/\\\/patagoniambiental.com.ar\\\/info\\\/#\\\/schema\\\/person\\\/db12bff64bbcbf6a253710bf0ea37b5d\",\"name\":\"Patagonia Ambiental\",\"description\":\"Andr\u00e9s Nievas T\u00e9cnico en manejo ambiental, consultor Ambiental y escritor para medios locales e internacionales sobre temas de geopolitica y medio ambiente.\",\"sameAs\":[\"http:\\\/\\\/www.patagoniambiental.com.ar\",\"https:\\\/\\\/www.facebook.com\\\/share\\\/1C1V8Gv9BX\\\/?mibextid=qi2Omg\",\"@patagoniambiental\",\"https:\\\/\\\/youtube.com\\\/@patagoniaambiental2023?si=BLt58t0wuXquxlYZ\"]}]}<\/script>\n<!-- \/ Yoast SEO Premium plugin. -->","yoast_head_json":{"title":"Santa Cruz: \u201cHay que concientizar a la gente de que la basura se puede reciclar\u201d","robots":{"index":"index","follow":"follow","max-snippet":"max-snippet:-1","max-image-preview":"max-image-preview:large","max-video-preview":"max-video-preview:-1"},"canonical":"https:\/\/patagoniambiental.com.ar\/info\/santa-cruz-hay-que-concientizar-a-la-gente-de-que-la-basura-se-puede-reciclar\/","og_locale":"es_ES","og_type":"article","og_title":"Santa Cruz: \u201cHay que concientizar a la gente de que la basura se puede reciclar\u201d","og_description":"R\u00cdO GALLEGOS.- \u201cEstoy pintando uno de los lugares en los que se van realizar las actividades\u201d, dijo Milton Dosantos, en [&hellip;]","og_url":"https:\/\/patagoniambiental.com.ar\/info\/santa-cruz-hay-que-concientizar-a-la-gente-de-que-la-basura-se-puede-reciclar\/","og_site_name":"Patagonia Ambiental","article_publisher":"https:\/\/www.facebook.com\/patagonia.ambiental","article_author":"https:\/\/www.facebook.com\/share\/1C1V8Gv9BX\/?mibextid=qi2Omg","article_published_time":"2016-05-16T12:00:21+00:00","author":"Patagonia Ambiental","twitter_card":"summary_large_image","twitter_creator":"@PatAmb","twitter_site":"@PatAmb","schema":{"@context":"https:\/\/schema.org","@graph":[{"@type":"Article","@id":"https:\/\/patagoniambiental.com.ar\/info\/santa-cruz-hay-que-concientizar-a-la-gente-de-que-la-basura-se-puede-reciclar\/#article","isPartOf":{"@id":"https:\/\/patagoniambiental.com.ar\/info\/santa-cruz-hay-que-concientizar-a-la-gente-de-que-la-basura-se-puede-reciclar\/"},"author":{"name":"Patagonia Ambiental","@id":"https:\/\/patagoniambiental.com.ar\/info\/#\/schema\/person\/db12bff64bbcbf6a253710bf0ea37b5d"},"headline":"Santa Cruz: \u201cHay que concientizar a la gente de que la basura se puede reciclar\u201d","datePublished":"2016-05-16T12:00:21+00:00","mainEntityOfPage":{"@id":"https:\/\/patagoniambiental.com.ar\/info\/santa-cruz-hay-que-concientizar-a-la-gente-de-que-la-basura-se-puede-reciclar\/"},"wordCount":670,"publisher":{"@id":"https:\/\/patagoniambiental.com.ar\/info\/#organization"},"articleSection":["Agenda Ambiental","Noticias","Provinciales","Santa Cruz"],"inLanguage":"es"},{"@type":"WebPage","@id":"https:\/\/patagoniambiental.com.ar\/info\/santa-cruz-hay-que-concientizar-a-la-gente-de-que-la-basura-se-puede-reciclar\/","url":"https:\/\/patagoniambiental.com.ar\/info\/santa-cruz-hay-que-concientizar-a-la-gente-de-que-la-basura-se-puede-reciclar\/","name":"Santa Cruz: \u201cHay que concientizar a la gente de que la basura se puede reciclar\u201d","isPartOf":{"@id":"https:\/\/patagoniambiental.com.ar\/info\/#website"},"datePublished":"2016-05-16T12:00:21+00:00","breadcrumb":{"@id":"https:\/\/patagoniambiental.com.ar\/info\/santa-cruz-hay-que-concientizar-a-la-gente-de-que-la-basura-se-puede-reciclar\/#breadcrumb"},"inLanguage":"es","potentialAction":[{"@type":"ReadAction","target":["https:\/\/patagoniambiental.com.ar\/info\/santa-cruz-hay-que-concientizar-a-la-gente-de-que-la-basura-se-puede-reciclar\/"]}]},{"@type":"BreadcrumbList","@id":"https:\/\/patagoniambiental.com.ar\/info\/santa-cruz-hay-que-concientizar-a-la-gente-de-que-la-basura-se-puede-reciclar\/#breadcrumb","itemListElement":[{"@type":"ListItem","position":1,"name":"Inicio","item":"https:\/\/patagoniambiental.com.ar\/info\/"},{"@type":"ListItem","position":2,"name":"Santa Cruz: \u201cHay que concientizar a la gente de que la basura se puede reciclar\u201d"}]},{"@type":"WebSite","@id":"https:\/\/patagoniambiental.com.ar\/info\/#website","url":"https:\/\/patagoniambiental.com.ar\/info\/","name":"Patagonia Ambiental","description":"Monitoreo y an\u00e1lisis de la situaci\u00f3n geopol\u00edtica en el mundo y su implicancia en la Patagonia","publisher":{"@id":"https:\/\/patagoniambiental.com.ar\/info\/#organization"},"potentialAction":[{"@type":"SearchAction","target":{"@type":"EntryPoint","urlTemplate":"https:\/\/patagoniambiental.com.ar\/info\/?s={search_term_string}"},"query-input":{"@type":"PropertyValueSpecification","valueRequired":true,"valueName":"search_term_string"}}],"inLanguage":"es"},{"@type":"Organization","@id":"https:\/\/patagoniambiental.com.ar\/info\/#organization","name":"Patagonia Ambiental","url":"https:\/\/patagoniambiental.com.ar\/info\/","logo":{"@type":"ImageObject","inLanguage":"es","@id":"https:\/\/patagoniambiental.com.ar\/info\/#\/schema\/logo\/image\/","url":"https:\/\/patagoniambiental.com.ar\/info\/wp-content\/uploads\/2025\/05\/LOGO-PATAGONIA-AMBIENTAL.png","contentUrl":"https:\/\/patagoniambiental.com.ar\/info\/wp-content\/uploads\/2025\/05\/LOGO-PATAGONIA-AMBIENTAL.png","width":433,"height":250,"caption":"Patagonia Ambiental"},"image":{"@id":"https:\/\/patagoniambiental.com.ar\/info\/#\/schema\/logo\/image\/"},"sameAs":["https:\/\/www.facebook.com\/patagonia.ambiental","https:\/\/x.com\/PatAmb"]},{"@type":"Person","@id":"https:\/\/patagoniambiental.com.ar\/info\/#\/schema\/person\/db12bff64bbcbf6a253710bf0ea37b5d","name":"Patagonia Ambiental","description":"Andr\u00e9s Nievas T\u00e9cnico en manejo ambiental, consultor Ambiental y escritor para medios locales e internacionales sobre temas de geopolitica y medio ambiente.","sameAs":["http:\/\/www.patagoniambiental.com.ar","https:\/\/www.facebook.com\/share\/1C1V8Gv9BX\/?mibextid=qi2Omg","@patagoniambiental","https:\/\/youtube.com\/@patagoniaambiental2023?si=BLt58t0wuXquxlYZ"]}]}},"_links":{"self":[{"href":"https:\/\/patagoniambiental.com.ar\/info\/wp-json\/wp\/v2\/posts\/18391","targetHints":{"allow":["GET"]}}],"collection":[{"href":"https:\/\/patagoniambiental.com.ar\/info\/wp-json\/wp\/v2\/posts"}],"about":[{"href":"https:\/\/patagoniambiental.com.ar\/info\/wp-json\/wp\/v2\/types\/post"}],"author":[{"embeddable":true,"href":"https:\/\/patagoniambiental.com.ar\/info\/wp-json\/wp\/v2\/users\/2"}],"replies":[{"embeddable":true,"href":"https:\/\/patagoniambiental.com.ar\/info\/wp-json\/wp\/v2\/comments?post=18391"}],"version-history":[{"count":0,"href":"https:\/\/patagoniambiental.com.ar\/info\/wp-json\/wp\/v2\/posts\/18391\/revisions"}],"wp:attachment":[{"href":"https:\/\/patagoniambiental.com.ar\/info\/wp-json\/wp\/v2\/media?parent=18391"}],"wp:term":[{"taxonomy":"category","embeddable":true,"href":"https:\/\/patagoniambiental.com.ar\/info\/wp-json\/wp\/v2\/categories?post=18391"},{"taxonomy":"post_tag","embeddable":true,"href":"https:\/\/patagoniambiental.com.ar\/info\/wp-json\/wp\/v2\/tags?post=18391"}],"curies":[{"name":"wp","href":"https:\/\/api.w.org\/{rel}","templated":true}]}}