{"id":18405,"date":"2016-05-16T09:00:46","date_gmt":"2016-05-16T12:00:46","guid":{"rendered":"http:\/\/patagoniambiental.com.ar\/?p=18405"},"modified":"2016-05-16T09:00:46","modified_gmt":"2016-05-16T12:00:46","slug":"comodoro-rivadavia-aseguran-que-en-un-par-de-semanas-se-podria-clausurar-el-basural-a-cielo-abierto","status":"publish","type":"post","link":"https:\/\/patagoniambiental.com.ar\/info\/comodoro-rivadavia-aseguran-que-en-un-par-de-semanas-se-podria-clausurar-el-basural-a-cielo-abierto\/","title":{"rendered":"Comodoro Rivadavia: Aseguran que en un par de semanas se podr\u00eda clausurar el basural a cielo abierto"},"content":{"rendered":"<div class=\"cuerpo clearfix\">\n<p>COMODORO RIVADAVIA.- La puesta en marcha al 100 % de la Planta de de tratamiento de residuos s\u00f3lidos y urbanos de Comodoro Rivadavia, adem\u00e1s de plantear un nuevo mecanismo para la disposici\u00f3n final de los residuos, permitir\u00e1 avanzar definitivamente con el cierre del basural a cielo abierto de la ciudad.<\/p>\n<p>El subsecretario de Medio Ambiente de Comodoro Rivadavia, Daniel Gonz\u00e1lez, inform\u00f3 que tras la finalizaci\u00f3n de las \u00faltimas pruebas realizadas a la planta, \u00abcada vez estamos m\u00e1s cerca de cumplir con el viejo reclamo de la ciudadan\u00eda de no tener m\u00e1s un basural a cielo abierto\u00bb, lo que implica la contaminaci\u00f3n y la presencia de humo constante por la quema de los desechos.<\/p>\n<p>Con el objetivo de avanzar r\u00e1pidamente en ello, esta semana se comenz\u00f3 con el movimiento de suelo donde se dispondr\u00e1n finalmente &#8211; bajo tierra &#8211; los restos del material de rechazo que produzca la planta. \u00abSi bien la planta ya funcionaba, no ten\u00edamos d\u00f3nde colocar los restos de residuo\u00bb, resalt\u00f3 el funcionario a este medio, quien indic\u00f3 que se opt\u00f3 en este sistema que evitar\u00e1 la presencia de gaviotas o ratas.<\/p>\n<p>Si bien no estipul\u00f3 una fecha exacta, dijo que se espera que los trabajos finalicen antes de fin de mes y a partir de ah\u00ed, \u00abpodr\u00edamos estar empezando a arrancar al 50 por ciento y en un par de semanas ya estaremos al 100 por ciento y podremos clausurar el basural\u00bb, confirm\u00f3 tras recordar que en este terreno tambi\u00e9n habr\u00e1 una escombrera.<\/p>\n<p><b><\/b>Durante la visita que realiz\u00f3 el director nacional de Obras de la Secretar\u00eda de Obras P\u00fablicas del Ministerio del Interior, Guillermo Coll, durante marzo, destac\u00f3 que por el tama\u00f1o de la planta y la tecnolog\u00eda que se utiliza, superar\u00e1 a las que actualmente funcionan Maip\u00fa, Mendoza; y a las del Gran Buenos Aires, Capital y Ezeiza, donde quiz\u00e1s est\u00e9 la de mayor similitud con la construida en estas latitudes.<\/p>\n<p>La planta de tratamiento de residuos est\u00e1 construida en un predio de 20 hect\u00e1reas, donde ocupa alrededor de 5 y cuenta con su propia procesadora de l\u00edquidos, tanto cloacales como de los que origina el lavado de las instalaciones, trabajo que debe realizarse una vez por d\u00eda.<\/p>\n<p>La planta cuenta con un \u00e1rea de control de ingresos y peso de residuos; otra administrativa que incluye recepci\u00f3n y sala de capacitaciones; \u00e1rea de sanitarios y comedor de los operarios; y por supuesto el \u00e1rea de tratamiento de los residuos.<\/p>\n<p>All\u00ed se encuentra la gr\u00faa que deposita los desechos en las dos tolvas que alimentan las 12 cintas de trabajo para su selecci\u00f3n. En ellas los operarios seleccionan los residuos en vidrios, cartones, pl\u00e1sticos, org\u00e1nicos y de disposici\u00f3n final, que en este caso pasan a una gran prensa que los compacta para posteriormente embolsarse y quedar listos para ser trasladados al predio de disposici\u00f3n final, el cual se encuentra en etapa de preparaci\u00f3n.<\/p>\n<\/div>\n<div class=\"poll-nota\">\u00a0Fuente: El Patagonico<\/div>\n","protected":false},"excerpt":{"rendered":"<p>COMODORO RIVADAVIA.- La puesta en marcha al 100 % de la Planta de de tratamiento de residuos s\u00f3lidos y urbanos [&hellip;]<\/p>\n","protected":false},"author":2,"featured_media":0,"comment_status":"closed","ping_status":"closed","sticky":false,"template":"","format":"standard","meta":{"site-sidebar-layout":"default","site-content-layout":"","ast-site-content-layout":"default","site-content-style":"default","site-sidebar-style":"default","ast-global-header-display":"","ast-banner-title-visibility":"","ast-main-header-display":"","ast-hfb-above-header-display":"","ast-hfb-below-header-display":"","ast-hfb-mobile-header-display":"","site-post-title":"","ast-breadcrumbs-content":"","ast-featured-img":"","footer-sml-layout":"","ast-disable-related-posts":"","theme-transparent-header-meta":"","adv-header-id-meta":"","stick-header-meta":"","header-above-stick-meta":"","header-main-stick-meta":"","header-below-stick-meta":"","astra-migrate-meta-layouts":"default","ast-page-background-enabled":"default","ast-page-background-meta":{"desktop":{"background-color":"var(--ast-global-color-5)","background-image":"","background-repeat":"repeat","background-position":"center center","background-size":"auto","background-attachment":"scroll","background-type":"","background-media":"","overlay-type":"","overlay-color":"","overlay-opacity":"","overlay-gradient":""},"tablet":{"background-color":"","background-image":"","background-repeat":"repeat","background-position":"center center","background-size":"auto","background-attachment":"scroll","background-type":"","background-media":"","overlay-type":"","overlay-color":"","overlay-opacity":"","overlay-gradient":""},"mobile":{"background-color":"","background-image":"","background-repeat":"repeat","background-position":"center center","background-size":"auto","background-attachment":"scroll","background-type":"","background-media":"","overlay-type":"","overlay-color":"","overlay-opacity":"","overlay-gradient":""}},"ast-content-background-meta":{"desktop":{"background-color":"var(--ast-global-color-4)","background-image":"","background-repeat":"repeat","background-position":"center center","background-size":"auto","background-attachment":"scroll","background-type":"","background-media":"","overlay-type":"","overlay-color":"","overlay-opacity":"","overlay-gradient":""},"tablet":{"background-color":"var(--ast-global-color-4)","background-image":"","background-repeat":"repeat","background-position":"center center","background-size":"auto","background-attachment":"scroll","background-type":"","background-media":"","overlay-type":"","overlay-color":"","overlay-opacity":"","overlay-gradient":""},"mobile":{"background-color":"var(--ast-global-color-4)","background-image":"","background-repeat":"repeat","background-position":"center center","background-size":"auto","background-attachment":"scroll","background-type":"","background-media":"","overlay-type":"","overlay-color":"","overlay-opacity":"","overlay-gradient":""}},"footnotes":""},"categories":[16,1],"tags":[],"class_list":["post-18405","post","type-post","status-publish","format-standard","hentry","category-municipales","category-noticias"],"yoast_head":"<!-- This site is optimized with the Yoast SEO Premium plugin v23.0 (Yoast SEO v27.5) - https:\/\/yoast.com\/product\/yoast-seo-premium-wordpress\/ -->\n<title>Comodoro Rivadavia: Aseguran que en un par de semanas se podr\u00eda clausurar el basural a cielo abierto<\/title>\n<meta name=\"robots\" content=\"index, follow, max-snippet:-1, max-image-preview:large, max-video-preview:-1\" \/>\n<link rel=\"canonical\" href=\"https:\/\/patagoniambiental.com.ar\/info\/comodoro-rivadavia-aseguran-que-en-un-par-de-semanas-se-podria-clausurar-el-basural-a-cielo-abierto\/\" \/>\n<meta property=\"og:locale\" content=\"es_ES\" \/>\n<meta property=\"og:type\" content=\"article\" \/>\n<meta property=\"og:title\" content=\"Comodoro Rivadavia: Aseguran que en un par de semanas se podr\u00eda clausurar el basural a cielo abierto\" \/>\n<meta property=\"og:description\" content=\"COMODORO RIVADAVIA.- La puesta en marcha al 100 % de la Planta de de tratamiento de residuos s\u00f3lidos y urbanos [&hellip;]\" \/>\n<meta property=\"og:url\" content=\"https:\/\/patagoniambiental.com.ar\/info\/comodoro-rivadavia-aseguran-que-en-un-par-de-semanas-se-podria-clausurar-el-basural-a-cielo-abierto\/\" \/>\n<meta property=\"og:site_name\" content=\"Patagonia Ambiental\" \/>\n<meta property=\"article:publisher\" content=\"https:\/\/www.facebook.com\/patagonia.ambiental\" \/>\n<meta property=\"article:author\" content=\"https:\/\/www.facebook.com\/share\/1C1V8Gv9BX\/?mibextid=qi2Omg\" \/>\n<meta property=\"article:published_time\" content=\"2016-05-16T12:00:46+00:00\" \/>\n<meta name=\"author\" content=\"Patagonia Ambiental\" \/>\n<meta name=\"twitter:card\" content=\"summary_large_image\" \/>\n<meta name=\"twitter:creator\" content=\"@PatAmb\" \/>\n<meta name=\"twitter:site\" content=\"@PatAmb\" \/>\n<script type=\"application\/ld+json\" class=\"yoast-schema-graph\">{\"@context\":\"https:\\\/\\\/schema.org\",\"@graph\":[{\"@type\":\"Article\",\"@id\":\"https:\\\/\\\/patagoniambiental.com.ar\\\/info\\\/comodoro-rivadavia-aseguran-que-en-un-par-de-semanas-se-podria-clausurar-el-basural-a-cielo-abierto\\\/#article\",\"isPartOf\":{\"@id\":\"https:\\\/\\\/patagoniambiental.com.ar\\\/info\\\/comodoro-rivadavia-aseguran-que-en-un-par-de-semanas-se-podria-clausurar-el-basural-a-cielo-abierto\\\/\"},\"author\":{\"name\":\"Patagonia Ambiental\",\"@id\":\"https:\\\/\\\/patagoniambiental.com.ar\\\/info\\\/#\\\/schema\\\/person\\\/db12bff64bbcbf6a253710bf0ea37b5d\"},\"headline\":\"Comodoro Rivadavia: Aseguran que en un par de semanas se podr\u00eda clausurar el basural a cielo abierto\",\"datePublished\":\"2016-05-16T12:00:46+00:00\",\"mainEntityOfPage\":{\"@id\":\"https:\\\/\\\/patagoniambiental.com.ar\\\/info\\\/comodoro-rivadavia-aseguran-que-en-un-par-de-semanas-se-podria-clausurar-el-basural-a-cielo-abierto\\\/\"},\"wordCount\":522,\"publisher\":{\"@id\":\"https:\\\/\\\/patagoniambiental.com.ar\\\/info\\\/#organization\"},\"articleSection\":[\"Municipales\",\"Noticias\"],\"inLanguage\":\"es\"},{\"@type\":\"WebPage\",\"@id\":\"https:\\\/\\\/patagoniambiental.com.ar\\\/info\\\/comodoro-rivadavia-aseguran-que-en-un-par-de-semanas-se-podria-clausurar-el-basural-a-cielo-abierto\\\/\",\"url\":\"https:\\\/\\\/patagoniambiental.com.ar\\\/info\\\/comodoro-rivadavia-aseguran-que-en-un-par-de-semanas-se-podria-clausurar-el-basural-a-cielo-abierto\\\/\",\"name\":\"Comodoro Rivadavia: Aseguran que en un par de semanas se podr\u00eda clausurar el basural a cielo abierto\",\"isPartOf\":{\"@id\":\"https:\\\/\\\/patagoniambiental.com.ar\\\/info\\\/#website\"},\"datePublished\":\"2016-05-16T12:00:46+00:00\",\"breadcrumb\":{\"@id\":\"https:\\\/\\\/patagoniambiental.com.ar\\\/info\\\/comodoro-rivadavia-aseguran-que-en-un-par-de-semanas-se-podria-clausurar-el-basural-a-cielo-abierto\\\/#breadcrumb\"},\"inLanguage\":\"es\",\"potentialAction\":[{\"@type\":\"ReadAction\",\"target\":[\"https:\\\/\\\/patagoniambiental.com.ar\\\/info\\\/comodoro-rivadavia-aseguran-que-en-un-par-de-semanas-se-podria-clausurar-el-basural-a-cielo-abierto\\\/\"]}]},{\"@type\":\"BreadcrumbList\",\"@id\":\"https:\\\/\\\/patagoniambiental.com.ar\\\/info\\\/comodoro-rivadavia-aseguran-que-en-un-par-de-semanas-se-podria-clausurar-el-basural-a-cielo-abierto\\\/#breadcrumb\",\"itemListElement\":[{\"@type\":\"ListItem\",\"position\":1,\"name\":\"Inicio\",\"item\":\"https:\\\/\\\/patagoniambiental.com.ar\\\/info\\\/\"},{\"@type\":\"ListItem\",\"position\":2,\"name\":\"Comodoro Rivadavia: Aseguran que en un par de semanas se podr\u00eda clausurar el basural a cielo abierto\"}]},{\"@type\":\"WebSite\",\"@id\":\"https:\\\/\\\/patagoniambiental.com.ar\\\/info\\\/#website\",\"url\":\"https:\\\/\\\/patagoniambiental.com.ar\\\/info\\\/\",\"name\":\"Patagonia Ambiental\",\"description\":\"Monitoreo y an\u00e1lisis de la situaci\u00f3n geopol\u00edtica en el mundo y su implicancia en la Patagonia\",\"publisher\":{\"@id\":\"https:\\\/\\\/patagoniambiental.com.ar\\\/info\\\/#organization\"},\"potentialAction\":[{\"@type\":\"SearchAction\",\"target\":{\"@type\":\"EntryPoint\",\"urlTemplate\":\"https:\\\/\\\/patagoniambiental.com.ar\\\/info\\\/?s={search_term_string}\"},\"query-input\":{\"@type\":\"PropertyValueSpecification\",\"valueRequired\":true,\"valueName\":\"search_term_string\"}}],\"inLanguage\":\"es\"},{\"@type\":\"Organization\",\"@id\":\"https:\\\/\\\/patagoniambiental.com.ar\\\/info\\\/#organization\",\"name\":\"Patagonia Ambiental\",\"url\":\"https:\\\/\\\/patagoniambiental.com.ar\\\/info\\\/\",\"logo\":{\"@type\":\"ImageObject\",\"inLanguage\":\"es\",\"@id\":\"https:\\\/\\\/patagoniambiental.com.ar\\\/info\\\/#\\\/schema\\\/logo\\\/image\\\/\",\"url\":\"https:\\\/\\\/patagoniambiental.com.ar\\\/info\\\/wp-content\\\/uploads\\\/2025\\\/05\\\/LOGO-PATAGONIA-AMBIENTAL.png\",\"contentUrl\":\"https:\\\/\\\/patagoniambiental.com.ar\\\/info\\\/wp-content\\\/uploads\\\/2025\\\/05\\\/LOGO-PATAGONIA-AMBIENTAL.png\",\"width\":433,\"height\":250,\"caption\":\"Patagonia Ambiental\"},\"image\":{\"@id\":\"https:\\\/\\\/patagoniambiental.com.ar\\\/info\\\/#\\\/schema\\\/logo\\\/image\\\/\"},\"sameAs\":[\"https:\\\/\\\/www.facebook.com\\\/patagonia.ambiental\",\"https:\\\/\\\/x.com\\\/PatAmb\"]},{\"@type\":\"Person\",\"@id\":\"https:\\\/\\\/patagoniambiental.com.ar\\\/info\\\/#\\\/schema\\\/person\\\/db12bff64bbcbf6a253710bf0ea37b5d\",\"name\":\"Patagonia Ambiental\",\"description\":\"Andr\u00e9s Nievas T\u00e9cnico en manejo ambiental, consultor Ambiental y escritor para medios locales e internacionales sobre temas de geopolitica y medio ambiente.\",\"sameAs\":[\"http:\\\/\\\/www.patagoniambiental.com.ar\",\"https:\\\/\\\/www.facebook.com\\\/share\\\/1C1V8Gv9BX\\\/?mibextid=qi2Omg\",\"@patagoniambiental\",\"https:\\\/\\\/youtube.com\\\/@patagoniaambiental2023?si=BLt58t0wuXquxlYZ\"]}]}<\/script>\n<!-- \/ Yoast SEO Premium plugin. -->","yoast_head_json":{"title":"Comodoro Rivadavia: Aseguran que en un par de semanas se podr\u00eda clausurar el basural a cielo abierto","robots":{"index":"index","follow":"follow","max-snippet":"max-snippet:-1","max-image-preview":"max-image-preview:large","max-video-preview":"max-video-preview:-1"},"canonical":"https:\/\/patagoniambiental.com.ar\/info\/comodoro-rivadavia-aseguran-que-en-un-par-de-semanas-se-podria-clausurar-el-basural-a-cielo-abierto\/","og_locale":"es_ES","og_type":"article","og_title":"Comodoro Rivadavia: Aseguran que en un par de semanas se podr\u00eda clausurar el basural a cielo abierto","og_description":"COMODORO RIVADAVIA.- La puesta en marcha al 100 % de la Planta de de tratamiento de residuos s\u00f3lidos y urbanos [&hellip;]","og_url":"https:\/\/patagoniambiental.com.ar\/info\/comodoro-rivadavia-aseguran-que-en-un-par-de-semanas-se-podria-clausurar-el-basural-a-cielo-abierto\/","og_site_name":"Patagonia Ambiental","article_publisher":"https:\/\/www.facebook.com\/patagonia.ambiental","article_author":"https:\/\/www.facebook.com\/share\/1C1V8Gv9BX\/?mibextid=qi2Omg","article_published_time":"2016-05-16T12:00:46+00:00","author":"Patagonia Ambiental","twitter_card":"summary_large_image","twitter_creator":"@PatAmb","twitter_site":"@PatAmb","schema":{"@context":"https:\/\/schema.org","@graph":[{"@type":"Article","@id":"https:\/\/patagoniambiental.com.ar\/info\/comodoro-rivadavia-aseguran-que-en-un-par-de-semanas-se-podria-clausurar-el-basural-a-cielo-abierto\/#article","isPartOf":{"@id":"https:\/\/patagoniambiental.com.ar\/info\/comodoro-rivadavia-aseguran-que-en-un-par-de-semanas-se-podria-clausurar-el-basural-a-cielo-abierto\/"},"author":{"name":"Patagonia Ambiental","@id":"https:\/\/patagoniambiental.com.ar\/info\/#\/schema\/person\/db12bff64bbcbf6a253710bf0ea37b5d"},"headline":"Comodoro Rivadavia: Aseguran que en un par de semanas se podr\u00eda clausurar el basural a cielo abierto","datePublished":"2016-05-16T12:00:46+00:00","mainEntityOfPage":{"@id":"https:\/\/patagoniambiental.com.ar\/info\/comodoro-rivadavia-aseguran-que-en-un-par-de-semanas-se-podria-clausurar-el-basural-a-cielo-abierto\/"},"wordCount":522,"publisher":{"@id":"https:\/\/patagoniambiental.com.ar\/info\/#organization"},"articleSection":["Municipales","Noticias"],"inLanguage":"es"},{"@type":"WebPage","@id":"https:\/\/patagoniambiental.com.ar\/info\/comodoro-rivadavia-aseguran-que-en-un-par-de-semanas-se-podria-clausurar-el-basural-a-cielo-abierto\/","url":"https:\/\/patagoniambiental.com.ar\/info\/comodoro-rivadavia-aseguran-que-en-un-par-de-semanas-se-podria-clausurar-el-basural-a-cielo-abierto\/","name":"Comodoro Rivadavia: Aseguran que en un par de semanas se podr\u00eda clausurar el basural a cielo abierto","isPartOf":{"@id":"https:\/\/patagoniambiental.com.ar\/info\/#website"},"datePublished":"2016-05-16T12:00:46+00:00","breadcrumb":{"@id":"https:\/\/patagoniambiental.com.ar\/info\/comodoro-rivadavia-aseguran-que-en-un-par-de-semanas-se-podria-clausurar-el-basural-a-cielo-abierto\/#breadcrumb"},"inLanguage":"es","potentialAction":[{"@type":"ReadAction","target":["https:\/\/patagoniambiental.com.ar\/info\/comodoro-rivadavia-aseguran-que-en-un-par-de-semanas-se-podria-clausurar-el-basural-a-cielo-abierto\/"]}]},{"@type":"BreadcrumbList","@id":"https:\/\/patagoniambiental.com.ar\/info\/comodoro-rivadavia-aseguran-que-en-un-par-de-semanas-se-podria-clausurar-el-basural-a-cielo-abierto\/#breadcrumb","itemListElement":[{"@type":"ListItem","position":1,"name":"Inicio","item":"https:\/\/patagoniambiental.com.ar\/info\/"},{"@type":"ListItem","position":2,"name":"Comodoro Rivadavia: Aseguran que en un par de semanas se podr\u00eda clausurar el basural a cielo abierto"}]},{"@type":"WebSite","@id":"https:\/\/patagoniambiental.com.ar\/info\/#website","url":"https:\/\/patagoniambiental.com.ar\/info\/","name":"Patagonia Ambiental","description":"Monitoreo y an\u00e1lisis de la situaci\u00f3n geopol\u00edtica en el mundo y su implicancia en la Patagonia","publisher":{"@id":"https:\/\/patagoniambiental.com.ar\/info\/#organization"},"potentialAction":[{"@type":"SearchAction","target":{"@type":"EntryPoint","urlTemplate":"https:\/\/patagoniambiental.com.ar\/info\/?s={search_term_string}"},"query-input":{"@type":"PropertyValueSpecification","valueRequired":true,"valueName":"search_term_string"}}],"inLanguage":"es"},{"@type":"Organization","@id":"https:\/\/patagoniambiental.com.ar\/info\/#organization","name":"Patagonia Ambiental","url":"https:\/\/patagoniambiental.com.ar\/info\/","logo":{"@type":"ImageObject","inLanguage":"es","@id":"https:\/\/patagoniambiental.com.ar\/info\/#\/schema\/logo\/image\/","url":"https:\/\/patagoniambiental.com.ar\/info\/wp-content\/uploads\/2025\/05\/LOGO-PATAGONIA-AMBIENTAL.png","contentUrl":"https:\/\/patagoniambiental.com.ar\/info\/wp-content\/uploads\/2025\/05\/LOGO-PATAGONIA-AMBIENTAL.png","width":433,"height":250,"caption":"Patagonia Ambiental"},"image":{"@id":"https:\/\/patagoniambiental.com.ar\/info\/#\/schema\/logo\/image\/"},"sameAs":["https:\/\/www.facebook.com\/patagonia.ambiental","https:\/\/x.com\/PatAmb"]},{"@type":"Person","@id":"https:\/\/patagoniambiental.com.ar\/info\/#\/schema\/person\/db12bff64bbcbf6a253710bf0ea37b5d","name":"Patagonia Ambiental","description":"Andr\u00e9s Nievas T\u00e9cnico en manejo ambiental, consultor Ambiental y escritor para medios locales e internacionales sobre temas de geopolitica y medio ambiente.","sameAs":["http:\/\/www.patagoniambiental.com.ar","https:\/\/www.facebook.com\/share\/1C1V8Gv9BX\/?mibextid=qi2Omg","@patagoniambiental","https:\/\/youtube.com\/@patagoniaambiental2023?si=BLt58t0wuXquxlYZ"]}]}},"_links":{"self":[{"href":"https:\/\/patagoniambiental.com.ar\/info\/wp-json\/wp\/v2\/posts\/18405","targetHints":{"allow":["GET"]}}],"collection":[{"href":"https:\/\/patagoniambiental.com.ar\/info\/wp-json\/wp\/v2\/posts"}],"about":[{"href":"https:\/\/patagoniambiental.com.ar\/info\/wp-json\/wp\/v2\/types\/post"}],"author":[{"embeddable":true,"href":"https:\/\/patagoniambiental.com.ar\/info\/wp-json\/wp\/v2\/users\/2"}],"replies":[{"embeddable":true,"href":"https:\/\/patagoniambiental.com.ar\/info\/wp-json\/wp\/v2\/comments?post=18405"}],"version-history":[{"count":0,"href":"https:\/\/patagoniambiental.com.ar\/info\/wp-json\/wp\/v2\/posts\/18405\/revisions"}],"wp:attachment":[{"href":"https:\/\/patagoniambiental.com.ar\/info\/wp-json\/wp\/v2\/media?parent=18405"}],"wp:term":[{"taxonomy":"category","embeddable":true,"href":"https:\/\/patagoniambiental.com.ar\/info\/wp-json\/wp\/v2\/categories?post=18405"},{"taxonomy":"post_tag","embeddable":true,"href":"https:\/\/patagoniambiental.com.ar\/info\/wp-json\/wp\/v2\/tags?post=18405"}],"curies":[{"name":"wp","href":"https:\/\/api.w.org\/{rel}","templated":true}]}}