{"id":18420,"date":"2016-05-17T10:47:32","date_gmt":"2016-05-17T13:47:32","guid":{"rendered":"http:\/\/patagoniambiental.com.ar\/?p=18420"},"modified":"2016-05-17T10:47:32","modified_gmt":"2016-05-17T13:47:32","slug":"el-gobierno-de-rio-negro-firmo-el-contrato-con-ypf-para-explorar-el-area-chelforo","status":"publish","type":"post","link":"https:\/\/patagoniambiental.com.ar\/info\/el-gobierno-de-rio-negro-firmo-el-contrato-con-ypf-para-explorar-el-area-chelforo\/","title":{"rendered":"El Gobierno de R\u00edo Negro firm\u00f3 el contrato con YPF para explorar el \u00e1rea Chelfor\u00f3"},"content":{"rendered":"<p class=\"x_ecxMsoNormal\">VIEDMA.- El secretario de Estado de Energ\u00eda, Sebasti\u00e1n Caldiero, firm\u00f3 un contrato con la empresa YPF para la exploraci\u00f3n del \u00e1rea hidrocarbur\u00edfera m\u00e1s grande de R\u00edo Negro, denominada Chelfor\u00f3. En representaci\u00f3n de YPF, lo hizo V\u00edctor Pelayes, gerente de Exploraci\u00f3n de la compa\u00f1\u00eda.<\/p>\n<p class=\"x_ecxMsoNormal\">La adjudicaci\u00f3n es el resultado de un proceso de licitaci\u00f3n p\u00fablica que se inici\u00f3 el a\u00f1o pasado y, seg\u00fan consign\u00f3 Caldiero \u201ces parte de nuestra estrategia para consolidar a R\u00edo Negro dentro del conjunto de provincias con mayor potencial hidrocarbur\u00edfero, a partir de la posibilidad de continuar sumando a nuestras ya importantes reservas\u201d.<\/p>\n<p class=\"x_ecxMsoNormal\">El decreto 349\/16, publicado a fines de abril en el Bolet\u00edn Oficial de R\u00edo Negro, formaliz\u00f3 la adjudicaci\u00f3n y aprob\u00f3 el modelo de contrato para que la empresa YPF ponga en marcha un proyecto exploratorio.<\/p>\n<p class=\"x_ecxMsoNormal\">\u201cEs bueno se\u00f1alar que esta licitaci\u00f3n p\u00fablica es la primera que se realiz\u00f3 en el pa\u00eds tras las modificaciones introducidas por la Ley Nacional 27.007\u201d, record\u00f3 Caldiero.<\/p>\n<p class=\"x_ecxMsoNormal\">\u201cNos sentimos privilegiados al contar con gas y petr\u00f3leo en nuestro suelo. Y para hacer honor a ese privilegio es que instamos a desarrollarlo con responsabilidad y en forma eficiente. En ese sentido es que propiciamos a trav\u00e9s de pol\u00edticas claras un mayor esfuerzo exploratorio por parte de las compa\u00f1\u00edas para ampliar nuestro conocimiento geol\u00f3gico, lo cual nos llevar\u00e1 a incorporar nuevas \u00e1reas productivas\u201d, agreg\u00f3 el funcionario.<\/p>\n<p class=\"x_ecxMsoNormal\">El plan de trabajo propuesto por YPF para los pr\u00f3ximos tres a\u00f1os se traducir\u00e1 en inversiones por casi US$8.000.000, que significar\u00e1 m\u00e1s trabajo ligado a la actividad, en un momento de retraimiento del mercado petrolero en general por los bajos precios internacionales, m\u00e1s all\u00e1 de los costos diferenciales que tenemos en nuestro pa\u00eds. \u201cPor el momento son trabajos netamente exploratorios, lo cual no prev\u00e9 en esta primera instancia perforaciones de pozos\u201d, aclar\u00f3 Caldiero.<\/p>\n<p class=\"x_ecxMsoNormal\">Esos trabajos incluyen aerogravimetr\u00eda y aeromagnetometr\u00eda, para detectar el relleno sedimentario y altos basamentales; un reproceso de los 300 kil\u00f3metros de s\u00edsmica 2D existente, para su mejoramiento y obtenci\u00f3n de una mejor visualizaci\u00f3n; una prospecci\u00f3n geoqu\u00edmica de superficie, con el objetivo de determinar anomal\u00edas que indiquen posibles acumulaciones de hidrocarburos, puntos de fuga y presencia de roca madre; adem\u00e1s de nuevo levantamiento s\u00edsmico en 2D, para la interpretaci\u00f3n estructural y estratigr\u00e1fica regional.<\/p>\n<p class=\"x_ecxMsoNormal\">Chelfor\u00f3 es un \u00e1rea nueva que se incorpor\u00f3 con este proceso licitatorio al mapa hidrocarbur\u00edfero provincial, con unos 6.800 km2. \u201cEl l\u00edmite de esta superficie comienza en la barda norte, por encima de lo que se conoce como valle productivo hasta las inmediaciones del r\u00edo Colorado\u201d, describi\u00f3 Caldiero.<\/p>\n<p>Fuente: Gobierno de R\u00edo Negro<\/p>\n","protected":false},"excerpt":{"rendered":"<p>VIEDMA.- El secretario de Estado de Energ\u00eda, Sebasti\u00e1n Caldiero, firm\u00f3 un contrato con la empresa YPF para la exploraci\u00f3n del [&hellip;]<\/p>\n","protected":false},"author":2,"featured_media":0,"comment_status":"closed","ping_status":"closed","sticky":false,"template":"","format":"standard","meta":{"site-sidebar-layout":"default","site-content-layout":"","ast-site-content-layout":"default","site-content-style":"default","site-sidebar-style":"default","ast-global-header-display":"","ast-banner-title-visibility":"","ast-main-header-display":"","ast-hfb-above-header-display":"","ast-hfb-below-header-display":"","ast-hfb-mobile-header-display":"","site-post-title":"","ast-breadcrumbs-content":"","ast-featured-img":"","footer-sml-layout":"","ast-disable-related-posts":"","theme-transparent-header-meta":"","adv-header-id-meta":"","stick-header-meta":"","header-above-stick-meta":"","header-main-stick-meta":"","header-below-stick-meta":"","astra-migrate-meta-layouts":"default","ast-page-background-enabled":"default","ast-page-background-meta":{"desktop":{"background-color":"var(--ast-global-color-5)","background-image":"","background-repeat":"repeat","background-position":"center center","background-size":"auto","background-attachment":"scroll","background-type":"","background-media":"","overlay-type":"","overlay-color":"","overlay-opacity":"","overlay-gradient":""},"tablet":{"background-color":"","background-image":"","background-repeat":"repeat","background-position":"center center","background-size":"auto","background-attachment":"scroll","background-type":"","background-media":"","overlay-type":"","overlay-color":"","overlay-opacity":"","overlay-gradient":""},"mobile":{"background-color":"","background-image":"","background-repeat":"repeat","background-position":"center center","background-size":"auto","background-attachment":"scroll","background-type":"","background-media":"","overlay-type":"","overlay-color":"","overlay-opacity":"","overlay-gradient":""}},"ast-content-background-meta":{"desktop":{"background-color":"var(--ast-global-color-4)","background-image":"","background-repeat":"repeat","background-position":"center center","background-size":"auto","background-attachment":"scroll","background-type":"","background-media":"","overlay-type":"","overlay-color":"","overlay-opacity":"","overlay-gradient":""},"tablet":{"background-color":"var(--ast-global-color-4)","background-image":"","background-repeat":"repeat","background-position":"center center","background-size":"auto","background-attachment":"scroll","background-type":"","background-media":"","overlay-type":"","overlay-color":"","overlay-opacity":"","overlay-gradient":""},"mobile":{"background-color":"var(--ast-global-color-4)","background-image":"","background-repeat":"repeat","background-position":"center center","background-size":"auto","background-attachment":"scroll","background-type":"","background-media":"","overlay-type":"","overlay-color":"","overlay-opacity":"","overlay-gradient":""}},"footnotes":""},"categories":[1,13,14],"tags":[],"class_list":["post-18420","post","type-post","status-publish","format-standard","hentry","category-noticias","category-provinciales","category-rio-negro"],"yoast_head":"<!-- This site is optimized with the Yoast SEO Premium plugin v23.0 (Yoast SEO v27.5) - https:\/\/yoast.com\/product\/yoast-seo-premium-wordpress\/ -->\n<title>El Gobierno de R\u00edo Negro firm\u00f3 el contrato con YPF para explorar el \u00e1rea Chelfor\u00f3<\/title>\n<meta name=\"robots\" content=\"index, follow, max-snippet:-1, max-image-preview:large, max-video-preview:-1\" \/>\n<link rel=\"canonical\" href=\"https:\/\/patagoniambiental.com.ar\/info\/el-gobierno-de-rio-negro-firmo-el-contrato-con-ypf-para-explorar-el-area-chelforo\/\" \/>\n<meta property=\"og:locale\" content=\"es_ES\" \/>\n<meta property=\"og:type\" content=\"article\" \/>\n<meta property=\"og:title\" content=\"El Gobierno de R\u00edo Negro firm\u00f3 el contrato con YPF para explorar el \u00e1rea Chelfor\u00f3\" \/>\n<meta property=\"og:description\" content=\"VIEDMA.- El secretario de Estado de Energ\u00eda, Sebasti\u00e1n Caldiero, firm\u00f3 un contrato con la empresa YPF para la exploraci\u00f3n del [&hellip;]\" \/>\n<meta property=\"og:url\" content=\"https:\/\/patagoniambiental.com.ar\/info\/el-gobierno-de-rio-negro-firmo-el-contrato-con-ypf-para-explorar-el-area-chelforo\/\" \/>\n<meta property=\"og:site_name\" content=\"Patagonia Ambiental\" \/>\n<meta property=\"article:publisher\" content=\"https:\/\/www.facebook.com\/patagonia.ambiental\" \/>\n<meta property=\"article:author\" content=\"https:\/\/www.facebook.com\/share\/1C1V8Gv9BX\/?mibextid=qi2Omg\" \/>\n<meta property=\"article:published_time\" content=\"2016-05-17T13:47:32+00:00\" \/>\n<meta name=\"author\" content=\"Patagonia Ambiental\" \/>\n<meta name=\"twitter:card\" content=\"summary_large_image\" \/>\n<meta name=\"twitter:creator\" content=\"@PatAmb\" \/>\n<meta name=\"twitter:site\" content=\"@PatAmb\" \/>\n<script type=\"application\/ld+json\" class=\"yoast-schema-graph\">{\"@context\":\"https:\\\/\\\/schema.org\",\"@graph\":[{\"@type\":\"Article\",\"@id\":\"https:\\\/\\\/patagoniambiental.com.ar\\\/info\\\/el-gobierno-de-rio-negro-firmo-el-contrato-con-ypf-para-explorar-el-area-chelforo\\\/#article\",\"isPartOf\":{\"@id\":\"https:\\\/\\\/patagoniambiental.com.ar\\\/info\\\/el-gobierno-de-rio-negro-firmo-el-contrato-con-ypf-para-explorar-el-area-chelforo\\\/\"},\"author\":{\"name\":\"Patagonia Ambiental\",\"@id\":\"https:\\\/\\\/patagoniambiental.com.ar\\\/info\\\/#\\\/schema\\\/person\\\/db12bff64bbcbf6a253710bf0ea37b5d\"},\"headline\":\"El Gobierno de R\u00edo Negro firm\u00f3 el contrato con YPF para explorar el \u00e1rea Chelfor\u00f3\",\"datePublished\":\"2016-05-17T13:47:32+00:00\",\"mainEntityOfPage\":{\"@id\":\"https:\\\/\\\/patagoniambiental.com.ar\\\/info\\\/el-gobierno-de-rio-negro-firmo-el-contrato-con-ypf-para-explorar-el-area-chelforo\\\/\"},\"wordCount\":487,\"publisher\":{\"@id\":\"https:\\\/\\\/patagoniambiental.com.ar\\\/info\\\/#organization\"},\"articleSection\":[\"Noticias\",\"Provinciales\",\"R\u00edo Negro\"],\"inLanguage\":\"es\"},{\"@type\":\"WebPage\",\"@id\":\"https:\\\/\\\/patagoniambiental.com.ar\\\/info\\\/el-gobierno-de-rio-negro-firmo-el-contrato-con-ypf-para-explorar-el-area-chelforo\\\/\",\"url\":\"https:\\\/\\\/patagoniambiental.com.ar\\\/info\\\/el-gobierno-de-rio-negro-firmo-el-contrato-con-ypf-para-explorar-el-area-chelforo\\\/\",\"name\":\"El Gobierno de R\u00edo Negro firm\u00f3 el contrato con YPF para explorar el \u00e1rea Chelfor\u00f3\",\"isPartOf\":{\"@id\":\"https:\\\/\\\/patagoniambiental.com.ar\\\/info\\\/#website\"},\"datePublished\":\"2016-05-17T13:47:32+00:00\",\"breadcrumb\":{\"@id\":\"https:\\\/\\\/patagoniambiental.com.ar\\\/info\\\/el-gobierno-de-rio-negro-firmo-el-contrato-con-ypf-para-explorar-el-area-chelforo\\\/#breadcrumb\"},\"inLanguage\":\"es\",\"potentialAction\":[{\"@type\":\"ReadAction\",\"target\":[\"https:\\\/\\\/patagoniambiental.com.ar\\\/info\\\/el-gobierno-de-rio-negro-firmo-el-contrato-con-ypf-para-explorar-el-area-chelforo\\\/\"]}]},{\"@type\":\"BreadcrumbList\",\"@id\":\"https:\\\/\\\/patagoniambiental.com.ar\\\/info\\\/el-gobierno-de-rio-negro-firmo-el-contrato-con-ypf-para-explorar-el-area-chelforo\\\/#breadcrumb\",\"itemListElement\":[{\"@type\":\"ListItem\",\"position\":1,\"name\":\"Inicio\",\"item\":\"https:\\\/\\\/patagoniambiental.com.ar\\\/info\\\/\"},{\"@type\":\"ListItem\",\"position\":2,\"name\":\"El Gobierno de R\u00edo Negro firm\u00f3 el contrato con YPF para explorar el \u00e1rea Chelfor\u00f3\"}]},{\"@type\":\"WebSite\",\"@id\":\"https:\\\/\\\/patagoniambiental.com.ar\\\/info\\\/#website\",\"url\":\"https:\\\/\\\/patagoniambiental.com.ar\\\/info\\\/\",\"name\":\"Patagonia Ambiental\",\"description\":\"Monitoreo y an\u00e1lisis de la situaci\u00f3n geopol\u00edtica en el mundo y su implicancia en la Patagonia\",\"publisher\":{\"@id\":\"https:\\\/\\\/patagoniambiental.com.ar\\\/info\\\/#organization\"},\"potentialAction\":[{\"@type\":\"SearchAction\",\"target\":{\"@type\":\"EntryPoint\",\"urlTemplate\":\"https:\\\/\\\/patagoniambiental.com.ar\\\/info\\\/?s={search_term_string}\"},\"query-input\":{\"@type\":\"PropertyValueSpecification\",\"valueRequired\":true,\"valueName\":\"search_term_string\"}}],\"inLanguage\":\"es\"},{\"@type\":\"Organization\",\"@id\":\"https:\\\/\\\/patagoniambiental.com.ar\\\/info\\\/#organization\",\"name\":\"Patagonia Ambiental\",\"url\":\"https:\\\/\\\/patagoniambiental.com.ar\\\/info\\\/\",\"logo\":{\"@type\":\"ImageObject\",\"inLanguage\":\"es\",\"@id\":\"https:\\\/\\\/patagoniambiental.com.ar\\\/info\\\/#\\\/schema\\\/logo\\\/image\\\/\",\"url\":\"https:\\\/\\\/patagoniambiental.com.ar\\\/info\\\/wp-content\\\/uploads\\\/2025\\\/05\\\/LOGO-PATAGONIA-AMBIENTAL.png\",\"contentUrl\":\"https:\\\/\\\/patagoniambiental.com.ar\\\/info\\\/wp-content\\\/uploads\\\/2025\\\/05\\\/LOGO-PATAGONIA-AMBIENTAL.png\",\"width\":433,\"height\":250,\"caption\":\"Patagonia Ambiental\"},\"image\":{\"@id\":\"https:\\\/\\\/patagoniambiental.com.ar\\\/info\\\/#\\\/schema\\\/logo\\\/image\\\/\"},\"sameAs\":[\"https:\\\/\\\/www.facebook.com\\\/patagonia.ambiental\",\"https:\\\/\\\/x.com\\\/PatAmb\"]},{\"@type\":\"Person\",\"@id\":\"https:\\\/\\\/patagoniambiental.com.ar\\\/info\\\/#\\\/schema\\\/person\\\/db12bff64bbcbf6a253710bf0ea37b5d\",\"name\":\"Patagonia Ambiental\",\"description\":\"Andr\u00e9s Nievas T\u00e9cnico en manejo ambiental, consultor Ambiental y escritor para medios locales e internacionales sobre temas de geopolitica y medio ambiente.\",\"sameAs\":[\"http:\\\/\\\/www.patagoniambiental.com.ar\",\"https:\\\/\\\/www.facebook.com\\\/share\\\/1C1V8Gv9BX\\\/?mibextid=qi2Omg\",\"@patagoniambiental\",\"https:\\\/\\\/youtube.com\\\/@patagoniaambiental2023?si=BLt58t0wuXquxlYZ\"]}]}<\/script>\n<!-- \/ Yoast SEO Premium plugin. -->","yoast_head_json":{"title":"El Gobierno de R\u00edo Negro firm\u00f3 el contrato con YPF para explorar el \u00e1rea Chelfor\u00f3","robots":{"index":"index","follow":"follow","max-snippet":"max-snippet:-1","max-image-preview":"max-image-preview:large","max-video-preview":"max-video-preview:-1"},"canonical":"https:\/\/patagoniambiental.com.ar\/info\/el-gobierno-de-rio-negro-firmo-el-contrato-con-ypf-para-explorar-el-area-chelforo\/","og_locale":"es_ES","og_type":"article","og_title":"El Gobierno de R\u00edo Negro firm\u00f3 el contrato con YPF para explorar el \u00e1rea Chelfor\u00f3","og_description":"VIEDMA.- El secretario de Estado de Energ\u00eda, Sebasti\u00e1n Caldiero, firm\u00f3 un contrato con la empresa YPF para la exploraci\u00f3n del [&hellip;]","og_url":"https:\/\/patagoniambiental.com.ar\/info\/el-gobierno-de-rio-negro-firmo-el-contrato-con-ypf-para-explorar-el-area-chelforo\/","og_site_name":"Patagonia Ambiental","article_publisher":"https:\/\/www.facebook.com\/patagonia.ambiental","article_author":"https:\/\/www.facebook.com\/share\/1C1V8Gv9BX\/?mibextid=qi2Omg","article_published_time":"2016-05-17T13:47:32+00:00","author":"Patagonia Ambiental","twitter_card":"summary_large_image","twitter_creator":"@PatAmb","twitter_site":"@PatAmb","schema":{"@context":"https:\/\/schema.org","@graph":[{"@type":"Article","@id":"https:\/\/patagoniambiental.com.ar\/info\/el-gobierno-de-rio-negro-firmo-el-contrato-con-ypf-para-explorar-el-area-chelforo\/#article","isPartOf":{"@id":"https:\/\/patagoniambiental.com.ar\/info\/el-gobierno-de-rio-negro-firmo-el-contrato-con-ypf-para-explorar-el-area-chelforo\/"},"author":{"name":"Patagonia Ambiental","@id":"https:\/\/patagoniambiental.com.ar\/info\/#\/schema\/person\/db12bff64bbcbf6a253710bf0ea37b5d"},"headline":"El Gobierno de R\u00edo Negro firm\u00f3 el contrato con YPF para explorar el \u00e1rea Chelfor\u00f3","datePublished":"2016-05-17T13:47:32+00:00","mainEntityOfPage":{"@id":"https:\/\/patagoniambiental.com.ar\/info\/el-gobierno-de-rio-negro-firmo-el-contrato-con-ypf-para-explorar-el-area-chelforo\/"},"wordCount":487,"publisher":{"@id":"https:\/\/patagoniambiental.com.ar\/info\/#organization"},"articleSection":["Noticias","Provinciales","R\u00edo Negro"],"inLanguage":"es"},{"@type":"WebPage","@id":"https:\/\/patagoniambiental.com.ar\/info\/el-gobierno-de-rio-negro-firmo-el-contrato-con-ypf-para-explorar-el-area-chelforo\/","url":"https:\/\/patagoniambiental.com.ar\/info\/el-gobierno-de-rio-negro-firmo-el-contrato-con-ypf-para-explorar-el-area-chelforo\/","name":"El Gobierno de R\u00edo Negro firm\u00f3 el contrato con YPF para explorar el \u00e1rea Chelfor\u00f3","isPartOf":{"@id":"https:\/\/patagoniambiental.com.ar\/info\/#website"},"datePublished":"2016-05-17T13:47:32+00:00","breadcrumb":{"@id":"https:\/\/patagoniambiental.com.ar\/info\/el-gobierno-de-rio-negro-firmo-el-contrato-con-ypf-para-explorar-el-area-chelforo\/#breadcrumb"},"inLanguage":"es","potentialAction":[{"@type":"ReadAction","target":["https:\/\/patagoniambiental.com.ar\/info\/el-gobierno-de-rio-negro-firmo-el-contrato-con-ypf-para-explorar-el-area-chelforo\/"]}]},{"@type":"BreadcrumbList","@id":"https:\/\/patagoniambiental.com.ar\/info\/el-gobierno-de-rio-negro-firmo-el-contrato-con-ypf-para-explorar-el-area-chelforo\/#breadcrumb","itemListElement":[{"@type":"ListItem","position":1,"name":"Inicio","item":"https:\/\/patagoniambiental.com.ar\/info\/"},{"@type":"ListItem","position":2,"name":"El Gobierno de R\u00edo Negro firm\u00f3 el contrato con YPF para explorar el \u00e1rea Chelfor\u00f3"}]},{"@type":"WebSite","@id":"https:\/\/patagoniambiental.com.ar\/info\/#website","url":"https:\/\/patagoniambiental.com.ar\/info\/","name":"Patagonia Ambiental","description":"Monitoreo y an\u00e1lisis de la situaci\u00f3n geopol\u00edtica en el mundo y su implicancia en la Patagonia","publisher":{"@id":"https:\/\/patagoniambiental.com.ar\/info\/#organization"},"potentialAction":[{"@type":"SearchAction","target":{"@type":"EntryPoint","urlTemplate":"https:\/\/patagoniambiental.com.ar\/info\/?s={search_term_string}"},"query-input":{"@type":"PropertyValueSpecification","valueRequired":true,"valueName":"search_term_string"}}],"inLanguage":"es"},{"@type":"Organization","@id":"https:\/\/patagoniambiental.com.ar\/info\/#organization","name":"Patagonia Ambiental","url":"https:\/\/patagoniambiental.com.ar\/info\/","logo":{"@type":"ImageObject","inLanguage":"es","@id":"https:\/\/patagoniambiental.com.ar\/info\/#\/schema\/logo\/image\/","url":"https:\/\/patagoniambiental.com.ar\/info\/wp-content\/uploads\/2025\/05\/LOGO-PATAGONIA-AMBIENTAL.png","contentUrl":"https:\/\/patagoniambiental.com.ar\/info\/wp-content\/uploads\/2025\/05\/LOGO-PATAGONIA-AMBIENTAL.png","width":433,"height":250,"caption":"Patagonia Ambiental"},"image":{"@id":"https:\/\/patagoniambiental.com.ar\/info\/#\/schema\/logo\/image\/"},"sameAs":["https:\/\/www.facebook.com\/patagonia.ambiental","https:\/\/x.com\/PatAmb"]},{"@type":"Person","@id":"https:\/\/patagoniambiental.com.ar\/info\/#\/schema\/person\/db12bff64bbcbf6a253710bf0ea37b5d","name":"Patagonia Ambiental","description":"Andr\u00e9s Nievas T\u00e9cnico en manejo ambiental, consultor Ambiental y escritor para medios locales e internacionales sobre temas de geopolitica y medio ambiente.","sameAs":["http:\/\/www.patagoniambiental.com.ar","https:\/\/www.facebook.com\/share\/1C1V8Gv9BX\/?mibextid=qi2Omg","@patagoniambiental","https:\/\/youtube.com\/@patagoniaambiental2023?si=BLt58t0wuXquxlYZ"]}]}},"_links":{"self":[{"href":"https:\/\/patagoniambiental.com.ar\/info\/wp-json\/wp\/v2\/posts\/18420","targetHints":{"allow":["GET"]}}],"collection":[{"href":"https:\/\/patagoniambiental.com.ar\/info\/wp-json\/wp\/v2\/posts"}],"about":[{"href":"https:\/\/patagoniambiental.com.ar\/info\/wp-json\/wp\/v2\/types\/post"}],"author":[{"embeddable":true,"href":"https:\/\/patagoniambiental.com.ar\/info\/wp-json\/wp\/v2\/users\/2"}],"replies":[{"embeddable":true,"href":"https:\/\/patagoniambiental.com.ar\/info\/wp-json\/wp\/v2\/comments?post=18420"}],"version-history":[{"count":0,"href":"https:\/\/patagoniambiental.com.ar\/info\/wp-json\/wp\/v2\/posts\/18420\/revisions"}],"wp:attachment":[{"href":"https:\/\/patagoniambiental.com.ar\/info\/wp-json\/wp\/v2\/media?parent=18420"}],"wp:term":[{"taxonomy":"category","embeddable":true,"href":"https:\/\/patagoniambiental.com.ar\/info\/wp-json\/wp\/v2\/categories?post=18420"},{"taxonomy":"post_tag","embeddable":true,"href":"https:\/\/patagoniambiental.com.ar\/info\/wp-json\/wp\/v2\/tags?post=18420"}],"curies":[{"name":"wp","href":"https:\/\/api.w.org\/{rel}","templated":true}]}}