{"id":18426,"date":"2016-05-18T09:00:53","date_gmt":"2016-05-18T12:00:53","guid":{"rendered":"http:\/\/patagoniambiental.com.ar\/?p=18426"},"modified":"2016-05-18T09:00:53","modified_gmt":"2016-05-18T12:00:53","slug":"santa-cruz-se-realizo-jornada-de-capacitacion-a-personal-del-consejo-agrario","status":"publish","type":"post","link":"https:\/\/patagoniambiental.com.ar\/info\/santa-cruz-se-realizo-jornada-de-capacitacion-a-personal-del-consejo-agrario\/","title":{"rendered":"Santa Cruz: Se realiz\u00f3 jornada de capacitaci\u00f3n en energias renovables a personal del Consejo Agrario"},"content":{"rendered":"<div>\n<header>\u00a0SANTA CRUZ.- El Instituto de Energ\u00eda de la Provincia de Santa Cruz, realiz\u00f3 en el marco del Programa PERMER (Programa Energ\u00edas Renovables Mercado El\u00e9ctrico Rural), las Segundas Jornadas de Capacitaci\u00f3n para el personal del Consejo Agrario Provincial. El objetivo de esta iniciativa es garantizar el mantenimiento de los equipos de energ\u00eda renovable que se encuentran instalados en la extensi\u00f3n del territorio santacruce\u00f1o.<\/p>\n<div class=\"XXtextoNota clearfix\">\n<div align=\"justify\">\n<p>La actividad, que se desarroll\u00f3 en la ciudad de Comandante Luis Piedra Buena, cont\u00f3 con la presencia del Vicepresidente del IESC, Marcelo de la Torre, del T\u00e9cnico Agrario Horacio Narvarte, de Patricia Rodr\u00edguez en representaci\u00f3n del Consejo Agrario Provincial, referentes de Puerto San Juli\u00e1n, Gobernador Gregores, Comandante Luis Piedra Buena, Puerto Santa Cruz y de la Universidad Nacional de la Patagonia Austral (UNPA), entre otros.<\/p>\n<p>Las capacitaciones que se dictan en el marco del Programa de Energ\u00edas Renovables PERMER, cuantan con el aval y certificaci\u00f3n de la Universidad Nacional de la Patagonia Austral. Estas Segundas Jornadas estuvieron destinadas al personal del Consejo Agrario Provincia, garantizando el mantenimiento de los equipos de energ\u00eda renovable que ya han sido instalados en Santa Cruz, dando posibilidad de contar con energ\u00eda el\u00e9ctrica a zonas rurales.<\/p>\n<\/div>\n<\/div>\n<div class=\"votes clearfix\">\u00a0Fuente: Tiempo Sur<\/div>\n<\/header>\n<\/div>\n<div class=\"image\"><\/div>\n","protected":false},"excerpt":{"rendered":"<p>\u00a0SANTA CRUZ.- El Instituto de Energ\u00eda de la Provincia de Santa Cruz, realiz\u00f3 en el marco del Programa PERMER (Programa [&hellip;]<\/p>\n","protected":false},"author":2,"featured_media":0,"comment_status":"closed","ping_status":"closed","sticky":false,"template":"","format":"standard","meta":{"site-sidebar-layout":"default","site-content-layout":"","ast-site-content-layout":"default","site-content-style":"default","site-sidebar-style":"default","ast-global-header-display":"","ast-banner-title-visibility":"","ast-main-header-display":"","ast-hfb-above-header-display":"","ast-hfb-below-header-display":"","ast-hfb-mobile-header-display":"","site-post-title":"","ast-breadcrumbs-content":"","ast-featured-img":"","footer-sml-layout":"","ast-disable-related-posts":"","theme-transparent-header-meta":"","adv-header-id-meta":"","stick-header-meta":"","header-above-stick-meta":"","header-main-stick-meta":"","header-below-stick-meta":"","astra-migrate-meta-layouts":"default","ast-page-background-enabled":"default","ast-page-background-meta":{"desktop":{"background-color":"var(--ast-global-color-5)","background-image":"","background-repeat":"repeat","background-position":"center center","background-size":"auto","background-attachment":"scroll","background-type":"","background-media":"","overlay-type":"","overlay-color":"","overlay-opacity":"","overlay-gradient":""},"tablet":{"background-color":"","background-image":"","background-repeat":"repeat","background-position":"center center","background-size":"auto","background-attachment":"scroll","background-type":"","background-media":"","overlay-type":"","overlay-color":"","overlay-opacity":"","overlay-gradient":""},"mobile":{"background-color":"","background-image":"","background-repeat":"repeat","background-position":"center center","background-size":"auto","background-attachment":"scroll","background-type":"","background-media":"","overlay-type":"","overlay-color":"","overlay-opacity":"","overlay-gradient":""}},"ast-content-background-meta":{"desktop":{"background-color":"var(--ast-global-color-4)","background-image":"","background-repeat":"repeat","background-position":"center center","background-size":"auto","background-attachment":"scroll","background-type":"","background-media":"","overlay-type":"","overlay-color":"","overlay-opacity":"","overlay-gradient":""},"tablet":{"background-color":"var(--ast-global-color-4)","background-image":"","background-repeat":"repeat","background-position":"center center","background-size":"auto","background-attachment":"scroll","background-type":"","background-media":"","overlay-type":"","overlay-color":"","overlay-opacity":"","overlay-gradient":""},"mobile":{"background-color":"var(--ast-global-color-4)","background-image":"","background-repeat":"repeat","background-position":"center center","background-size":"auto","background-attachment":"scroll","background-type":"","background-media":"","overlay-type":"","overlay-color":"","overlay-opacity":"","overlay-gradient":""}},"footnotes":""},"categories":[1,13,20],"tags":[],"class_list":["post-18426","post","type-post","status-publish","format-standard","hentry","category-noticias","category-provinciales","category-santa-cruz"],"yoast_head":"<!-- This site is optimized with the Yoast SEO Premium plugin v23.0 (Yoast SEO v27.5) - https:\/\/yoast.com\/product\/yoast-seo-premium-wordpress\/ -->\n<title>Santa Cruz: Se realiz\u00f3 jornada de capacitaci\u00f3n en energias renovables a personal del Consejo Agrario<\/title>\n<meta name=\"robots\" content=\"index, follow, max-snippet:-1, max-image-preview:large, max-video-preview:-1\" \/>\n<link rel=\"canonical\" href=\"https:\/\/patagoniambiental.com.ar\/info\/santa-cruz-se-realizo-jornada-de-capacitacion-a-personal-del-consejo-agrario\/\" \/>\n<meta property=\"og:locale\" content=\"es_ES\" \/>\n<meta property=\"og:type\" content=\"article\" \/>\n<meta property=\"og:title\" content=\"Santa Cruz: Se realiz\u00f3 jornada de capacitaci\u00f3n en energias renovables a personal del Consejo Agrario\" \/>\n<meta property=\"og:description\" content=\"\u00a0SANTA CRUZ.- El Instituto de Energ\u00eda de la Provincia de Santa Cruz, realiz\u00f3 en el marco del Programa PERMER (Programa [&hellip;]\" \/>\n<meta property=\"og:url\" content=\"https:\/\/patagoniambiental.com.ar\/info\/santa-cruz-se-realizo-jornada-de-capacitacion-a-personal-del-consejo-agrario\/\" \/>\n<meta property=\"og:site_name\" content=\"Patagonia Ambiental\" \/>\n<meta property=\"article:publisher\" content=\"https:\/\/www.facebook.com\/patagonia.ambiental\" \/>\n<meta property=\"article:author\" content=\"https:\/\/www.facebook.com\/share\/1C1V8Gv9BX\/?mibextid=qi2Omg\" \/>\n<meta property=\"article:published_time\" content=\"2016-05-18T12:00:53+00:00\" \/>\n<meta name=\"author\" content=\"Patagonia Ambiental\" \/>\n<meta name=\"twitter:card\" content=\"summary_large_image\" \/>\n<meta name=\"twitter:creator\" content=\"@PatAmb\" \/>\n<meta name=\"twitter:site\" content=\"@PatAmb\" \/>\n<script type=\"application\/ld+json\" class=\"yoast-schema-graph\">{\"@context\":\"https:\\\/\\\/schema.org\",\"@graph\":[{\"@type\":\"Article\",\"@id\":\"https:\\\/\\\/patagoniambiental.com.ar\\\/info\\\/santa-cruz-se-realizo-jornada-de-capacitacion-a-personal-del-consejo-agrario\\\/#article\",\"isPartOf\":{\"@id\":\"https:\\\/\\\/patagoniambiental.com.ar\\\/info\\\/santa-cruz-se-realizo-jornada-de-capacitacion-a-personal-del-consejo-agrario\\\/\"},\"author\":{\"name\":\"Patagonia Ambiental\",\"@id\":\"https:\\\/\\\/patagoniambiental.com.ar\\\/info\\\/#\\\/schema\\\/person\\\/db12bff64bbcbf6a253710bf0ea37b5d\"},\"headline\":\"Santa Cruz: Se realiz\u00f3 jornada de capacitaci\u00f3n en energias renovables a personal del Consejo Agrario\",\"datePublished\":\"2016-05-18T12:00:53+00:00\",\"mainEntityOfPage\":{\"@id\":\"https:\\\/\\\/patagoniambiental.com.ar\\\/info\\\/santa-cruz-se-realizo-jornada-de-capacitacion-a-personal-del-consejo-agrario\\\/\"},\"wordCount\":229,\"publisher\":{\"@id\":\"https:\\\/\\\/patagoniambiental.com.ar\\\/info\\\/#organization\"},\"articleSection\":[\"Noticias\",\"Provinciales\",\"Santa Cruz\"],\"inLanguage\":\"es\"},{\"@type\":\"WebPage\",\"@id\":\"https:\\\/\\\/patagoniambiental.com.ar\\\/info\\\/santa-cruz-se-realizo-jornada-de-capacitacion-a-personal-del-consejo-agrario\\\/\",\"url\":\"https:\\\/\\\/patagoniambiental.com.ar\\\/info\\\/santa-cruz-se-realizo-jornada-de-capacitacion-a-personal-del-consejo-agrario\\\/\",\"name\":\"Santa Cruz: Se realiz\u00f3 jornada de capacitaci\u00f3n en energias renovables a personal del Consejo Agrario\",\"isPartOf\":{\"@id\":\"https:\\\/\\\/patagoniambiental.com.ar\\\/info\\\/#website\"},\"datePublished\":\"2016-05-18T12:00:53+00:00\",\"breadcrumb\":{\"@id\":\"https:\\\/\\\/patagoniambiental.com.ar\\\/info\\\/santa-cruz-se-realizo-jornada-de-capacitacion-a-personal-del-consejo-agrario\\\/#breadcrumb\"},\"inLanguage\":\"es\",\"potentialAction\":[{\"@type\":\"ReadAction\",\"target\":[\"https:\\\/\\\/patagoniambiental.com.ar\\\/info\\\/santa-cruz-se-realizo-jornada-de-capacitacion-a-personal-del-consejo-agrario\\\/\"]}]},{\"@type\":\"BreadcrumbList\",\"@id\":\"https:\\\/\\\/patagoniambiental.com.ar\\\/info\\\/santa-cruz-se-realizo-jornada-de-capacitacion-a-personal-del-consejo-agrario\\\/#breadcrumb\",\"itemListElement\":[{\"@type\":\"ListItem\",\"position\":1,\"name\":\"Inicio\",\"item\":\"https:\\\/\\\/patagoniambiental.com.ar\\\/info\\\/\"},{\"@type\":\"ListItem\",\"position\":2,\"name\":\"Santa Cruz: Se realiz\u00f3 jornada de capacitaci\u00f3n en energias renovables a personal del Consejo Agrario\"}]},{\"@type\":\"WebSite\",\"@id\":\"https:\\\/\\\/patagoniambiental.com.ar\\\/info\\\/#website\",\"url\":\"https:\\\/\\\/patagoniambiental.com.ar\\\/info\\\/\",\"name\":\"Patagonia Ambiental\",\"description\":\"Monitoreo y an\u00e1lisis de la situaci\u00f3n geopol\u00edtica en el mundo y su implicancia en la Patagonia\",\"publisher\":{\"@id\":\"https:\\\/\\\/patagoniambiental.com.ar\\\/info\\\/#organization\"},\"potentialAction\":[{\"@type\":\"SearchAction\",\"target\":{\"@type\":\"EntryPoint\",\"urlTemplate\":\"https:\\\/\\\/patagoniambiental.com.ar\\\/info\\\/?s={search_term_string}\"},\"query-input\":{\"@type\":\"PropertyValueSpecification\",\"valueRequired\":true,\"valueName\":\"search_term_string\"}}],\"inLanguage\":\"es\"},{\"@type\":\"Organization\",\"@id\":\"https:\\\/\\\/patagoniambiental.com.ar\\\/info\\\/#organization\",\"name\":\"Patagonia Ambiental\",\"url\":\"https:\\\/\\\/patagoniambiental.com.ar\\\/info\\\/\",\"logo\":{\"@type\":\"ImageObject\",\"inLanguage\":\"es\",\"@id\":\"https:\\\/\\\/patagoniambiental.com.ar\\\/info\\\/#\\\/schema\\\/logo\\\/image\\\/\",\"url\":\"https:\\\/\\\/patagoniambiental.com.ar\\\/info\\\/wp-content\\\/uploads\\\/2025\\\/05\\\/LOGO-PATAGONIA-AMBIENTAL.png\",\"contentUrl\":\"https:\\\/\\\/patagoniambiental.com.ar\\\/info\\\/wp-content\\\/uploads\\\/2025\\\/05\\\/LOGO-PATAGONIA-AMBIENTAL.png\",\"width\":433,\"height\":250,\"caption\":\"Patagonia Ambiental\"},\"image\":{\"@id\":\"https:\\\/\\\/patagoniambiental.com.ar\\\/info\\\/#\\\/schema\\\/logo\\\/image\\\/\"},\"sameAs\":[\"https:\\\/\\\/www.facebook.com\\\/patagonia.ambiental\",\"https:\\\/\\\/x.com\\\/PatAmb\"]},{\"@type\":\"Person\",\"@id\":\"https:\\\/\\\/patagoniambiental.com.ar\\\/info\\\/#\\\/schema\\\/person\\\/db12bff64bbcbf6a253710bf0ea37b5d\",\"name\":\"Patagonia Ambiental\",\"description\":\"Andr\u00e9s Nievas T\u00e9cnico en manejo ambiental, consultor Ambiental y escritor para medios locales e internacionales sobre temas de geopolitica y medio ambiente.\",\"sameAs\":[\"http:\\\/\\\/www.patagoniambiental.com.ar\",\"https:\\\/\\\/www.facebook.com\\\/share\\\/1C1V8Gv9BX\\\/?mibextid=qi2Omg\",\"@patagoniambiental\",\"https:\\\/\\\/youtube.com\\\/@patagoniaambiental2023?si=BLt58t0wuXquxlYZ\"]}]}<\/script>\n<!-- \/ Yoast SEO Premium plugin. -->","yoast_head_json":{"title":"Santa Cruz: Se realiz\u00f3 jornada de capacitaci\u00f3n en energias renovables a personal del Consejo Agrario","robots":{"index":"index","follow":"follow","max-snippet":"max-snippet:-1","max-image-preview":"max-image-preview:large","max-video-preview":"max-video-preview:-1"},"canonical":"https:\/\/patagoniambiental.com.ar\/info\/santa-cruz-se-realizo-jornada-de-capacitacion-a-personal-del-consejo-agrario\/","og_locale":"es_ES","og_type":"article","og_title":"Santa Cruz: Se realiz\u00f3 jornada de capacitaci\u00f3n en energias renovables a personal del Consejo Agrario","og_description":"\u00a0SANTA CRUZ.- El Instituto de Energ\u00eda de la Provincia de Santa Cruz, realiz\u00f3 en el marco del Programa PERMER (Programa [&hellip;]","og_url":"https:\/\/patagoniambiental.com.ar\/info\/santa-cruz-se-realizo-jornada-de-capacitacion-a-personal-del-consejo-agrario\/","og_site_name":"Patagonia Ambiental","article_publisher":"https:\/\/www.facebook.com\/patagonia.ambiental","article_author":"https:\/\/www.facebook.com\/share\/1C1V8Gv9BX\/?mibextid=qi2Omg","article_published_time":"2016-05-18T12:00:53+00:00","author":"Patagonia Ambiental","twitter_card":"summary_large_image","twitter_creator":"@PatAmb","twitter_site":"@PatAmb","schema":{"@context":"https:\/\/schema.org","@graph":[{"@type":"Article","@id":"https:\/\/patagoniambiental.com.ar\/info\/santa-cruz-se-realizo-jornada-de-capacitacion-a-personal-del-consejo-agrario\/#article","isPartOf":{"@id":"https:\/\/patagoniambiental.com.ar\/info\/santa-cruz-se-realizo-jornada-de-capacitacion-a-personal-del-consejo-agrario\/"},"author":{"name":"Patagonia Ambiental","@id":"https:\/\/patagoniambiental.com.ar\/info\/#\/schema\/person\/db12bff64bbcbf6a253710bf0ea37b5d"},"headline":"Santa Cruz: Se realiz\u00f3 jornada de capacitaci\u00f3n en energias renovables a personal del Consejo Agrario","datePublished":"2016-05-18T12:00:53+00:00","mainEntityOfPage":{"@id":"https:\/\/patagoniambiental.com.ar\/info\/santa-cruz-se-realizo-jornada-de-capacitacion-a-personal-del-consejo-agrario\/"},"wordCount":229,"publisher":{"@id":"https:\/\/patagoniambiental.com.ar\/info\/#organization"},"articleSection":["Noticias","Provinciales","Santa Cruz"],"inLanguage":"es"},{"@type":"WebPage","@id":"https:\/\/patagoniambiental.com.ar\/info\/santa-cruz-se-realizo-jornada-de-capacitacion-a-personal-del-consejo-agrario\/","url":"https:\/\/patagoniambiental.com.ar\/info\/santa-cruz-se-realizo-jornada-de-capacitacion-a-personal-del-consejo-agrario\/","name":"Santa Cruz: Se realiz\u00f3 jornada de capacitaci\u00f3n en energias renovables a personal del Consejo Agrario","isPartOf":{"@id":"https:\/\/patagoniambiental.com.ar\/info\/#website"},"datePublished":"2016-05-18T12:00:53+00:00","breadcrumb":{"@id":"https:\/\/patagoniambiental.com.ar\/info\/santa-cruz-se-realizo-jornada-de-capacitacion-a-personal-del-consejo-agrario\/#breadcrumb"},"inLanguage":"es","potentialAction":[{"@type":"ReadAction","target":["https:\/\/patagoniambiental.com.ar\/info\/santa-cruz-se-realizo-jornada-de-capacitacion-a-personal-del-consejo-agrario\/"]}]},{"@type":"BreadcrumbList","@id":"https:\/\/patagoniambiental.com.ar\/info\/santa-cruz-se-realizo-jornada-de-capacitacion-a-personal-del-consejo-agrario\/#breadcrumb","itemListElement":[{"@type":"ListItem","position":1,"name":"Inicio","item":"https:\/\/patagoniambiental.com.ar\/info\/"},{"@type":"ListItem","position":2,"name":"Santa Cruz: Se realiz\u00f3 jornada de capacitaci\u00f3n en energias renovables a personal del Consejo Agrario"}]},{"@type":"WebSite","@id":"https:\/\/patagoniambiental.com.ar\/info\/#website","url":"https:\/\/patagoniambiental.com.ar\/info\/","name":"Patagonia Ambiental","description":"Monitoreo y an\u00e1lisis de la situaci\u00f3n geopol\u00edtica en el mundo y su implicancia en la Patagonia","publisher":{"@id":"https:\/\/patagoniambiental.com.ar\/info\/#organization"},"potentialAction":[{"@type":"SearchAction","target":{"@type":"EntryPoint","urlTemplate":"https:\/\/patagoniambiental.com.ar\/info\/?s={search_term_string}"},"query-input":{"@type":"PropertyValueSpecification","valueRequired":true,"valueName":"search_term_string"}}],"inLanguage":"es"},{"@type":"Organization","@id":"https:\/\/patagoniambiental.com.ar\/info\/#organization","name":"Patagonia Ambiental","url":"https:\/\/patagoniambiental.com.ar\/info\/","logo":{"@type":"ImageObject","inLanguage":"es","@id":"https:\/\/patagoniambiental.com.ar\/info\/#\/schema\/logo\/image\/","url":"https:\/\/patagoniambiental.com.ar\/info\/wp-content\/uploads\/2025\/05\/LOGO-PATAGONIA-AMBIENTAL.png","contentUrl":"https:\/\/patagoniambiental.com.ar\/info\/wp-content\/uploads\/2025\/05\/LOGO-PATAGONIA-AMBIENTAL.png","width":433,"height":250,"caption":"Patagonia Ambiental"},"image":{"@id":"https:\/\/patagoniambiental.com.ar\/info\/#\/schema\/logo\/image\/"},"sameAs":["https:\/\/www.facebook.com\/patagonia.ambiental","https:\/\/x.com\/PatAmb"]},{"@type":"Person","@id":"https:\/\/patagoniambiental.com.ar\/info\/#\/schema\/person\/db12bff64bbcbf6a253710bf0ea37b5d","name":"Patagonia Ambiental","description":"Andr\u00e9s Nievas T\u00e9cnico en manejo ambiental, consultor Ambiental y escritor para medios locales e internacionales sobre temas de geopolitica y medio ambiente.","sameAs":["http:\/\/www.patagoniambiental.com.ar","https:\/\/www.facebook.com\/share\/1C1V8Gv9BX\/?mibextid=qi2Omg","@patagoniambiental","https:\/\/youtube.com\/@patagoniaambiental2023?si=BLt58t0wuXquxlYZ"]}]}},"_links":{"self":[{"href":"https:\/\/patagoniambiental.com.ar\/info\/wp-json\/wp\/v2\/posts\/18426","targetHints":{"allow":["GET"]}}],"collection":[{"href":"https:\/\/patagoniambiental.com.ar\/info\/wp-json\/wp\/v2\/posts"}],"about":[{"href":"https:\/\/patagoniambiental.com.ar\/info\/wp-json\/wp\/v2\/types\/post"}],"author":[{"embeddable":true,"href":"https:\/\/patagoniambiental.com.ar\/info\/wp-json\/wp\/v2\/users\/2"}],"replies":[{"embeddable":true,"href":"https:\/\/patagoniambiental.com.ar\/info\/wp-json\/wp\/v2\/comments?post=18426"}],"version-history":[{"count":0,"href":"https:\/\/patagoniambiental.com.ar\/info\/wp-json\/wp\/v2\/posts\/18426\/revisions"}],"wp:attachment":[{"href":"https:\/\/patagoniambiental.com.ar\/info\/wp-json\/wp\/v2\/media?parent=18426"}],"wp:term":[{"taxonomy":"category","embeddable":true,"href":"https:\/\/patagoniambiental.com.ar\/info\/wp-json\/wp\/v2\/categories?post=18426"},{"taxonomy":"post_tag","embeddable":true,"href":"https:\/\/patagoniambiental.com.ar\/info\/wp-json\/wp\/v2\/tags?post=18426"}],"curies":[{"name":"wp","href":"https:\/\/api.w.org\/{rel}","templated":true}]}}