{"id":18454,"date":"2016-05-19T09:00:39","date_gmt":"2016-05-19T12:00:39","guid":{"rendered":"http:\/\/patagoniambiental.com.ar\/?p=18454"},"modified":"2016-05-19T09:00:39","modified_gmt":"2016-05-19T12:00:39","slug":"wildlife-photographer-of-the-year-las-100-mejores-fotos-de-naturaleza","status":"publish","type":"post","link":"https:\/\/patagoniambiental.com.ar\/info\/wildlife-photographer-of-the-year-las-100-mejores-fotos-de-naturaleza\/","title":{"rendered":"\u201cWildlife Photographer of The Year\u201d, las 100 mejores fotos de naturaleza"},"content":{"rendered":"<p class=\"entradilla\">BARCELONA.- La exposici\u00f3n \u00abWildlife Photographer of The Year\u00bb muestra en el CosmoCaixa de Barcelona, \u00a0las 100 fotograf\u00edas escogidas en un concurso como las mejores im\u00e1genes de naturaleza del 2015, para concienciar sobre la importancia de conservar la diversidad de especies en el planeta.<\/p>\n<p>El director del \u00c1rea de Investigaci\u00f3n y Conocimiento de la Fundaci\u00f3n \u201cla Caixa\u201d, Jordi Portabella, y el de CosmoCaixa, Llu\u00eds Noguera, han presentado la exposici\u00f3n, formada por 100 im\u00e1genes de naturaleza realizadas por fot\u00f3grafos aficionados y profesionales de un total de 96 pa\u00edses.<\/p>\n<p class=\"txt\">La muestra recoge las fotograf\u00edas seleccionadas en la \u00faltima edici\u00f3n del concurso anual de fotograf\u00eda de naturaleza organizado por el Museo de Historia Natural de Londres\u00a0y la revista BBC Wildlife Magazine, en el que se presentaron m\u00e1s de 42.000 instant\u00e1neas.<\/p>\n<p class=\"txt\">En esta edici\u00f3n, el ganador del premio Fot\u00f3grafo de Naturaleza del A\u00f1o 2015 ha sido Don Gutoski, mientras que el galard\u00f3n de Joven Fot\u00f3grafo de Naturaleza de 2015 se ha otorgado aOndrej Pel\u00e1nek, de 14 a\u00f1os de edad.<\/p>\n<p class=\"txt\">Gutoski ha recibido el premio por su fotograf\u00eda \u201cA tale of two foxes\u201d (Un cuento de dos zorros), que realiz\u00f3 tras ver que un zorro rojo cazaba un zorro \u00e1rtico en la nieve.<\/p>\n<p class=\"txt\">El fot\u00f3grafo permaneci\u00f3 inm\u00f3vil durante tres horas, con temperaturas de -30\u00b0 C, hasta que el zorro rojo, ya saciado, arrastr\u00f3 a su presa destripada para acabarla m\u00e1s adelante.<\/p>\n<p class=\"txt\">El presidente del jurado, Lewis Blackwell, ha explicado que la imagen fue escogida porque \u201cla escena tiene una gran fuerza simb\u00f3lica: los zorros rojos cazan cada vez m\u00e1s zorros \u00e1rticos como consecuencia del calentamiento global. Es la naturaleza, brutal y a la vez misteriosamente bella\u201d.<\/p>\n<p class=\"txt\">\u201cLas mejores fotograf\u00edas de la vida silvestre combinan el aprendizaje de cosas nuevas con la exploraci\u00f3n y el oportunismo, y esta escena es un ejemplo excelente de ello\u201d, ha a\u00f1adido Blackwell.<\/p>\n<p class=\"txt\">Por su parte, Pel\u00e1nek ha sido premiado por su imagen \u201cRuffs on display\u201d (Combatientes en escena), realizada en un viaje en el norte de Noruega en verano, cuando hay luz solar durante las veinticuatro horas del d\u00eda, para observar el comportamiento de las aves combatientes macho en \u00e9poca de apareamiento.<\/p>\n<p class=\"txt\">Blackwell ha explicado que \u201cesta imagen de combatientes machos ser\u00eda el equivalente al inicio de una pelea en una discoteca. La escena es simp\u00e1tica, pero no exactamente amorosa\u201d, a lo que ha a\u00f1adido que \u201cel jurado consider\u00f3 que hab\u00eda conseguido una imagen excepcional, llena de intensidad y elegancia\u201d.<\/p>\n<p class=\"txt\">El certamen defiende la autenticidad fotogr\u00e1fica y las representaciones fieles a la naturaleza, as\u00ed como la honestidad en los t\u00edtulos y las descripciones, la ausencia de retoques excesivos y el trato escrupuloso hacia los animales y su entorno, por lo que las im\u00e1genes participantes son evaluadas seg\u00fan estos par\u00e1metros.<\/p>\n<p class=\"txt\">De hecho, los archivos originales guardados en las c\u00e1maras tambi\u00e9n son examinados por el jurado para asegurar que las fotograf\u00edas cumplen con las normas.<\/p>\n<p class=\"txt\">El objetivo de la exposici\u00f3n es \u201cconcienciar de la importancia de conservar el rico patrimonio natural planeta\u201d, a la vez que pretende promover que las personas amantes de la fotograf\u00eda registren y documenten \u201clas maravillas y la belleza de la naturaleza\u201d. EFEverde<\/p>\n<div>\nFuente: EFE Verde<\/div>\n","protected":false},"excerpt":{"rendered":"<p>BARCELONA.- La exposici\u00f3n \u00abWildlife Photographer of The Year\u00bb muestra en el CosmoCaixa de Barcelona, \u00a0las 100 fotograf\u00edas escogidas en un [&hellip;]<\/p>\n","protected":false},"author":2,"featured_media":0,"comment_status":"closed","ping_status":"closed","sticky":false,"template":"","format":"standard","meta":{"site-sidebar-layout":"default","site-content-layout":"","ast-site-content-layout":"default","site-content-style":"default","site-sidebar-style":"default","ast-global-header-display":"","ast-banner-title-visibility":"","ast-main-header-display":"","ast-hfb-above-header-display":"","ast-hfb-below-header-display":"","ast-hfb-mobile-header-display":"","site-post-title":"","ast-breadcrumbs-content":"","ast-featured-img":"","footer-sml-layout":"","ast-disable-related-posts":"","theme-transparent-header-meta":"","adv-header-id-meta":"","stick-header-meta":"","header-above-stick-meta":"","header-main-stick-meta":"","header-below-stick-meta":"","astra-migrate-meta-layouts":"default","ast-page-background-enabled":"default","ast-page-background-meta":{"desktop":{"background-color":"var(--ast-global-color-5)","background-image":"","background-repeat":"repeat","background-position":"center center","background-size":"auto","background-attachment":"scroll","background-type":"","background-media":"","overlay-type":"","overlay-color":"","overlay-opacity":"","overlay-gradient":""},"tablet":{"background-color":"","background-image":"","background-repeat":"repeat","background-position":"center center","background-size":"auto","background-attachment":"scroll","background-type":"","background-media":"","overlay-type":"","overlay-color":"","overlay-opacity":"","overlay-gradient":""},"mobile":{"background-color":"","background-image":"","background-repeat":"repeat","background-position":"center center","background-size":"auto","background-attachment":"scroll","background-type":"","background-media":"","overlay-type":"","overlay-color":"","overlay-opacity":"","overlay-gradient":""}},"ast-content-background-meta":{"desktop":{"background-color":"var(--ast-global-color-4)","background-image":"","background-repeat":"repeat","background-position":"center center","background-size":"auto","background-attachment":"scroll","background-type":"","background-media":"","overlay-type":"","overlay-color":"","overlay-opacity":"","overlay-gradient":""},"tablet":{"background-color":"var(--ast-global-color-4)","background-image":"","background-repeat":"repeat","background-position":"center center","background-size":"auto","background-attachment":"scroll","background-type":"","background-media":"","overlay-type":"","overlay-color":"","overlay-opacity":"","overlay-gradient":""},"mobile":{"background-color":"var(--ast-global-color-4)","background-image":"","background-repeat":"repeat","background-position":"center center","background-size":"auto","background-attachment":"scroll","background-type":"","background-media":"","overlay-type":"","overlay-color":"","overlay-opacity":"","overlay-gradient":""}},"footnotes":""},"categories":[23,1],"tags":[],"class_list":["post-18454","post","type-post","status-publish","format-standard","hentry","category-internacionales","category-noticias"],"yoast_head":"<!-- This site is optimized with the Yoast SEO Premium plugin v23.0 (Yoast SEO v27.5) - https:\/\/yoast.com\/product\/yoast-seo-premium-wordpress\/ -->\n<title>\u201cWildlife Photographer of The Year\u201d, las 100 mejores fotos de naturaleza<\/title>\n<meta name=\"robots\" content=\"index, follow, max-snippet:-1, max-image-preview:large, max-video-preview:-1\" \/>\n<link rel=\"canonical\" href=\"https:\/\/patagoniambiental.com.ar\/info\/wildlife-photographer-of-the-year-las-100-mejores-fotos-de-naturaleza\/\" \/>\n<meta property=\"og:locale\" content=\"es_ES\" \/>\n<meta property=\"og:type\" content=\"article\" \/>\n<meta property=\"og:title\" content=\"\u201cWildlife Photographer of The Year\u201d, las 100 mejores fotos de naturaleza\" \/>\n<meta property=\"og:description\" content=\"BARCELONA.- La exposici\u00f3n \u00abWildlife Photographer of The Year\u00bb muestra en el CosmoCaixa de Barcelona, \u00a0las 100 fotograf\u00edas escogidas en un [&hellip;]\" \/>\n<meta property=\"og:url\" content=\"https:\/\/patagoniambiental.com.ar\/info\/wildlife-photographer-of-the-year-las-100-mejores-fotos-de-naturaleza\/\" \/>\n<meta property=\"og:site_name\" content=\"Patagonia Ambiental\" \/>\n<meta property=\"article:publisher\" content=\"https:\/\/www.facebook.com\/patagonia.ambiental\" \/>\n<meta property=\"article:author\" content=\"https:\/\/www.facebook.com\/share\/1C1V8Gv9BX\/?mibextid=qi2Omg\" \/>\n<meta property=\"article:published_time\" content=\"2016-05-19T12:00:39+00:00\" \/>\n<meta name=\"author\" content=\"Patagonia Ambiental\" \/>\n<meta name=\"twitter:card\" content=\"summary_large_image\" \/>\n<meta name=\"twitter:creator\" content=\"@PatAmb\" \/>\n<meta name=\"twitter:site\" content=\"@PatAmb\" \/>\n<script type=\"application\/ld+json\" class=\"yoast-schema-graph\">{\"@context\":\"https:\\\/\\\/schema.org\",\"@graph\":[{\"@type\":\"Article\",\"@id\":\"https:\\\/\\\/patagoniambiental.com.ar\\\/info\\\/wildlife-photographer-of-the-year-las-100-mejores-fotos-de-naturaleza\\\/#article\",\"isPartOf\":{\"@id\":\"https:\\\/\\\/patagoniambiental.com.ar\\\/info\\\/wildlife-photographer-of-the-year-las-100-mejores-fotos-de-naturaleza\\\/\"},\"author\":{\"name\":\"Patagonia Ambiental\",\"@id\":\"https:\\\/\\\/patagoniambiental.com.ar\\\/info\\\/#\\\/schema\\\/person\\\/db12bff64bbcbf6a253710bf0ea37b5d\"},\"headline\":\"\u201cWildlife Photographer of The Year\u201d, las 100 mejores fotos de naturaleza\",\"datePublished\":\"2016-05-19T12:00:39+00:00\",\"mainEntityOfPage\":{\"@id\":\"https:\\\/\\\/patagoniambiental.com.ar\\\/info\\\/wildlife-photographer-of-the-year-las-100-mejores-fotos-de-naturaleza\\\/\"},\"wordCount\":568,\"publisher\":{\"@id\":\"https:\\\/\\\/patagoniambiental.com.ar\\\/info\\\/#organization\"},\"articleSection\":[\"Internacionales\",\"Noticias\"],\"inLanguage\":\"es\"},{\"@type\":\"WebPage\",\"@id\":\"https:\\\/\\\/patagoniambiental.com.ar\\\/info\\\/wildlife-photographer-of-the-year-las-100-mejores-fotos-de-naturaleza\\\/\",\"url\":\"https:\\\/\\\/patagoniambiental.com.ar\\\/info\\\/wildlife-photographer-of-the-year-las-100-mejores-fotos-de-naturaleza\\\/\",\"name\":\"\u201cWildlife Photographer of The Year\u201d, las 100 mejores fotos de naturaleza\",\"isPartOf\":{\"@id\":\"https:\\\/\\\/patagoniambiental.com.ar\\\/info\\\/#website\"},\"datePublished\":\"2016-05-19T12:00:39+00:00\",\"breadcrumb\":{\"@id\":\"https:\\\/\\\/patagoniambiental.com.ar\\\/info\\\/wildlife-photographer-of-the-year-las-100-mejores-fotos-de-naturaleza\\\/#breadcrumb\"},\"inLanguage\":\"es\",\"potentialAction\":[{\"@type\":\"ReadAction\",\"target\":[\"https:\\\/\\\/patagoniambiental.com.ar\\\/info\\\/wildlife-photographer-of-the-year-las-100-mejores-fotos-de-naturaleza\\\/\"]}]},{\"@type\":\"BreadcrumbList\",\"@id\":\"https:\\\/\\\/patagoniambiental.com.ar\\\/info\\\/wildlife-photographer-of-the-year-las-100-mejores-fotos-de-naturaleza\\\/#breadcrumb\",\"itemListElement\":[{\"@type\":\"ListItem\",\"position\":1,\"name\":\"Inicio\",\"item\":\"https:\\\/\\\/patagoniambiental.com.ar\\\/info\\\/\"},{\"@type\":\"ListItem\",\"position\":2,\"name\":\"\u201cWildlife Photographer of The Year\u201d, las 100 mejores fotos de naturaleza\"}]},{\"@type\":\"WebSite\",\"@id\":\"https:\\\/\\\/patagoniambiental.com.ar\\\/info\\\/#website\",\"url\":\"https:\\\/\\\/patagoniambiental.com.ar\\\/info\\\/\",\"name\":\"Patagonia Ambiental\",\"description\":\"Monitoreo y an\u00e1lisis de la situaci\u00f3n geopol\u00edtica en el mundo y su implicancia en la Patagonia\",\"publisher\":{\"@id\":\"https:\\\/\\\/patagoniambiental.com.ar\\\/info\\\/#organization\"},\"potentialAction\":[{\"@type\":\"SearchAction\",\"target\":{\"@type\":\"EntryPoint\",\"urlTemplate\":\"https:\\\/\\\/patagoniambiental.com.ar\\\/info\\\/?s={search_term_string}\"},\"query-input\":{\"@type\":\"PropertyValueSpecification\",\"valueRequired\":true,\"valueName\":\"search_term_string\"}}],\"inLanguage\":\"es\"},{\"@type\":\"Organization\",\"@id\":\"https:\\\/\\\/patagoniambiental.com.ar\\\/info\\\/#organization\",\"name\":\"Patagonia Ambiental\",\"url\":\"https:\\\/\\\/patagoniambiental.com.ar\\\/info\\\/\",\"logo\":{\"@type\":\"ImageObject\",\"inLanguage\":\"es\",\"@id\":\"https:\\\/\\\/patagoniambiental.com.ar\\\/info\\\/#\\\/schema\\\/logo\\\/image\\\/\",\"url\":\"https:\\\/\\\/patagoniambiental.com.ar\\\/info\\\/wp-content\\\/uploads\\\/2025\\\/05\\\/LOGO-PATAGONIA-AMBIENTAL.png\",\"contentUrl\":\"https:\\\/\\\/patagoniambiental.com.ar\\\/info\\\/wp-content\\\/uploads\\\/2025\\\/05\\\/LOGO-PATAGONIA-AMBIENTAL.png\",\"width\":433,\"height\":250,\"caption\":\"Patagonia Ambiental\"},\"image\":{\"@id\":\"https:\\\/\\\/patagoniambiental.com.ar\\\/info\\\/#\\\/schema\\\/logo\\\/image\\\/\"},\"sameAs\":[\"https:\\\/\\\/www.facebook.com\\\/patagonia.ambiental\",\"https:\\\/\\\/x.com\\\/PatAmb\"]},{\"@type\":\"Person\",\"@id\":\"https:\\\/\\\/patagoniambiental.com.ar\\\/info\\\/#\\\/schema\\\/person\\\/db12bff64bbcbf6a253710bf0ea37b5d\",\"name\":\"Patagonia Ambiental\",\"description\":\"Andr\u00e9s Nievas T\u00e9cnico en manejo ambiental, consultor Ambiental y escritor para medios locales e internacionales sobre temas de geopolitica y medio ambiente.\",\"sameAs\":[\"http:\\\/\\\/www.patagoniambiental.com.ar\",\"https:\\\/\\\/www.facebook.com\\\/share\\\/1C1V8Gv9BX\\\/?mibextid=qi2Omg\",\"@patagoniambiental\",\"https:\\\/\\\/youtube.com\\\/@patagoniaambiental2023?si=BLt58t0wuXquxlYZ\"]}]}<\/script>\n<!-- \/ Yoast SEO Premium plugin. -->","yoast_head_json":{"title":"\u201cWildlife Photographer of The Year\u201d, las 100 mejores fotos de naturaleza","robots":{"index":"index","follow":"follow","max-snippet":"max-snippet:-1","max-image-preview":"max-image-preview:large","max-video-preview":"max-video-preview:-1"},"canonical":"https:\/\/patagoniambiental.com.ar\/info\/wildlife-photographer-of-the-year-las-100-mejores-fotos-de-naturaleza\/","og_locale":"es_ES","og_type":"article","og_title":"\u201cWildlife Photographer of The Year\u201d, las 100 mejores fotos de naturaleza","og_description":"BARCELONA.- La exposici\u00f3n \u00abWildlife Photographer of The Year\u00bb muestra en el CosmoCaixa de Barcelona, \u00a0las 100 fotograf\u00edas escogidas en un [&hellip;]","og_url":"https:\/\/patagoniambiental.com.ar\/info\/wildlife-photographer-of-the-year-las-100-mejores-fotos-de-naturaleza\/","og_site_name":"Patagonia Ambiental","article_publisher":"https:\/\/www.facebook.com\/patagonia.ambiental","article_author":"https:\/\/www.facebook.com\/share\/1C1V8Gv9BX\/?mibextid=qi2Omg","article_published_time":"2016-05-19T12:00:39+00:00","author":"Patagonia Ambiental","twitter_card":"summary_large_image","twitter_creator":"@PatAmb","twitter_site":"@PatAmb","schema":{"@context":"https:\/\/schema.org","@graph":[{"@type":"Article","@id":"https:\/\/patagoniambiental.com.ar\/info\/wildlife-photographer-of-the-year-las-100-mejores-fotos-de-naturaleza\/#article","isPartOf":{"@id":"https:\/\/patagoniambiental.com.ar\/info\/wildlife-photographer-of-the-year-las-100-mejores-fotos-de-naturaleza\/"},"author":{"name":"Patagonia Ambiental","@id":"https:\/\/patagoniambiental.com.ar\/info\/#\/schema\/person\/db12bff64bbcbf6a253710bf0ea37b5d"},"headline":"\u201cWildlife Photographer of The Year\u201d, las 100 mejores fotos de naturaleza","datePublished":"2016-05-19T12:00:39+00:00","mainEntityOfPage":{"@id":"https:\/\/patagoniambiental.com.ar\/info\/wildlife-photographer-of-the-year-las-100-mejores-fotos-de-naturaleza\/"},"wordCount":568,"publisher":{"@id":"https:\/\/patagoniambiental.com.ar\/info\/#organization"},"articleSection":["Internacionales","Noticias"],"inLanguage":"es"},{"@type":"WebPage","@id":"https:\/\/patagoniambiental.com.ar\/info\/wildlife-photographer-of-the-year-las-100-mejores-fotos-de-naturaleza\/","url":"https:\/\/patagoniambiental.com.ar\/info\/wildlife-photographer-of-the-year-las-100-mejores-fotos-de-naturaleza\/","name":"\u201cWildlife Photographer of The Year\u201d, las 100 mejores fotos de naturaleza","isPartOf":{"@id":"https:\/\/patagoniambiental.com.ar\/info\/#website"},"datePublished":"2016-05-19T12:00:39+00:00","breadcrumb":{"@id":"https:\/\/patagoniambiental.com.ar\/info\/wildlife-photographer-of-the-year-las-100-mejores-fotos-de-naturaleza\/#breadcrumb"},"inLanguage":"es","potentialAction":[{"@type":"ReadAction","target":["https:\/\/patagoniambiental.com.ar\/info\/wildlife-photographer-of-the-year-las-100-mejores-fotos-de-naturaleza\/"]}]},{"@type":"BreadcrumbList","@id":"https:\/\/patagoniambiental.com.ar\/info\/wildlife-photographer-of-the-year-las-100-mejores-fotos-de-naturaleza\/#breadcrumb","itemListElement":[{"@type":"ListItem","position":1,"name":"Inicio","item":"https:\/\/patagoniambiental.com.ar\/info\/"},{"@type":"ListItem","position":2,"name":"\u201cWildlife Photographer of The Year\u201d, las 100 mejores fotos de naturaleza"}]},{"@type":"WebSite","@id":"https:\/\/patagoniambiental.com.ar\/info\/#website","url":"https:\/\/patagoniambiental.com.ar\/info\/","name":"Patagonia Ambiental","description":"Monitoreo y an\u00e1lisis de la situaci\u00f3n geopol\u00edtica en el mundo y su implicancia en la Patagonia","publisher":{"@id":"https:\/\/patagoniambiental.com.ar\/info\/#organization"},"potentialAction":[{"@type":"SearchAction","target":{"@type":"EntryPoint","urlTemplate":"https:\/\/patagoniambiental.com.ar\/info\/?s={search_term_string}"},"query-input":{"@type":"PropertyValueSpecification","valueRequired":true,"valueName":"search_term_string"}}],"inLanguage":"es"},{"@type":"Organization","@id":"https:\/\/patagoniambiental.com.ar\/info\/#organization","name":"Patagonia Ambiental","url":"https:\/\/patagoniambiental.com.ar\/info\/","logo":{"@type":"ImageObject","inLanguage":"es","@id":"https:\/\/patagoniambiental.com.ar\/info\/#\/schema\/logo\/image\/","url":"https:\/\/patagoniambiental.com.ar\/info\/wp-content\/uploads\/2025\/05\/LOGO-PATAGONIA-AMBIENTAL.png","contentUrl":"https:\/\/patagoniambiental.com.ar\/info\/wp-content\/uploads\/2025\/05\/LOGO-PATAGONIA-AMBIENTAL.png","width":433,"height":250,"caption":"Patagonia Ambiental"},"image":{"@id":"https:\/\/patagoniambiental.com.ar\/info\/#\/schema\/logo\/image\/"},"sameAs":["https:\/\/www.facebook.com\/patagonia.ambiental","https:\/\/x.com\/PatAmb"]},{"@type":"Person","@id":"https:\/\/patagoniambiental.com.ar\/info\/#\/schema\/person\/db12bff64bbcbf6a253710bf0ea37b5d","name":"Patagonia Ambiental","description":"Andr\u00e9s Nievas T\u00e9cnico en manejo ambiental, consultor Ambiental y escritor para medios locales e internacionales sobre temas de geopolitica y medio ambiente.","sameAs":["http:\/\/www.patagoniambiental.com.ar","https:\/\/www.facebook.com\/share\/1C1V8Gv9BX\/?mibextid=qi2Omg","@patagoniambiental","https:\/\/youtube.com\/@patagoniaambiental2023?si=BLt58t0wuXquxlYZ"]}]}},"_links":{"self":[{"href":"https:\/\/patagoniambiental.com.ar\/info\/wp-json\/wp\/v2\/posts\/18454","targetHints":{"allow":["GET"]}}],"collection":[{"href":"https:\/\/patagoniambiental.com.ar\/info\/wp-json\/wp\/v2\/posts"}],"about":[{"href":"https:\/\/patagoniambiental.com.ar\/info\/wp-json\/wp\/v2\/types\/post"}],"author":[{"embeddable":true,"href":"https:\/\/patagoniambiental.com.ar\/info\/wp-json\/wp\/v2\/users\/2"}],"replies":[{"embeddable":true,"href":"https:\/\/patagoniambiental.com.ar\/info\/wp-json\/wp\/v2\/comments?post=18454"}],"version-history":[{"count":0,"href":"https:\/\/patagoniambiental.com.ar\/info\/wp-json\/wp\/v2\/posts\/18454\/revisions"}],"wp:attachment":[{"href":"https:\/\/patagoniambiental.com.ar\/info\/wp-json\/wp\/v2\/media?parent=18454"}],"wp:term":[{"taxonomy":"category","embeddable":true,"href":"https:\/\/patagoniambiental.com.ar\/info\/wp-json\/wp\/v2\/categories?post=18454"},{"taxonomy":"post_tag","embeddable":true,"href":"https:\/\/patagoniambiental.com.ar\/info\/wp-json\/wp\/v2\/tags?post=18454"}],"curies":[{"name":"wp","href":"https:\/\/api.w.org\/{rel}","templated":true}]}}