{"id":18470,"date":"2016-05-20T09:19:14","date_gmt":"2016-05-20T12:19:14","guid":{"rendered":"http:\/\/patagoniambiental.com.ar\/?p=18470"},"modified":"2016-05-20T09:19:14","modified_gmt":"2016-05-20T12:19:14","slug":"rio-negro-analizaron-acciones-tendientes-a-evaluar-la-contaminacion-del-rio-negro-2","status":"publish","type":"post","link":"https:\/\/patagoniambiental.com.ar\/info\/rio-negro-analizaron-acciones-tendientes-a-evaluar-la-contaminacion-del-rio-negro-2\/","title":{"rendered":"R\u00edo Negro: Analizaron acciones tendientes a evaluar la contaminaci\u00f3n del r\u00edo Negro"},"content":{"rendered":"<p align=\"JUSTIFY\">VIEDMA. &#8211; En una reuni\u00f3n que mantuvieron el vicegobernador Pedro Pesatti, el legislador Jorge Ocampos, el superintendente del Departamento Provincial de Aguas, Fernando Curetti y el subsecretario de Ambiente y Desarrollo Sustentable, Guillermo Ceballos, se expusieron las obras necesarias para el saneamiento del r\u00edo Negro.<\/p>\n<p align=\"JUSTIFY\"><img decoding=\"async\" class=\"x_wp-more-tag x_mce-wp-more\" title=\"Leer m\u00e1s...\" src=\"https:\/\/attachment.outlook.office.net\/owa\/solgvaulet@hotmail.com\/service.svc\/s\/GetFileAttachment?id=AQMkADAwATY0MDABLWE3YjAtMjVjNy0wMAItMDAKAEYAAANI%2BomUOuF9R7B3eREWHfmYBwCGRTWhlNQiTJgWdwI%2FdGFMAAACAQwAAACGRTWhlNQiTJgWdwI%2FdGFMAAAAH3XLlgAAAAESABAAMosRvYpnCkWzWgBTwYjVWQ%3D%3D&amp;X-OWA-CANARY=IgzPZ7sLqkWuMSVEjDNg9VBxgTCogNMYMySNTtCO_EgHuj3wQyYD8yDsrvJnpOOAw8BYPafAlcw.&amp;token=7072dc7e-1f9f-4b64-8508-026a88608de1&amp;owa=outlook.live.com\" alt=\"\" data-custom=\"AQMkADAwATY0MDABLWE3YjAtMjVjNy0wMAItMDAKAEYAAANI%2BomUOuF9R7B3eREWHfmYBwCGRTWhlNQiTJgWdwI%2FdGFMAAACAQwAAACGRTWhlNQiTJgWdwI%2FdGFMAAAAH3XLlgAAAAESABAAMosRvYpnCkWzWgBTwYjVWQ%3D%3D\" \/>El encuentro se propici\u00f3 por solicitud del legislador Ocampos, con la intenci\u00f3n de analizar la situaci\u00f3n del r\u00edo Negro ante informaci\u00f3n que transcendi\u00f3 durante los \u00faltimos d\u00edas.<\/p>\n<p align=\"JUSTIFY\">Curetti detall\u00f3 que para dar una soluci\u00f3n de fondo a algunos problemas que tiene el r\u00edo en distintas partes de su cause es necesario aplicar un \u00abplan director\u00bb en toda la provincia, para lo que resulta necesario hacer gestiones a nivel nacional en busca del financiamiento correspondiente.<\/p>\n<p align=\"JUSTIFY\">Adem\u00e1s, se realiz\u00f3 un an\u00e1lisis de las obras necesarias en la zona del r\u00edo cercana a Cipolletti, que es donde el cause presenta mayores dificultades para el control y saneamiento. En ese sector se requiere una nueva central depuradora y nueva infraestructura para sanear la cuenca. Se inform\u00f3 que la provincia ya inici\u00f3 gestiones ante el Consejo Federal de Inversiones (CFI) en busca de fondos.<\/p>\n<p align=\"JUSTIFY\">Con respecto a los controles, se explic\u00f3 como funciona el protocolo de muestreos y peritajes. Se propuso, en virtud de los estudios que han realizado distintas asesor\u00edas periciales, hacer nuevos estudios en los que participen distintos laboratorios y peritos para establecer si son coincidentes.<\/p>\n<p align=\"JUSTIFY\">Adem\u00e1s, se acord\u00f3 realizar acciones conjuntas de control, con todas las partes interesadas, y se destac\u00f3 la importancia de desarrollar una campa\u00f1a de concientizaci\u00f3n para el conjunto de la sociedad.<\/p>\n<p align=\"JUSTIFY\">Fuente: Legislatura de R\u00edo Negro<\/p>\n","protected":false},"excerpt":{"rendered":"<p>VIEDMA. &#8211; En una reuni\u00f3n que mantuvieron el vicegobernador Pedro Pesatti, el legislador Jorge Ocampos, el superintendente del Departamento Provincial [&hellip;]<\/p>\n","protected":false},"author":2,"featured_media":0,"comment_status":"closed","ping_status":"closed","sticky":false,"template":"","format":"standard","meta":{"site-sidebar-layout":"default","site-content-layout":"","ast-site-content-layout":"default","site-content-style":"default","site-sidebar-style":"default","ast-global-header-display":"","ast-banner-title-visibility":"","ast-main-header-display":"","ast-hfb-above-header-display":"","ast-hfb-below-header-display":"","ast-hfb-mobile-header-display":"","site-post-title":"","ast-breadcrumbs-content":"","ast-featured-img":"","footer-sml-layout":"","ast-disable-related-posts":"","theme-transparent-header-meta":"","adv-header-id-meta":"","stick-header-meta":"","header-above-stick-meta":"","header-main-stick-meta":"","header-below-stick-meta":"","astra-migrate-meta-layouts":"default","ast-page-background-enabled":"default","ast-page-background-meta":{"desktop":{"background-color":"var(--ast-global-color-5)","background-image":"","background-repeat":"repeat","background-position":"center center","background-size":"auto","background-attachment":"scroll","background-type":"","background-media":"","overlay-type":"","overlay-color":"","overlay-opacity":"","overlay-gradient":""},"tablet":{"background-color":"","background-image":"","background-repeat":"repeat","background-position":"center center","background-size":"auto","background-attachment":"scroll","background-type":"","background-media":"","overlay-type":"","overlay-color":"","overlay-opacity":"","overlay-gradient":""},"mobile":{"background-color":"","background-image":"","background-repeat":"repeat","background-position":"center center","background-size":"auto","background-attachment":"scroll","background-type":"","background-media":"","overlay-type":"","overlay-color":"","overlay-opacity":"","overlay-gradient":""}},"ast-content-background-meta":{"desktop":{"background-color":"var(--ast-global-color-4)","background-image":"","background-repeat":"repeat","background-position":"center center","background-size":"auto","background-attachment":"scroll","background-type":"","background-media":"","overlay-type":"","overlay-color":"","overlay-opacity":"","overlay-gradient":""},"tablet":{"background-color":"var(--ast-global-color-4)","background-image":"","background-repeat":"repeat","background-position":"center center","background-size":"auto","background-attachment":"scroll","background-type":"","background-media":"","overlay-type":"","overlay-color":"","overlay-opacity":"","overlay-gradient":""},"mobile":{"background-color":"var(--ast-global-color-4)","background-image":"","background-repeat":"repeat","background-position":"center center","background-size":"auto","background-attachment":"scroll","background-type":"","background-media":"","overlay-type":"","overlay-color":"","overlay-opacity":"","overlay-gradient":""}},"footnotes":""},"categories":[1,13,14],"tags":[],"class_list":["post-18470","post","type-post","status-publish","format-standard","hentry","category-noticias","category-provinciales","category-rio-negro"],"yoast_head":"<!-- This site is optimized with the Yoast SEO Premium plugin v23.0 (Yoast SEO v27.5) - https:\/\/yoast.com\/product\/yoast-seo-premium-wordpress\/ -->\n<title>R\u00edo Negro: Analizaron acciones tendientes a evaluar la contaminaci\u00f3n del r\u00edo Negro<\/title>\n<meta name=\"robots\" content=\"index, follow, max-snippet:-1, max-image-preview:large, max-video-preview:-1\" \/>\n<link rel=\"canonical\" href=\"https:\/\/patagoniambiental.com.ar\/info\/rio-negro-analizaron-acciones-tendientes-a-evaluar-la-contaminacion-del-rio-negro-2\/\" \/>\n<meta property=\"og:locale\" content=\"es_ES\" \/>\n<meta property=\"og:type\" content=\"article\" \/>\n<meta property=\"og:title\" content=\"R\u00edo Negro: Analizaron acciones tendientes a evaluar la contaminaci\u00f3n del r\u00edo Negro\" \/>\n<meta property=\"og:description\" content=\"VIEDMA. &#8211; En una reuni\u00f3n que mantuvieron el vicegobernador Pedro Pesatti, el legislador Jorge Ocampos, el superintendente del Departamento Provincial [&hellip;]\" \/>\n<meta property=\"og:url\" content=\"https:\/\/patagoniambiental.com.ar\/info\/rio-negro-analizaron-acciones-tendientes-a-evaluar-la-contaminacion-del-rio-negro-2\/\" \/>\n<meta property=\"og:site_name\" content=\"Patagonia Ambiental\" \/>\n<meta property=\"article:publisher\" content=\"https:\/\/www.facebook.com\/patagonia.ambiental\" \/>\n<meta property=\"article:author\" content=\"https:\/\/www.facebook.com\/share\/1C1V8Gv9BX\/?mibextid=qi2Omg\" \/>\n<meta property=\"article:published_time\" content=\"2016-05-20T12:19:14+00:00\" \/>\n<meta property=\"og:image\" content=\"https:\/\/attachment.outlook.office.net\/owa\/solgvaulet@hotmail.com\/service.svc\/s\/GetFileAttachment?id=AQMkADAwATY0MDABLWE3YjAtMjVjNy0wMAItMDAKAEYAAANI%2BomUOuF9R7B3eREWHfmYBwCGRTWhlNQiTJgWdwI%2FdGFMAAACAQwAAACGRTWhlNQiTJgWdwI%2FdGFMAAAAH3XLlgAAAAESABAAMosRvYpnCkWzWgBTwYjVWQ%3D%3D&amp;X-OWA-CANARY=IgzPZ7sLqkWuMSVEjDNg9VBxgTCogNMYMySNTtCO_EgHuj3wQyYD8yDsrvJnpOOAw8BYPafAlcw.&amp;token=7072dc7e-1f9f-4b64-8508-026a88608de1&amp;owa=outlook.live.com\" \/>\n<meta name=\"author\" content=\"Patagonia Ambiental\" \/>\n<meta name=\"twitter:card\" content=\"summary_large_image\" \/>\n<meta name=\"twitter:creator\" content=\"@PatAmb\" \/>\n<meta name=\"twitter:site\" content=\"@PatAmb\" \/>\n<script type=\"application\/ld+json\" class=\"yoast-schema-graph\">{\"@context\":\"https:\\\/\\\/schema.org\",\"@graph\":[{\"@type\":\"Article\",\"@id\":\"https:\\\/\\\/patagoniambiental.com.ar\\\/info\\\/rio-negro-analizaron-acciones-tendientes-a-evaluar-la-contaminacion-del-rio-negro-2\\\/#article\",\"isPartOf\":{\"@id\":\"https:\\\/\\\/patagoniambiental.com.ar\\\/info\\\/rio-negro-analizaron-acciones-tendientes-a-evaluar-la-contaminacion-del-rio-negro-2\\\/\"},\"author\":{\"name\":\"Patagonia Ambiental\",\"@id\":\"https:\\\/\\\/patagoniambiental.com.ar\\\/info\\\/#\\\/schema\\\/person\\\/db12bff64bbcbf6a253710bf0ea37b5d\"},\"headline\":\"R\u00edo Negro: Analizaron acciones tendientes a evaluar la contaminaci\u00f3n del r\u00edo Negro\",\"datePublished\":\"2016-05-20T12:19:14+00:00\",\"mainEntityOfPage\":{\"@id\":\"https:\\\/\\\/patagoniambiental.com.ar\\\/info\\\/rio-negro-analizaron-acciones-tendientes-a-evaluar-la-contaminacion-del-rio-negro-2\\\/\"},\"wordCount\":295,\"publisher\":{\"@id\":\"https:\\\/\\\/patagoniambiental.com.ar\\\/info\\\/#organization\"},\"image\":{\"@id\":\"https:\\\/\\\/patagoniambiental.com.ar\\\/info\\\/rio-negro-analizaron-acciones-tendientes-a-evaluar-la-contaminacion-del-rio-negro-2\\\/#primaryimage\"},\"thumbnailUrl\":\"https:\\\/\\\/attachment.outlook.office.net\\\/owa\\\/solgvaulet@hotmail.com\\\/service.svc\\\/s\\\/GetFileAttachment?id=AQMkADAwATY0MDABLWE3YjAtMjVjNy0wMAItMDAKAEYAAANI%2BomUOuF9R7B3eREWHfmYBwCGRTWhlNQiTJgWdwI%2FdGFMAAACAQwAAACGRTWhlNQiTJgWdwI%2FdGFMAAAAH3XLlgAAAAESABAAMosRvYpnCkWzWgBTwYjVWQ%3D%3D&amp;X-OWA-CANARY=IgzPZ7sLqkWuMSVEjDNg9VBxgTCogNMYMySNTtCO_EgHuj3wQyYD8yDsrvJnpOOAw8BYPafAlcw.&amp;token=7072dc7e-1f9f-4b64-8508-026a88608de1&amp;owa=outlook.live.com\",\"articleSection\":[\"Noticias\",\"Provinciales\",\"R\u00edo Negro\"],\"inLanguage\":\"es\"},{\"@type\":\"WebPage\",\"@id\":\"https:\\\/\\\/patagoniambiental.com.ar\\\/info\\\/rio-negro-analizaron-acciones-tendientes-a-evaluar-la-contaminacion-del-rio-negro-2\\\/\",\"url\":\"https:\\\/\\\/patagoniambiental.com.ar\\\/info\\\/rio-negro-analizaron-acciones-tendientes-a-evaluar-la-contaminacion-del-rio-negro-2\\\/\",\"name\":\"R\u00edo Negro: Analizaron acciones tendientes a evaluar la contaminaci\u00f3n del r\u00edo Negro\",\"isPartOf\":{\"@id\":\"https:\\\/\\\/patagoniambiental.com.ar\\\/info\\\/#website\"},\"primaryImageOfPage\":{\"@id\":\"https:\\\/\\\/patagoniambiental.com.ar\\\/info\\\/rio-negro-analizaron-acciones-tendientes-a-evaluar-la-contaminacion-del-rio-negro-2\\\/#primaryimage\"},\"image\":{\"@id\":\"https:\\\/\\\/patagoniambiental.com.ar\\\/info\\\/rio-negro-analizaron-acciones-tendientes-a-evaluar-la-contaminacion-del-rio-negro-2\\\/#primaryimage\"},\"thumbnailUrl\":\"https:\\\/\\\/attachment.outlook.office.net\\\/owa\\\/solgvaulet@hotmail.com\\\/service.svc\\\/s\\\/GetFileAttachment?id=AQMkADAwATY0MDABLWE3YjAtMjVjNy0wMAItMDAKAEYAAANI%2BomUOuF9R7B3eREWHfmYBwCGRTWhlNQiTJgWdwI%2FdGFMAAACAQwAAACGRTWhlNQiTJgWdwI%2FdGFMAAAAH3XLlgAAAAESABAAMosRvYpnCkWzWgBTwYjVWQ%3D%3D&amp;X-OWA-CANARY=IgzPZ7sLqkWuMSVEjDNg9VBxgTCogNMYMySNTtCO_EgHuj3wQyYD8yDsrvJnpOOAw8BYPafAlcw.&amp;token=7072dc7e-1f9f-4b64-8508-026a88608de1&amp;owa=outlook.live.com\",\"datePublished\":\"2016-05-20T12:19:14+00:00\",\"breadcrumb\":{\"@id\":\"https:\\\/\\\/patagoniambiental.com.ar\\\/info\\\/rio-negro-analizaron-acciones-tendientes-a-evaluar-la-contaminacion-del-rio-negro-2\\\/#breadcrumb\"},\"inLanguage\":\"es\",\"potentialAction\":[{\"@type\":\"ReadAction\",\"target\":[\"https:\\\/\\\/patagoniambiental.com.ar\\\/info\\\/rio-negro-analizaron-acciones-tendientes-a-evaluar-la-contaminacion-del-rio-negro-2\\\/\"]}]},{\"@type\":\"ImageObject\",\"inLanguage\":\"es\",\"@id\":\"https:\\\/\\\/patagoniambiental.com.ar\\\/info\\\/rio-negro-analizaron-acciones-tendientes-a-evaluar-la-contaminacion-del-rio-negro-2\\\/#primaryimage\",\"url\":\"https:\\\/\\\/attachment.outlook.office.net\\\/owa\\\/solgvaulet@hotmail.com\\\/service.svc\\\/s\\\/GetFileAttachment?id=AQMkADAwATY0MDABLWE3YjAtMjVjNy0wMAItMDAKAEYAAANI%2BomUOuF9R7B3eREWHfmYBwCGRTWhlNQiTJgWdwI%2FdGFMAAACAQwAAACGRTWhlNQiTJgWdwI%2FdGFMAAAAH3XLlgAAAAESABAAMosRvYpnCkWzWgBTwYjVWQ%3D%3D&amp;X-OWA-CANARY=IgzPZ7sLqkWuMSVEjDNg9VBxgTCogNMYMySNTtCO_EgHuj3wQyYD8yDsrvJnpOOAw8BYPafAlcw.&amp;token=7072dc7e-1f9f-4b64-8508-026a88608de1&amp;owa=outlook.live.com\",\"contentUrl\":\"https:\\\/\\\/attachment.outlook.office.net\\\/owa\\\/solgvaulet@hotmail.com\\\/service.svc\\\/s\\\/GetFileAttachment?id=AQMkADAwATY0MDABLWE3YjAtMjVjNy0wMAItMDAKAEYAAANI%2BomUOuF9R7B3eREWHfmYBwCGRTWhlNQiTJgWdwI%2FdGFMAAACAQwAAACGRTWhlNQiTJgWdwI%2FdGFMAAAAH3XLlgAAAAESABAAMosRvYpnCkWzWgBTwYjVWQ%3D%3D&amp;X-OWA-CANARY=IgzPZ7sLqkWuMSVEjDNg9VBxgTCogNMYMySNTtCO_EgHuj3wQyYD8yDsrvJnpOOAw8BYPafAlcw.&amp;token=7072dc7e-1f9f-4b64-8508-026a88608de1&amp;owa=outlook.live.com\"},{\"@type\":\"BreadcrumbList\",\"@id\":\"https:\\\/\\\/patagoniambiental.com.ar\\\/info\\\/rio-negro-analizaron-acciones-tendientes-a-evaluar-la-contaminacion-del-rio-negro-2\\\/#breadcrumb\",\"itemListElement\":[{\"@type\":\"ListItem\",\"position\":1,\"name\":\"Inicio\",\"item\":\"https:\\\/\\\/patagoniambiental.com.ar\\\/info\\\/\"},{\"@type\":\"ListItem\",\"position\":2,\"name\":\"R\u00edo Negro: Analizaron acciones tendientes a evaluar la contaminaci\u00f3n del r\u00edo Negro\"}]},{\"@type\":\"WebSite\",\"@id\":\"https:\\\/\\\/patagoniambiental.com.ar\\\/info\\\/#website\",\"url\":\"https:\\\/\\\/patagoniambiental.com.ar\\\/info\\\/\",\"name\":\"Patagonia Ambiental\",\"description\":\"Monitoreo y an\u00e1lisis de la situaci\u00f3n geopol\u00edtica en el mundo y su implicancia en la Patagonia\",\"publisher\":{\"@id\":\"https:\\\/\\\/patagoniambiental.com.ar\\\/info\\\/#organization\"},\"potentialAction\":[{\"@type\":\"SearchAction\",\"target\":{\"@type\":\"EntryPoint\",\"urlTemplate\":\"https:\\\/\\\/patagoniambiental.com.ar\\\/info\\\/?s={search_term_string}\"},\"query-input\":{\"@type\":\"PropertyValueSpecification\",\"valueRequired\":true,\"valueName\":\"search_term_string\"}}],\"inLanguage\":\"es\"},{\"@type\":\"Organization\",\"@id\":\"https:\\\/\\\/patagoniambiental.com.ar\\\/info\\\/#organization\",\"name\":\"Patagonia Ambiental\",\"url\":\"https:\\\/\\\/patagoniambiental.com.ar\\\/info\\\/\",\"logo\":{\"@type\":\"ImageObject\",\"inLanguage\":\"es\",\"@id\":\"https:\\\/\\\/patagoniambiental.com.ar\\\/info\\\/#\\\/schema\\\/logo\\\/image\\\/\",\"url\":\"https:\\\/\\\/patagoniambiental.com.ar\\\/info\\\/wp-content\\\/uploads\\\/2025\\\/05\\\/LOGO-PATAGONIA-AMBIENTAL.png\",\"contentUrl\":\"https:\\\/\\\/patagoniambiental.com.ar\\\/info\\\/wp-content\\\/uploads\\\/2025\\\/05\\\/LOGO-PATAGONIA-AMBIENTAL.png\",\"width\":433,\"height\":250,\"caption\":\"Patagonia Ambiental\"},\"image\":{\"@id\":\"https:\\\/\\\/patagoniambiental.com.ar\\\/info\\\/#\\\/schema\\\/logo\\\/image\\\/\"},\"sameAs\":[\"https:\\\/\\\/www.facebook.com\\\/patagonia.ambiental\",\"https:\\\/\\\/x.com\\\/PatAmb\"]},{\"@type\":\"Person\",\"@id\":\"https:\\\/\\\/patagoniambiental.com.ar\\\/info\\\/#\\\/schema\\\/person\\\/db12bff64bbcbf6a253710bf0ea37b5d\",\"name\":\"Patagonia Ambiental\",\"description\":\"Andr\u00e9s Nievas T\u00e9cnico en manejo ambiental, consultor Ambiental y escritor para medios locales e internacionales sobre temas de geopolitica y medio ambiente.\",\"sameAs\":[\"http:\\\/\\\/www.patagoniambiental.com.ar\",\"https:\\\/\\\/www.facebook.com\\\/share\\\/1C1V8Gv9BX\\\/?mibextid=qi2Omg\",\"@patagoniambiental\",\"https:\\\/\\\/youtube.com\\\/@patagoniaambiental2023?si=BLt58t0wuXquxlYZ\"]}]}<\/script>\n<!-- \/ Yoast SEO Premium plugin. -->","yoast_head_json":{"title":"R\u00edo Negro: Analizaron acciones tendientes a evaluar la contaminaci\u00f3n del r\u00edo Negro","robots":{"index":"index","follow":"follow","max-snippet":"max-snippet:-1","max-image-preview":"max-image-preview:large","max-video-preview":"max-video-preview:-1"},"canonical":"https:\/\/patagoniambiental.com.ar\/info\/rio-negro-analizaron-acciones-tendientes-a-evaluar-la-contaminacion-del-rio-negro-2\/","og_locale":"es_ES","og_type":"article","og_title":"R\u00edo Negro: Analizaron acciones tendientes a evaluar la contaminaci\u00f3n del r\u00edo Negro","og_description":"VIEDMA. &#8211; En una reuni\u00f3n que mantuvieron el vicegobernador Pedro Pesatti, el legislador Jorge Ocampos, el superintendente del Departamento Provincial [&hellip;]","og_url":"https:\/\/patagoniambiental.com.ar\/info\/rio-negro-analizaron-acciones-tendientes-a-evaluar-la-contaminacion-del-rio-negro-2\/","og_site_name":"Patagonia Ambiental","article_publisher":"https:\/\/www.facebook.com\/patagonia.ambiental","article_author":"https:\/\/www.facebook.com\/share\/1C1V8Gv9BX\/?mibextid=qi2Omg","article_published_time":"2016-05-20T12:19:14+00:00","og_image":[{"url":"https:\/\/attachment.outlook.office.net\/owa\/solgvaulet@hotmail.com\/service.svc\/s\/GetFileAttachment?id=AQMkADAwATY0MDABLWE3YjAtMjVjNy0wMAItMDAKAEYAAANI%2BomUOuF9R7B3eREWHfmYBwCGRTWhlNQiTJgWdwI%2FdGFMAAACAQwAAACGRTWhlNQiTJgWdwI%2FdGFMAAAAH3XLlgAAAAESABAAMosRvYpnCkWzWgBTwYjVWQ%3D%3D&amp;X-OWA-CANARY=IgzPZ7sLqkWuMSVEjDNg9VBxgTCogNMYMySNTtCO_EgHuj3wQyYD8yDsrvJnpOOAw8BYPafAlcw.&amp;token=7072dc7e-1f9f-4b64-8508-026a88608de1&amp;owa=outlook.live.com","type":"","width":"","height":""}],"author":"Patagonia Ambiental","twitter_card":"summary_large_image","twitter_creator":"@PatAmb","twitter_site":"@PatAmb","schema":{"@context":"https:\/\/schema.org","@graph":[{"@type":"Article","@id":"https:\/\/patagoniambiental.com.ar\/info\/rio-negro-analizaron-acciones-tendientes-a-evaluar-la-contaminacion-del-rio-negro-2\/#article","isPartOf":{"@id":"https:\/\/patagoniambiental.com.ar\/info\/rio-negro-analizaron-acciones-tendientes-a-evaluar-la-contaminacion-del-rio-negro-2\/"},"author":{"name":"Patagonia Ambiental","@id":"https:\/\/patagoniambiental.com.ar\/info\/#\/schema\/person\/db12bff64bbcbf6a253710bf0ea37b5d"},"headline":"R\u00edo Negro: Analizaron acciones tendientes a evaluar la contaminaci\u00f3n del r\u00edo Negro","datePublished":"2016-05-20T12:19:14+00:00","mainEntityOfPage":{"@id":"https:\/\/patagoniambiental.com.ar\/info\/rio-negro-analizaron-acciones-tendientes-a-evaluar-la-contaminacion-del-rio-negro-2\/"},"wordCount":295,"publisher":{"@id":"https:\/\/patagoniambiental.com.ar\/info\/#organization"},"image":{"@id":"https:\/\/patagoniambiental.com.ar\/info\/rio-negro-analizaron-acciones-tendientes-a-evaluar-la-contaminacion-del-rio-negro-2\/#primaryimage"},"thumbnailUrl":"https:\/\/attachment.outlook.office.net\/owa\/solgvaulet@hotmail.com\/service.svc\/s\/GetFileAttachment?id=AQMkADAwATY0MDABLWE3YjAtMjVjNy0wMAItMDAKAEYAAANI%2BomUOuF9R7B3eREWHfmYBwCGRTWhlNQiTJgWdwI%2FdGFMAAACAQwAAACGRTWhlNQiTJgWdwI%2FdGFMAAAAH3XLlgAAAAESABAAMosRvYpnCkWzWgBTwYjVWQ%3D%3D&amp;X-OWA-CANARY=IgzPZ7sLqkWuMSVEjDNg9VBxgTCogNMYMySNTtCO_EgHuj3wQyYD8yDsrvJnpOOAw8BYPafAlcw.&amp;token=7072dc7e-1f9f-4b64-8508-026a88608de1&amp;owa=outlook.live.com","articleSection":["Noticias","Provinciales","R\u00edo Negro"],"inLanguage":"es"},{"@type":"WebPage","@id":"https:\/\/patagoniambiental.com.ar\/info\/rio-negro-analizaron-acciones-tendientes-a-evaluar-la-contaminacion-del-rio-negro-2\/","url":"https:\/\/patagoniambiental.com.ar\/info\/rio-negro-analizaron-acciones-tendientes-a-evaluar-la-contaminacion-del-rio-negro-2\/","name":"R\u00edo Negro: Analizaron acciones tendientes a evaluar la contaminaci\u00f3n del r\u00edo Negro","isPartOf":{"@id":"https:\/\/patagoniambiental.com.ar\/info\/#website"},"primaryImageOfPage":{"@id":"https:\/\/patagoniambiental.com.ar\/info\/rio-negro-analizaron-acciones-tendientes-a-evaluar-la-contaminacion-del-rio-negro-2\/#primaryimage"},"image":{"@id":"https:\/\/patagoniambiental.com.ar\/info\/rio-negro-analizaron-acciones-tendientes-a-evaluar-la-contaminacion-del-rio-negro-2\/#primaryimage"},"thumbnailUrl":"https:\/\/attachment.outlook.office.net\/owa\/solgvaulet@hotmail.com\/service.svc\/s\/GetFileAttachment?id=AQMkADAwATY0MDABLWE3YjAtMjVjNy0wMAItMDAKAEYAAANI%2BomUOuF9R7B3eREWHfmYBwCGRTWhlNQiTJgWdwI%2FdGFMAAACAQwAAACGRTWhlNQiTJgWdwI%2FdGFMAAAAH3XLlgAAAAESABAAMosRvYpnCkWzWgBTwYjVWQ%3D%3D&amp;X-OWA-CANARY=IgzPZ7sLqkWuMSVEjDNg9VBxgTCogNMYMySNTtCO_EgHuj3wQyYD8yDsrvJnpOOAw8BYPafAlcw.&amp;token=7072dc7e-1f9f-4b64-8508-026a88608de1&amp;owa=outlook.live.com","datePublished":"2016-05-20T12:19:14+00:00","breadcrumb":{"@id":"https:\/\/patagoniambiental.com.ar\/info\/rio-negro-analizaron-acciones-tendientes-a-evaluar-la-contaminacion-del-rio-negro-2\/#breadcrumb"},"inLanguage":"es","potentialAction":[{"@type":"ReadAction","target":["https:\/\/patagoniambiental.com.ar\/info\/rio-negro-analizaron-acciones-tendientes-a-evaluar-la-contaminacion-del-rio-negro-2\/"]}]},{"@type":"ImageObject","inLanguage":"es","@id":"https:\/\/patagoniambiental.com.ar\/info\/rio-negro-analizaron-acciones-tendientes-a-evaluar-la-contaminacion-del-rio-negro-2\/#primaryimage","url":"https:\/\/attachment.outlook.office.net\/owa\/solgvaulet@hotmail.com\/service.svc\/s\/GetFileAttachment?id=AQMkADAwATY0MDABLWE3YjAtMjVjNy0wMAItMDAKAEYAAANI%2BomUOuF9R7B3eREWHfmYBwCGRTWhlNQiTJgWdwI%2FdGFMAAACAQwAAACGRTWhlNQiTJgWdwI%2FdGFMAAAAH3XLlgAAAAESABAAMosRvYpnCkWzWgBTwYjVWQ%3D%3D&amp;X-OWA-CANARY=IgzPZ7sLqkWuMSVEjDNg9VBxgTCogNMYMySNTtCO_EgHuj3wQyYD8yDsrvJnpOOAw8BYPafAlcw.&amp;token=7072dc7e-1f9f-4b64-8508-026a88608de1&amp;owa=outlook.live.com","contentUrl":"https:\/\/attachment.outlook.office.net\/owa\/solgvaulet@hotmail.com\/service.svc\/s\/GetFileAttachment?id=AQMkADAwATY0MDABLWE3YjAtMjVjNy0wMAItMDAKAEYAAANI%2BomUOuF9R7B3eREWHfmYBwCGRTWhlNQiTJgWdwI%2FdGFMAAACAQwAAACGRTWhlNQiTJgWdwI%2FdGFMAAAAH3XLlgAAAAESABAAMosRvYpnCkWzWgBTwYjVWQ%3D%3D&amp;X-OWA-CANARY=IgzPZ7sLqkWuMSVEjDNg9VBxgTCogNMYMySNTtCO_EgHuj3wQyYD8yDsrvJnpOOAw8BYPafAlcw.&amp;token=7072dc7e-1f9f-4b64-8508-026a88608de1&amp;owa=outlook.live.com"},{"@type":"BreadcrumbList","@id":"https:\/\/patagoniambiental.com.ar\/info\/rio-negro-analizaron-acciones-tendientes-a-evaluar-la-contaminacion-del-rio-negro-2\/#breadcrumb","itemListElement":[{"@type":"ListItem","position":1,"name":"Inicio","item":"https:\/\/patagoniambiental.com.ar\/info\/"},{"@type":"ListItem","position":2,"name":"R\u00edo Negro: Analizaron acciones tendientes a evaluar la contaminaci\u00f3n del r\u00edo Negro"}]},{"@type":"WebSite","@id":"https:\/\/patagoniambiental.com.ar\/info\/#website","url":"https:\/\/patagoniambiental.com.ar\/info\/","name":"Patagonia Ambiental","description":"Monitoreo y an\u00e1lisis de la situaci\u00f3n geopol\u00edtica en el mundo y su implicancia en la Patagonia","publisher":{"@id":"https:\/\/patagoniambiental.com.ar\/info\/#organization"},"potentialAction":[{"@type":"SearchAction","target":{"@type":"EntryPoint","urlTemplate":"https:\/\/patagoniambiental.com.ar\/info\/?s={search_term_string}"},"query-input":{"@type":"PropertyValueSpecification","valueRequired":true,"valueName":"search_term_string"}}],"inLanguage":"es"},{"@type":"Organization","@id":"https:\/\/patagoniambiental.com.ar\/info\/#organization","name":"Patagonia Ambiental","url":"https:\/\/patagoniambiental.com.ar\/info\/","logo":{"@type":"ImageObject","inLanguage":"es","@id":"https:\/\/patagoniambiental.com.ar\/info\/#\/schema\/logo\/image\/","url":"https:\/\/patagoniambiental.com.ar\/info\/wp-content\/uploads\/2025\/05\/LOGO-PATAGONIA-AMBIENTAL.png","contentUrl":"https:\/\/patagoniambiental.com.ar\/info\/wp-content\/uploads\/2025\/05\/LOGO-PATAGONIA-AMBIENTAL.png","width":433,"height":250,"caption":"Patagonia Ambiental"},"image":{"@id":"https:\/\/patagoniambiental.com.ar\/info\/#\/schema\/logo\/image\/"},"sameAs":["https:\/\/www.facebook.com\/patagonia.ambiental","https:\/\/x.com\/PatAmb"]},{"@type":"Person","@id":"https:\/\/patagoniambiental.com.ar\/info\/#\/schema\/person\/db12bff64bbcbf6a253710bf0ea37b5d","name":"Patagonia Ambiental","description":"Andr\u00e9s Nievas T\u00e9cnico en manejo ambiental, consultor Ambiental y escritor para medios locales e internacionales sobre temas de geopolitica y medio ambiente.","sameAs":["http:\/\/www.patagoniambiental.com.ar","https:\/\/www.facebook.com\/share\/1C1V8Gv9BX\/?mibextid=qi2Omg","@patagoniambiental","https:\/\/youtube.com\/@patagoniaambiental2023?si=BLt58t0wuXquxlYZ"]}]}},"_links":{"self":[{"href":"https:\/\/patagoniambiental.com.ar\/info\/wp-json\/wp\/v2\/posts\/18470","targetHints":{"allow":["GET"]}}],"collection":[{"href":"https:\/\/patagoniambiental.com.ar\/info\/wp-json\/wp\/v2\/posts"}],"about":[{"href":"https:\/\/patagoniambiental.com.ar\/info\/wp-json\/wp\/v2\/types\/post"}],"author":[{"embeddable":true,"href":"https:\/\/patagoniambiental.com.ar\/info\/wp-json\/wp\/v2\/users\/2"}],"replies":[{"embeddable":true,"href":"https:\/\/patagoniambiental.com.ar\/info\/wp-json\/wp\/v2\/comments?post=18470"}],"version-history":[{"count":0,"href":"https:\/\/patagoniambiental.com.ar\/info\/wp-json\/wp\/v2\/posts\/18470\/revisions"}],"wp:attachment":[{"href":"https:\/\/patagoniambiental.com.ar\/info\/wp-json\/wp\/v2\/media?parent=18470"}],"wp:term":[{"taxonomy":"category","embeddable":true,"href":"https:\/\/patagoniambiental.com.ar\/info\/wp-json\/wp\/v2\/categories?post=18470"},{"taxonomy":"post_tag","embeddable":true,"href":"https:\/\/patagoniambiental.com.ar\/info\/wp-json\/wp\/v2\/tags?post=18470"}],"curies":[{"name":"wp","href":"https:\/\/api.w.org\/{rel}","templated":true}]}}