{"id":18481,"date":"2016-05-21T10:37:12","date_gmt":"2016-05-21T13:37:12","guid":{"rendered":"http:\/\/patagoniambiental.com.ar\/?p=18481"},"modified":"2016-05-21T10:37:12","modified_gmt":"2016-05-21T13:37:12","slug":"portugal-es-el-primer-pais-en-vivir-4-dias-con-energias-renovables","status":"publish","type":"post","link":"https:\/\/patagoniambiental.com.ar\/info\/portugal-es-el-primer-pais-en-vivir-4-dias-con-energias-renovables\/","title":{"rendered":"Portugal es el primer pa\u00eds en vivir 4 d\u00edas con energ\u00edas renovables"},"content":{"rendered":"<section class=\"cuerpo\">Portugal ha marcado un hito energ\u00e9tico: \u00a0<strong>todo el pa\u00eds\u00a0estuvo funcionando durante cuatro d\u00edas\u00a0s\u00f3lo con las renovables como fuente.<\/strong><\/p>\n<p>Sucedi\u00f3 entre los pasados d\u00edas 7 y 11, en parte gracias a que las lluvias y el viento registrados en esa franja temporal (de norte a sur, pero especialmente de Coimbra y Aveiro hacia arriba) as\u00ed lo permitieron.<\/p>\n<p>La apuesta por este tipo de energ\u00eda\u00a0ha vivido un aut\u00e9ntico impulso en Portugal\u00a0a lo largo de los \u00faltimos a\u00f1os, m\u00e1s all\u00e1 del signo ideol\u00f3gico de los gobiernos, pues se han alternado conservadores y socialistas (hoy en el poder). Tanto es as\u00ed que la e\u00f3lica ha crecido un 31% y la solar, un 20%.<\/p>\n<p>El r\u00e9cord alcanzado ahora se prolong\u00f3 durante <strong>107 horas consecutivas<\/strong>, de acuerdo con la medici\u00f3n realizada por la Asociaci\u00f3n Portuguesa de Energ\u00edas Renovables (APREN). Adem\u00e1s de los motores e\u00f3licos y los paneles solares, destacaron la biomasa, la geot\u00e9rmica y la hidr\u00e1ulica.<\/p>\n<p>Esta iniciativa pionera se puso en marcha a las 6.45 horas del s\u00e1bado 7 de mayo y se extendi\u00f3 hasta las 17.45 del mi\u00e9rcoles 11 de mayo, seg\u00fan certific\u00f3 tambi\u00e9n Redes Energ\u00e9ticas Nacionales (REN).<\/p>\n<p>En consecuencia, la Rep\u00fablica lusa\u00a0ha demostrado la viabilidad de la independencia en este sector, sin depender de los cauces tradicionales, que amplifican el calentamiento global y la contaminaci\u00f3n atmosf\u00e9rica. Los beneficios resultan evidentes ya que se puede frenar de esta forma el cambio clim\u00e1tico debido a la reducci\u00f3n en las emisiones de gases de efecto invernadero.<\/p>\n<\/section>\n<p>Fuente:\u00a0<a href=\"http:\/\/www.elsol.com.ar\/nota\/267387\">www.elsol.com.ar<\/a><\/p>\n","protected":false},"excerpt":{"rendered":"<p>Portugal ha marcado un hito energ\u00e9tico: \u00a0todo el pa\u00eds\u00a0estuvo funcionando durante cuatro d\u00edas\u00a0s\u00f3lo con las renovables como fuente. Sucedi\u00f3 entre [&hellip;]<\/p>\n","protected":false},"author":2,"featured_media":5590,"comment_status":"closed","ping_status":"closed","sticky":false,"template":"","format":"standard","meta":{"site-sidebar-layout":"default","site-content-layout":"","ast-site-content-layout":"default","site-content-style":"default","site-sidebar-style":"default","ast-global-header-display":"","ast-banner-title-visibility":"","ast-main-header-display":"","ast-hfb-above-header-display":"","ast-hfb-below-header-display":"","ast-hfb-mobile-header-display":"","site-post-title":"","ast-breadcrumbs-content":"","ast-featured-img":"","footer-sml-layout":"","ast-disable-related-posts":"","theme-transparent-header-meta":"","adv-header-id-meta":"","stick-header-meta":"","header-above-stick-meta":"","header-main-stick-meta":"","header-below-stick-meta":"","astra-migrate-meta-layouts":"default","ast-page-background-enabled":"default","ast-page-background-meta":{"desktop":{"background-color":"var(--ast-global-color-5)","background-image":"","background-repeat":"repeat","background-position":"center center","background-size":"auto","background-attachment":"scroll","background-type":"","background-media":"","overlay-type":"","overlay-color":"","overlay-opacity":"","overlay-gradient":""},"tablet":{"background-color":"","background-image":"","background-repeat":"repeat","background-position":"center center","background-size":"auto","background-attachment":"scroll","background-type":"","background-media":"","overlay-type":"","overlay-color":"","overlay-opacity":"","overlay-gradient":""},"mobile":{"background-color":"","background-image":"","background-repeat":"repeat","background-position":"center center","background-size":"auto","background-attachment":"scroll","background-type":"","background-media":"","overlay-type":"","overlay-color":"","overlay-opacity":"","overlay-gradient":""}},"ast-content-background-meta":{"desktop":{"background-color":"var(--ast-global-color-4)","background-image":"","background-repeat":"repeat","background-position":"center center","background-size":"auto","background-attachment":"scroll","background-type":"","background-media":"","overlay-type":"","overlay-color":"","overlay-opacity":"","overlay-gradient":""},"tablet":{"background-color":"var(--ast-global-color-4)","background-image":"","background-repeat":"repeat","background-position":"center center","background-size":"auto","background-attachment":"scroll","background-type":"","background-media":"","overlay-type":"","overlay-color":"","overlay-opacity":"","overlay-gradient":""},"mobile":{"background-color":"var(--ast-global-color-4)","background-image":"","background-repeat":"repeat","background-position":"center center","background-size":"auto","background-attachment":"scroll","background-type":"","background-media":"","overlay-type":"","overlay-color":"","overlay-opacity":"","overlay-gradient":""}},"footnotes":""},"categories":[23,1],"tags":[],"class_list":["post-18481","post","type-post","status-publish","format-standard","has-post-thumbnail","hentry","category-internacionales","category-noticias"],"yoast_head":"<!-- This site is optimized with the Yoast SEO Premium plugin v23.0 (Yoast SEO v27.5) - https:\/\/yoast.com\/product\/yoast-seo-premium-wordpress\/ -->\n<title>Portugal es el primer pa\u00eds en vivir 4 d\u00edas con energ\u00edas renovables<\/title>\n<meta name=\"robots\" content=\"index, follow, max-snippet:-1, max-image-preview:large, max-video-preview:-1\" \/>\n<link rel=\"canonical\" href=\"https:\/\/patagoniambiental.com.ar\/info\/portugal-es-el-primer-pais-en-vivir-4-dias-con-energias-renovables\/\" \/>\n<meta property=\"og:locale\" content=\"es_ES\" \/>\n<meta property=\"og:type\" content=\"article\" \/>\n<meta property=\"og:title\" content=\"Portugal es el primer pa\u00eds en vivir 4 d\u00edas con energ\u00edas renovables\" \/>\n<meta property=\"og:description\" content=\"Portugal ha marcado un hito energ\u00e9tico: \u00a0todo el pa\u00eds\u00a0estuvo funcionando durante cuatro d\u00edas\u00a0s\u00f3lo con las renovables como fuente. Sucedi\u00f3 entre [&hellip;]\" \/>\n<meta property=\"og:url\" content=\"https:\/\/patagoniambiental.com.ar\/info\/portugal-es-el-primer-pais-en-vivir-4-dias-con-energias-renovables\/\" \/>\n<meta property=\"og:site_name\" content=\"Patagonia Ambiental\" \/>\n<meta property=\"article:publisher\" content=\"https:\/\/www.facebook.com\/patagonia.ambiental\" \/>\n<meta property=\"article:author\" content=\"https:\/\/www.facebook.com\/share\/1C1V8Gv9BX\/?mibextid=qi2Omg\" \/>\n<meta property=\"article:published_time\" content=\"2016-05-21T13:37:12+00:00\" \/>\n<meta name=\"author\" content=\"Patagonia Ambiental\" \/>\n<meta name=\"twitter:card\" content=\"summary_large_image\" \/>\n<meta name=\"twitter:creator\" content=\"@PatAmb\" \/>\n<meta name=\"twitter:site\" content=\"@PatAmb\" \/>\n<script type=\"application\/ld+json\" class=\"yoast-schema-graph\">{\"@context\":\"https:\\\/\\\/schema.org\",\"@graph\":[{\"@type\":\"Article\",\"@id\":\"https:\\\/\\\/patagoniambiental.com.ar\\\/info\\\/portugal-es-el-primer-pais-en-vivir-4-dias-con-energias-renovables\\\/#article\",\"isPartOf\":{\"@id\":\"https:\\\/\\\/patagoniambiental.com.ar\\\/info\\\/portugal-es-el-primer-pais-en-vivir-4-dias-con-energias-renovables\\\/\"},\"author\":{\"name\":\"Patagonia Ambiental\",\"@id\":\"https:\\\/\\\/patagoniambiental.com.ar\\\/info\\\/#\\\/schema\\\/person\\\/db12bff64bbcbf6a253710bf0ea37b5d\"},\"headline\":\"Portugal es el primer pa\u00eds en vivir 4 d\u00edas con energ\u00edas renovables\",\"datePublished\":\"2016-05-21T13:37:12+00:00\",\"mainEntityOfPage\":{\"@id\":\"https:\\\/\\\/patagoniambiental.com.ar\\\/info\\\/portugal-es-el-primer-pais-en-vivir-4-dias-con-energias-renovables\\\/\"},\"wordCount\":284,\"publisher\":{\"@id\":\"https:\\\/\\\/patagoniambiental.com.ar\\\/info\\\/#organization\"},\"image\":{\"@id\":\"https:\\\/\\\/patagoniambiental.com.ar\\\/info\\\/portugal-es-el-primer-pais-en-vivir-4-dias-con-energias-renovables\\\/#primaryimage\"},\"thumbnailUrl\":\"\",\"articleSection\":[\"Internacionales\",\"Noticias\"],\"inLanguage\":\"es\"},{\"@type\":\"WebPage\",\"@id\":\"https:\\\/\\\/patagoniambiental.com.ar\\\/info\\\/portugal-es-el-primer-pais-en-vivir-4-dias-con-energias-renovables\\\/\",\"url\":\"https:\\\/\\\/patagoniambiental.com.ar\\\/info\\\/portugal-es-el-primer-pais-en-vivir-4-dias-con-energias-renovables\\\/\",\"name\":\"Portugal es el primer pa\u00eds en vivir 4 d\u00edas con energ\u00edas renovables\",\"isPartOf\":{\"@id\":\"https:\\\/\\\/patagoniambiental.com.ar\\\/info\\\/#website\"},\"primaryImageOfPage\":{\"@id\":\"https:\\\/\\\/patagoniambiental.com.ar\\\/info\\\/portugal-es-el-primer-pais-en-vivir-4-dias-con-energias-renovables\\\/#primaryimage\"},\"image\":{\"@id\":\"https:\\\/\\\/patagoniambiental.com.ar\\\/info\\\/portugal-es-el-primer-pais-en-vivir-4-dias-con-energias-renovables\\\/#primaryimage\"},\"thumbnailUrl\":\"\",\"datePublished\":\"2016-05-21T13:37:12+00:00\",\"breadcrumb\":{\"@id\":\"https:\\\/\\\/patagoniambiental.com.ar\\\/info\\\/portugal-es-el-primer-pais-en-vivir-4-dias-con-energias-renovables\\\/#breadcrumb\"},\"inLanguage\":\"es\",\"potentialAction\":[{\"@type\":\"ReadAction\",\"target\":[\"https:\\\/\\\/patagoniambiental.com.ar\\\/info\\\/portugal-es-el-primer-pais-en-vivir-4-dias-con-energias-renovables\\\/\"]}]},{\"@type\":\"ImageObject\",\"inLanguage\":\"es\",\"@id\":\"https:\\\/\\\/patagoniambiental.com.ar\\\/info\\\/portugal-es-el-primer-pais-en-vivir-4-dias-con-energias-renovables\\\/#primaryimage\",\"url\":\"\",\"contentUrl\":\"\"},{\"@type\":\"BreadcrumbList\",\"@id\":\"https:\\\/\\\/patagoniambiental.com.ar\\\/info\\\/portugal-es-el-primer-pais-en-vivir-4-dias-con-energias-renovables\\\/#breadcrumb\",\"itemListElement\":[{\"@type\":\"ListItem\",\"position\":1,\"name\":\"Inicio\",\"item\":\"https:\\\/\\\/patagoniambiental.com.ar\\\/info\\\/\"},{\"@type\":\"ListItem\",\"position\":2,\"name\":\"Portugal es el primer pa\u00eds en vivir 4 d\u00edas con energ\u00edas renovables\"}]},{\"@type\":\"WebSite\",\"@id\":\"https:\\\/\\\/patagoniambiental.com.ar\\\/info\\\/#website\",\"url\":\"https:\\\/\\\/patagoniambiental.com.ar\\\/info\\\/\",\"name\":\"Patagonia Ambiental\",\"description\":\"Monitoreo y an\u00e1lisis de la situaci\u00f3n geopol\u00edtica en el mundo y su implicancia en la Patagonia\",\"publisher\":{\"@id\":\"https:\\\/\\\/patagoniambiental.com.ar\\\/info\\\/#organization\"},\"potentialAction\":[{\"@type\":\"SearchAction\",\"target\":{\"@type\":\"EntryPoint\",\"urlTemplate\":\"https:\\\/\\\/patagoniambiental.com.ar\\\/info\\\/?s={search_term_string}\"},\"query-input\":{\"@type\":\"PropertyValueSpecification\",\"valueRequired\":true,\"valueName\":\"search_term_string\"}}],\"inLanguage\":\"es\"},{\"@type\":\"Organization\",\"@id\":\"https:\\\/\\\/patagoniambiental.com.ar\\\/info\\\/#organization\",\"name\":\"Patagonia Ambiental\",\"url\":\"https:\\\/\\\/patagoniambiental.com.ar\\\/info\\\/\",\"logo\":{\"@type\":\"ImageObject\",\"inLanguage\":\"es\",\"@id\":\"https:\\\/\\\/patagoniambiental.com.ar\\\/info\\\/#\\\/schema\\\/logo\\\/image\\\/\",\"url\":\"https:\\\/\\\/patagoniambiental.com.ar\\\/info\\\/wp-content\\\/uploads\\\/2025\\\/05\\\/LOGO-PATAGONIA-AMBIENTAL.png\",\"contentUrl\":\"https:\\\/\\\/patagoniambiental.com.ar\\\/info\\\/wp-content\\\/uploads\\\/2025\\\/05\\\/LOGO-PATAGONIA-AMBIENTAL.png\",\"width\":433,\"height\":250,\"caption\":\"Patagonia Ambiental\"},\"image\":{\"@id\":\"https:\\\/\\\/patagoniambiental.com.ar\\\/info\\\/#\\\/schema\\\/logo\\\/image\\\/\"},\"sameAs\":[\"https:\\\/\\\/www.facebook.com\\\/patagonia.ambiental\",\"https:\\\/\\\/x.com\\\/PatAmb\"]},{\"@type\":\"Person\",\"@id\":\"https:\\\/\\\/patagoniambiental.com.ar\\\/info\\\/#\\\/schema\\\/person\\\/db12bff64bbcbf6a253710bf0ea37b5d\",\"name\":\"Patagonia Ambiental\",\"description\":\"Andr\u00e9s Nievas T\u00e9cnico en manejo ambiental, consultor Ambiental y escritor para medios locales e internacionales sobre temas de geopolitica y medio ambiente.\",\"sameAs\":[\"http:\\\/\\\/www.patagoniambiental.com.ar\",\"https:\\\/\\\/www.facebook.com\\\/share\\\/1C1V8Gv9BX\\\/?mibextid=qi2Omg\",\"@patagoniambiental\",\"https:\\\/\\\/youtube.com\\\/@patagoniaambiental2023?si=BLt58t0wuXquxlYZ\"]}]}<\/script>\n<!-- \/ Yoast SEO Premium plugin. -->","yoast_head_json":{"title":"Portugal es el primer pa\u00eds en vivir 4 d\u00edas con energ\u00edas renovables","robots":{"index":"index","follow":"follow","max-snippet":"max-snippet:-1","max-image-preview":"max-image-preview:large","max-video-preview":"max-video-preview:-1"},"canonical":"https:\/\/patagoniambiental.com.ar\/info\/portugal-es-el-primer-pais-en-vivir-4-dias-con-energias-renovables\/","og_locale":"es_ES","og_type":"article","og_title":"Portugal es el primer pa\u00eds en vivir 4 d\u00edas con energ\u00edas renovables","og_description":"Portugal ha marcado un hito energ\u00e9tico: \u00a0todo el pa\u00eds\u00a0estuvo funcionando durante cuatro d\u00edas\u00a0s\u00f3lo con las renovables como fuente. Sucedi\u00f3 entre [&hellip;]","og_url":"https:\/\/patagoniambiental.com.ar\/info\/portugal-es-el-primer-pais-en-vivir-4-dias-con-energias-renovables\/","og_site_name":"Patagonia Ambiental","article_publisher":"https:\/\/www.facebook.com\/patagonia.ambiental","article_author":"https:\/\/www.facebook.com\/share\/1C1V8Gv9BX\/?mibextid=qi2Omg","article_published_time":"2016-05-21T13:37:12+00:00","author":"Patagonia Ambiental","twitter_card":"summary_large_image","twitter_creator":"@PatAmb","twitter_site":"@PatAmb","schema":{"@context":"https:\/\/schema.org","@graph":[{"@type":"Article","@id":"https:\/\/patagoniambiental.com.ar\/info\/portugal-es-el-primer-pais-en-vivir-4-dias-con-energias-renovables\/#article","isPartOf":{"@id":"https:\/\/patagoniambiental.com.ar\/info\/portugal-es-el-primer-pais-en-vivir-4-dias-con-energias-renovables\/"},"author":{"name":"Patagonia Ambiental","@id":"https:\/\/patagoniambiental.com.ar\/info\/#\/schema\/person\/db12bff64bbcbf6a253710bf0ea37b5d"},"headline":"Portugal es el primer pa\u00eds en vivir 4 d\u00edas con energ\u00edas renovables","datePublished":"2016-05-21T13:37:12+00:00","mainEntityOfPage":{"@id":"https:\/\/patagoniambiental.com.ar\/info\/portugal-es-el-primer-pais-en-vivir-4-dias-con-energias-renovables\/"},"wordCount":284,"publisher":{"@id":"https:\/\/patagoniambiental.com.ar\/info\/#organization"},"image":{"@id":"https:\/\/patagoniambiental.com.ar\/info\/portugal-es-el-primer-pais-en-vivir-4-dias-con-energias-renovables\/#primaryimage"},"thumbnailUrl":"","articleSection":["Internacionales","Noticias"],"inLanguage":"es"},{"@type":"WebPage","@id":"https:\/\/patagoniambiental.com.ar\/info\/portugal-es-el-primer-pais-en-vivir-4-dias-con-energias-renovables\/","url":"https:\/\/patagoniambiental.com.ar\/info\/portugal-es-el-primer-pais-en-vivir-4-dias-con-energias-renovables\/","name":"Portugal es el primer pa\u00eds en vivir 4 d\u00edas con energ\u00edas renovables","isPartOf":{"@id":"https:\/\/patagoniambiental.com.ar\/info\/#website"},"primaryImageOfPage":{"@id":"https:\/\/patagoniambiental.com.ar\/info\/portugal-es-el-primer-pais-en-vivir-4-dias-con-energias-renovables\/#primaryimage"},"image":{"@id":"https:\/\/patagoniambiental.com.ar\/info\/portugal-es-el-primer-pais-en-vivir-4-dias-con-energias-renovables\/#primaryimage"},"thumbnailUrl":"","datePublished":"2016-05-21T13:37:12+00:00","breadcrumb":{"@id":"https:\/\/patagoniambiental.com.ar\/info\/portugal-es-el-primer-pais-en-vivir-4-dias-con-energias-renovables\/#breadcrumb"},"inLanguage":"es","potentialAction":[{"@type":"ReadAction","target":["https:\/\/patagoniambiental.com.ar\/info\/portugal-es-el-primer-pais-en-vivir-4-dias-con-energias-renovables\/"]}]},{"@type":"ImageObject","inLanguage":"es","@id":"https:\/\/patagoniambiental.com.ar\/info\/portugal-es-el-primer-pais-en-vivir-4-dias-con-energias-renovables\/#primaryimage","url":"","contentUrl":""},{"@type":"BreadcrumbList","@id":"https:\/\/patagoniambiental.com.ar\/info\/portugal-es-el-primer-pais-en-vivir-4-dias-con-energias-renovables\/#breadcrumb","itemListElement":[{"@type":"ListItem","position":1,"name":"Inicio","item":"https:\/\/patagoniambiental.com.ar\/info\/"},{"@type":"ListItem","position":2,"name":"Portugal es el primer pa\u00eds en vivir 4 d\u00edas con energ\u00edas renovables"}]},{"@type":"WebSite","@id":"https:\/\/patagoniambiental.com.ar\/info\/#website","url":"https:\/\/patagoniambiental.com.ar\/info\/","name":"Patagonia Ambiental","description":"Monitoreo y an\u00e1lisis de la situaci\u00f3n geopol\u00edtica en el mundo y su implicancia en la Patagonia","publisher":{"@id":"https:\/\/patagoniambiental.com.ar\/info\/#organization"},"potentialAction":[{"@type":"SearchAction","target":{"@type":"EntryPoint","urlTemplate":"https:\/\/patagoniambiental.com.ar\/info\/?s={search_term_string}"},"query-input":{"@type":"PropertyValueSpecification","valueRequired":true,"valueName":"search_term_string"}}],"inLanguage":"es"},{"@type":"Organization","@id":"https:\/\/patagoniambiental.com.ar\/info\/#organization","name":"Patagonia Ambiental","url":"https:\/\/patagoniambiental.com.ar\/info\/","logo":{"@type":"ImageObject","inLanguage":"es","@id":"https:\/\/patagoniambiental.com.ar\/info\/#\/schema\/logo\/image\/","url":"https:\/\/patagoniambiental.com.ar\/info\/wp-content\/uploads\/2025\/05\/LOGO-PATAGONIA-AMBIENTAL.png","contentUrl":"https:\/\/patagoniambiental.com.ar\/info\/wp-content\/uploads\/2025\/05\/LOGO-PATAGONIA-AMBIENTAL.png","width":433,"height":250,"caption":"Patagonia Ambiental"},"image":{"@id":"https:\/\/patagoniambiental.com.ar\/info\/#\/schema\/logo\/image\/"},"sameAs":["https:\/\/www.facebook.com\/patagonia.ambiental","https:\/\/x.com\/PatAmb"]},{"@type":"Person","@id":"https:\/\/patagoniambiental.com.ar\/info\/#\/schema\/person\/db12bff64bbcbf6a253710bf0ea37b5d","name":"Patagonia Ambiental","description":"Andr\u00e9s Nievas T\u00e9cnico en manejo ambiental, consultor Ambiental y escritor para medios locales e internacionales sobre temas de geopolitica y medio ambiente.","sameAs":["http:\/\/www.patagoniambiental.com.ar","https:\/\/www.facebook.com\/share\/1C1V8Gv9BX\/?mibextid=qi2Omg","@patagoniambiental","https:\/\/youtube.com\/@patagoniaambiental2023?si=BLt58t0wuXquxlYZ"]}]}},"_links":{"self":[{"href":"https:\/\/patagoniambiental.com.ar\/info\/wp-json\/wp\/v2\/posts\/18481","targetHints":{"allow":["GET"]}}],"collection":[{"href":"https:\/\/patagoniambiental.com.ar\/info\/wp-json\/wp\/v2\/posts"}],"about":[{"href":"https:\/\/patagoniambiental.com.ar\/info\/wp-json\/wp\/v2\/types\/post"}],"author":[{"embeddable":true,"href":"https:\/\/patagoniambiental.com.ar\/info\/wp-json\/wp\/v2\/users\/2"}],"replies":[{"embeddable":true,"href":"https:\/\/patagoniambiental.com.ar\/info\/wp-json\/wp\/v2\/comments?post=18481"}],"version-history":[{"count":0,"href":"https:\/\/patagoniambiental.com.ar\/info\/wp-json\/wp\/v2\/posts\/18481\/revisions"}],"wp:featuredmedia":[{"embeddable":true,"href":"https:\/\/patagoniambiental.com.ar\/info\/wp-json\/"}],"wp:attachment":[{"href":"https:\/\/patagoniambiental.com.ar\/info\/wp-json\/wp\/v2\/media?parent=18481"}],"wp:term":[{"taxonomy":"category","embeddable":true,"href":"https:\/\/patagoniambiental.com.ar\/info\/wp-json\/wp\/v2\/categories?post=18481"},{"taxonomy":"post_tag","embeddable":true,"href":"https:\/\/patagoniambiental.com.ar\/info\/wp-json\/wp\/v2\/tags?post=18481"}],"curies":[{"name":"wp","href":"https:\/\/api.w.org\/{rel}","templated":true}]}}