{"id":18489,"date":"2016-05-21T13:30:04","date_gmt":"2016-05-21T16:30:04","guid":{"rendered":"http:\/\/patagoniambiental.com.ar\/?p=18489"},"modified":"2016-05-21T13:30:04","modified_gmt":"2016-05-21T16:30:04","slug":"intendente-de-patagones-expuso-sobre-las-acciones-municipales-por-el-cambio-climatico","status":"publish","type":"post","link":"https:\/\/patagoniambiental.com.ar\/info\/intendente-de-patagones-expuso-sobre-las-acciones-municipales-por-el-cambio-climatico\/","title":{"rendered":"Intendente de Patagones expuso sobre las acciones municipales por el cambio clim\u00e1tico"},"content":{"rendered":"<section id=\"content\" class=\"primary\">\n<article id=\"post-158091\" class=\"post-158091 post type-post status-publish format-standard has-post-thumbnail hentry category-patagones\">\n<div class=\"entry clearfix\">\n<p>PATAGONES.- En el marco de las jornadas \u201cMunicipios sostenibles y resilientes: construyendo medidas de adaptaci\u00f3n y mitigaci\u00f3n al cambio clim\u00e1tico a escala local\u201d, que se desarrollan en la ciudad de Montevideo, Uruguay, el intendente Jos\u00e9 Luis Zara expuso el plan municipal, que busca incorporar en la planificaci\u00f3n territorial la adaptaci\u00f3n al fen\u00f3meno del cambio clim\u00e1tico y sus consecuencias.<\/p>\n<p>Junto a autoridades de Desarrollo Territorial, el jefe comunal precis\u00f3 en su ponencia las principales actividades productivas del partido, referidas al sector agropecuario primario; los efectos del cambio clim\u00e1tico en el Partido de Patagones; las medidas actuales para la mitigaci\u00f3n de las consecuencias del fen\u00f3meno y los ejes estrat\u00e9gicos de acci\u00f3n para la sostenibilidad de los sistemas productivos.<\/p>\n<p>Entre las medidas que se implementan actualmente se destac\u00f3 el programa de implantaci\u00f3n de pasturas perenenes y vicia; la puesta en marcha de los protocolos de producci\u00f3n de trigo bajo buenas pr\u00e1cticas agr\u00edcolas; la participaci\u00f3n activa en el ordenamiento territorioal de bosques nativos -montes- y el programa integral de concientizacion y capacitaci\u00f3n; el impulso activo del corrimiento de la barrera sanitaria\/ comercial al resto de la Patagonia, entre otras.<\/p>\n<p>Cabe destacar que, por la Rep\u00fablica Argentina, participan referentes del ministerio de Agroindustra y Medio Ambiente de la Naci\u00f3n, junto a representantes de la comunas de Patagones, Villarino y Puan, que fueron especialmente invitados por la organizaci\u00f3n del evento.<\/p>\n<p>Las jornadas, organizadas por la Uni\u00f3n Iberoamericana de Municipalistas, se enmarcan dentro del Programa Iberoamericano de Formaci\u00f3n T\u00e9cnica Especializada y cuenta con el apoyo del Ministerio de Educaci\u00f3n, Cultura, Deporte y la Agencia Espa\u00f1ola de Cooperaci\u00f3n Internacional para el Desarrollo y se encuadra en el \u2019Plan de Transferencia, Intercambio y Gesti\u00f3n de Conocimiento \u2013 INTERCOO-nect@\u2019.<\/p>\n<p>El encuentro, que se desarrollar\u00e1 hasta este viernes, defiende que la implementaci\u00f3n de las pol\u00edticas p\u00fablicas sobre el cambio clim\u00e1tico tiene su base pr\u00e1ctica en gobiernos locales, con las competencias necesarias y suficientes para desempe\u00f1ar adecuadamente su funci\u00f3n.<\/p>\n<div class=\"page-links\">\u00a0Fuente: ADN<\/div>\n<\/div>\n<\/article>\n<\/section>\n<section id=\"sidebar\" class=\"secondary clearfix\">\n<aside id=\"wcp_weather_widget-2\" class=\"widget widget_wcp_weather_widget clearfix\"><\/aside>\n<\/section>\n","protected":false},"excerpt":{"rendered":"<p>PATAGONES.- En el marco de las jornadas \u201cMunicipios sostenibles y resilientes: construyendo medidas de adaptaci\u00f3n y mitigaci\u00f3n al cambio clim\u00e1tico [&hellip;]<\/p>\n","protected":false},"author":2,"featured_media":0,"comment_status":"closed","ping_status":"closed","sticky":false,"template":"","format":"standard","meta":{"site-sidebar-layout":"default","site-content-layout":"","ast-site-content-layout":"default","site-content-style":"default","site-sidebar-style":"default","ast-global-header-display":"","ast-banner-title-visibility":"","ast-main-header-display":"","ast-hfb-above-header-display":"","ast-hfb-below-header-display":"","ast-hfb-mobile-header-display":"","site-post-title":"","ast-breadcrumbs-content":"","ast-featured-img":"","footer-sml-layout":"","ast-disable-related-posts":"","theme-transparent-header-meta":"","adv-header-id-meta":"","stick-header-meta":"","header-above-stick-meta":"","header-main-stick-meta":"","header-below-stick-meta":"","astra-migrate-meta-layouts":"default","ast-page-background-enabled":"default","ast-page-background-meta":{"desktop":{"background-color":"var(--ast-global-color-5)","background-image":"","background-repeat":"repeat","background-position":"center center","background-size":"auto","background-attachment":"scroll","background-type":"","background-media":"","overlay-type":"","overlay-color":"","overlay-opacity":"","overlay-gradient":""},"tablet":{"background-color":"","background-image":"","background-repeat":"repeat","background-position":"center center","background-size":"auto","background-attachment":"scroll","background-type":"","background-media":"","overlay-type":"","overlay-color":"","overlay-opacity":"","overlay-gradient":""},"mobile":{"background-color":"","background-image":"","background-repeat":"repeat","background-position":"center center","background-size":"auto","background-attachment":"scroll","background-type":"","background-media":"","overlay-type":"","overlay-color":"","overlay-opacity":"","overlay-gradient":""}},"ast-content-background-meta":{"desktop":{"background-color":"var(--ast-global-color-4)","background-image":"","background-repeat":"repeat","background-position":"center center","background-size":"auto","background-attachment":"scroll","background-type":"","background-media":"","overlay-type":"","overlay-color":"","overlay-opacity":"","overlay-gradient":""},"tablet":{"background-color":"var(--ast-global-color-4)","background-image":"","background-repeat":"repeat","background-position":"center center","background-size":"auto","background-attachment":"scroll","background-type":"","background-media":"","overlay-type":"","overlay-color":"","overlay-opacity":"","overlay-gradient":""},"mobile":{"background-color":"var(--ast-global-color-4)","background-image":"","background-repeat":"repeat","background-position":"center center","background-size":"auto","background-attachment":"scroll","background-type":"","background-media":"","overlay-type":"","overlay-color":"","overlay-opacity":"","overlay-gradient":""}},"footnotes":""},"categories":[16,1],"tags":[],"class_list":["post-18489","post","type-post","status-publish","format-standard","hentry","category-municipales","category-noticias"],"yoast_head":"<!-- This site is optimized with the Yoast SEO Premium plugin v23.0 (Yoast SEO v27.5) - https:\/\/yoast.com\/product\/yoast-seo-premium-wordpress\/ -->\n<title>Intendente de Patagones expuso sobre las acciones municipales por el cambio clim\u00e1tico<\/title>\n<meta name=\"robots\" content=\"index, follow, max-snippet:-1, max-image-preview:large, max-video-preview:-1\" \/>\n<link rel=\"canonical\" href=\"https:\/\/patagoniambiental.com.ar\/info\/intendente-de-patagones-expuso-sobre-las-acciones-municipales-por-el-cambio-climatico\/\" \/>\n<meta property=\"og:locale\" content=\"es_ES\" \/>\n<meta property=\"og:type\" content=\"article\" \/>\n<meta property=\"og:title\" content=\"Intendente de Patagones expuso sobre las acciones municipales por el cambio clim\u00e1tico\" \/>\n<meta property=\"og:description\" content=\"PATAGONES.- En el marco de las jornadas \u201cMunicipios sostenibles y resilientes: construyendo medidas de adaptaci\u00f3n y mitigaci\u00f3n al cambio clim\u00e1tico [&hellip;]\" \/>\n<meta property=\"og:url\" content=\"https:\/\/patagoniambiental.com.ar\/info\/intendente-de-patagones-expuso-sobre-las-acciones-municipales-por-el-cambio-climatico\/\" \/>\n<meta property=\"og:site_name\" content=\"Patagonia Ambiental\" \/>\n<meta property=\"article:publisher\" content=\"https:\/\/www.facebook.com\/patagonia.ambiental\" \/>\n<meta property=\"article:author\" content=\"https:\/\/www.facebook.com\/share\/1C1V8Gv9BX\/?mibextid=qi2Omg\" \/>\n<meta property=\"article:published_time\" content=\"2016-05-21T16:30:04+00:00\" \/>\n<meta name=\"author\" content=\"Patagonia Ambiental\" \/>\n<meta name=\"twitter:card\" content=\"summary_large_image\" \/>\n<meta name=\"twitter:creator\" content=\"@PatAmb\" \/>\n<meta name=\"twitter:site\" content=\"@PatAmb\" \/>\n<script type=\"application\/ld+json\" class=\"yoast-schema-graph\">{\"@context\":\"https:\\\/\\\/schema.org\",\"@graph\":[{\"@type\":\"Article\",\"@id\":\"https:\\\/\\\/patagoniambiental.com.ar\\\/info\\\/intendente-de-patagones-expuso-sobre-las-acciones-municipales-por-el-cambio-climatico\\\/#article\",\"isPartOf\":{\"@id\":\"https:\\\/\\\/patagoniambiental.com.ar\\\/info\\\/intendente-de-patagones-expuso-sobre-las-acciones-municipales-por-el-cambio-climatico\\\/\"},\"author\":{\"name\":\"Patagonia Ambiental\",\"@id\":\"https:\\\/\\\/patagoniambiental.com.ar\\\/info\\\/#\\\/schema\\\/person\\\/db12bff64bbcbf6a253710bf0ea37b5d\"},\"headline\":\"Intendente de Patagones expuso sobre las acciones municipales por el cambio clim\u00e1tico\",\"datePublished\":\"2016-05-21T16:30:04+00:00\",\"mainEntityOfPage\":{\"@id\":\"https:\\\/\\\/patagoniambiental.com.ar\\\/info\\\/intendente-de-patagones-expuso-sobre-las-acciones-municipales-por-el-cambio-climatico\\\/\"},\"wordCount\":367,\"publisher\":{\"@id\":\"https:\\\/\\\/patagoniambiental.com.ar\\\/info\\\/#organization\"},\"articleSection\":[\"Municipales\",\"Noticias\"],\"inLanguage\":\"es\"},{\"@type\":\"WebPage\",\"@id\":\"https:\\\/\\\/patagoniambiental.com.ar\\\/info\\\/intendente-de-patagones-expuso-sobre-las-acciones-municipales-por-el-cambio-climatico\\\/\",\"url\":\"https:\\\/\\\/patagoniambiental.com.ar\\\/info\\\/intendente-de-patagones-expuso-sobre-las-acciones-municipales-por-el-cambio-climatico\\\/\",\"name\":\"Intendente de Patagones expuso sobre las acciones municipales por el cambio clim\u00e1tico\",\"isPartOf\":{\"@id\":\"https:\\\/\\\/patagoniambiental.com.ar\\\/info\\\/#website\"},\"datePublished\":\"2016-05-21T16:30:04+00:00\",\"breadcrumb\":{\"@id\":\"https:\\\/\\\/patagoniambiental.com.ar\\\/info\\\/intendente-de-patagones-expuso-sobre-las-acciones-municipales-por-el-cambio-climatico\\\/#breadcrumb\"},\"inLanguage\":\"es\",\"potentialAction\":[{\"@type\":\"ReadAction\",\"target\":[\"https:\\\/\\\/patagoniambiental.com.ar\\\/info\\\/intendente-de-patagones-expuso-sobre-las-acciones-municipales-por-el-cambio-climatico\\\/\"]}]},{\"@type\":\"BreadcrumbList\",\"@id\":\"https:\\\/\\\/patagoniambiental.com.ar\\\/info\\\/intendente-de-patagones-expuso-sobre-las-acciones-municipales-por-el-cambio-climatico\\\/#breadcrumb\",\"itemListElement\":[{\"@type\":\"ListItem\",\"position\":1,\"name\":\"Inicio\",\"item\":\"https:\\\/\\\/patagoniambiental.com.ar\\\/info\\\/\"},{\"@type\":\"ListItem\",\"position\":2,\"name\":\"Intendente de Patagones expuso sobre las acciones municipales por el cambio clim\u00e1tico\"}]},{\"@type\":\"WebSite\",\"@id\":\"https:\\\/\\\/patagoniambiental.com.ar\\\/info\\\/#website\",\"url\":\"https:\\\/\\\/patagoniambiental.com.ar\\\/info\\\/\",\"name\":\"Patagonia Ambiental\",\"description\":\"Monitoreo y an\u00e1lisis de la situaci\u00f3n geopol\u00edtica en el mundo y su implicancia en la Patagonia\",\"publisher\":{\"@id\":\"https:\\\/\\\/patagoniambiental.com.ar\\\/info\\\/#organization\"},\"potentialAction\":[{\"@type\":\"SearchAction\",\"target\":{\"@type\":\"EntryPoint\",\"urlTemplate\":\"https:\\\/\\\/patagoniambiental.com.ar\\\/info\\\/?s={search_term_string}\"},\"query-input\":{\"@type\":\"PropertyValueSpecification\",\"valueRequired\":true,\"valueName\":\"search_term_string\"}}],\"inLanguage\":\"es\"},{\"@type\":\"Organization\",\"@id\":\"https:\\\/\\\/patagoniambiental.com.ar\\\/info\\\/#organization\",\"name\":\"Patagonia Ambiental\",\"url\":\"https:\\\/\\\/patagoniambiental.com.ar\\\/info\\\/\",\"logo\":{\"@type\":\"ImageObject\",\"inLanguage\":\"es\",\"@id\":\"https:\\\/\\\/patagoniambiental.com.ar\\\/info\\\/#\\\/schema\\\/logo\\\/image\\\/\",\"url\":\"https:\\\/\\\/patagoniambiental.com.ar\\\/info\\\/wp-content\\\/uploads\\\/2025\\\/05\\\/LOGO-PATAGONIA-AMBIENTAL.png\",\"contentUrl\":\"https:\\\/\\\/patagoniambiental.com.ar\\\/info\\\/wp-content\\\/uploads\\\/2025\\\/05\\\/LOGO-PATAGONIA-AMBIENTAL.png\",\"width\":433,\"height\":250,\"caption\":\"Patagonia Ambiental\"},\"image\":{\"@id\":\"https:\\\/\\\/patagoniambiental.com.ar\\\/info\\\/#\\\/schema\\\/logo\\\/image\\\/\"},\"sameAs\":[\"https:\\\/\\\/www.facebook.com\\\/patagonia.ambiental\",\"https:\\\/\\\/x.com\\\/PatAmb\"]},{\"@type\":\"Person\",\"@id\":\"https:\\\/\\\/patagoniambiental.com.ar\\\/info\\\/#\\\/schema\\\/person\\\/db12bff64bbcbf6a253710bf0ea37b5d\",\"name\":\"Patagonia Ambiental\",\"description\":\"Andr\u00e9s Nievas T\u00e9cnico en manejo ambiental, consultor Ambiental y escritor para medios locales e internacionales sobre temas de geopolitica y medio ambiente.\",\"sameAs\":[\"http:\\\/\\\/www.patagoniambiental.com.ar\",\"https:\\\/\\\/www.facebook.com\\\/share\\\/1C1V8Gv9BX\\\/?mibextid=qi2Omg\",\"@patagoniambiental\",\"https:\\\/\\\/youtube.com\\\/@patagoniaambiental2023?si=BLt58t0wuXquxlYZ\"]}]}<\/script>\n<!-- \/ Yoast SEO Premium plugin. -->","yoast_head_json":{"title":"Intendente de Patagones expuso sobre las acciones municipales por el cambio clim\u00e1tico","robots":{"index":"index","follow":"follow","max-snippet":"max-snippet:-1","max-image-preview":"max-image-preview:large","max-video-preview":"max-video-preview:-1"},"canonical":"https:\/\/patagoniambiental.com.ar\/info\/intendente-de-patagones-expuso-sobre-las-acciones-municipales-por-el-cambio-climatico\/","og_locale":"es_ES","og_type":"article","og_title":"Intendente de Patagones expuso sobre las acciones municipales por el cambio clim\u00e1tico","og_description":"PATAGONES.- En el marco de las jornadas \u201cMunicipios sostenibles y resilientes: construyendo medidas de adaptaci\u00f3n y mitigaci\u00f3n al cambio clim\u00e1tico [&hellip;]","og_url":"https:\/\/patagoniambiental.com.ar\/info\/intendente-de-patagones-expuso-sobre-las-acciones-municipales-por-el-cambio-climatico\/","og_site_name":"Patagonia Ambiental","article_publisher":"https:\/\/www.facebook.com\/patagonia.ambiental","article_author":"https:\/\/www.facebook.com\/share\/1C1V8Gv9BX\/?mibextid=qi2Omg","article_published_time":"2016-05-21T16:30:04+00:00","author":"Patagonia Ambiental","twitter_card":"summary_large_image","twitter_creator":"@PatAmb","twitter_site":"@PatAmb","schema":{"@context":"https:\/\/schema.org","@graph":[{"@type":"Article","@id":"https:\/\/patagoniambiental.com.ar\/info\/intendente-de-patagones-expuso-sobre-las-acciones-municipales-por-el-cambio-climatico\/#article","isPartOf":{"@id":"https:\/\/patagoniambiental.com.ar\/info\/intendente-de-patagones-expuso-sobre-las-acciones-municipales-por-el-cambio-climatico\/"},"author":{"name":"Patagonia Ambiental","@id":"https:\/\/patagoniambiental.com.ar\/info\/#\/schema\/person\/db12bff64bbcbf6a253710bf0ea37b5d"},"headline":"Intendente de Patagones expuso sobre las acciones municipales por el cambio clim\u00e1tico","datePublished":"2016-05-21T16:30:04+00:00","mainEntityOfPage":{"@id":"https:\/\/patagoniambiental.com.ar\/info\/intendente-de-patagones-expuso-sobre-las-acciones-municipales-por-el-cambio-climatico\/"},"wordCount":367,"publisher":{"@id":"https:\/\/patagoniambiental.com.ar\/info\/#organization"},"articleSection":["Municipales","Noticias"],"inLanguage":"es"},{"@type":"WebPage","@id":"https:\/\/patagoniambiental.com.ar\/info\/intendente-de-patagones-expuso-sobre-las-acciones-municipales-por-el-cambio-climatico\/","url":"https:\/\/patagoniambiental.com.ar\/info\/intendente-de-patagones-expuso-sobre-las-acciones-municipales-por-el-cambio-climatico\/","name":"Intendente de Patagones expuso sobre las acciones municipales por el cambio clim\u00e1tico","isPartOf":{"@id":"https:\/\/patagoniambiental.com.ar\/info\/#website"},"datePublished":"2016-05-21T16:30:04+00:00","breadcrumb":{"@id":"https:\/\/patagoniambiental.com.ar\/info\/intendente-de-patagones-expuso-sobre-las-acciones-municipales-por-el-cambio-climatico\/#breadcrumb"},"inLanguage":"es","potentialAction":[{"@type":"ReadAction","target":["https:\/\/patagoniambiental.com.ar\/info\/intendente-de-patagones-expuso-sobre-las-acciones-municipales-por-el-cambio-climatico\/"]}]},{"@type":"BreadcrumbList","@id":"https:\/\/patagoniambiental.com.ar\/info\/intendente-de-patagones-expuso-sobre-las-acciones-municipales-por-el-cambio-climatico\/#breadcrumb","itemListElement":[{"@type":"ListItem","position":1,"name":"Inicio","item":"https:\/\/patagoniambiental.com.ar\/info\/"},{"@type":"ListItem","position":2,"name":"Intendente de Patagones expuso sobre las acciones municipales por el cambio clim\u00e1tico"}]},{"@type":"WebSite","@id":"https:\/\/patagoniambiental.com.ar\/info\/#website","url":"https:\/\/patagoniambiental.com.ar\/info\/","name":"Patagonia Ambiental","description":"Monitoreo y an\u00e1lisis de la situaci\u00f3n geopol\u00edtica en el mundo y su implicancia en la Patagonia","publisher":{"@id":"https:\/\/patagoniambiental.com.ar\/info\/#organization"},"potentialAction":[{"@type":"SearchAction","target":{"@type":"EntryPoint","urlTemplate":"https:\/\/patagoniambiental.com.ar\/info\/?s={search_term_string}"},"query-input":{"@type":"PropertyValueSpecification","valueRequired":true,"valueName":"search_term_string"}}],"inLanguage":"es"},{"@type":"Organization","@id":"https:\/\/patagoniambiental.com.ar\/info\/#organization","name":"Patagonia Ambiental","url":"https:\/\/patagoniambiental.com.ar\/info\/","logo":{"@type":"ImageObject","inLanguage":"es","@id":"https:\/\/patagoniambiental.com.ar\/info\/#\/schema\/logo\/image\/","url":"https:\/\/patagoniambiental.com.ar\/info\/wp-content\/uploads\/2025\/05\/LOGO-PATAGONIA-AMBIENTAL.png","contentUrl":"https:\/\/patagoniambiental.com.ar\/info\/wp-content\/uploads\/2025\/05\/LOGO-PATAGONIA-AMBIENTAL.png","width":433,"height":250,"caption":"Patagonia Ambiental"},"image":{"@id":"https:\/\/patagoniambiental.com.ar\/info\/#\/schema\/logo\/image\/"},"sameAs":["https:\/\/www.facebook.com\/patagonia.ambiental","https:\/\/x.com\/PatAmb"]},{"@type":"Person","@id":"https:\/\/patagoniambiental.com.ar\/info\/#\/schema\/person\/db12bff64bbcbf6a253710bf0ea37b5d","name":"Patagonia Ambiental","description":"Andr\u00e9s Nievas T\u00e9cnico en manejo ambiental, consultor Ambiental y escritor para medios locales e internacionales sobre temas de geopolitica y medio ambiente.","sameAs":["http:\/\/www.patagoniambiental.com.ar","https:\/\/www.facebook.com\/share\/1C1V8Gv9BX\/?mibextid=qi2Omg","@patagoniambiental","https:\/\/youtube.com\/@patagoniaambiental2023?si=BLt58t0wuXquxlYZ"]}]}},"_links":{"self":[{"href":"https:\/\/patagoniambiental.com.ar\/info\/wp-json\/wp\/v2\/posts\/18489","targetHints":{"allow":["GET"]}}],"collection":[{"href":"https:\/\/patagoniambiental.com.ar\/info\/wp-json\/wp\/v2\/posts"}],"about":[{"href":"https:\/\/patagoniambiental.com.ar\/info\/wp-json\/wp\/v2\/types\/post"}],"author":[{"embeddable":true,"href":"https:\/\/patagoniambiental.com.ar\/info\/wp-json\/wp\/v2\/users\/2"}],"replies":[{"embeddable":true,"href":"https:\/\/patagoniambiental.com.ar\/info\/wp-json\/wp\/v2\/comments?post=18489"}],"version-history":[{"count":0,"href":"https:\/\/patagoniambiental.com.ar\/info\/wp-json\/wp\/v2\/posts\/18489\/revisions"}],"wp:attachment":[{"href":"https:\/\/patagoniambiental.com.ar\/info\/wp-json\/wp\/v2\/media?parent=18489"}],"wp:term":[{"taxonomy":"category","embeddable":true,"href":"https:\/\/patagoniambiental.com.ar\/info\/wp-json\/wp\/v2\/categories?post=18489"},{"taxonomy":"post_tag","embeddable":true,"href":"https:\/\/patagoniambiental.com.ar\/info\/wp-json\/wp\/v2\/tags?post=18489"}],"curies":[{"name":"wp","href":"https:\/\/api.w.org\/{rel}","templated":true}]}}