{"id":18536,"date":"2016-05-24T09:00:19","date_gmt":"2016-05-24T12:00:19","guid":{"rendered":"http:\/\/patagoniambiental.com.ar\/?p=18536"},"modified":"2016-05-24T09:00:19","modified_gmt":"2016-05-24T12:00:19","slug":"chubut-ambiente-concluyo-cronograma-de-consultas-comarcales-por-el-decreto-de-vuelcos","status":"publish","type":"post","link":"https:\/\/patagoniambiental.com.ar\/info\/chubut-ambiente-concluyo-cronograma-de-consultas-comarcales-por-el-decreto-de-vuelcos\/","title":{"rendered":"Chubut: Ambiente concluy\u00f3 cronograma de consultas comarcales por el Decreto de Vuelcos"},"content":{"rendered":"<p>El Ministerio de Ambiente y Control del Desarrollo Sustentable concluy\u00f3, con una activa participaci\u00f3n de los sectores involucrados, la ronda de consultas relacionadas con la redacci\u00f3n de la normativa que regular\u00e1 el volcado de efluentes l\u00edquidos a los distintos cuerpos receptores de agua de toda la provincia.<br \/>\nEn este sentido, el ministro Ignacio Agulleiro mencion\u00f3 que \u201cestamos muy agradecidos con todos los municipios que participaron e hicieron sus aportes para lograr la mejor normativa para Chubut.\u201d<a href=\"http:\/\/www.chubut.gov.ar\/portal\/wp-organismos\/ambiente\/wp-content\/uploads\/sites\/8\/2016\/05\/IMG-20160519-WA0002.jpg\"><br \/>\n<\/a>A los encuentros realizados d\u00edas atr\u00e1s en Esquel, Trevelin y Sarmiento, se suma el realizado con anterioridad en la ciudad de Rawson, promoviendo como lo indic\u00f3 el titular de la cartera, \u201cel trabajo conjunto entre la Provincia y los municipios lo que nos permitir\u00e1 una regulaci\u00f3n eficiente de los vuelcos y por lo tanto la preservaci\u00f3n del recurso h\u00eddrico.\u201d<\/p>\n<p>De esta manera, dijo Agulleiro, \u201cestamos cumpliendo con los plazos y los compromisos asumidos hace un tiempo cuando presentamos esta propuesta en Casa de Gobierno con la idea de avanzar pero siempre buscando el consenso con los actores involucrados, de los cuales los intendentes y jefes comunales son fundamentales.\u201d<br \/>\nComo se recordar\u00e1, el pasado 31 de marzo, con motivo de conmemorarse el D\u00eda Nacional del Agua, el Ministerio de Ambiente y Control del Desarrollo Sustentable, en conjunto con el IPA, present\u00f3 en un acto realizado en el Sal\u00f3n de los Constituyentes de Casa de Gobierno, el anteproyecto del Decreto de Vuelcos que regular\u00e1 respecto de la calidad de los efluentes vertidos a los distintos cuerpos de agua, con vistas a su preservaci\u00f3n.<br \/>\nEn la oportunidad, el ministro de Ambiente expres\u00f3 que \u201cuna buena gesti\u00f3n ambiental solamente se puede lograr con la participaci\u00f3n ciudadana y de los municipios\u201d destacando que \u201clos convocamos y les presentamos este proyecto justamente para interactuar con los intendentes y que ellos nos puedan hacer aportes para generar algo que nos convenza a todos en pos de lo que postula nuestro gobernador Mario Das Neves, principalmente como pol\u00edtica de Estado, que es cuidar el agua\u201d.<\/p>\n<p>Fuente: Gobierno de Chubut<\/p>\n","protected":false},"excerpt":{"rendered":"<p>El Ministerio de Ambiente y Control del Desarrollo Sustentable concluy\u00f3, con una activa participaci\u00f3n de los sectores involucrados, la ronda [&hellip;]<\/p>\n","protected":false},"author":2,"featured_media":0,"comment_status":"closed","ping_status":"closed","sticky":false,"template":"","format":"standard","meta":{"site-sidebar-layout":"default","site-content-layout":"","ast-site-content-layout":"default","site-content-style":"default","site-sidebar-style":"default","ast-global-header-display":"","ast-banner-title-visibility":"","ast-main-header-display":"","ast-hfb-above-header-display":"","ast-hfb-below-header-display":"","ast-hfb-mobile-header-display":"","site-post-title":"","ast-breadcrumbs-content":"","ast-featured-img":"","footer-sml-layout":"","ast-disable-related-posts":"","theme-transparent-header-meta":"","adv-header-id-meta":"","stick-header-meta":"","header-above-stick-meta":"","header-main-stick-meta":"","header-below-stick-meta":"","astra-migrate-meta-layouts":"default","ast-page-background-enabled":"default","ast-page-background-meta":{"desktop":{"background-color":"var(--ast-global-color-5)","background-image":"","background-repeat":"repeat","background-position":"center center","background-size":"auto","background-attachment":"scroll","background-type":"","background-media":"","overlay-type":"","overlay-color":"","overlay-opacity":"","overlay-gradient":""},"tablet":{"background-color":"","background-image":"","background-repeat":"repeat","background-position":"center center","background-size":"auto","background-attachment":"scroll","background-type":"","background-media":"","overlay-type":"","overlay-color":"","overlay-opacity":"","overlay-gradient":""},"mobile":{"background-color":"","background-image":"","background-repeat":"repeat","background-position":"center center","background-size":"auto","background-attachment":"scroll","background-type":"","background-media":"","overlay-type":"","overlay-color":"","overlay-opacity":"","overlay-gradient":""}},"ast-content-background-meta":{"desktop":{"background-color":"var(--ast-global-color-4)","background-image":"","background-repeat":"repeat","background-position":"center center","background-size":"auto","background-attachment":"scroll","background-type":"","background-media":"","overlay-type":"","overlay-color":"","overlay-opacity":"","overlay-gradient":""},"tablet":{"background-color":"var(--ast-global-color-4)","background-image":"","background-repeat":"repeat","background-position":"center center","background-size":"auto","background-attachment":"scroll","background-type":"","background-media":"","overlay-type":"","overlay-color":"","overlay-opacity":"","overlay-gradient":""},"mobile":{"background-color":"var(--ast-global-color-4)","background-image":"","background-repeat":"repeat","background-position":"center center","background-size":"auto","background-attachment":"scroll","background-type":"","background-media":"","overlay-type":"","overlay-color":"","overlay-opacity":"","overlay-gradient":""}},"footnotes":""},"categories":[26,1,13],"tags":[],"class_list":["post-18536","post","type-post","status-publish","format-standard","hentry","category-chubut","category-noticias","category-provinciales"],"yoast_head":"<!-- This site is optimized with the Yoast SEO Premium plugin v23.0 (Yoast SEO v27.5) - https:\/\/yoast.com\/product\/yoast-seo-premium-wordpress\/ -->\n<title>Chubut: Ambiente concluy\u00f3 cronograma de consultas comarcales por el Decreto de Vuelcos<\/title>\n<meta name=\"robots\" content=\"index, follow, max-snippet:-1, max-image-preview:large, max-video-preview:-1\" \/>\n<link rel=\"canonical\" href=\"https:\/\/patagoniambiental.com.ar\/info\/chubut-ambiente-concluyo-cronograma-de-consultas-comarcales-por-el-decreto-de-vuelcos\/\" \/>\n<meta property=\"og:locale\" content=\"es_ES\" \/>\n<meta property=\"og:type\" content=\"article\" \/>\n<meta property=\"og:title\" content=\"Chubut: Ambiente concluy\u00f3 cronograma de consultas comarcales por el Decreto de Vuelcos\" \/>\n<meta property=\"og:description\" content=\"El Ministerio de Ambiente y Control del Desarrollo Sustentable concluy\u00f3, con una activa participaci\u00f3n de los sectores involucrados, la ronda [&hellip;]\" \/>\n<meta property=\"og:url\" content=\"https:\/\/patagoniambiental.com.ar\/info\/chubut-ambiente-concluyo-cronograma-de-consultas-comarcales-por-el-decreto-de-vuelcos\/\" \/>\n<meta property=\"og:site_name\" content=\"Patagonia Ambiental\" \/>\n<meta property=\"article:publisher\" content=\"https:\/\/www.facebook.com\/patagonia.ambiental\" \/>\n<meta property=\"article:author\" content=\"https:\/\/www.facebook.com\/share\/1C1V8Gv9BX\/?mibextid=qi2Omg\" \/>\n<meta property=\"article:published_time\" content=\"2016-05-24T12:00:19+00:00\" \/>\n<meta name=\"author\" content=\"Patagonia Ambiental\" \/>\n<meta name=\"twitter:card\" content=\"summary_large_image\" \/>\n<meta name=\"twitter:creator\" content=\"@PatAmb\" \/>\n<meta name=\"twitter:site\" content=\"@PatAmb\" \/>\n<script type=\"application\/ld+json\" class=\"yoast-schema-graph\">{\"@context\":\"https:\\\/\\\/schema.org\",\"@graph\":[{\"@type\":\"Article\",\"@id\":\"https:\\\/\\\/patagoniambiental.com.ar\\\/info\\\/chubut-ambiente-concluyo-cronograma-de-consultas-comarcales-por-el-decreto-de-vuelcos\\\/#article\",\"isPartOf\":{\"@id\":\"https:\\\/\\\/patagoniambiental.com.ar\\\/info\\\/chubut-ambiente-concluyo-cronograma-de-consultas-comarcales-por-el-decreto-de-vuelcos\\\/\"},\"author\":{\"name\":\"Patagonia Ambiental\",\"@id\":\"https:\\\/\\\/patagoniambiental.com.ar\\\/info\\\/#\\\/schema\\\/person\\\/db12bff64bbcbf6a253710bf0ea37b5d\"},\"headline\":\"Chubut: Ambiente concluy\u00f3 cronograma de consultas comarcales por el Decreto de Vuelcos\",\"datePublished\":\"2016-05-24T12:00:19+00:00\",\"mainEntityOfPage\":{\"@id\":\"https:\\\/\\\/patagoniambiental.com.ar\\\/info\\\/chubut-ambiente-concluyo-cronograma-de-consultas-comarcales-por-el-decreto-de-vuelcos\\\/\"},\"wordCount\":362,\"publisher\":{\"@id\":\"https:\\\/\\\/patagoniambiental.com.ar\\\/info\\\/#organization\"},\"articleSection\":[\"Chubut\",\"Noticias\",\"Provinciales\"],\"inLanguage\":\"es\"},{\"@type\":\"WebPage\",\"@id\":\"https:\\\/\\\/patagoniambiental.com.ar\\\/info\\\/chubut-ambiente-concluyo-cronograma-de-consultas-comarcales-por-el-decreto-de-vuelcos\\\/\",\"url\":\"https:\\\/\\\/patagoniambiental.com.ar\\\/info\\\/chubut-ambiente-concluyo-cronograma-de-consultas-comarcales-por-el-decreto-de-vuelcos\\\/\",\"name\":\"Chubut: Ambiente concluy\u00f3 cronograma de consultas comarcales por el Decreto de Vuelcos\",\"isPartOf\":{\"@id\":\"https:\\\/\\\/patagoniambiental.com.ar\\\/info\\\/#website\"},\"datePublished\":\"2016-05-24T12:00:19+00:00\",\"breadcrumb\":{\"@id\":\"https:\\\/\\\/patagoniambiental.com.ar\\\/info\\\/chubut-ambiente-concluyo-cronograma-de-consultas-comarcales-por-el-decreto-de-vuelcos\\\/#breadcrumb\"},\"inLanguage\":\"es\",\"potentialAction\":[{\"@type\":\"ReadAction\",\"target\":[\"https:\\\/\\\/patagoniambiental.com.ar\\\/info\\\/chubut-ambiente-concluyo-cronograma-de-consultas-comarcales-por-el-decreto-de-vuelcos\\\/\"]}]},{\"@type\":\"BreadcrumbList\",\"@id\":\"https:\\\/\\\/patagoniambiental.com.ar\\\/info\\\/chubut-ambiente-concluyo-cronograma-de-consultas-comarcales-por-el-decreto-de-vuelcos\\\/#breadcrumb\",\"itemListElement\":[{\"@type\":\"ListItem\",\"position\":1,\"name\":\"Inicio\",\"item\":\"https:\\\/\\\/patagoniambiental.com.ar\\\/info\\\/\"},{\"@type\":\"ListItem\",\"position\":2,\"name\":\"Chubut: Ambiente concluy\u00f3 cronograma de consultas comarcales por el Decreto de Vuelcos\"}]},{\"@type\":\"WebSite\",\"@id\":\"https:\\\/\\\/patagoniambiental.com.ar\\\/info\\\/#website\",\"url\":\"https:\\\/\\\/patagoniambiental.com.ar\\\/info\\\/\",\"name\":\"Patagonia Ambiental\",\"description\":\"Monitoreo y an\u00e1lisis de la situaci\u00f3n geopol\u00edtica en el mundo y su implicancia en la Patagonia\",\"publisher\":{\"@id\":\"https:\\\/\\\/patagoniambiental.com.ar\\\/info\\\/#organization\"},\"potentialAction\":[{\"@type\":\"SearchAction\",\"target\":{\"@type\":\"EntryPoint\",\"urlTemplate\":\"https:\\\/\\\/patagoniambiental.com.ar\\\/info\\\/?s={search_term_string}\"},\"query-input\":{\"@type\":\"PropertyValueSpecification\",\"valueRequired\":true,\"valueName\":\"search_term_string\"}}],\"inLanguage\":\"es\"},{\"@type\":\"Organization\",\"@id\":\"https:\\\/\\\/patagoniambiental.com.ar\\\/info\\\/#organization\",\"name\":\"Patagonia Ambiental\",\"url\":\"https:\\\/\\\/patagoniambiental.com.ar\\\/info\\\/\",\"logo\":{\"@type\":\"ImageObject\",\"inLanguage\":\"es\",\"@id\":\"https:\\\/\\\/patagoniambiental.com.ar\\\/info\\\/#\\\/schema\\\/logo\\\/image\\\/\",\"url\":\"https:\\\/\\\/patagoniambiental.com.ar\\\/info\\\/wp-content\\\/uploads\\\/2025\\\/05\\\/LOGO-PATAGONIA-AMBIENTAL.png\",\"contentUrl\":\"https:\\\/\\\/patagoniambiental.com.ar\\\/info\\\/wp-content\\\/uploads\\\/2025\\\/05\\\/LOGO-PATAGONIA-AMBIENTAL.png\",\"width\":433,\"height\":250,\"caption\":\"Patagonia Ambiental\"},\"image\":{\"@id\":\"https:\\\/\\\/patagoniambiental.com.ar\\\/info\\\/#\\\/schema\\\/logo\\\/image\\\/\"},\"sameAs\":[\"https:\\\/\\\/www.facebook.com\\\/patagonia.ambiental\",\"https:\\\/\\\/x.com\\\/PatAmb\"]},{\"@type\":\"Person\",\"@id\":\"https:\\\/\\\/patagoniambiental.com.ar\\\/info\\\/#\\\/schema\\\/person\\\/db12bff64bbcbf6a253710bf0ea37b5d\",\"name\":\"Patagonia Ambiental\",\"description\":\"Andr\u00e9s Nievas T\u00e9cnico en manejo ambiental, consultor Ambiental y escritor para medios locales e internacionales sobre temas de geopolitica y medio ambiente.\",\"sameAs\":[\"http:\\\/\\\/www.patagoniambiental.com.ar\",\"https:\\\/\\\/www.facebook.com\\\/share\\\/1C1V8Gv9BX\\\/?mibextid=qi2Omg\",\"@patagoniambiental\",\"https:\\\/\\\/youtube.com\\\/@patagoniaambiental2023?si=BLt58t0wuXquxlYZ\"]}]}<\/script>\n<!-- \/ Yoast SEO Premium plugin. -->","yoast_head_json":{"title":"Chubut: Ambiente concluy\u00f3 cronograma de consultas comarcales por el Decreto de Vuelcos","robots":{"index":"index","follow":"follow","max-snippet":"max-snippet:-1","max-image-preview":"max-image-preview:large","max-video-preview":"max-video-preview:-1"},"canonical":"https:\/\/patagoniambiental.com.ar\/info\/chubut-ambiente-concluyo-cronograma-de-consultas-comarcales-por-el-decreto-de-vuelcos\/","og_locale":"es_ES","og_type":"article","og_title":"Chubut: Ambiente concluy\u00f3 cronograma de consultas comarcales por el Decreto de Vuelcos","og_description":"El Ministerio de Ambiente y Control del Desarrollo Sustentable concluy\u00f3, con una activa participaci\u00f3n de los sectores involucrados, la ronda [&hellip;]","og_url":"https:\/\/patagoniambiental.com.ar\/info\/chubut-ambiente-concluyo-cronograma-de-consultas-comarcales-por-el-decreto-de-vuelcos\/","og_site_name":"Patagonia Ambiental","article_publisher":"https:\/\/www.facebook.com\/patagonia.ambiental","article_author":"https:\/\/www.facebook.com\/share\/1C1V8Gv9BX\/?mibextid=qi2Omg","article_published_time":"2016-05-24T12:00:19+00:00","author":"Patagonia Ambiental","twitter_card":"summary_large_image","twitter_creator":"@PatAmb","twitter_site":"@PatAmb","schema":{"@context":"https:\/\/schema.org","@graph":[{"@type":"Article","@id":"https:\/\/patagoniambiental.com.ar\/info\/chubut-ambiente-concluyo-cronograma-de-consultas-comarcales-por-el-decreto-de-vuelcos\/#article","isPartOf":{"@id":"https:\/\/patagoniambiental.com.ar\/info\/chubut-ambiente-concluyo-cronograma-de-consultas-comarcales-por-el-decreto-de-vuelcos\/"},"author":{"name":"Patagonia Ambiental","@id":"https:\/\/patagoniambiental.com.ar\/info\/#\/schema\/person\/db12bff64bbcbf6a253710bf0ea37b5d"},"headline":"Chubut: Ambiente concluy\u00f3 cronograma de consultas comarcales por el Decreto de Vuelcos","datePublished":"2016-05-24T12:00:19+00:00","mainEntityOfPage":{"@id":"https:\/\/patagoniambiental.com.ar\/info\/chubut-ambiente-concluyo-cronograma-de-consultas-comarcales-por-el-decreto-de-vuelcos\/"},"wordCount":362,"publisher":{"@id":"https:\/\/patagoniambiental.com.ar\/info\/#organization"},"articleSection":["Chubut","Noticias","Provinciales"],"inLanguage":"es"},{"@type":"WebPage","@id":"https:\/\/patagoniambiental.com.ar\/info\/chubut-ambiente-concluyo-cronograma-de-consultas-comarcales-por-el-decreto-de-vuelcos\/","url":"https:\/\/patagoniambiental.com.ar\/info\/chubut-ambiente-concluyo-cronograma-de-consultas-comarcales-por-el-decreto-de-vuelcos\/","name":"Chubut: Ambiente concluy\u00f3 cronograma de consultas comarcales por el Decreto de Vuelcos","isPartOf":{"@id":"https:\/\/patagoniambiental.com.ar\/info\/#website"},"datePublished":"2016-05-24T12:00:19+00:00","breadcrumb":{"@id":"https:\/\/patagoniambiental.com.ar\/info\/chubut-ambiente-concluyo-cronograma-de-consultas-comarcales-por-el-decreto-de-vuelcos\/#breadcrumb"},"inLanguage":"es","potentialAction":[{"@type":"ReadAction","target":["https:\/\/patagoniambiental.com.ar\/info\/chubut-ambiente-concluyo-cronograma-de-consultas-comarcales-por-el-decreto-de-vuelcos\/"]}]},{"@type":"BreadcrumbList","@id":"https:\/\/patagoniambiental.com.ar\/info\/chubut-ambiente-concluyo-cronograma-de-consultas-comarcales-por-el-decreto-de-vuelcos\/#breadcrumb","itemListElement":[{"@type":"ListItem","position":1,"name":"Inicio","item":"https:\/\/patagoniambiental.com.ar\/info\/"},{"@type":"ListItem","position":2,"name":"Chubut: Ambiente concluy\u00f3 cronograma de consultas comarcales por el Decreto de Vuelcos"}]},{"@type":"WebSite","@id":"https:\/\/patagoniambiental.com.ar\/info\/#website","url":"https:\/\/patagoniambiental.com.ar\/info\/","name":"Patagonia Ambiental","description":"Monitoreo y an\u00e1lisis de la situaci\u00f3n geopol\u00edtica en el mundo y su implicancia en la Patagonia","publisher":{"@id":"https:\/\/patagoniambiental.com.ar\/info\/#organization"},"potentialAction":[{"@type":"SearchAction","target":{"@type":"EntryPoint","urlTemplate":"https:\/\/patagoniambiental.com.ar\/info\/?s={search_term_string}"},"query-input":{"@type":"PropertyValueSpecification","valueRequired":true,"valueName":"search_term_string"}}],"inLanguage":"es"},{"@type":"Organization","@id":"https:\/\/patagoniambiental.com.ar\/info\/#organization","name":"Patagonia Ambiental","url":"https:\/\/patagoniambiental.com.ar\/info\/","logo":{"@type":"ImageObject","inLanguage":"es","@id":"https:\/\/patagoniambiental.com.ar\/info\/#\/schema\/logo\/image\/","url":"https:\/\/patagoniambiental.com.ar\/info\/wp-content\/uploads\/2025\/05\/LOGO-PATAGONIA-AMBIENTAL.png","contentUrl":"https:\/\/patagoniambiental.com.ar\/info\/wp-content\/uploads\/2025\/05\/LOGO-PATAGONIA-AMBIENTAL.png","width":433,"height":250,"caption":"Patagonia Ambiental"},"image":{"@id":"https:\/\/patagoniambiental.com.ar\/info\/#\/schema\/logo\/image\/"},"sameAs":["https:\/\/www.facebook.com\/patagonia.ambiental","https:\/\/x.com\/PatAmb"]},{"@type":"Person","@id":"https:\/\/patagoniambiental.com.ar\/info\/#\/schema\/person\/db12bff64bbcbf6a253710bf0ea37b5d","name":"Patagonia Ambiental","description":"Andr\u00e9s Nievas T\u00e9cnico en manejo ambiental, consultor Ambiental y escritor para medios locales e internacionales sobre temas de geopolitica y medio ambiente.","sameAs":["http:\/\/www.patagoniambiental.com.ar","https:\/\/www.facebook.com\/share\/1C1V8Gv9BX\/?mibextid=qi2Omg","@patagoniambiental","https:\/\/youtube.com\/@patagoniaambiental2023?si=BLt58t0wuXquxlYZ"]}]}},"_links":{"self":[{"href":"https:\/\/patagoniambiental.com.ar\/info\/wp-json\/wp\/v2\/posts\/18536","targetHints":{"allow":["GET"]}}],"collection":[{"href":"https:\/\/patagoniambiental.com.ar\/info\/wp-json\/wp\/v2\/posts"}],"about":[{"href":"https:\/\/patagoniambiental.com.ar\/info\/wp-json\/wp\/v2\/types\/post"}],"author":[{"embeddable":true,"href":"https:\/\/patagoniambiental.com.ar\/info\/wp-json\/wp\/v2\/users\/2"}],"replies":[{"embeddable":true,"href":"https:\/\/patagoniambiental.com.ar\/info\/wp-json\/wp\/v2\/comments?post=18536"}],"version-history":[{"count":0,"href":"https:\/\/patagoniambiental.com.ar\/info\/wp-json\/wp\/v2\/posts\/18536\/revisions"}],"wp:attachment":[{"href":"https:\/\/patagoniambiental.com.ar\/info\/wp-json\/wp\/v2\/media?parent=18536"}],"wp:term":[{"taxonomy":"category","embeddable":true,"href":"https:\/\/patagoniambiental.com.ar\/info\/wp-json\/wp\/v2\/categories?post=18536"},{"taxonomy":"post_tag","embeddable":true,"href":"https:\/\/patagoniambiental.com.ar\/info\/wp-json\/wp\/v2\/tags?post=18536"}],"curies":[{"name":"wp","href":"https:\/\/api.w.org\/{rel}","templated":true}]}}