{"id":18546,"date":"2016-05-25T10:47:33","date_gmt":"2016-05-25T13:47:33","guid":{"rendered":"http:\/\/patagoniambiental.com.ar\/?p=18546"},"modified":"2016-05-25T10:47:33","modified_gmt":"2016-05-25T13:47:33","slug":"la-ley-de-biocombustibles-deberia-incluir-a-empresas-como-ledesma","status":"publish","type":"post","link":"https:\/\/patagoniambiental.com.ar\/info\/la-ley-de-biocombustibles-deberia-incluir-a-empresas-como-ledesma\/","title":{"rendered":"\u00abLa ley de biocombustibles deber\u00eda incluir a empresas como Ledesma\u00bb"},"content":{"rendered":"<div class=\"bajada\">\n<div class=\"field field-name-field-bajada field-type-text-long field-label-hidden\">\n<div class=\"field-items\">\n<div class=\"field-item even\">Miguel Ullivarri, Jefe de Medio Ambiente de Ledesma realiz\u00f3 una entrevista con ComunicaRSE donde expresa qu\u00e9 es el concepto de \u00abpaisaje productivo protegido\u00bb, los beneficios de trabajar junto a una fundaci\u00f3n ambientalista como ProYungas, la evoluci\u00f3n de la matriz energ\u00e9tica hacia las energ\u00edas renovables, la ley de biocombustibles, y la publicaci\u00f3n del libro Arboretum Calilegua.<\/div>\n<div class=\"field-item even\"><\/div>\n<\/div>\n<div class=\"field-item even\">Compartimos los conceptos destacados:<\/div>\n<div class=\"field-items\">\n<div class=\"field-item even\">\n<div class=\"body\">\n<div class=\"field field-name-body field-type-text-with-summary field-label-hidden\">\n<div class=\"field-items\">\n<div class=\"field-item even\">\n<ul>\n<li><strong>Paisaje productivo protegido<\/strong>: es un concepto que se antepone al viejo paradigma que dice que la agroindustria opera en divorcio con el medio ambiente. Con este enfoque, hemos comprobado que la actividad productiva tambi\u00e9n puede ser garante del entorno ambiental. Es importante tener en cuenta que esto es posible gracias a que la actividad productiva existe como tal. Con este concepto, la producci\u00f3n opera como un garante, con acciones que llevan al mejoramiento de su entorno. Hay que destacar que en conjunto con Fundaci\u00f3n ProYungas estamos comenzando a poner en valor este entorno cuidado.<\/li>\n<li><strong>Beneficios de trabajar junto a ProYungas<\/strong>: es bueno recordar los comienzos del trabajo en conjunto. En nuestro plan de expansi\u00f3n productiva, hicimos nuestro estudio de impacto ambiental con las aprobaciones correspondientes, pero al iniciar los trabajos el mundo ambiental en general se opuso a ello. Argumentaban que la oposici\u00f3n se deb\u00eda a que ese sector donde nos quer\u00edamos expandir era lo que se denomina un \u201csector de conectividad\u201d. ProYungas pertenec\u00eda a la parte t\u00e9cnica que sosten\u00eda tal argumento. Frente a esa situaci\u00f3n comenzaron di\u00e1logos que nos ayudaron a entender sus razones. Ah\u00ed fue cuando nos acercamos a ProYungas y les propusimos que nos ofrecieran una alternativa productiva. ProYungas nos propuso armar un plan de ordenamiento territorial integral. Ese fue el inicio de la relaci\u00f3n con ProYungas. Es importante remarcar que la sinergia entre una organizaci\u00f3n del mundo ambiental con una empresa agroindustrial es in\u00e9dita porque cambia el paradigma de oposici\u00f3n entre lo que es el mundo productivo con el mundo ambiental. Este caso demuestra lo contrario, porque aprendemos para poder seguir haciendo las cosas que tenemos que mejorar.<\/li>\n<li><strong>Evoluci\u00f3n de la matriz energ\u00e9tica hacia las energ\u00edas renovables<\/strong>: Nace de una situaci\u00f3n de potencial conflicto a futuro. Argentina tuvo a partir de 2003 una tasa de crecimiento casi a tasas chinas. Para Ledesma, al incorporar el papel a su matriz energ\u00e9tica, el gas es un componente importante. La compa\u00f1\u00eda comenz\u00f3 a ver que la oferta de gas pod\u00eda llegar a comprometer su capacidad productiva y por eso surgi\u00f3 la necesidad de buscar alternativas. Primero comenzamos con la biomasa. Hoy estamos en condiciones de poder reemplazar el 20% del gas consumido con esta fuente. El otro proyecto, que no est\u00e1 ejecutado pero si est\u00e1 estudiado, es la vinaza. Con ella se podr\u00eda reemplazar el 12% de nuestra matriz energ\u00e9tica de gas.<\/li>\n<li><strong>Gesti\u00f3n de residuos<\/strong>: Es un concepto importante en una empresa de esta dimensiones. Ledesma decide administrar sus residuos a partir del a\u00f1o 2000 para que los mismos no impacten en ning\u00fan lugar de disposici\u00f3n p\u00fablica. Para ello se decidi\u00f3 concentrar los residuos en un s\u00f3lo lugar, para derivarlos all\u00ed, y a esos residuos poder clasificarlos y reciclar la mayor cantidad posible de ellos. Los que han perdido valor y no pueden ser clasificados, son derivados a un operador para incineraci\u00f3n, el cual sirve de fuente de energ\u00eda para otras empresas como puede ser una cementera. Para tener una idea: de ese predio diariamente salen de 7,5 a 8 toneladas por d\u00eda. De ellas, s\u00f3lo una tonelada es no reciclable y se derivan a un operador para incineraci\u00f3n. El resto, tienen valor de reciclado y se venden, generando 14 nuevos puestos de trabajo y una facturaci\u00f3n de cerca de $5 millones. De esta manera, estamos hablando de una forma de administrar el residuo para mantener el valor que tiene. Y la clave est\u00e1 en que el residuo sea trabajado en origen con esta idea. No pasa por tener un punto de concentraci\u00f3n sino por una log\u00edstica que lo permita.<\/li>\n<li><strong>Ley de biocombustibles<\/strong>: Es una ley muy interesante para Argentina porque promueve la generaci\u00f3n de energ\u00eda el\u00e9ctrica a partir de fuentes renovables. Pero vale una salvedad: as\u00ed como est\u00e1 reglamentada la ley le impedir\u00eda a Ledesma hacerse beneficiaria de la misma, a\u00fan siendo una empresa que est\u00e1 generando energ\u00edas renovables y que oferta por dejar de consumir. Esto se debe a que la ley es para productores de energ\u00eda el\u00e9ctrica que ofertan al sistema, entonces empresas como Ledesma no ingresan. Creemos que muchas compa\u00f1\u00edas, dados los valores que est\u00e1 tomando actualmente la energ\u00eda, seguramente se van a ver muy tentados a invertir en energ\u00edas renovables. Por eso ser\u00eda bueno que la ley contemplara esto para que todos los que est\u00e1n trabajando en conversi\u00f3n a renovables puedan realmente ser beneficiarios de este sistema.<\/li>\n<\/ul>\n<\/div>\n<\/div>\n<\/div>\n<\/div>\n<\/div>\n<\/div>\n<div class=\"clearfix\">Fuente: ComunicaRSE<\/div>\n<div class=\"field-items\">\n<div class=\"field-item even\">\n<footer>\n<div class=\"tags\"><\/div>\n<\/footer>\n<\/div>\n<\/div>\n<\/div>\n<\/div>\n<div class=\"field-item even\"><\/div>\n","protected":false},"excerpt":{"rendered":"<p>Miguel Ullivarri, Jefe de Medio Ambiente de Ledesma realiz\u00f3 una entrevista con ComunicaRSE donde expresa qu\u00e9 es el concepto de [&hellip;]<\/p>\n","protected":false},"author":2,"featured_media":0,"comment_status":"closed","ping_status":"closed","sticky":false,"template":"","format":"standard","meta":{"site-sidebar-layout":"default","site-content-layout":"","ast-site-content-layout":"default","site-content-style":"default","site-sidebar-style":"default","ast-global-header-display":"","ast-banner-title-visibility":"","ast-main-header-display":"","ast-hfb-above-header-display":"","ast-hfb-below-header-display":"","ast-hfb-mobile-header-display":"","site-post-title":"","ast-breadcrumbs-content":"","ast-featured-img":"","footer-sml-layout":"","ast-disable-related-posts":"","theme-transparent-header-meta":"","adv-header-id-meta":"","stick-header-meta":"","header-above-stick-meta":"","header-main-stick-meta":"","header-below-stick-meta":"","astra-migrate-meta-layouts":"default","ast-page-background-enabled":"default","ast-page-background-meta":{"desktop":{"background-color":"var(--ast-global-color-5)","background-image":"","background-repeat":"repeat","background-position":"center center","background-size":"auto","background-attachment":"scroll","background-type":"","background-media":"","overlay-type":"","overlay-color":"","overlay-opacity":"","overlay-gradient":""},"tablet":{"background-color":"","background-image":"","background-repeat":"repeat","background-position":"center center","background-size":"auto","background-attachment":"scroll","background-type":"","background-media":"","overlay-type":"","overlay-color":"","overlay-opacity":"","overlay-gradient":""},"mobile":{"background-color":"","background-image":"","background-repeat":"repeat","background-position":"center center","background-size":"auto","background-attachment":"scroll","background-type":"","background-media":"","overlay-type":"","overlay-color":"","overlay-opacity":"","overlay-gradient":""}},"ast-content-background-meta":{"desktop":{"background-color":"var(--ast-global-color-4)","background-image":"","background-repeat":"repeat","background-position":"center center","background-size":"auto","background-attachment":"scroll","background-type":"","background-media":"","overlay-type":"","overlay-color":"","overlay-opacity":"","overlay-gradient":""},"tablet":{"background-color":"var(--ast-global-color-4)","background-image":"","background-repeat":"repeat","background-position":"center center","background-size":"auto","background-attachment":"scroll","background-type":"","background-media":"","overlay-type":"","overlay-color":"","overlay-opacity":"","overlay-gradient":""},"mobile":{"background-color":"var(--ast-global-color-4)","background-image":"","background-repeat":"repeat","background-position":"center center","background-size":"auto","background-attachment":"scroll","background-type":"","background-media":"","overlay-type":"","overlay-color":"","overlay-opacity":"","overlay-gradient":""}},"footnotes":""},"categories":[1],"tags":[],"class_list":["post-18546","post","type-post","status-publish","format-standard","hentry","category-noticias"],"yoast_head":"<!-- This site is optimized with the Yoast SEO Premium plugin v23.0 (Yoast SEO v27.5) - https:\/\/yoast.com\/product\/yoast-seo-premium-wordpress\/ -->\n<title>&quot;La ley de biocombustibles deber\u00eda incluir a empresas como Ledesma&quot;<\/title>\n<meta name=\"robots\" content=\"index, follow, max-snippet:-1, max-image-preview:large, max-video-preview:-1\" \/>\n<link rel=\"canonical\" href=\"https:\/\/patagoniambiental.com.ar\/info\/la-ley-de-biocombustibles-deberia-incluir-a-empresas-como-ledesma\/\" \/>\n<meta property=\"og:locale\" content=\"es_ES\" \/>\n<meta property=\"og:type\" content=\"article\" \/>\n<meta property=\"og:title\" content=\"&quot;La ley de biocombustibles deber\u00eda incluir a empresas como Ledesma&quot;\" \/>\n<meta property=\"og:description\" content=\"Miguel Ullivarri, Jefe de Medio Ambiente de Ledesma realiz\u00f3 una entrevista con ComunicaRSE donde expresa qu\u00e9 es el concepto de [&hellip;]\" \/>\n<meta property=\"og:url\" content=\"https:\/\/patagoniambiental.com.ar\/info\/la-ley-de-biocombustibles-deberia-incluir-a-empresas-como-ledesma\/\" \/>\n<meta property=\"og:site_name\" content=\"Patagonia Ambiental\" \/>\n<meta property=\"article:publisher\" content=\"https:\/\/www.facebook.com\/patagonia.ambiental\" \/>\n<meta property=\"article:author\" content=\"https:\/\/www.facebook.com\/share\/1C1V8Gv9BX\/?mibextid=qi2Omg\" \/>\n<meta property=\"article:published_time\" content=\"2016-05-25T13:47:33+00:00\" \/>\n<meta name=\"author\" content=\"Patagonia Ambiental\" \/>\n<meta name=\"twitter:card\" content=\"summary_large_image\" \/>\n<meta name=\"twitter:creator\" content=\"@PatAmb\" \/>\n<meta name=\"twitter:site\" content=\"@PatAmb\" \/>\n<script type=\"application\/ld+json\" class=\"yoast-schema-graph\">{\"@context\":\"https:\\\/\\\/schema.org\",\"@graph\":[{\"@type\":\"Article\",\"@id\":\"https:\\\/\\\/patagoniambiental.com.ar\\\/info\\\/la-ley-de-biocombustibles-deberia-incluir-a-empresas-como-ledesma\\\/#article\",\"isPartOf\":{\"@id\":\"https:\\\/\\\/patagoniambiental.com.ar\\\/info\\\/la-ley-de-biocombustibles-deberia-incluir-a-empresas-como-ledesma\\\/\"},\"author\":{\"name\":\"Patagonia Ambiental\",\"@id\":\"https:\\\/\\\/patagoniambiental.com.ar\\\/info\\\/#\\\/schema\\\/person\\\/db12bff64bbcbf6a253710bf0ea37b5d\"},\"headline\":\"\u00abLa ley de biocombustibles deber\u00eda incluir a empresas como Ledesma\u00bb\",\"datePublished\":\"2016-05-25T13:47:33+00:00\",\"mainEntityOfPage\":{\"@id\":\"https:\\\/\\\/patagoniambiental.com.ar\\\/info\\\/la-ley-de-biocombustibles-deberia-incluir-a-empresas-como-ledesma\\\/\"},\"wordCount\":845,\"publisher\":{\"@id\":\"https:\\\/\\\/patagoniambiental.com.ar\\\/info\\\/#organization\"},\"articleSection\":[\"Noticias\"],\"inLanguage\":\"es\"},{\"@type\":\"WebPage\",\"@id\":\"https:\\\/\\\/patagoniambiental.com.ar\\\/info\\\/la-ley-de-biocombustibles-deberia-incluir-a-empresas-como-ledesma\\\/\",\"url\":\"https:\\\/\\\/patagoniambiental.com.ar\\\/info\\\/la-ley-de-biocombustibles-deberia-incluir-a-empresas-como-ledesma\\\/\",\"name\":\"\\\"La ley de biocombustibles deber\u00eda incluir a empresas como Ledesma\\\"\",\"isPartOf\":{\"@id\":\"https:\\\/\\\/patagoniambiental.com.ar\\\/info\\\/#website\"},\"datePublished\":\"2016-05-25T13:47:33+00:00\",\"breadcrumb\":{\"@id\":\"https:\\\/\\\/patagoniambiental.com.ar\\\/info\\\/la-ley-de-biocombustibles-deberia-incluir-a-empresas-como-ledesma\\\/#breadcrumb\"},\"inLanguage\":\"es\",\"potentialAction\":[{\"@type\":\"ReadAction\",\"target\":[\"https:\\\/\\\/patagoniambiental.com.ar\\\/info\\\/la-ley-de-biocombustibles-deberia-incluir-a-empresas-como-ledesma\\\/\"]}]},{\"@type\":\"BreadcrumbList\",\"@id\":\"https:\\\/\\\/patagoniambiental.com.ar\\\/info\\\/la-ley-de-biocombustibles-deberia-incluir-a-empresas-como-ledesma\\\/#breadcrumb\",\"itemListElement\":[{\"@type\":\"ListItem\",\"position\":1,\"name\":\"Inicio\",\"item\":\"https:\\\/\\\/patagoniambiental.com.ar\\\/info\\\/\"},{\"@type\":\"ListItem\",\"position\":2,\"name\":\"\u00abLa ley de biocombustibles deber\u00eda incluir a empresas como Ledesma\u00bb\"}]},{\"@type\":\"WebSite\",\"@id\":\"https:\\\/\\\/patagoniambiental.com.ar\\\/info\\\/#website\",\"url\":\"https:\\\/\\\/patagoniambiental.com.ar\\\/info\\\/\",\"name\":\"Patagonia Ambiental\",\"description\":\"Monitoreo y an\u00e1lisis de la situaci\u00f3n geopol\u00edtica en el mundo y su implicancia en la Patagonia\",\"publisher\":{\"@id\":\"https:\\\/\\\/patagoniambiental.com.ar\\\/info\\\/#organization\"},\"potentialAction\":[{\"@type\":\"SearchAction\",\"target\":{\"@type\":\"EntryPoint\",\"urlTemplate\":\"https:\\\/\\\/patagoniambiental.com.ar\\\/info\\\/?s={search_term_string}\"},\"query-input\":{\"@type\":\"PropertyValueSpecification\",\"valueRequired\":true,\"valueName\":\"search_term_string\"}}],\"inLanguage\":\"es\"},{\"@type\":\"Organization\",\"@id\":\"https:\\\/\\\/patagoniambiental.com.ar\\\/info\\\/#organization\",\"name\":\"Patagonia Ambiental\",\"url\":\"https:\\\/\\\/patagoniambiental.com.ar\\\/info\\\/\",\"logo\":{\"@type\":\"ImageObject\",\"inLanguage\":\"es\",\"@id\":\"https:\\\/\\\/patagoniambiental.com.ar\\\/info\\\/#\\\/schema\\\/logo\\\/image\\\/\",\"url\":\"https:\\\/\\\/patagoniambiental.com.ar\\\/info\\\/wp-content\\\/uploads\\\/2025\\\/05\\\/LOGO-PATAGONIA-AMBIENTAL.png\",\"contentUrl\":\"https:\\\/\\\/patagoniambiental.com.ar\\\/info\\\/wp-content\\\/uploads\\\/2025\\\/05\\\/LOGO-PATAGONIA-AMBIENTAL.png\",\"width\":433,\"height\":250,\"caption\":\"Patagonia Ambiental\"},\"image\":{\"@id\":\"https:\\\/\\\/patagoniambiental.com.ar\\\/info\\\/#\\\/schema\\\/logo\\\/image\\\/\"},\"sameAs\":[\"https:\\\/\\\/www.facebook.com\\\/patagonia.ambiental\",\"https:\\\/\\\/x.com\\\/PatAmb\"]},{\"@type\":\"Person\",\"@id\":\"https:\\\/\\\/patagoniambiental.com.ar\\\/info\\\/#\\\/schema\\\/person\\\/db12bff64bbcbf6a253710bf0ea37b5d\",\"name\":\"Patagonia Ambiental\",\"description\":\"Andr\u00e9s Nievas T\u00e9cnico en manejo ambiental, consultor Ambiental y escritor para medios locales e internacionales sobre temas de geopolitica y medio ambiente.\",\"sameAs\":[\"http:\\\/\\\/www.patagoniambiental.com.ar\",\"https:\\\/\\\/www.facebook.com\\\/share\\\/1C1V8Gv9BX\\\/?mibextid=qi2Omg\",\"@patagoniambiental\",\"https:\\\/\\\/youtube.com\\\/@patagoniaambiental2023?si=BLt58t0wuXquxlYZ\"]}]}<\/script>\n<!-- \/ Yoast SEO Premium plugin. -->","yoast_head_json":{"title":"\"La ley de biocombustibles deber\u00eda incluir a empresas como Ledesma\"","robots":{"index":"index","follow":"follow","max-snippet":"max-snippet:-1","max-image-preview":"max-image-preview:large","max-video-preview":"max-video-preview:-1"},"canonical":"https:\/\/patagoniambiental.com.ar\/info\/la-ley-de-biocombustibles-deberia-incluir-a-empresas-como-ledesma\/","og_locale":"es_ES","og_type":"article","og_title":"\"La ley de biocombustibles deber\u00eda incluir a empresas como Ledesma\"","og_description":"Miguel Ullivarri, Jefe de Medio Ambiente de Ledesma realiz\u00f3 una entrevista con ComunicaRSE donde expresa qu\u00e9 es el concepto de [&hellip;]","og_url":"https:\/\/patagoniambiental.com.ar\/info\/la-ley-de-biocombustibles-deberia-incluir-a-empresas-como-ledesma\/","og_site_name":"Patagonia Ambiental","article_publisher":"https:\/\/www.facebook.com\/patagonia.ambiental","article_author":"https:\/\/www.facebook.com\/share\/1C1V8Gv9BX\/?mibextid=qi2Omg","article_published_time":"2016-05-25T13:47:33+00:00","author":"Patagonia Ambiental","twitter_card":"summary_large_image","twitter_creator":"@PatAmb","twitter_site":"@PatAmb","schema":{"@context":"https:\/\/schema.org","@graph":[{"@type":"Article","@id":"https:\/\/patagoniambiental.com.ar\/info\/la-ley-de-biocombustibles-deberia-incluir-a-empresas-como-ledesma\/#article","isPartOf":{"@id":"https:\/\/patagoniambiental.com.ar\/info\/la-ley-de-biocombustibles-deberia-incluir-a-empresas-como-ledesma\/"},"author":{"name":"Patagonia Ambiental","@id":"https:\/\/patagoniambiental.com.ar\/info\/#\/schema\/person\/db12bff64bbcbf6a253710bf0ea37b5d"},"headline":"\u00abLa ley de biocombustibles deber\u00eda incluir a empresas como Ledesma\u00bb","datePublished":"2016-05-25T13:47:33+00:00","mainEntityOfPage":{"@id":"https:\/\/patagoniambiental.com.ar\/info\/la-ley-de-biocombustibles-deberia-incluir-a-empresas-como-ledesma\/"},"wordCount":845,"publisher":{"@id":"https:\/\/patagoniambiental.com.ar\/info\/#organization"},"articleSection":["Noticias"],"inLanguage":"es"},{"@type":"WebPage","@id":"https:\/\/patagoniambiental.com.ar\/info\/la-ley-de-biocombustibles-deberia-incluir-a-empresas-como-ledesma\/","url":"https:\/\/patagoniambiental.com.ar\/info\/la-ley-de-biocombustibles-deberia-incluir-a-empresas-como-ledesma\/","name":"\"La ley de biocombustibles deber\u00eda incluir a empresas como Ledesma\"","isPartOf":{"@id":"https:\/\/patagoniambiental.com.ar\/info\/#website"},"datePublished":"2016-05-25T13:47:33+00:00","breadcrumb":{"@id":"https:\/\/patagoniambiental.com.ar\/info\/la-ley-de-biocombustibles-deberia-incluir-a-empresas-como-ledesma\/#breadcrumb"},"inLanguage":"es","potentialAction":[{"@type":"ReadAction","target":["https:\/\/patagoniambiental.com.ar\/info\/la-ley-de-biocombustibles-deberia-incluir-a-empresas-como-ledesma\/"]}]},{"@type":"BreadcrumbList","@id":"https:\/\/patagoniambiental.com.ar\/info\/la-ley-de-biocombustibles-deberia-incluir-a-empresas-como-ledesma\/#breadcrumb","itemListElement":[{"@type":"ListItem","position":1,"name":"Inicio","item":"https:\/\/patagoniambiental.com.ar\/info\/"},{"@type":"ListItem","position":2,"name":"\u00abLa ley de biocombustibles deber\u00eda incluir a empresas como Ledesma\u00bb"}]},{"@type":"WebSite","@id":"https:\/\/patagoniambiental.com.ar\/info\/#website","url":"https:\/\/patagoniambiental.com.ar\/info\/","name":"Patagonia Ambiental","description":"Monitoreo y an\u00e1lisis de la situaci\u00f3n geopol\u00edtica en el mundo y su implicancia en la Patagonia","publisher":{"@id":"https:\/\/patagoniambiental.com.ar\/info\/#organization"},"potentialAction":[{"@type":"SearchAction","target":{"@type":"EntryPoint","urlTemplate":"https:\/\/patagoniambiental.com.ar\/info\/?s={search_term_string}"},"query-input":{"@type":"PropertyValueSpecification","valueRequired":true,"valueName":"search_term_string"}}],"inLanguage":"es"},{"@type":"Organization","@id":"https:\/\/patagoniambiental.com.ar\/info\/#organization","name":"Patagonia Ambiental","url":"https:\/\/patagoniambiental.com.ar\/info\/","logo":{"@type":"ImageObject","inLanguage":"es","@id":"https:\/\/patagoniambiental.com.ar\/info\/#\/schema\/logo\/image\/","url":"https:\/\/patagoniambiental.com.ar\/info\/wp-content\/uploads\/2025\/05\/LOGO-PATAGONIA-AMBIENTAL.png","contentUrl":"https:\/\/patagoniambiental.com.ar\/info\/wp-content\/uploads\/2025\/05\/LOGO-PATAGONIA-AMBIENTAL.png","width":433,"height":250,"caption":"Patagonia Ambiental"},"image":{"@id":"https:\/\/patagoniambiental.com.ar\/info\/#\/schema\/logo\/image\/"},"sameAs":["https:\/\/www.facebook.com\/patagonia.ambiental","https:\/\/x.com\/PatAmb"]},{"@type":"Person","@id":"https:\/\/patagoniambiental.com.ar\/info\/#\/schema\/person\/db12bff64bbcbf6a253710bf0ea37b5d","name":"Patagonia Ambiental","description":"Andr\u00e9s Nievas T\u00e9cnico en manejo ambiental, consultor Ambiental y escritor para medios locales e internacionales sobre temas de geopolitica y medio ambiente.","sameAs":["http:\/\/www.patagoniambiental.com.ar","https:\/\/www.facebook.com\/share\/1C1V8Gv9BX\/?mibextid=qi2Omg","@patagoniambiental","https:\/\/youtube.com\/@patagoniaambiental2023?si=BLt58t0wuXquxlYZ"]}]}},"_links":{"self":[{"href":"https:\/\/patagoniambiental.com.ar\/info\/wp-json\/wp\/v2\/posts\/18546","targetHints":{"allow":["GET"]}}],"collection":[{"href":"https:\/\/patagoniambiental.com.ar\/info\/wp-json\/wp\/v2\/posts"}],"about":[{"href":"https:\/\/patagoniambiental.com.ar\/info\/wp-json\/wp\/v2\/types\/post"}],"author":[{"embeddable":true,"href":"https:\/\/patagoniambiental.com.ar\/info\/wp-json\/wp\/v2\/users\/2"}],"replies":[{"embeddable":true,"href":"https:\/\/patagoniambiental.com.ar\/info\/wp-json\/wp\/v2\/comments?post=18546"}],"version-history":[{"count":0,"href":"https:\/\/patagoniambiental.com.ar\/info\/wp-json\/wp\/v2\/posts\/18546\/revisions"}],"wp:attachment":[{"href":"https:\/\/patagoniambiental.com.ar\/info\/wp-json\/wp\/v2\/media?parent=18546"}],"wp:term":[{"taxonomy":"category","embeddable":true,"href":"https:\/\/patagoniambiental.com.ar\/info\/wp-json\/wp\/v2\/categories?post=18546"},{"taxonomy":"post_tag","embeddable":true,"href":"https:\/\/patagoniambiental.com.ar\/info\/wp-json\/wp\/v2\/tags?post=18546"}],"curies":[{"name":"wp","href":"https:\/\/api.w.org\/{rel}","templated":true}]}}