{"id":18549,"date":"2016-05-25T10:53:39","date_gmt":"2016-05-25T13:53:39","guid":{"rendered":"http:\/\/patagoniambiental.com.ar\/?p=18549"},"modified":"2016-05-25T10:53:39","modified_gmt":"2016-05-25T13:53:39","slug":"rio-negro-extienden-plazos-de-la-campana-de-recoleccion-de-envases-vacios-de-agroquimicos-con-triple-lavado","status":"publish","type":"post","link":"https:\/\/patagoniambiental.com.ar\/info\/rio-negro-extienden-plazos-de-la-campana-de-recoleccion-de-envases-vacios-de-agroquimicos-con-triple-lavado\/","title":{"rendered":"R\u00edo Negro: Extienden plazos de la campa\u00f1a de recolecci\u00f3n de envases vac\u00edos de agroqu\u00edmicos con Triple Lavado"},"content":{"rendered":"<p>&nbsp;<\/p>\n<p>VIEDMA.- La Secretar\u00eda de Ambiente y Desarrollo Sustentable, dependiente de la Secretar\u00eda General, resolvi\u00f3 extender hasta el viernes 3 de junio en todo el territorio rionegrino la campa\u00f1a de recolecci\u00f3n de envasas vac\u00edos de agroqu\u00edmicos con Triple Lavado.<\/p>\n<p>La medida se estipul\u00f3 a partir del requerimiento de la Federaci\u00f3n de Productores de R\u00edo Negro y Neuqu\u00e9n, chacareros y distribuidores, debido a que las condiciones clim\u00e1ticas, sobre todo en las zonas del Alto Valle y Valle Medio, complicaron el traslado de los bolsones a los centros de acopio.<\/p>\n<p>Desde el \u00e1rea de Agroqu\u00edmicos de la SAyDS se indic\u00f3 que desde diferentes localidades se hicieron consultas respecto de una posible extensi\u00f3n en la fecha de la campa\u00f1a, inicialmente prevista del 16 al 27 de mayo, debido a una serie de inconvenientes que gener\u00f3 la lluvia en distintas zonas.<\/p>\n<p>Se recuerda a los productores, empresas, c\u00e1maras, distribuidores, consorcios y todo aquel que trabaje con envases de agroqu\u00edmicos, que deben embolsar los envases tratados; las tapas deben ir por separado y cada bols\u00f3n debe estar identificado con un precinto. No ser\u00e1n recibidos aquellos recipientes de productos de agroqu\u00edmicos que est\u00e9n sueltos y\/o sin Triple Lavado.<\/p>\n<p>Adem\u00e1s los productores que tengan m\u00e1s de cinco bolsones deber\u00e1n comunicarse con la Secretar\u00eda de Ambiente para que sean entregados directamente a la recicladora. Para ello pueden contactarse con la Delegaci\u00f3n Alto Valle, ubicada en Fern\u00e1ndez Oro al (0299) 4996786, o acercarse a Avenida Cipolletti 321; en Viedma la oficina funciona en Col\u00f3n 275, 3\u00ba piso (02920) 423391. Tambi\u00e9n se pueden enviar consultas al correo \u00a0<a href=\"mailto:ambienterionegroagroquimicos@gmail.com\">ambienterionegroagroquimicos@gmail.com<\/a><\/p>\n<p>&nbsp;<\/p>\n<p><strong><em><u>Centros de acopio<\/u><\/em><\/strong><\/p>\n<p>Cinco Saltos: Jorge Zanovello, Ruta 151, tel\u00e9fono 0299- 4982000.<\/p>\n<p>Cipolletti: C\u00e1mara de Productores, calle San Luis, contacto Lidia Fern\u00e1ndez 0299 -154613660.<\/p>\n<p>Allen y Fern\u00e1ndez Oro: Ricardo Natalini, Ruta 22 y acceso Mart\u00edn Fierro, 0298-4450004.<\/p>\n<p>General Roca: Direcci\u00f3n Municipal de Medio Ambiente, Mitre 710, 0298- 4431400.<\/p>\n<p>Cervantes: Natalini Agropecuaria, Ruta 22, 0298- 4493600.<\/p>\n<p>Ingeniero Huergo: C\u00e1mara de Productores, Tacuar\u00ed 669, 0298- 4480061. Direcci\u00f3n de Ambiente de la Municipalidad, Col\u00f3n 107, oficina Cumelen, 0298 \u2013 4464550, int. 132.<\/p>\n<p>R\u00edo Colorado: ex frigor\u00edfico Frucar, Colonia Julia y Echarren, 02931- 15412011.<\/p>\n<p>Luis Beltr\u00e1n: INTA, 0294-156481126.<\/p>\n<p>Chimpay: Municipalidad, 02946-494501.<\/p>\n<p>General Conesa: EN.DE.CON, San Mart\u00edn 447, 1\u00ba piso, 2931- 498050.<\/p>\n<p>Valle Inferior: IDEVI, INTA, Camino 4.<br \/>\nFuente: Gobierno de R\u00edo Negro<\/p>\n","protected":false},"excerpt":{"rendered":"<p>&nbsp; VIEDMA.- La Secretar\u00eda de Ambiente y Desarrollo Sustentable, dependiente de la Secretar\u00eda General, resolvi\u00f3 extender hasta el viernes 3 [&hellip;]<\/p>\n","protected":false},"author":2,"featured_media":0,"comment_status":"closed","ping_status":"closed","sticky":false,"template":"","format":"standard","meta":{"site-sidebar-layout":"default","site-content-layout":"","ast-site-content-layout":"default","site-content-style":"default","site-sidebar-style":"default","ast-global-header-display":"","ast-banner-title-visibility":"","ast-main-header-display":"","ast-hfb-above-header-display":"","ast-hfb-below-header-display":"","ast-hfb-mobile-header-display":"","site-post-title":"","ast-breadcrumbs-content":"","ast-featured-img":"","footer-sml-layout":"","ast-disable-related-posts":"","theme-transparent-header-meta":"","adv-header-id-meta":"","stick-header-meta":"","header-above-stick-meta":"","header-main-stick-meta":"","header-below-stick-meta":"","astra-migrate-meta-layouts":"default","ast-page-background-enabled":"default","ast-page-background-meta":{"desktop":{"background-color":"var(--ast-global-color-5)","background-image":"","background-repeat":"repeat","background-position":"center center","background-size":"auto","background-attachment":"scroll","background-type":"","background-media":"","overlay-type":"","overlay-color":"","overlay-opacity":"","overlay-gradient":""},"tablet":{"background-color":"","background-image":"","background-repeat":"repeat","background-position":"center center","background-size":"auto","background-attachment":"scroll","background-type":"","background-media":"","overlay-type":"","overlay-color":"","overlay-opacity":"","overlay-gradient":""},"mobile":{"background-color":"","background-image":"","background-repeat":"repeat","background-position":"center center","background-size":"auto","background-attachment":"scroll","background-type":"","background-media":"","overlay-type":"","overlay-color":"","overlay-opacity":"","overlay-gradient":""}},"ast-content-background-meta":{"desktop":{"background-color":"var(--ast-global-color-4)","background-image":"","background-repeat":"repeat","background-position":"center center","background-size":"auto","background-attachment":"scroll","background-type":"","background-media":"","overlay-type":"","overlay-color":"","overlay-opacity":"","overlay-gradient":""},"tablet":{"background-color":"var(--ast-global-color-4)","background-image":"","background-repeat":"repeat","background-position":"center center","background-size":"auto","background-attachment":"scroll","background-type":"","background-media":"","overlay-type":"","overlay-color":"","overlay-opacity":"","overlay-gradient":""},"mobile":{"background-color":"var(--ast-global-color-4)","background-image":"","background-repeat":"repeat","background-position":"center center","background-size":"auto","background-attachment":"scroll","background-type":"","background-media":"","overlay-type":"","overlay-color":"","overlay-opacity":"","overlay-gradient":""}},"footnotes":""},"categories":[1,13,14],"tags":[],"class_list":["post-18549","post","type-post","status-publish","format-standard","hentry","category-noticias","category-provinciales","category-rio-negro"],"yoast_head":"<!-- This site is optimized with the Yoast SEO Premium plugin v23.0 (Yoast SEO v27.5) - https:\/\/yoast.com\/product\/yoast-seo-premium-wordpress\/ -->\n<title>R\u00edo Negro: Extienden plazos de la campa\u00f1a de recolecci\u00f3n de envases vac\u00edos de agroqu\u00edmicos con Triple Lavado<\/title>\n<meta name=\"robots\" content=\"index, follow, max-snippet:-1, max-image-preview:large, max-video-preview:-1\" \/>\n<link rel=\"canonical\" href=\"https:\/\/patagoniambiental.com.ar\/info\/rio-negro-extienden-plazos-de-la-campana-de-recoleccion-de-envases-vacios-de-agroquimicos-con-triple-lavado\/\" \/>\n<meta property=\"og:locale\" content=\"es_ES\" \/>\n<meta property=\"og:type\" content=\"article\" \/>\n<meta property=\"og:title\" content=\"R\u00edo Negro: Extienden plazos de la campa\u00f1a de recolecci\u00f3n de envases vac\u00edos de agroqu\u00edmicos con Triple Lavado\" \/>\n<meta property=\"og:description\" content=\"&nbsp; VIEDMA.- La Secretar\u00eda de Ambiente y Desarrollo Sustentable, dependiente de la Secretar\u00eda General, resolvi\u00f3 extender hasta el viernes 3 [&hellip;]\" \/>\n<meta property=\"og:url\" content=\"https:\/\/patagoniambiental.com.ar\/info\/rio-negro-extienden-plazos-de-la-campana-de-recoleccion-de-envases-vacios-de-agroquimicos-con-triple-lavado\/\" \/>\n<meta property=\"og:site_name\" content=\"Patagonia Ambiental\" \/>\n<meta property=\"article:publisher\" content=\"https:\/\/www.facebook.com\/patagonia.ambiental\" \/>\n<meta property=\"article:author\" content=\"https:\/\/www.facebook.com\/share\/1C1V8Gv9BX\/?mibextid=qi2Omg\" \/>\n<meta property=\"article:published_time\" content=\"2016-05-25T13:53:39+00:00\" \/>\n<meta name=\"author\" content=\"Patagonia Ambiental\" \/>\n<meta name=\"twitter:card\" content=\"summary_large_image\" \/>\n<meta name=\"twitter:creator\" content=\"@PatAmb\" \/>\n<meta name=\"twitter:site\" content=\"@PatAmb\" \/>\n<script type=\"application\/ld+json\" class=\"yoast-schema-graph\">{\"@context\":\"https:\\\/\\\/schema.org\",\"@graph\":[{\"@type\":\"Article\",\"@id\":\"https:\\\/\\\/patagoniambiental.com.ar\\\/info\\\/rio-negro-extienden-plazos-de-la-campana-de-recoleccion-de-envases-vacios-de-agroquimicos-con-triple-lavado\\\/#article\",\"isPartOf\":{\"@id\":\"https:\\\/\\\/patagoniambiental.com.ar\\\/info\\\/rio-negro-extienden-plazos-de-la-campana-de-recoleccion-de-envases-vacios-de-agroquimicos-con-triple-lavado\\\/\"},\"author\":{\"name\":\"Patagonia Ambiental\",\"@id\":\"https:\\\/\\\/patagoniambiental.com.ar\\\/info\\\/#\\\/schema\\\/person\\\/db12bff64bbcbf6a253710bf0ea37b5d\"},\"headline\":\"R\u00edo Negro: Extienden plazos de la campa\u00f1a de recolecci\u00f3n de envases vac\u00edos de agroqu\u00edmicos con Triple Lavado\",\"datePublished\":\"2016-05-25T13:53:39+00:00\",\"mainEntityOfPage\":{\"@id\":\"https:\\\/\\\/patagoniambiental.com.ar\\\/info\\\/rio-negro-extienden-plazos-de-la-campana-de-recoleccion-de-envases-vacios-de-agroquimicos-con-triple-lavado\\\/\"},\"wordCount\":416,\"publisher\":{\"@id\":\"https:\\\/\\\/patagoniambiental.com.ar\\\/info\\\/#organization\"},\"articleSection\":[\"Noticias\",\"Provinciales\",\"R\u00edo Negro\"],\"inLanguage\":\"es\"},{\"@type\":\"WebPage\",\"@id\":\"https:\\\/\\\/patagoniambiental.com.ar\\\/info\\\/rio-negro-extienden-plazos-de-la-campana-de-recoleccion-de-envases-vacios-de-agroquimicos-con-triple-lavado\\\/\",\"url\":\"https:\\\/\\\/patagoniambiental.com.ar\\\/info\\\/rio-negro-extienden-plazos-de-la-campana-de-recoleccion-de-envases-vacios-de-agroquimicos-con-triple-lavado\\\/\",\"name\":\"R\u00edo Negro: Extienden plazos de la campa\u00f1a de recolecci\u00f3n de envases vac\u00edos de agroqu\u00edmicos con Triple Lavado\",\"isPartOf\":{\"@id\":\"https:\\\/\\\/patagoniambiental.com.ar\\\/info\\\/#website\"},\"datePublished\":\"2016-05-25T13:53:39+00:00\",\"breadcrumb\":{\"@id\":\"https:\\\/\\\/patagoniambiental.com.ar\\\/info\\\/rio-negro-extienden-plazos-de-la-campana-de-recoleccion-de-envases-vacios-de-agroquimicos-con-triple-lavado\\\/#breadcrumb\"},\"inLanguage\":\"es\",\"potentialAction\":[{\"@type\":\"ReadAction\",\"target\":[\"https:\\\/\\\/patagoniambiental.com.ar\\\/info\\\/rio-negro-extienden-plazos-de-la-campana-de-recoleccion-de-envases-vacios-de-agroquimicos-con-triple-lavado\\\/\"]}]},{\"@type\":\"BreadcrumbList\",\"@id\":\"https:\\\/\\\/patagoniambiental.com.ar\\\/info\\\/rio-negro-extienden-plazos-de-la-campana-de-recoleccion-de-envases-vacios-de-agroquimicos-con-triple-lavado\\\/#breadcrumb\",\"itemListElement\":[{\"@type\":\"ListItem\",\"position\":1,\"name\":\"Inicio\",\"item\":\"https:\\\/\\\/patagoniambiental.com.ar\\\/info\\\/\"},{\"@type\":\"ListItem\",\"position\":2,\"name\":\"R\u00edo Negro: Extienden plazos de la campa\u00f1a de recolecci\u00f3n de envases vac\u00edos de agroqu\u00edmicos con Triple Lavado\"}]},{\"@type\":\"WebSite\",\"@id\":\"https:\\\/\\\/patagoniambiental.com.ar\\\/info\\\/#website\",\"url\":\"https:\\\/\\\/patagoniambiental.com.ar\\\/info\\\/\",\"name\":\"Patagonia Ambiental\",\"description\":\"Monitoreo y an\u00e1lisis de la situaci\u00f3n geopol\u00edtica en el mundo y su implicancia en la Patagonia\",\"publisher\":{\"@id\":\"https:\\\/\\\/patagoniambiental.com.ar\\\/info\\\/#organization\"},\"potentialAction\":[{\"@type\":\"SearchAction\",\"target\":{\"@type\":\"EntryPoint\",\"urlTemplate\":\"https:\\\/\\\/patagoniambiental.com.ar\\\/info\\\/?s={search_term_string}\"},\"query-input\":{\"@type\":\"PropertyValueSpecification\",\"valueRequired\":true,\"valueName\":\"search_term_string\"}}],\"inLanguage\":\"es\"},{\"@type\":\"Organization\",\"@id\":\"https:\\\/\\\/patagoniambiental.com.ar\\\/info\\\/#organization\",\"name\":\"Patagonia Ambiental\",\"url\":\"https:\\\/\\\/patagoniambiental.com.ar\\\/info\\\/\",\"logo\":{\"@type\":\"ImageObject\",\"inLanguage\":\"es\",\"@id\":\"https:\\\/\\\/patagoniambiental.com.ar\\\/info\\\/#\\\/schema\\\/logo\\\/image\\\/\",\"url\":\"https:\\\/\\\/patagoniambiental.com.ar\\\/info\\\/wp-content\\\/uploads\\\/2025\\\/05\\\/LOGO-PATAGONIA-AMBIENTAL.png\",\"contentUrl\":\"https:\\\/\\\/patagoniambiental.com.ar\\\/info\\\/wp-content\\\/uploads\\\/2025\\\/05\\\/LOGO-PATAGONIA-AMBIENTAL.png\",\"width\":433,\"height\":250,\"caption\":\"Patagonia Ambiental\"},\"image\":{\"@id\":\"https:\\\/\\\/patagoniambiental.com.ar\\\/info\\\/#\\\/schema\\\/logo\\\/image\\\/\"},\"sameAs\":[\"https:\\\/\\\/www.facebook.com\\\/patagonia.ambiental\",\"https:\\\/\\\/x.com\\\/PatAmb\"]},{\"@type\":\"Person\",\"@id\":\"https:\\\/\\\/patagoniambiental.com.ar\\\/info\\\/#\\\/schema\\\/person\\\/db12bff64bbcbf6a253710bf0ea37b5d\",\"name\":\"Patagonia Ambiental\",\"description\":\"Andr\u00e9s Nievas T\u00e9cnico en manejo ambiental, consultor Ambiental y escritor para medios locales e internacionales sobre temas de geopolitica y medio ambiente.\",\"sameAs\":[\"http:\\\/\\\/www.patagoniambiental.com.ar\",\"https:\\\/\\\/www.facebook.com\\\/share\\\/1C1V8Gv9BX\\\/?mibextid=qi2Omg\",\"@patagoniambiental\",\"https:\\\/\\\/youtube.com\\\/@patagoniaambiental2023?si=BLt58t0wuXquxlYZ\"]}]}<\/script>\n<!-- \/ Yoast SEO Premium plugin. -->","yoast_head_json":{"title":"R\u00edo Negro: Extienden plazos de la campa\u00f1a de recolecci\u00f3n de envases vac\u00edos de agroqu\u00edmicos con Triple Lavado","robots":{"index":"index","follow":"follow","max-snippet":"max-snippet:-1","max-image-preview":"max-image-preview:large","max-video-preview":"max-video-preview:-1"},"canonical":"https:\/\/patagoniambiental.com.ar\/info\/rio-negro-extienden-plazos-de-la-campana-de-recoleccion-de-envases-vacios-de-agroquimicos-con-triple-lavado\/","og_locale":"es_ES","og_type":"article","og_title":"R\u00edo Negro: Extienden plazos de la campa\u00f1a de recolecci\u00f3n de envases vac\u00edos de agroqu\u00edmicos con Triple Lavado","og_description":"&nbsp; VIEDMA.- La Secretar\u00eda de Ambiente y Desarrollo Sustentable, dependiente de la Secretar\u00eda General, resolvi\u00f3 extender hasta el viernes 3 [&hellip;]","og_url":"https:\/\/patagoniambiental.com.ar\/info\/rio-negro-extienden-plazos-de-la-campana-de-recoleccion-de-envases-vacios-de-agroquimicos-con-triple-lavado\/","og_site_name":"Patagonia Ambiental","article_publisher":"https:\/\/www.facebook.com\/patagonia.ambiental","article_author":"https:\/\/www.facebook.com\/share\/1C1V8Gv9BX\/?mibextid=qi2Omg","article_published_time":"2016-05-25T13:53:39+00:00","author":"Patagonia Ambiental","twitter_card":"summary_large_image","twitter_creator":"@PatAmb","twitter_site":"@PatAmb","schema":{"@context":"https:\/\/schema.org","@graph":[{"@type":"Article","@id":"https:\/\/patagoniambiental.com.ar\/info\/rio-negro-extienden-plazos-de-la-campana-de-recoleccion-de-envases-vacios-de-agroquimicos-con-triple-lavado\/#article","isPartOf":{"@id":"https:\/\/patagoniambiental.com.ar\/info\/rio-negro-extienden-plazos-de-la-campana-de-recoleccion-de-envases-vacios-de-agroquimicos-con-triple-lavado\/"},"author":{"name":"Patagonia Ambiental","@id":"https:\/\/patagoniambiental.com.ar\/info\/#\/schema\/person\/db12bff64bbcbf6a253710bf0ea37b5d"},"headline":"R\u00edo Negro: Extienden plazos de la campa\u00f1a de recolecci\u00f3n de envases vac\u00edos de agroqu\u00edmicos con Triple Lavado","datePublished":"2016-05-25T13:53:39+00:00","mainEntityOfPage":{"@id":"https:\/\/patagoniambiental.com.ar\/info\/rio-negro-extienden-plazos-de-la-campana-de-recoleccion-de-envases-vacios-de-agroquimicos-con-triple-lavado\/"},"wordCount":416,"publisher":{"@id":"https:\/\/patagoniambiental.com.ar\/info\/#organization"},"articleSection":["Noticias","Provinciales","R\u00edo Negro"],"inLanguage":"es"},{"@type":"WebPage","@id":"https:\/\/patagoniambiental.com.ar\/info\/rio-negro-extienden-plazos-de-la-campana-de-recoleccion-de-envases-vacios-de-agroquimicos-con-triple-lavado\/","url":"https:\/\/patagoniambiental.com.ar\/info\/rio-negro-extienden-plazos-de-la-campana-de-recoleccion-de-envases-vacios-de-agroquimicos-con-triple-lavado\/","name":"R\u00edo Negro: Extienden plazos de la campa\u00f1a de recolecci\u00f3n de envases vac\u00edos de agroqu\u00edmicos con Triple Lavado","isPartOf":{"@id":"https:\/\/patagoniambiental.com.ar\/info\/#website"},"datePublished":"2016-05-25T13:53:39+00:00","breadcrumb":{"@id":"https:\/\/patagoniambiental.com.ar\/info\/rio-negro-extienden-plazos-de-la-campana-de-recoleccion-de-envases-vacios-de-agroquimicos-con-triple-lavado\/#breadcrumb"},"inLanguage":"es","potentialAction":[{"@type":"ReadAction","target":["https:\/\/patagoniambiental.com.ar\/info\/rio-negro-extienden-plazos-de-la-campana-de-recoleccion-de-envases-vacios-de-agroquimicos-con-triple-lavado\/"]}]},{"@type":"BreadcrumbList","@id":"https:\/\/patagoniambiental.com.ar\/info\/rio-negro-extienden-plazos-de-la-campana-de-recoleccion-de-envases-vacios-de-agroquimicos-con-triple-lavado\/#breadcrumb","itemListElement":[{"@type":"ListItem","position":1,"name":"Inicio","item":"https:\/\/patagoniambiental.com.ar\/info\/"},{"@type":"ListItem","position":2,"name":"R\u00edo Negro: Extienden plazos de la campa\u00f1a de recolecci\u00f3n de envases vac\u00edos de agroqu\u00edmicos con Triple Lavado"}]},{"@type":"WebSite","@id":"https:\/\/patagoniambiental.com.ar\/info\/#website","url":"https:\/\/patagoniambiental.com.ar\/info\/","name":"Patagonia Ambiental","description":"Monitoreo y an\u00e1lisis de la situaci\u00f3n geopol\u00edtica en el mundo y su implicancia en la Patagonia","publisher":{"@id":"https:\/\/patagoniambiental.com.ar\/info\/#organization"},"potentialAction":[{"@type":"SearchAction","target":{"@type":"EntryPoint","urlTemplate":"https:\/\/patagoniambiental.com.ar\/info\/?s={search_term_string}"},"query-input":{"@type":"PropertyValueSpecification","valueRequired":true,"valueName":"search_term_string"}}],"inLanguage":"es"},{"@type":"Organization","@id":"https:\/\/patagoniambiental.com.ar\/info\/#organization","name":"Patagonia Ambiental","url":"https:\/\/patagoniambiental.com.ar\/info\/","logo":{"@type":"ImageObject","inLanguage":"es","@id":"https:\/\/patagoniambiental.com.ar\/info\/#\/schema\/logo\/image\/","url":"https:\/\/patagoniambiental.com.ar\/info\/wp-content\/uploads\/2025\/05\/LOGO-PATAGONIA-AMBIENTAL.png","contentUrl":"https:\/\/patagoniambiental.com.ar\/info\/wp-content\/uploads\/2025\/05\/LOGO-PATAGONIA-AMBIENTAL.png","width":433,"height":250,"caption":"Patagonia Ambiental"},"image":{"@id":"https:\/\/patagoniambiental.com.ar\/info\/#\/schema\/logo\/image\/"},"sameAs":["https:\/\/www.facebook.com\/patagonia.ambiental","https:\/\/x.com\/PatAmb"]},{"@type":"Person","@id":"https:\/\/patagoniambiental.com.ar\/info\/#\/schema\/person\/db12bff64bbcbf6a253710bf0ea37b5d","name":"Patagonia Ambiental","description":"Andr\u00e9s Nievas T\u00e9cnico en manejo ambiental, consultor Ambiental y escritor para medios locales e internacionales sobre temas de geopolitica y medio ambiente.","sameAs":["http:\/\/www.patagoniambiental.com.ar","https:\/\/www.facebook.com\/share\/1C1V8Gv9BX\/?mibextid=qi2Omg","@patagoniambiental","https:\/\/youtube.com\/@patagoniaambiental2023?si=BLt58t0wuXquxlYZ"]}]}},"_links":{"self":[{"href":"https:\/\/patagoniambiental.com.ar\/info\/wp-json\/wp\/v2\/posts\/18549","targetHints":{"allow":["GET"]}}],"collection":[{"href":"https:\/\/patagoniambiental.com.ar\/info\/wp-json\/wp\/v2\/posts"}],"about":[{"href":"https:\/\/patagoniambiental.com.ar\/info\/wp-json\/wp\/v2\/types\/post"}],"author":[{"embeddable":true,"href":"https:\/\/patagoniambiental.com.ar\/info\/wp-json\/wp\/v2\/users\/2"}],"replies":[{"embeddable":true,"href":"https:\/\/patagoniambiental.com.ar\/info\/wp-json\/wp\/v2\/comments?post=18549"}],"version-history":[{"count":0,"href":"https:\/\/patagoniambiental.com.ar\/info\/wp-json\/wp\/v2\/posts\/18549\/revisions"}],"wp:attachment":[{"href":"https:\/\/patagoniambiental.com.ar\/info\/wp-json\/wp\/v2\/media?parent=18549"}],"wp:term":[{"taxonomy":"category","embeddable":true,"href":"https:\/\/patagoniambiental.com.ar\/info\/wp-json\/wp\/v2\/categories?post=18549"},{"taxonomy":"post_tag","embeddable":true,"href":"https:\/\/patagoniambiental.com.ar\/info\/wp-json\/wp\/v2\/tags?post=18549"}],"curies":[{"name":"wp","href":"https:\/\/api.w.org\/{rel}","templated":true}]}}