{"id":18551,"date":"2016-05-25T10:56:53","date_gmt":"2016-05-25T13:56:53","guid":{"rendered":"http:\/\/patagoniambiental.com.ar\/?p=18551"},"modified":"2016-05-25T10:56:53","modified_gmt":"2016-05-25T13:56:53","slug":"inventan-en-chile-un-generador-que-produce-energia-a-partir-de-la-fuerza-de-la-gravedad","status":"publish","type":"post","link":"https:\/\/patagoniambiental.com.ar\/info\/inventan-en-chile-un-generador-que-produce-energia-a-partir-de-la-fuerza-de-la-gravedad\/","title":{"rendered":"Inventan en Chile un generador que produce energ\u00eda a partir de la fuerza de la gravedad"},"content":{"rendered":"<p>En Chile, as\u00ed como en otros sitios de Latinoam\u00e9rica, la demanda energ\u00e9tica se encuentra colapsada, generando un gran obst\u00e1culo en el desarrollo de las industrias nacionales. Es ah\u00ed donde el desarrollo y la investigaci\u00f3n tecnol\u00f3gica pueden brindar una soluci\u00f3n que coloque a la innovaci\u00f3n y el conocimiento, al servicio de un desarrollo que no solo tenga en cuenta el avance y crecimiento de la industria sino que tambi\u00e9n, y fundamentalmente, lo haga de manera responsable y sostenible.<\/p>\n<p>En este sentido, la compa\u00f1\u00eda<b> Giga Thor S.A<\/b>., formada en el a\u00f1o 2008 en Chile, ha dise\u00f1ado durante m\u00e1s de 3 a\u00f1os un equipo de alta tecnolog\u00eda, que se diferencia de los par\u00e1metros actuales de generaci\u00f3n de energ\u00eda, ya que utiliza la <b>fuerza gravitacional, el vac\u00edo y la presi\u00f3n atmosf\u00e9rica. <\/b><\/p>\n<div class=\"article-banner\">El<b> generador SGV-G 600 KW<\/b> ideado por el\u00a0Dr. Wolf Weber- Hill\u00a0puede producir 600 KW de energ\u00eda el\u00e9ctrica de forma continua, para ser utilizada de manera inmediata; y sin recurrir a ning\u00fan combustible. De esta manera, y ocupando el espacio, este generador es capaz adem\u00e1s de reducir tanto los costos de producci\u00f3n, como el impacto ambiental.<\/p>\n<div class=\"\">Adem\u00e1s, ocupa el espacio de un container regular y puede ser transportado a distintos sitios donde se precise energ\u00eda el\u00e9ctrica; lo cual incluso lo vuelve una alternativa ideal para proveer a regiones alejadas del tendido el\u00e9ctrico, o a zonas afectadas por alguna situaci\u00f3n de emergencia.<\/div>\n<div class=\"\"><\/div>\n<div class=\"\">En Chile ya se encuentran tres de estos generadores en funcionamiento, con certificaci\u00f3n y a un costo aproximado de 600.000 euros; una inversi\u00f3n a futuro que puede representar una alternativa sustentable para el mundo entero.<\/div>\n<div class=\"\"><\/div>\n<\/div>\n<div class=\"\">Fuente: La BioGu\u00eda<\/div>\n<div class=\"article-banner\">\n<div class=\"\">\n<div class=\"article-sources\"><\/div>\n<\/div>\n<\/div>\n","protected":false},"excerpt":{"rendered":"<p>En Chile, as\u00ed como en otros sitios de Latinoam\u00e9rica, la demanda energ\u00e9tica se encuentra colapsada, generando un gran obst\u00e1culo en [&hellip;]<\/p>\n","protected":false},"author":2,"featured_media":0,"comment_status":"closed","ping_status":"closed","sticky":false,"template":"","format":"standard","meta":{"site-sidebar-layout":"default","site-content-layout":"","ast-site-content-layout":"default","site-content-style":"default","site-sidebar-style":"default","ast-global-header-display":"","ast-banner-title-visibility":"","ast-main-header-display":"","ast-hfb-above-header-display":"","ast-hfb-below-header-display":"","ast-hfb-mobile-header-display":"","site-post-title":"","ast-breadcrumbs-content":"","ast-featured-img":"","footer-sml-layout":"","ast-disable-related-posts":"","theme-transparent-header-meta":"","adv-header-id-meta":"","stick-header-meta":"","header-above-stick-meta":"","header-main-stick-meta":"","header-below-stick-meta":"","astra-migrate-meta-layouts":"default","ast-page-background-enabled":"default","ast-page-background-meta":{"desktop":{"background-color":"var(--ast-global-color-5)","background-image":"","background-repeat":"repeat","background-position":"center center","background-size":"auto","background-attachment":"scroll","background-type":"","background-media":"","overlay-type":"","overlay-color":"","overlay-opacity":"","overlay-gradient":""},"tablet":{"background-color":"","background-image":"","background-repeat":"repeat","background-position":"center center","background-size":"auto","background-attachment":"scroll","background-type":"","background-media":"","overlay-type":"","overlay-color":"","overlay-opacity":"","overlay-gradient":""},"mobile":{"background-color":"","background-image":"","background-repeat":"repeat","background-position":"center center","background-size":"auto","background-attachment":"scroll","background-type":"","background-media":"","overlay-type":"","overlay-color":"","overlay-opacity":"","overlay-gradient":""}},"ast-content-background-meta":{"desktop":{"background-color":"var(--ast-global-color-4)","background-image":"","background-repeat":"repeat","background-position":"center center","background-size":"auto","background-attachment":"scroll","background-type":"","background-media":"","overlay-type":"","overlay-color":"","overlay-opacity":"","overlay-gradient":""},"tablet":{"background-color":"var(--ast-global-color-4)","background-image":"","background-repeat":"repeat","background-position":"center center","background-size":"auto","background-attachment":"scroll","background-type":"","background-media":"","overlay-type":"","overlay-color":"","overlay-opacity":"","overlay-gradient":""},"mobile":{"background-color":"var(--ast-global-color-4)","background-image":"","background-repeat":"repeat","background-position":"center center","background-size":"auto","background-attachment":"scroll","background-type":"","background-media":"","overlay-type":"","overlay-color":"","overlay-opacity":"","overlay-gradient":""}},"footnotes":""},"categories":[23,1],"tags":[],"class_list":["post-18551","post","type-post","status-publish","format-standard","hentry","category-internacionales","category-noticias"],"yoast_head":"<!-- This site is optimized with the Yoast SEO Premium plugin v23.0 (Yoast SEO v27.5) - https:\/\/yoast.com\/product\/yoast-seo-premium-wordpress\/ -->\n<title>Inventan en Chile un generador que produce energ\u00eda a partir de la fuerza de la gravedad<\/title>\n<meta name=\"robots\" content=\"index, follow, max-snippet:-1, max-image-preview:large, max-video-preview:-1\" \/>\n<link rel=\"canonical\" href=\"https:\/\/patagoniambiental.com.ar\/info\/inventan-en-chile-un-generador-que-produce-energia-a-partir-de-la-fuerza-de-la-gravedad\/\" \/>\n<meta property=\"og:locale\" content=\"es_ES\" \/>\n<meta property=\"og:type\" content=\"article\" \/>\n<meta property=\"og:title\" content=\"Inventan en Chile un generador que produce energ\u00eda a partir de la fuerza de la gravedad\" \/>\n<meta property=\"og:description\" content=\"En Chile, as\u00ed como en otros sitios de Latinoam\u00e9rica, la demanda energ\u00e9tica se encuentra colapsada, generando un gran obst\u00e1culo en [&hellip;]\" \/>\n<meta property=\"og:url\" content=\"https:\/\/patagoniambiental.com.ar\/info\/inventan-en-chile-un-generador-que-produce-energia-a-partir-de-la-fuerza-de-la-gravedad\/\" \/>\n<meta property=\"og:site_name\" content=\"Patagonia Ambiental\" \/>\n<meta property=\"article:publisher\" content=\"https:\/\/www.facebook.com\/patagonia.ambiental\" \/>\n<meta property=\"article:author\" content=\"https:\/\/www.facebook.com\/share\/1C1V8Gv9BX\/?mibextid=qi2Omg\" \/>\n<meta property=\"article:published_time\" content=\"2016-05-25T13:56:53+00:00\" \/>\n<meta name=\"author\" content=\"Patagonia Ambiental\" \/>\n<meta name=\"twitter:card\" content=\"summary_large_image\" \/>\n<meta name=\"twitter:creator\" content=\"@PatAmb\" \/>\n<meta name=\"twitter:site\" content=\"@PatAmb\" \/>\n<script type=\"application\/ld+json\" class=\"yoast-schema-graph\">{\"@context\":\"https:\\\/\\\/schema.org\",\"@graph\":[{\"@type\":\"Article\",\"@id\":\"https:\\\/\\\/patagoniambiental.com.ar\\\/info\\\/inventan-en-chile-un-generador-que-produce-energia-a-partir-de-la-fuerza-de-la-gravedad\\\/#article\",\"isPartOf\":{\"@id\":\"https:\\\/\\\/patagoniambiental.com.ar\\\/info\\\/inventan-en-chile-un-generador-que-produce-energia-a-partir-de-la-fuerza-de-la-gravedad\\\/\"},\"author\":{\"name\":\"Patagonia Ambiental\",\"@id\":\"https:\\\/\\\/patagoniambiental.com.ar\\\/info\\\/#\\\/schema\\\/person\\\/db12bff64bbcbf6a253710bf0ea37b5d\"},\"headline\":\"Inventan en Chile un generador que produce energ\u00eda a partir de la fuerza de la gravedad\",\"datePublished\":\"2016-05-25T13:56:53+00:00\",\"mainEntityOfPage\":{\"@id\":\"https:\\\/\\\/patagoniambiental.com.ar\\\/info\\\/inventan-en-chile-un-generador-que-produce-energia-a-partir-de-la-fuerza-de-la-gravedad\\\/\"},\"wordCount\":313,\"publisher\":{\"@id\":\"https:\\\/\\\/patagoniambiental.com.ar\\\/info\\\/#organization\"},\"articleSection\":[\"Internacionales\",\"Noticias\"],\"inLanguage\":\"es\"},{\"@type\":\"WebPage\",\"@id\":\"https:\\\/\\\/patagoniambiental.com.ar\\\/info\\\/inventan-en-chile-un-generador-que-produce-energia-a-partir-de-la-fuerza-de-la-gravedad\\\/\",\"url\":\"https:\\\/\\\/patagoniambiental.com.ar\\\/info\\\/inventan-en-chile-un-generador-que-produce-energia-a-partir-de-la-fuerza-de-la-gravedad\\\/\",\"name\":\"Inventan en Chile un generador que produce energ\u00eda a partir de la fuerza de la gravedad\",\"isPartOf\":{\"@id\":\"https:\\\/\\\/patagoniambiental.com.ar\\\/info\\\/#website\"},\"datePublished\":\"2016-05-25T13:56:53+00:00\",\"breadcrumb\":{\"@id\":\"https:\\\/\\\/patagoniambiental.com.ar\\\/info\\\/inventan-en-chile-un-generador-que-produce-energia-a-partir-de-la-fuerza-de-la-gravedad\\\/#breadcrumb\"},\"inLanguage\":\"es\",\"potentialAction\":[{\"@type\":\"ReadAction\",\"target\":[\"https:\\\/\\\/patagoniambiental.com.ar\\\/info\\\/inventan-en-chile-un-generador-que-produce-energia-a-partir-de-la-fuerza-de-la-gravedad\\\/\"]}]},{\"@type\":\"BreadcrumbList\",\"@id\":\"https:\\\/\\\/patagoniambiental.com.ar\\\/info\\\/inventan-en-chile-un-generador-que-produce-energia-a-partir-de-la-fuerza-de-la-gravedad\\\/#breadcrumb\",\"itemListElement\":[{\"@type\":\"ListItem\",\"position\":1,\"name\":\"Inicio\",\"item\":\"https:\\\/\\\/patagoniambiental.com.ar\\\/info\\\/\"},{\"@type\":\"ListItem\",\"position\":2,\"name\":\"Inventan en Chile un generador que produce energ\u00eda a partir de la fuerza de la gravedad\"}]},{\"@type\":\"WebSite\",\"@id\":\"https:\\\/\\\/patagoniambiental.com.ar\\\/info\\\/#website\",\"url\":\"https:\\\/\\\/patagoniambiental.com.ar\\\/info\\\/\",\"name\":\"Patagonia Ambiental\",\"description\":\"Monitoreo y an\u00e1lisis de la situaci\u00f3n geopol\u00edtica en el mundo y su implicancia en la Patagonia\",\"publisher\":{\"@id\":\"https:\\\/\\\/patagoniambiental.com.ar\\\/info\\\/#organization\"},\"potentialAction\":[{\"@type\":\"SearchAction\",\"target\":{\"@type\":\"EntryPoint\",\"urlTemplate\":\"https:\\\/\\\/patagoniambiental.com.ar\\\/info\\\/?s={search_term_string}\"},\"query-input\":{\"@type\":\"PropertyValueSpecification\",\"valueRequired\":true,\"valueName\":\"search_term_string\"}}],\"inLanguage\":\"es\"},{\"@type\":\"Organization\",\"@id\":\"https:\\\/\\\/patagoniambiental.com.ar\\\/info\\\/#organization\",\"name\":\"Patagonia Ambiental\",\"url\":\"https:\\\/\\\/patagoniambiental.com.ar\\\/info\\\/\",\"logo\":{\"@type\":\"ImageObject\",\"inLanguage\":\"es\",\"@id\":\"https:\\\/\\\/patagoniambiental.com.ar\\\/info\\\/#\\\/schema\\\/logo\\\/image\\\/\",\"url\":\"https:\\\/\\\/patagoniambiental.com.ar\\\/info\\\/wp-content\\\/uploads\\\/2025\\\/05\\\/LOGO-PATAGONIA-AMBIENTAL.png\",\"contentUrl\":\"https:\\\/\\\/patagoniambiental.com.ar\\\/info\\\/wp-content\\\/uploads\\\/2025\\\/05\\\/LOGO-PATAGONIA-AMBIENTAL.png\",\"width\":433,\"height\":250,\"caption\":\"Patagonia Ambiental\"},\"image\":{\"@id\":\"https:\\\/\\\/patagoniambiental.com.ar\\\/info\\\/#\\\/schema\\\/logo\\\/image\\\/\"},\"sameAs\":[\"https:\\\/\\\/www.facebook.com\\\/patagonia.ambiental\",\"https:\\\/\\\/x.com\\\/PatAmb\"]},{\"@type\":\"Person\",\"@id\":\"https:\\\/\\\/patagoniambiental.com.ar\\\/info\\\/#\\\/schema\\\/person\\\/db12bff64bbcbf6a253710bf0ea37b5d\",\"name\":\"Patagonia Ambiental\",\"description\":\"Andr\u00e9s Nievas T\u00e9cnico en manejo ambiental, consultor Ambiental y escritor para medios locales e internacionales sobre temas de geopolitica y medio ambiente.\",\"sameAs\":[\"http:\\\/\\\/www.patagoniambiental.com.ar\",\"https:\\\/\\\/www.facebook.com\\\/share\\\/1C1V8Gv9BX\\\/?mibextid=qi2Omg\",\"@patagoniambiental\",\"https:\\\/\\\/youtube.com\\\/@patagoniaambiental2023?si=BLt58t0wuXquxlYZ\"]}]}<\/script>\n<!-- \/ Yoast SEO Premium plugin. -->","yoast_head_json":{"title":"Inventan en Chile un generador que produce energ\u00eda a partir de la fuerza de la gravedad","robots":{"index":"index","follow":"follow","max-snippet":"max-snippet:-1","max-image-preview":"max-image-preview:large","max-video-preview":"max-video-preview:-1"},"canonical":"https:\/\/patagoniambiental.com.ar\/info\/inventan-en-chile-un-generador-que-produce-energia-a-partir-de-la-fuerza-de-la-gravedad\/","og_locale":"es_ES","og_type":"article","og_title":"Inventan en Chile un generador que produce energ\u00eda a partir de la fuerza de la gravedad","og_description":"En Chile, as\u00ed como en otros sitios de Latinoam\u00e9rica, la demanda energ\u00e9tica se encuentra colapsada, generando un gran obst\u00e1culo en [&hellip;]","og_url":"https:\/\/patagoniambiental.com.ar\/info\/inventan-en-chile-un-generador-que-produce-energia-a-partir-de-la-fuerza-de-la-gravedad\/","og_site_name":"Patagonia Ambiental","article_publisher":"https:\/\/www.facebook.com\/patagonia.ambiental","article_author":"https:\/\/www.facebook.com\/share\/1C1V8Gv9BX\/?mibextid=qi2Omg","article_published_time":"2016-05-25T13:56:53+00:00","author":"Patagonia Ambiental","twitter_card":"summary_large_image","twitter_creator":"@PatAmb","twitter_site":"@PatAmb","schema":{"@context":"https:\/\/schema.org","@graph":[{"@type":"Article","@id":"https:\/\/patagoniambiental.com.ar\/info\/inventan-en-chile-un-generador-que-produce-energia-a-partir-de-la-fuerza-de-la-gravedad\/#article","isPartOf":{"@id":"https:\/\/patagoniambiental.com.ar\/info\/inventan-en-chile-un-generador-que-produce-energia-a-partir-de-la-fuerza-de-la-gravedad\/"},"author":{"name":"Patagonia Ambiental","@id":"https:\/\/patagoniambiental.com.ar\/info\/#\/schema\/person\/db12bff64bbcbf6a253710bf0ea37b5d"},"headline":"Inventan en Chile un generador que produce energ\u00eda a partir de la fuerza de la gravedad","datePublished":"2016-05-25T13:56:53+00:00","mainEntityOfPage":{"@id":"https:\/\/patagoniambiental.com.ar\/info\/inventan-en-chile-un-generador-que-produce-energia-a-partir-de-la-fuerza-de-la-gravedad\/"},"wordCount":313,"publisher":{"@id":"https:\/\/patagoniambiental.com.ar\/info\/#organization"},"articleSection":["Internacionales","Noticias"],"inLanguage":"es"},{"@type":"WebPage","@id":"https:\/\/patagoniambiental.com.ar\/info\/inventan-en-chile-un-generador-que-produce-energia-a-partir-de-la-fuerza-de-la-gravedad\/","url":"https:\/\/patagoniambiental.com.ar\/info\/inventan-en-chile-un-generador-que-produce-energia-a-partir-de-la-fuerza-de-la-gravedad\/","name":"Inventan en Chile un generador que produce energ\u00eda a partir de la fuerza de la gravedad","isPartOf":{"@id":"https:\/\/patagoniambiental.com.ar\/info\/#website"},"datePublished":"2016-05-25T13:56:53+00:00","breadcrumb":{"@id":"https:\/\/patagoniambiental.com.ar\/info\/inventan-en-chile-un-generador-que-produce-energia-a-partir-de-la-fuerza-de-la-gravedad\/#breadcrumb"},"inLanguage":"es","potentialAction":[{"@type":"ReadAction","target":["https:\/\/patagoniambiental.com.ar\/info\/inventan-en-chile-un-generador-que-produce-energia-a-partir-de-la-fuerza-de-la-gravedad\/"]}]},{"@type":"BreadcrumbList","@id":"https:\/\/patagoniambiental.com.ar\/info\/inventan-en-chile-un-generador-que-produce-energia-a-partir-de-la-fuerza-de-la-gravedad\/#breadcrumb","itemListElement":[{"@type":"ListItem","position":1,"name":"Inicio","item":"https:\/\/patagoniambiental.com.ar\/info\/"},{"@type":"ListItem","position":2,"name":"Inventan en Chile un generador que produce energ\u00eda a partir de la fuerza de la gravedad"}]},{"@type":"WebSite","@id":"https:\/\/patagoniambiental.com.ar\/info\/#website","url":"https:\/\/patagoniambiental.com.ar\/info\/","name":"Patagonia Ambiental","description":"Monitoreo y an\u00e1lisis de la situaci\u00f3n geopol\u00edtica en el mundo y su implicancia en la Patagonia","publisher":{"@id":"https:\/\/patagoniambiental.com.ar\/info\/#organization"},"potentialAction":[{"@type":"SearchAction","target":{"@type":"EntryPoint","urlTemplate":"https:\/\/patagoniambiental.com.ar\/info\/?s={search_term_string}"},"query-input":{"@type":"PropertyValueSpecification","valueRequired":true,"valueName":"search_term_string"}}],"inLanguage":"es"},{"@type":"Organization","@id":"https:\/\/patagoniambiental.com.ar\/info\/#organization","name":"Patagonia Ambiental","url":"https:\/\/patagoniambiental.com.ar\/info\/","logo":{"@type":"ImageObject","inLanguage":"es","@id":"https:\/\/patagoniambiental.com.ar\/info\/#\/schema\/logo\/image\/","url":"https:\/\/patagoniambiental.com.ar\/info\/wp-content\/uploads\/2025\/05\/LOGO-PATAGONIA-AMBIENTAL.png","contentUrl":"https:\/\/patagoniambiental.com.ar\/info\/wp-content\/uploads\/2025\/05\/LOGO-PATAGONIA-AMBIENTAL.png","width":433,"height":250,"caption":"Patagonia Ambiental"},"image":{"@id":"https:\/\/patagoniambiental.com.ar\/info\/#\/schema\/logo\/image\/"},"sameAs":["https:\/\/www.facebook.com\/patagonia.ambiental","https:\/\/x.com\/PatAmb"]},{"@type":"Person","@id":"https:\/\/patagoniambiental.com.ar\/info\/#\/schema\/person\/db12bff64bbcbf6a253710bf0ea37b5d","name":"Patagonia Ambiental","description":"Andr\u00e9s Nievas T\u00e9cnico en manejo ambiental, consultor Ambiental y escritor para medios locales e internacionales sobre temas de geopolitica y medio ambiente.","sameAs":["http:\/\/www.patagoniambiental.com.ar","https:\/\/www.facebook.com\/share\/1C1V8Gv9BX\/?mibextid=qi2Omg","@patagoniambiental","https:\/\/youtube.com\/@patagoniaambiental2023?si=BLt58t0wuXquxlYZ"]}]}},"_links":{"self":[{"href":"https:\/\/patagoniambiental.com.ar\/info\/wp-json\/wp\/v2\/posts\/18551","targetHints":{"allow":["GET"]}}],"collection":[{"href":"https:\/\/patagoniambiental.com.ar\/info\/wp-json\/wp\/v2\/posts"}],"about":[{"href":"https:\/\/patagoniambiental.com.ar\/info\/wp-json\/wp\/v2\/types\/post"}],"author":[{"embeddable":true,"href":"https:\/\/patagoniambiental.com.ar\/info\/wp-json\/wp\/v2\/users\/2"}],"replies":[{"embeddable":true,"href":"https:\/\/patagoniambiental.com.ar\/info\/wp-json\/wp\/v2\/comments?post=18551"}],"version-history":[{"count":0,"href":"https:\/\/patagoniambiental.com.ar\/info\/wp-json\/wp\/v2\/posts\/18551\/revisions"}],"wp:attachment":[{"href":"https:\/\/patagoniambiental.com.ar\/info\/wp-json\/wp\/v2\/media?parent=18551"}],"wp:term":[{"taxonomy":"category","embeddable":true,"href":"https:\/\/patagoniambiental.com.ar\/info\/wp-json\/wp\/v2\/categories?post=18551"},{"taxonomy":"post_tag","embeddable":true,"href":"https:\/\/patagoniambiental.com.ar\/info\/wp-json\/wp\/v2\/tags?post=18551"}],"curies":[{"name":"wp","href":"https:\/\/api.w.org\/{rel}","templated":true}]}}