{"id":18558,"date":"2016-05-25T11:07:31","date_gmt":"2016-05-25T14:07:31","guid":{"rendered":"http:\/\/patagoniambiental.com.ar\/?p=18558"},"modified":"2016-05-25T11:07:31","modified_gmt":"2016-05-25T14:07:31","slug":"tierra-del-fuego-intensifican-tareas-para-la-conservacion-del-cauquen","status":"publish","type":"post","link":"https:\/\/patagoniambiental.com.ar\/info\/tierra-del-fuego-intensifican-tareas-para-la-conservacion-del-cauquen\/","title":{"rendered":"Tierra del Fuego: Intensifican tareas para la conservaci\u00f3n del Cauqu\u00e9n"},"content":{"rendered":"<p>El Organismo Provincial para el Desarrollo Sostenible (OPDS) particip\u00f3 de las Jornadas de Bienvenida de los Cauquenes Migratorios a la Provincia de Buenos Aires, en el Centro Regional de Estudios Superiores Tres Arroyos (CRESta), organizadas por la Secretar\u00eda de Gesti\u00f3n Ambiental en forma conjunta con la direcci\u00f3n de Fauna del Ministerio de Ambiente y Desarrollo Sustentable de Naci\u00f3n y la Asociaci\u00f3n Aves Argentinas.<\/p>\n<p>La actividad incluy\u00f3 charlas informativas, exposiciones de alumnos de diferentes establecimientos educativos y proyecci\u00f3n de im\u00e1genes para establecer un diagn\u00f3stico sobre la compleja situaci\u00f3n poblacional de las aves y fijar estrategias de conservaci\u00f3n de la especie.<\/p>\n<p>En representaci\u00f3n del Organismo, el Encargado del Monumento Natural Cauqu\u00e9n Colorado, Guardaparque Alejandro Leiss, profundiz\u00f3 sobre el itinerario de tareas de conservaci\u00f3n prevenci\u00f3n y control de caza ilegal del Cauqu\u00e9n, que se intensificar\u00e1 en rutas y caminos rurales en un trabajo conjunto con la Direcci\u00f3n de Fauna Silvestre de Naci\u00f3n, Gendarmer\u00eda Nacional, Polic\u00eda Rural, el ministerio de Agro Industria y los municipios.<\/p>\n<p>El Cauqu\u00e9n es un ave migratoria com\u00fanmente conocida como \u00abavutardas\u00bb (nombre que en Europa se les da a un grupo de aves de vuelo tard\u00edo), que realizan grandes movimientos migratorios desde el extremo sur de Argentina y Chile hacia el sur de la Provincia de Buenos Aires<\/p>\n<p>En sus vuelos conforman bandadas mixtas integradas por las tres especies de cauquenes: el cauqu\u00e9n com\u00fan, el cauqu\u00e9n real o de cabeza gris y el cauqu\u00e9n colorado. Esta \u00faltima especie, cuya poblaci\u00f3n actual es de alrededor de menos de 400 a 500 individuos, fue declarada Monumento Natural de la Provincia de Buenos Aires -m\u00e1xima categor\u00eda de protecci\u00f3n ambiental-, donde el Organismo, a trav\u00e9s de su Direcci\u00f3n de \u00c1reas Naturales Protegidas, impulsa acciones orientadas a la conservaci\u00f3n.<\/p>\n<p>Asimismo, la cartera ambiental provincial programa la colocaci\u00f3n de radiotransmisores para transmitir el proceso de detecci\u00f3n e identificaci\u00f3n de las rutas migratorias y favorecer los procedimientos de fiscalizaci\u00f3n y prevenci\u00f3n de la caza furtiva, en un trabajo en conjunto con el INTA, el CONICET y otras instituciones.<\/p>\n<p>A trav\u00e9s de estos dispositivos, se establecen posiciones geogr\u00e1ficas que ayudan a la preservaci\u00f3n de las aves. En los tres primeros meses de estudio se determin\u00f3 mediante el monitoreo que mostraron un desplazamiento de m\u00e1s de 2700 kil\u00f3metros.<\/p>\n<p>Durante los meses de invernada de la especie se recorren y realizan actividades de control en cotos de caza menor, caminos rurales y rutas de los partidos del sur bonaerense. Adem\u00e1s del personal a cargo del Monumento Natural, participan guardaparques de las Reservas Naturales de Bah\u00eda Blanca, El Destino, Mar Chiquita y del Refugio de Vida Silvestre de Punta Indio.<\/p>\n<p>Caracter\u00edsticas y valor hist\u00f3rico<\/p>\n<p>Nidifican en el extremo sur de la Patagonia y durante el invierno migran hacia el norte para concentrarse en el sur bonaerense, con predominancia en los partidos de San Cayetano, Tres Arroyos y Dorrego, donde se la puede avistar desde mayo a agosto. Es en este punto geogr\u00e1fico donde realizan la invernada y acuden a alimentarse de hierbas y pasto, carentes en la zona patag\u00f3nica en \u00e9poca invernal. De esta especie migratoria tambi\u00e9n se encuentra una poblaci\u00f3n sedentaria distribuida en Islas Malvinas.<\/p>\n<p>Se trata de un ave viajera que une pueblos, ya que vincula Buenos Aires, con Santa Cruz y Tierra del Fuego y toda la Patagonia. Es importante su valoraci\u00f3n y la planificaci\u00f3n adecuada de acciones que propicien su conservaci\u00f3n. El objetivo no s\u00f3lo es la preservaci\u00f3n de las especies de cauquenes y en especial el Cauqu\u00e9n Colorado; sino que tambi\u00e9n tiende a crear una conciencia que armonice las diferentes pr\u00e1cticas productivas y la percepci\u00f3n que se tiene sobre la fauna silvestre. Los cauquenes constituyeron recursos invalorables para las poblaciones originarias de Am\u00e9rica, que los utilizaban principalmente por el valor de sus huevos, su carne y su plumaje.<\/p>\n<p>Hasta hace un tiempo se encontraba catalogada para la provincia de Buenos Aires como una especie plaga, por lo que algunos sectores cineg\u00e9ticos fomentaban su caza, Esta pr\u00e1ctica conllevo entre otros motivos a su disminuci\u00f3n poblacional. En la actualidad la legislaci\u00f3n provincial permite ofrecerles un marco de protecci\u00f3n tendiente a la recuperaci\u00f3n.<\/p>\n<p>Denuncias<\/p>\n<p>El OPDS centraliza la realizaci\u00f3n de denuncias de p\u00e1ginas web que promueven la caza de la especie. Estas se dirigen a la Unidad Fiscal de Medio Ambiente (UFIMA), lo que constituye una etapa de judicializaci\u00f3n de la caza ilegal de esta especie.<\/p>\n","protected":false},"excerpt":{"rendered":"<p>El Organismo Provincial para el Desarrollo Sostenible (OPDS) particip\u00f3 de las Jornadas de Bienvenida de los Cauquenes Migratorios a la [&hellip;]<\/p>\n","protected":false},"author":2,"featured_media":0,"comment_status":"closed","ping_status":"closed","sticky":false,"template":"","format":"standard","meta":{"site-sidebar-layout":"default","site-content-layout":"","ast-site-content-layout":"default","site-content-style":"default","site-sidebar-style":"default","ast-global-header-display":"","ast-banner-title-visibility":"","ast-main-header-display":"","ast-hfb-above-header-display":"","ast-hfb-below-header-display":"","ast-hfb-mobile-header-display":"","site-post-title":"","ast-breadcrumbs-content":"","ast-featured-img":"","footer-sml-layout":"","ast-disable-related-posts":"","theme-transparent-header-meta":"","adv-header-id-meta":"","stick-header-meta":"","header-above-stick-meta":"","header-main-stick-meta":"","header-below-stick-meta":"","astra-migrate-meta-layouts":"default","ast-page-background-enabled":"default","ast-page-background-meta":{"desktop":{"background-color":"var(--ast-global-color-5)","background-image":"","background-repeat":"repeat","background-position":"center center","background-size":"auto","background-attachment":"scroll","background-type":"","background-media":"","overlay-type":"","overlay-color":"","overlay-opacity":"","overlay-gradient":""},"tablet":{"background-color":"","background-image":"","background-repeat":"repeat","background-position":"center center","background-size":"auto","background-attachment":"scroll","background-type":"","background-media":"","overlay-type":"","overlay-color":"","overlay-opacity":"","overlay-gradient":""},"mobile":{"background-color":"","background-image":"","background-repeat":"repeat","background-position":"center center","background-size":"auto","background-attachment":"scroll","background-type":"","background-media":"","overlay-type":"","overlay-color":"","overlay-opacity":"","overlay-gradient":""}},"ast-content-background-meta":{"desktop":{"background-color":"var(--ast-global-color-4)","background-image":"","background-repeat":"repeat","background-position":"center center","background-size":"auto","background-attachment":"scroll","background-type":"","background-media":"","overlay-type":"","overlay-color":"","overlay-opacity":"","overlay-gradient":""},"tablet":{"background-color":"var(--ast-global-color-4)","background-image":"","background-repeat":"repeat","background-position":"center center","background-size":"auto","background-attachment":"scroll","background-type":"","background-media":"","overlay-type":"","overlay-color":"","overlay-opacity":"","overlay-gradient":""},"mobile":{"background-color":"var(--ast-global-color-4)","background-image":"","background-repeat":"repeat","background-position":"center center","background-size":"auto","background-attachment":"scroll","background-type":"","background-media":"","overlay-type":"","overlay-color":"","overlay-opacity":"","overlay-gradient":""}},"footnotes":""},"categories":[1,13,25],"tags":[],"class_list":["post-18558","post","type-post","status-publish","format-standard","hentry","category-noticias","category-provinciales","category-tierra-del-fuego"],"yoast_head":"<!-- This site is optimized with the Yoast SEO Premium plugin v23.0 (Yoast SEO v27.5) - https:\/\/yoast.com\/product\/yoast-seo-premium-wordpress\/ -->\n<title>Tierra del Fuego: Intensifican tareas para la conservaci\u00f3n del Cauqu\u00e9n<\/title>\n<meta name=\"robots\" content=\"index, follow, max-snippet:-1, max-image-preview:large, max-video-preview:-1\" \/>\n<link rel=\"canonical\" href=\"https:\/\/patagoniambiental.com.ar\/info\/tierra-del-fuego-intensifican-tareas-para-la-conservacion-del-cauquen\/\" \/>\n<meta property=\"og:locale\" content=\"es_ES\" \/>\n<meta property=\"og:type\" content=\"article\" \/>\n<meta property=\"og:title\" content=\"Tierra del Fuego: Intensifican tareas para la conservaci\u00f3n del Cauqu\u00e9n\" \/>\n<meta property=\"og:description\" content=\"El Organismo Provincial para el Desarrollo Sostenible (OPDS) particip\u00f3 de las Jornadas de Bienvenida de los Cauquenes Migratorios a la [&hellip;]\" \/>\n<meta property=\"og:url\" content=\"https:\/\/patagoniambiental.com.ar\/info\/tierra-del-fuego-intensifican-tareas-para-la-conservacion-del-cauquen\/\" \/>\n<meta property=\"og:site_name\" content=\"Patagonia Ambiental\" \/>\n<meta property=\"article:publisher\" content=\"https:\/\/www.facebook.com\/patagonia.ambiental\" \/>\n<meta property=\"article:author\" content=\"https:\/\/www.facebook.com\/share\/1C1V8Gv9BX\/?mibextid=qi2Omg\" \/>\n<meta property=\"article:published_time\" content=\"2016-05-25T14:07:31+00:00\" \/>\n<meta name=\"author\" content=\"Patagonia Ambiental\" \/>\n<meta name=\"twitter:card\" content=\"summary_large_image\" \/>\n<meta name=\"twitter:creator\" content=\"@PatAmb\" \/>\n<meta name=\"twitter:site\" content=\"@PatAmb\" \/>\n<script type=\"application\/ld+json\" class=\"yoast-schema-graph\">{\"@context\":\"https:\\\/\\\/schema.org\",\"@graph\":[{\"@type\":\"Article\",\"@id\":\"https:\\\/\\\/patagoniambiental.com.ar\\\/info\\\/tierra-del-fuego-intensifican-tareas-para-la-conservacion-del-cauquen\\\/#article\",\"isPartOf\":{\"@id\":\"https:\\\/\\\/patagoniambiental.com.ar\\\/info\\\/tierra-del-fuego-intensifican-tareas-para-la-conservacion-del-cauquen\\\/\"},\"author\":{\"name\":\"Patagonia Ambiental\",\"@id\":\"https:\\\/\\\/patagoniambiental.com.ar\\\/info\\\/#\\\/schema\\\/person\\\/db12bff64bbcbf6a253710bf0ea37b5d\"},\"headline\":\"Tierra del Fuego: Intensifican tareas para la conservaci\u00f3n del Cauqu\u00e9n\",\"datePublished\":\"2016-05-25T14:07:31+00:00\",\"mainEntityOfPage\":{\"@id\":\"https:\\\/\\\/patagoniambiental.com.ar\\\/info\\\/tierra-del-fuego-intensifican-tareas-para-la-conservacion-del-cauquen\\\/\"},\"wordCount\":796,\"publisher\":{\"@id\":\"https:\\\/\\\/patagoniambiental.com.ar\\\/info\\\/#organization\"},\"articleSection\":[\"Noticias\",\"Provinciales\",\"Tierra del Fuego\"],\"inLanguage\":\"es\"},{\"@type\":\"WebPage\",\"@id\":\"https:\\\/\\\/patagoniambiental.com.ar\\\/info\\\/tierra-del-fuego-intensifican-tareas-para-la-conservacion-del-cauquen\\\/\",\"url\":\"https:\\\/\\\/patagoniambiental.com.ar\\\/info\\\/tierra-del-fuego-intensifican-tareas-para-la-conservacion-del-cauquen\\\/\",\"name\":\"Tierra del Fuego: Intensifican tareas para la conservaci\u00f3n del Cauqu\u00e9n\",\"isPartOf\":{\"@id\":\"https:\\\/\\\/patagoniambiental.com.ar\\\/info\\\/#website\"},\"datePublished\":\"2016-05-25T14:07:31+00:00\",\"breadcrumb\":{\"@id\":\"https:\\\/\\\/patagoniambiental.com.ar\\\/info\\\/tierra-del-fuego-intensifican-tareas-para-la-conservacion-del-cauquen\\\/#breadcrumb\"},\"inLanguage\":\"es\",\"potentialAction\":[{\"@type\":\"ReadAction\",\"target\":[\"https:\\\/\\\/patagoniambiental.com.ar\\\/info\\\/tierra-del-fuego-intensifican-tareas-para-la-conservacion-del-cauquen\\\/\"]}]},{\"@type\":\"BreadcrumbList\",\"@id\":\"https:\\\/\\\/patagoniambiental.com.ar\\\/info\\\/tierra-del-fuego-intensifican-tareas-para-la-conservacion-del-cauquen\\\/#breadcrumb\",\"itemListElement\":[{\"@type\":\"ListItem\",\"position\":1,\"name\":\"Inicio\",\"item\":\"https:\\\/\\\/patagoniambiental.com.ar\\\/info\\\/\"},{\"@type\":\"ListItem\",\"position\":2,\"name\":\"Tierra del Fuego: Intensifican tareas para la conservaci\u00f3n del Cauqu\u00e9n\"}]},{\"@type\":\"WebSite\",\"@id\":\"https:\\\/\\\/patagoniambiental.com.ar\\\/info\\\/#website\",\"url\":\"https:\\\/\\\/patagoniambiental.com.ar\\\/info\\\/\",\"name\":\"Patagonia Ambiental\",\"description\":\"Monitoreo y an\u00e1lisis de la situaci\u00f3n geopol\u00edtica en el mundo y su implicancia en la Patagonia\",\"publisher\":{\"@id\":\"https:\\\/\\\/patagoniambiental.com.ar\\\/info\\\/#organization\"},\"potentialAction\":[{\"@type\":\"SearchAction\",\"target\":{\"@type\":\"EntryPoint\",\"urlTemplate\":\"https:\\\/\\\/patagoniambiental.com.ar\\\/info\\\/?s={search_term_string}\"},\"query-input\":{\"@type\":\"PropertyValueSpecification\",\"valueRequired\":true,\"valueName\":\"search_term_string\"}}],\"inLanguage\":\"es\"},{\"@type\":\"Organization\",\"@id\":\"https:\\\/\\\/patagoniambiental.com.ar\\\/info\\\/#organization\",\"name\":\"Patagonia Ambiental\",\"url\":\"https:\\\/\\\/patagoniambiental.com.ar\\\/info\\\/\",\"logo\":{\"@type\":\"ImageObject\",\"inLanguage\":\"es\",\"@id\":\"https:\\\/\\\/patagoniambiental.com.ar\\\/info\\\/#\\\/schema\\\/logo\\\/image\\\/\",\"url\":\"https:\\\/\\\/patagoniambiental.com.ar\\\/info\\\/wp-content\\\/uploads\\\/2025\\\/05\\\/LOGO-PATAGONIA-AMBIENTAL.png\",\"contentUrl\":\"https:\\\/\\\/patagoniambiental.com.ar\\\/info\\\/wp-content\\\/uploads\\\/2025\\\/05\\\/LOGO-PATAGONIA-AMBIENTAL.png\",\"width\":433,\"height\":250,\"caption\":\"Patagonia Ambiental\"},\"image\":{\"@id\":\"https:\\\/\\\/patagoniambiental.com.ar\\\/info\\\/#\\\/schema\\\/logo\\\/image\\\/\"},\"sameAs\":[\"https:\\\/\\\/www.facebook.com\\\/patagonia.ambiental\",\"https:\\\/\\\/x.com\\\/PatAmb\"]},{\"@type\":\"Person\",\"@id\":\"https:\\\/\\\/patagoniambiental.com.ar\\\/info\\\/#\\\/schema\\\/person\\\/db12bff64bbcbf6a253710bf0ea37b5d\",\"name\":\"Patagonia Ambiental\",\"description\":\"Andr\u00e9s Nievas T\u00e9cnico en manejo ambiental, consultor Ambiental y escritor para medios locales e internacionales sobre temas de geopolitica y medio ambiente.\",\"sameAs\":[\"http:\\\/\\\/www.patagoniambiental.com.ar\",\"https:\\\/\\\/www.facebook.com\\\/share\\\/1C1V8Gv9BX\\\/?mibextid=qi2Omg\",\"@patagoniambiental\",\"https:\\\/\\\/youtube.com\\\/@patagoniaambiental2023?si=BLt58t0wuXquxlYZ\"]}]}<\/script>\n<!-- \/ Yoast SEO Premium plugin. -->","yoast_head_json":{"title":"Tierra del Fuego: Intensifican tareas para la conservaci\u00f3n del Cauqu\u00e9n","robots":{"index":"index","follow":"follow","max-snippet":"max-snippet:-1","max-image-preview":"max-image-preview:large","max-video-preview":"max-video-preview:-1"},"canonical":"https:\/\/patagoniambiental.com.ar\/info\/tierra-del-fuego-intensifican-tareas-para-la-conservacion-del-cauquen\/","og_locale":"es_ES","og_type":"article","og_title":"Tierra del Fuego: Intensifican tareas para la conservaci\u00f3n del Cauqu\u00e9n","og_description":"El Organismo Provincial para el Desarrollo Sostenible (OPDS) particip\u00f3 de las Jornadas de Bienvenida de los Cauquenes Migratorios a la [&hellip;]","og_url":"https:\/\/patagoniambiental.com.ar\/info\/tierra-del-fuego-intensifican-tareas-para-la-conservacion-del-cauquen\/","og_site_name":"Patagonia Ambiental","article_publisher":"https:\/\/www.facebook.com\/patagonia.ambiental","article_author":"https:\/\/www.facebook.com\/share\/1C1V8Gv9BX\/?mibextid=qi2Omg","article_published_time":"2016-05-25T14:07:31+00:00","author":"Patagonia Ambiental","twitter_card":"summary_large_image","twitter_creator":"@PatAmb","twitter_site":"@PatAmb","schema":{"@context":"https:\/\/schema.org","@graph":[{"@type":"Article","@id":"https:\/\/patagoniambiental.com.ar\/info\/tierra-del-fuego-intensifican-tareas-para-la-conservacion-del-cauquen\/#article","isPartOf":{"@id":"https:\/\/patagoniambiental.com.ar\/info\/tierra-del-fuego-intensifican-tareas-para-la-conservacion-del-cauquen\/"},"author":{"name":"Patagonia Ambiental","@id":"https:\/\/patagoniambiental.com.ar\/info\/#\/schema\/person\/db12bff64bbcbf6a253710bf0ea37b5d"},"headline":"Tierra del Fuego: Intensifican tareas para la conservaci\u00f3n del Cauqu\u00e9n","datePublished":"2016-05-25T14:07:31+00:00","mainEntityOfPage":{"@id":"https:\/\/patagoniambiental.com.ar\/info\/tierra-del-fuego-intensifican-tareas-para-la-conservacion-del-cauquen\/"},"wordCount":796,"publisher":{"@id":"https:\/\/patagoniambiental.com.ar\/info\/#organization"},"articleSection":["Noticias","Provinciales","Tierra del Fuego"],"inLanguage":"es"},{"@type":"WebPage","@id":"https:\/\/patagoniambiental.com.ar\/info\/tierra-del-fuego-intensifican-tareas-para-la-conservacion-del-cauquen\/","url":"https:\/\/patagoniambiental.com.ar\/info\/tierra-del-fuego-intensifican-tareas-para-la-conservacion-del-cauquen\/","name":"Tierra del Fuego: Intensifican tareas para la conservaci\u00f3n del Cauqu\u00e9n","isPartOf":{"@id":"https:\/\/patagoniambiental.com.ar\/info\/#website"},"datePublished":"2016-05-25T14:07:31+00:00","breadcrumb":{"@id":"https:\/\/patagoniambiental.com.ar\/info\/tierra-del-fuego-intensifican-tareas-para-la-conservacion-del-cauquen\/#breadcrumb"},"inLanguage":"es","potentialAction":[{"@type":"ReadAction","target":["https:\/\/patagoniambiental.com.ar\/info\/tierra-del-fuego-intensifican-tareas-para-la-conservacion-del-cauquen\/"]}]},{"@type":"BreadcrumbList","@id":"https:\/\/patagoniambiental.com.ar\/info\/tierra-del-fuego-intensifican-tareas-para-la-conservacion-del-cauquen\/#breadcrumb","itemListElement":[{"@type":"ListItem","position":1,"name":"Inicio","item":"https:\/\/patagoniambiental.com.ar\/info\/"},{"@type":"ListItem","position":2,"name":"Tierra del Fuego: Intensifican tareas para la conservaci\u00f3n del Cauqu\u00e9n"}]},{"@type":"WebSite","@id":"https:\/\/patagoniambiental.com.ar\/info\/#website","url":"https:\/\/patagoniambiental.com.ar\/info\/","name":"Patagonia Ambiental","description":"Monitoreo y an\u00e1lisis de la situaci\u00f3n geopol\u00edtica en el mundo y su implicancia en la Patagonia","publisher":{"@id":"https:\/\/patagoniambiental.com.ar\/info\/#organization"},"potentialAction":[{"@type":"SearchAction","target":{"@type":"EntryPoint","urlTemplate":"https:\/\/patagoniambiental.com.ar\/info\/?s={search_term_string}"},"query-input":{"@type":"PropertyValueSpecification","valueRequired":true,"valueName":"search_term_string"}}],"inLanguage":"es"},{"@type":"Organization","@id":"https:\/\/patagoniambiental.com.ar\/info\/#organization","name":"Patagonia Ambiental","url":"https:\/\/patagoniambiental.com.ar\/info\/","logo":{"@type":"ImageObject","inLanguage":"es","@id":"https:\/\/patagoniambiental.com.ar\/info\/#\/schema\/logo\/image\/","url":"https:\/\/patagoniambiental.com.ar\/info\/wp-content\/uploads\/2025\/05\/LOGO-PATAGONIA-AMBIENTAL.png","contentUrl":"https:\/\/patagoniambiental.com.ar\/info\/wp-content\/uploads\/2025\/05\/LOGO-PATAGONIA-AMBIENTAL.png","width":433,"height":250,"caption":"Patagonia Ambiental"},"image":{"@id":"https:\/\/patagoniambiental.com.ar\/info\/#\/schema\/logo\/image\/"},"sameAs":["https:\/\/www.facebook.com\/patagonia.ambiental","https:\/\/x.com\/PatAmb"]},{"@type":"Person","@id":"https:\/\/patagoniambiental.com.ar\/info\/#\/schema\/person\/db12bff64bbcbf6a253710bf0ea37b5d","name":"Patagonia Ambiental","description":"Andr\u00e9s Nievas T\u00e9cnico en manejo ambiental, consultor Ambiental y escritor para medios locales e internacionales sobre temas de geopolitica y medio ambiente.","sameAs":["http:\/\/www.patagoniambiental.com.ar","https:\/\/www.facebook.com\/share\/1C1V8Gv9BX\/?mibextid=qi2Omg","@patagoniambiental","https:\/\/youtube.com\/@patagoniaambiental2023?si=BLt58t0wuXquxlYZ"]}]}},"_links":{"self":[{"href":"https:\/\/patagoniambiental.com.ar\/info\/wp-json\/wp\/v2\/posts\/18558","targetHints":{"allow":["GET"]}}],"collection":[{"href":"https:\/\/patagoniambiental.com.ar\/info\/wp-json\/wp\/v2\/posts"}],"about":[{"href":"https:\/\/patagoniambiental.com.ar\/info\/wp-json\/wp\/v2\/types\/post"}],"author":[{"embeddable":true,"href":"https:\/\/patagoniambiental.com.ar\/info\/wp-json\/wp\/v2\/users\/2"}],"replies":[{"embeddable":true,"href":"https:\/\/patagoniambiental.com.ar\/info\/wp-json\/wp\/v2\/comments?post=18558"}],"version-history":[{"count":0,"href":"https:\/\/patagoniambiental.com.ar\/info\/wp-json\/wp\/v2\/posts\/18558\/revisions"}],"wp:attachment":[{"href":"https:\/\/patagoniambiental.com.ar\/info\/wp-json\/wp\/v2\/media?parent=18558"}],"wp:term":[{"taxonomy":"category","embeddable":true,"href":"https:\/\/patagoniambiental.com.ar\/info\/wp-json\/wp\/v2\/categories?post=18558"},{"taxonomy":"post_tag","embeddable":true,"href":"https:\/\/patagoniambiental.com.ar\/info\/wp-json\/wp\/v2\/tags?post=18558"}],"curies":[{"name":"wp","href":"https:\/\/api.w.org\/{rel}","templated":true}]}}