{"id":18562,"date":"2016-05-26T09:00:04","date_gmt":"2016-05-26T12:00:04","guid":{"rendered":"http:\/\/patagoniambiental.com.ar\/?p=18562"},"modified":"2016-05-26T09:00:04","modified_gmt":"2016-05-26T12:00:04","slug":"el-avion-solar-vuelve-a-despegar-en-ee-uu-para-continuar-su-vuelta-al-mundo","status":"publish","type":"post","link":"https:\/\/patagoniambiental.com.ar\/info\/el-avion-solar-vuelve-a-despegar-en-ee-uu-para-continuar-su-vuelta-al-mundo\/","title":{"rendered":"El avi\u00f3n solar vuelve a despegar en EE.UU. para continuar su vuelta al mundo"},"content":{"rendered":"<p class=\"capital\">El avi\u00f3n Solar Impulse II, que vuela \u00fanicamente con energ\u00eda captada del sol, despeg\u00f3 ayer\u00a0desde Ohio (EEUU) con destino a Pensilvania, en un vuelo que dur\u00f3\u00a0alrededor de 17 horas.<\/p>\n<p>El despegue del avi\u00f3n, que da la vuelta al mundo para demostrar la potencialidad de las energ\u00edas renovables, se efectu\u00f3 tras un aplazamiento decidido en la v\u00edspera por un desperfecto en el sistema que manten\u00eda inflado su hangar m\u00f3vil.<\/p>\n<p>Algunas partes del fuselaje fueron ligeramente tocadas por el tejido del hangar cuando \u00e9ste se desinfl\u00f3 por un fallo que dur\u00f3 2,5 minutos en el sistema que le permite mantenerse inflado, lo que llev\u00f3 a ingenieros y t\u00e9cnicos a una revisi\u00f3n completa del avi\u00f3n.<\/p>\n<p>Inicialmente se inform\u00f3 que la verificaci\u00f3n durar\u00eda algunos d\u00edas, pero \u00e9sta se complet\u00f3 al cabo de algunas horas y se decidi\u00f3 aprovechar las condiciones meteorol\u00f3gicas ideales para el despegue del avi\u00f3n solar.<\/p>\n<p>\u00abDespu\u00e9s de que los ventiladores que mantienen inflado el hangar m\u00f3vil sufrieron un breve corte de electricidad, el avi\u00f3n pas\u00f3 por revisiones para asegurarse de que no hab\u00eda sufrido da\u00f1os y los ingenieros dieron la luz verde\u00bb, explic\u00f3 el equipo de Solar Impulse mediante un comunicado.<\/p>\n<p>Los preparativos del despegue, el momento de la partida y el vuelo en s\u00ed pudieron\u00a0ser seguidos en directo a trav\u00e9s de la p\u00e1gina web de Solar Impulse, gracias a c\u00e1maras que transmitieron en vivo lo que ocurre en la cabina del piloto y en el centro del control en tierra.<\/p>\n<p>Durante su primera hora en el aire, el piloto Bertrand Piccard, art\u00edfice de este proyecto, ajust\u00f3 con el equipo en el centro de control distintos par\u00e1metros del avi\u00f3n, entre ellos algunos relacionados con el consumo de la energ\u00eda almacenada en sus alas, en particular cuando el avi\u00f3n sobrevolaba zonas densamente pobladas.<\/p>\n<p>El aparato, concebido en Suiza con respaldo del sector privado, es el segundo ensamblado como parte del mismo proyecto, luego de que el primer prototipo consiguiera ocho r\u00e9cords mundiales.<\/p>\n<p>Entre ellos estuvo haber sido el primer avi\u00f3n solar en volar durante toda una noche, el primero en haber unido dos continentes y el primero en haber cruzado Estados Unidos.<\/p>\n<p>El segundo modelo del Solar Impulse inicio hace catorce meses su vuelta al mundo. Su pr\u00f3xima etapa ser\u00e1 Europa para finalizar en Abu Dhabi.<\/p>\n<p>Fuente: La Voz<\/p>\n","protected":false},"excerpt":{"rendered":"<p>El avi\u00f3n Solar Impulse II, que vuela \u00fanicamente con energ\u00eda captada del sol, despeg\u00f3 ayer\u00a0desde Ohio (EEUU) con destino a [&hellip;]<\/p>\n","protected":false},"author":2,"featured_media":0,"comment_status":"closed","ping_status":"closed","sticky":false,"template":"","format":"standard","meta":{"site-sidebar-layout":"default","site-content-layout":"","ast-site-content-layout":"default","site-content-style":"default","site-sidebar-style":"default","ast-global-header-display":"","ast-banner-title-visibility":"","ast-main-header-display":"","ast-hfb-above-header-display":"","ast-hfb-below-header-display":"","ast-hfb-mobile-header-display":"","site-post-title":"","ast-breadcrumbs-content":"","ast-featured-img":"","footer-sml-layout":"","ast-disable-related-posts":"","theme-transparent-header-meta":"","adv-header-id-meta":"","stick-header-meta":"","header-above-stick-meta":"","header-main-stick-meta":"","header-below-stick-meta":"","astra-migrate-meta-layouts":"default","ast-page-background-enabled":"default","ast-page-background-meta":{"desktop":{"background-color":"var(--ast-global-color-5)","background-image":"","background-repeat":"repeat","background-position":"center center","background-size":"auto","background-attachment":"scroll","background-type":"","background-media":"","overlay-type":"","overlay-color":"","overlay-opacity":"","overlay-gradient":""},"tablet":{"background-color":"","background-image":"","background-repeat":"repeat","background-position":"center center","background-size":"auto","background-attachment":"scroll","background-type":"","background-media":"","overlay-type":"","overlay-color":"","overlay-opacity":"","overlay-gradient":""},"mobile":{"background-color":"","background-image":"","background-repeat":"repeat","background-position":"center center","background-size":"auto","background-attachment":"scroll","background-type":"","background-media":"","overlay-type":"","overlay-color":"","overlay-opacity":"","overlay-gradient":""}},"ast-content-background-meta":{"desktop":{"background-color":"var(--ast-global-color-4)","background-image":"","background-repeat":"repeat","background-position":"center center","background-size":"auto","background-attachment":"scroll","background-type":"","background-media":"","overlay-type":"","overlay-color":"","overlay-opacity":"","overlay-gradient":""},"tablet":{"background-color":"var(--ast-global-color-4)","background-image":"","background-repeat":"repeat","background-position":"center center","background-size":"auto","background-attachment":"scroll","background-type":"","background-media":"","overlay-type":"","overlay-color":"","overlay-opacity":"","overlay-gradient":""},"mobile":{"background-color":"var(--ast-global-color-4)","background-image":"","background-repeat":"repeat","background-position":"center center","background-size":"auto","background-attachment":"scroll","background-type":"","background-media":"","overlay-type":"","overlay-color":"","overlay-opacity":"","overlay-gradient":""}},"footnotes":""},"categories":[23,1],"tags":[],"class_list":["post-18562","post","type-post","status-publish","format-standard","hentry","category-internacionales","category-noticias"],"yoast_head":"<!-- This site is optimized with the Yoast SEO Premium plugin v23.0 (Yoast SEO v27.5) - https:\/\/yoast.com\/product\/yoast-seo-premium-wordpress\/ -->\n<title>El avi\u00f3n solar vuelve a despegar en EE.UU. para continuar su vuelta al mundo<\/title>\n<meta name=\"robots\" content=\"index, follow, max-snippet:-1, max-image-preview:large, max-video-preview:-1\" \/>\n<link rel=\"canonical\" href=\"https:\/\/patagoniambiental.com.ar\/info\/el-avion-solar-vuelve-a-despegar-en-ee-uu-para-continuar-su-vuelta-al-mundo\/\" \/>\n<meta property=\"og:locale\" content=\"es_ES\" \/>\n<meta property=\"og:type\" content=\"article\" \/>\n<meta property=\"og:title\" content=\"El avi\u00f3n solar vuelve a despegar en EE.UU. para continuar su vuelta al mundo\" \/>\n<meta property=\"og:description\" content=\"El avi\u00f3n Solar Impulse II, que vuela \u00fanicamente con energ\u00eda captada del sol, despeg\u00f3 ayer\u00a0desde Ohio (EEUU) con destino a [&hellip;]\" \/>\n<meta property=\"og:url\" content=\"https:\/\/patagoniambiental.com.ar\/info\/el-avion-solar-vuelve-a-despegar-en-ee-uu-para-continuar-su-vuelta-al-mundo\/\" \/>\n<meta property=\"og:site_name\" content=\"Patagonia Ambiental\" \/>\n<meta property=\"article:publisher\" content=\"https:\/\/www.facebook.com\/patagonia.ambiental\" \/>\n<meta property=\"article:author\" content=\"https:\/\/www.facebook.com\/share\/1C1V8Gv9BX\/?mibextid=qi2Omg\" \/>\n<meta property=\"article:published_time\" content=\"2016-05-26T12:00:04+00:00\" \/>\n<meta name=\"author\" content=\"Patagonia Ambiental\" \/>\n<meta name=\"twitter:card\" content=\"summary_large_image\" \/>\n<meta name=\"twitter:creator\" content=\"@PatAmb\" \/>\n<meta name=\"twitter:site\" content=\"@PatAmb\" \/>\n<script type=\"application\/ld+json\" class=\"yoast-schema-graph\">{\"@context\":\"https:\\\/\\\/schema.org\",\"@graph\":[{\"@type\":\"Article\",\"@id\":\"https:\\\/\\\/patagoniambiental.com.ar\\\/info\\\/el-avion-solar-vuelve-a-despegar-en-ee-uu-para-continuar-su-vuelta-al-mundo\\\/#article\",\"isPartOf\":{\"@id\":\"https:\\\/\\\/patagoniambiental.com.ar\\\/info\\\/el-avion-solar-vuelve-a-despegar-en-ee-uu-para-continuar-su-vuelta-al-mundo\\\/\"},\"author\":{\"name\":\"Patagonia Ambiental\",\"@id\":\"https:\\\/\\\/patagoniambiental.com.ar\\\/info\\\/#\\\/schema\\\/person\\\/db12bff64bbcbf6a253710bf0ea37b5d\"},\"headline\":\"El avi\u00f3n solar vuelve a despegar en EE.UU. para continuar su vuelta al mundo\",\"datePublished\":\"2016-05-26T12:00:04+00:00\",\"mainEntityOfPage\":{\"@id\":\"https:\\\/\\\/patagoniambiental.com.ar\\\/info\\\/el-avion-solar-vuelve-a-despegar-en-ee-uu-para-continuar-su-vuelta-al-mundo\\\/\"},\"wordCount\":425,\"publisher\":{\"@id\":\"https:\\\/\\\/patagoniambiental.com.ar\\\/info\\\/#organization\"},\"articleSection\":[\"Internacionales\",\"Noticias\"],\"inLanguage\":\"es\"},{\"@type\":\"WebPage\",\"@id\":\"https:\\\/\\\/patagoniambiental.com.ar\\\/info\\\/el-avion-solar-vuelve-a-despegar-en-ee-uu-para-continuar-su-vuelta-al-mundo\\\/\",\"url\":\"https:\\\/\\\/patagoniambiental.com.ar\\\/info\\\/el-avion-solar-vuelve-a-despegar-en-ee-uu-para-continuar-su-vuelta-al-mundo\\\/\",\"name\":\"El avi\u00f3n solar vuelve a despegar en EE.UU. para continuar su vuelta al mundo\",\"isPartOf\":{\"@id\":\"https:\\\/\\\/patagoniambiental.com.ar\\\/info\\\/#website\"},\"datePublished\":\"2016-05-26T12:00:04+00:00\",\"breadcrumb\":{\"@id\":\"https:\\\/\\\/patagoniambiental.com.ar\\\/info\\\/el-avion-solar-vuelve-a-despegar-en-ee-uu-para-continuar-su-vuelta-al-mundo\\\/#breadcrumb\"},\"inLanguage\":\"es\",\"potentialAction\":[{\"@type\":\"ReadAction\",\"target\":[\"https:\\\/\\\/patagoniambiental.com.ar\\\/info\\\/el-avion-solar-vuelve-a-despegar-en-ee-uu-para-continuar-su-vuelta-al-mundo\\\/\"]}]},{\"@type\":\"BreadcrumbList\",\"@id\":\"https:\\\/\\\/patagoniambiental.com.ar\\\/info\\\/el-avion-solar-vuelve-a-despegar-en-ee-uu-para-continuar-su-vuelta-al-mundo\\\/#breadcrumb\",\"itemListElement\":[{\"@type\":\"ListItem\",\"position\":1,\"name\":\"Inicio\",\"item\":\"https:\\\/\\\/patagoniambiental.com.ar\\\/info\\\/\"},{\"@type\":\"ListItem\",\"position\":2,\"name\":\"El avi\u00f3n solar vuelve a despegar en EE.UU. para continuar su vuelta al mundo\"}]},{\"@type\":\"WebSite\",\"@id\":\"https:\\\/\\\/patagoniambiental.com.ar\\\/info\\\/#website\",\"url\":\"https:\\\/\\\/patagoniambiental.com.ar\\\/info\\\/\",\"name\":\"Patagonia Ambiental\",\"description\":\"Monitoreo y an\u00e1lisis de la situaci\u00f3n geopol\u00edtica en el mundo y su implicancia en la Patagonia\",\"publisher\":{\"@id\":\"https:\\\/\\\/patagoniambiental.com.ar\\\/info\\\/#organization\"},\"potentialAction\":[{\"@type\":\"SearchAction\",\"target\":{\"@type\":\"EntryPoint\",\"urlTemplate\":\"https:\\\/\\\/patagoniambiental.com.ar\\\/info\\\/?s={search_term_string}\"},\"query-input\":{\"@type\":\"PropertyValueSpecification\",\"valueRequired\":true,\"valueName\":\"search_term_string\"}}],\"inLanguage\":\"es\"},{\"@type\":\"Organization\",\"@id\":\"https:\\\/\\\/patagoniambiental.com.ar\\\/info\\\/#organization\",\"name\":\"Patagonia Ambiental\",\"url\":\"https:\\\/\\\/patagoniambiental.com.ar\\\/info\\\/\",\"logo\":{\"@type\":\"ImageObject\",\"inLanguage\":\"es\",\"@id\":\"https:\\\/\\\/patagoniambiental.com.ar\\\/info\\\/#\\\/schema\\\/logo\\\/image\\\/\",\"url\":\"https:\\\/\\\/patagoniambiental.com.ar\\\/info\\\/wp-content\\\/uploads\\\/2025\\\/05\\\/LOGO-PATAGONIA-AMBIENTAL.png\",\"contentUrl\":\"https:\\\/\\\/patagoniambiental.com.ar\\\/info\\\/wp-content\\\/uploads\\\/2025\\\/05\\\/LOGO-PATAGONIA-AMBIENTAL.png\",\"width\":433,\"height\":250,\"caption\":\"Patagonia Ambiental\"},\"image\":{\"@id\":\"https:\\\/\\\/patagoniambiental.com.ar\\\/info\\\/#\\\/schema\\\/logo\\\/image\\\/\"},\"sameAs\":[\"https:\\\/\\\/www.facebook.com\\\/patagonia.ambiental\",\"https:\\\/\\\/x.com\\\/PatAmb\"]},{\"@type\":\"Person\",\"@id\":\"https:\\\/\\\/patagoniambiental.com.ar\\\/info\\\/#\\\/schema\\\/person\\\/db12bff64bbcbf6a253710bf0ea37b5d\",\"name\":\"Patagonia Ambiental\",\"description\":\"Andr\u00e9s Nievas T\u00e9cnico en manejo ambiental, consultor Ambiental y escritor para medios locales e internacionales sobre temas de geopolitica y medio ambiente.\",\"sameAs\":[\"http:\\\/\\\/www.patagoniambiental.com.ar\",\"https:\\\/\\\/www.facebook.com\\\/share\\\/1C1V8Gv9BX\\\/?mibextid=qi2Omg\",\"@patagoniambiental\",\"https:\\\/\\\/youtube.com\\\/@patagoniaambiental2023?si=BLt58t0wuXquxlYZ\"]}]}<\/script>\n<!-- \/ Yoast SEO Premium plugin. -->","yoast_head_json":{"title":"El avi\u00f3n solar vuelve a despegar en EE.UU. para continuar su vuelta al mundo","robots":{"index":"index","follow":"follow","max-snippet":"max-snippet:-1","max-image-preview":"max-image-preview:large","max-video-preview":"max-video-preview:-1"},"canonical":"https:\/\/patagoniambiental.com.ar\/info\/el-avion-solar-vuelve-a-despegar-en-ee-uu-para-continuar-su-vuelta-al-mundo\/","og_locale":"es_ES","og_type":"article","og_title":"El avi\u00f3n solar vuelve a despegar en EE.UU. para continuar su vuelta al mundo","og_description":"El avi\u00f3n Solar Impulse II, que vuela \u00fanicamente con energ\u00eda captada del sol, despeg\u00f3 ayer\u00a0desde Ohio (EEUU) con destino a [&hellip;]","og_url":"https:\/\/patagoniambiental.com.ar\/info\/el-avion-solar-vuelve-a-despegar-en-ee-uu-para-continuar-su-vuelta-al-mundo\/","og_site_name":"Patagonia Ambiental","article_publisher":"https:\/\/www.facebook.com\/patagonia.ambiental","article_author":"https:\/\/www.facebook.com\/share\/1C1V8Gv9BX\/?mibextid=qi2Omg","article_published_time":"2016-05-26T12:00:04+00:00","author":"Patagonia Ambiental","twitter_card":"summary_large_image","twitter_creator":"@PatAmb","twitter_site":"@PatAmb","schema":{"@context":"https:\/\/schema.org","@graph":[{"@type":"Article","@id":"https:\/\/patagoniambiental.com.ar\/info\/el-avion-solar-vuelve-a-despegar-en-ee-uu-para-continuar-su-vuelta-al-mundo\/#article","isPartOf":{"@id":"https:\/\/patagoniambiental.com.ar\/info\/el-avion-solar-vuelve-a-despegar-en-ee-uu-para-continuar-su-vuelta-al-mundo\/"},"author":{"name":"Patagonia Ambiental","@id":"https:\/\/patagoniambiental.com.ar\/info\/#\/schema\/person\/db12bff64bbcbf6a253710bf0ea37b5d"},"headline":"El avi\u00f3n solar vuelve a despegar en EE.UU. para continuar su vuelta al mundo","datePublished":"2016-05-26T12:00:04+00:00","mainEntityOfPage":{"@id":"https:\/\/patagoniambiental.com.ar\/info\/el-avion-solar-vuelve-a-despegar-en-ee-uu-para-continuar-su-vuelta-al-mundo\/"},"wordCount":425,"publisher":{"@id":"https:\/\/patagoniambiental.com.ar\/info\/#organization"},"articleSection":["Internacionales","Noticias"],"inLanguage":"es"},{"@type":"WebPage","@id":"https:\/\/patagoniambiental.com.ar\/info\/el-avion-solar-vuelve-a-despegar-en-ee-uu-para-continuar-su-vuelta-al-mundo\/","url":"https:\/\/patagoniambiental.com.ar\/info\/el-avion-solar-vuelve-a-despegar-en-ee-uu-para-continuar-su-vuelta-al-mundo\/","name":"El avi\u00f3n solar vuelve a despegar en EE.UU. para continuar su vuelta al mundo","isPartOf":{"@id":"https:\/\/patagoniambiental.com.ar\/info\/#website"},"datePublished":"2016-05-26T12:00:04+00:00","breadcrumb":{"@id":"https:\/\/patagoniambiental.com.ar\/info\/el-avion-solar-vuelve-a-despegar-en-ee-uu-para-continuar-su-vuelta-al-mundo\/#breadcrumb"},"inLanguage":"es","potentialAction":[{"@type":"ReadAction","target":["https:\/\/patagoniambiental.com.ar\/info\/el-avion-solar-vuelve-a-despegar-en-ee-uu-para-continuar-su-vuelta-al-mundo\/"]}]},{"@type":"BreadcrumbList","@id":"https:\/\/patagoniambiental.com.ar\/info\/el-avion-solar-vuelve-a-despegar-en-ee-uu-para-continuar-su-vuelta-al-mundo\/#breadcrumb","itemListElement":[{"@type":"ListItem","position":1,"name":"Inicio","item":"https:\/\/patagoniambiental.com.ar\/info\/"},{"@type":"ListItem","position":2,"name":"El avi\u00f3n solar vuelve a despegar en EE.UU. para continuar su vuelta al mundo"}]},{"@type":"WebSite","@id":"https:\/\/patagoniambiental.com.ar\/info\/#website","url":"https:\/\/patagoniambiental.com.ar\/info\/","name":"Patagonia Ambiental","description":"Monitoreo y an\u00e1lisis de la situaci\u00f3n geopol\u00edtica en el mundo y su implicancia en la Patagonia","publisher":{"@id":"https:\/\/patagoniambiental.com.ar\/info\/#organization"},"potentialAction":[{"@type":"SearchAction","target":{"@type":"EntryPoint","urlTemplate":"https:\/\/patagoniambiental.com.ar\/info\/?s={search_term_string}"},"query-input":{"@type":"PropertyValueSpecification","valueRequired":true,"valueName":"search_term_string"}}],"inLanguage":"es"},{"@type":"Organization","@id":"https:\/\/patagoniambiental.com.ar\/info\/#organization","name":"Patagonia Ambiental","url":"https:\/\/patagoniambiental.com.ar\/info\/","logo":{"@type":"ImageObject","inLanguage":"es","@id":"https:\/\/patagoniambiental.com.ar\/info\/#\/schema\/logo\/image\/","url":"https:\/\/patagoniambiental.com.ar\/info\/wp-content\/uploads\/2025\/05\/LOGO-PATAGONIA-AMBIENTAL.png","contentUrl":"https:\/\/patagoniambiental.com.ar\/info\/wp-content\/uploads\/2025\/05\/LOGO-PATAGONIA-AMBIENTAL.png","width":433,"height":250,"caption":"Patagonia Ambiental"},"image":{"@id":"https:\/\/patagoniambiental.com.ar\/info\/#\/schema\/logo\/image\/"},"sameAs":["https:\/\/www.facebook.com\/patagonia.ambiental","https:\/\/x.com\/PatAmb"]},{"@type":"Person","@id":"https:\/\/patagoniambiental.com.ar\/info\/#\/schema\/person\/db12bff64bbcbf6a253710bf0ea37b5d","name":"Patagonia Ambiental","description":"Andr\u00e9s Nievas T\u00e9cnico en manejo ambiental, consultor Ambiental y escritor para medios locales e internacionales sobre temas de geopolitica y medio ambiente.","sameAs":["http:\/\/www.patagoniambiental.com.ar","https:\/\/www.facebook.com\/share\/1C1V8Gv9BX\/?mibextid=qi2Omg","@patagoniambiental","https:\/\/youtube.com\/@patagoniaambiental2023?si=BLt58t0wuXquxlYZ"]}]}},"_links":{"self":[{"href":"https:\/\/patagoniambiental.com.ar\/info\/wp-json\/wp\/v2\/posts\/18562","targetHints":{"allow":["GET"]}}],"collection":[{"href":"https:\/\/patagoniambiental.com.ar\/info\/wp-json\/wp\/v2\/posts"}],"about":[{"href":"https:\/\/patagoniambiental.com.ar\/info\/wp-json\/wp\/v2\/types\/post"}],"author":[{"embeddable":true,"href":"https:\/\/patagoniambiental.com.ar\/info\/wp-json\/wp\/v2\/users\/2"}],"replies":[{"embeddable":true,"href":"https:\/\/patagoniambiental.com.ar\/info\/wp-json\/wp\/v2\/comments?post=18562"}],"version-history":[{"count":0,"href":"https:\/\/patagoniambiental.com.ar\/info\/wp-json\/wp\/v2\/posts\/18562\/revisions"}],"wp:attachment":[{"href":"https:\/\/patagoniambiental.com.ar\/info\/wp-json\/wp\/v2\/media?parent=18562"}],"wp:term":[{"taxonomy":"category","embeddable":true,"href":"https:\/\/patagoniambiental.com.ar\/info\/wp-json\/wp\/v2\/categories?post=18562"},{"taxonomy":"post_tag","embeddable":true,"href":"https:\/\/patagoniambiental.com.ar\/info\/wp-json\/wp\/v2\/tags?post=18562"}],"curies":[{"name":"wp","href":"https:\/\/api.w.org\/{rel}","templated":true}]}}