{"id":18572,"date":"2016-05-26T09:00:57","date_gmt":"2016-05-26T12:00:57","guid":{"rendered":"http:\/\/patagoniambiental.com.ar\/?p=18572"},"modified":"2016-05-26T09:00:57","modified_gmt":"2016-05-26T12:00:57","slug":"rio-negro-prohiben-actividades-de-pesca-de-arrastre-en-la-desembocadura-del-rio-negro","status":"publish","type":"post","link":"https:\/\/patagoniambiental.com.ar\/info\/rio-negro-prohiben-actividades-de-pesca-de-arrastre-en-la-desembocadura-del-rio-negro\/","title":{"rendered":"R\u00edo Negro: Proh\u00edben actividades de pesca de arrastre en la desembocadura del r\u00edo Negro"},"content":{"rendered":"<p class=\"x_x_MsoNormal\"><b><\/b>\u00a0VIEDMA.-\u00a0El gobernador de R\u00edo Negro, Alberto Weretilneck, instruy\u00f3 a la Subsecretar\u00eda de Pesca de la Provincia, a no autorizar ning\u00fan tipo de actividad exploratoria referida al recurso ict\u00edcola en el \u00e1rea de la desembocadura del r\u00edo Negro y su zonas aleda\u00f1as, en la que se utilicen sistemas de arrastre o sea realizada por embarcaciones privadas.<i>\u00a0<\/i><\/p>\n<p class=\"x_x_MsoNormal\">La determinaci\u00f3n fue transmitida a las autoridades competentes a fin de establecer pautas claras de trabajo en cuanto al manejo del recurso ict\u00edcola provincial y la necesidad de mantener su sustentabilidad.<\/p>\n<p class=\"x_x_MsoNormal\">En tal sentido, luego de la situaci\u00f3n provocada a partir de la presencia de dos embarcaciones en la zona de la desembocadura del r\u00edo Negro, el Gobernador mantuvo contactos en los \u00faltimos d\u00edas con representantes de los distintos sectores involucrados en la materia, a fin de contar con las opiniones, aportes y planteos que permitieran, a trav\u00e9s del consenso, fijar los lineamientos de trabajo a futuro.<\/p>\n<p class=\"x_x_MsoNormal\">En este marco, Weretilneck ratific\u00f3 su compromiso de seguir defendiendo los recursos naturales de la provincia, en este caso el ict\u00edcola, a partir del expreso impedimento a la pesca de arrastre, as\u00ed como a la entrega de permisos exploratorios a privados.<\/p>\n<p class=\"x_x_MsoNormal\">\u201cNo pondremos en peligro la pesca deportiva, que adem\u00e1s es un gran distintivo tur\u00edstico en nuestras costas\u201d, se\u00f1al\u00f3 finalmente el Mandatario.<\/p>\n<p class=\"x_x_MsoNormal\">Fuente: Gobierno de R\u00edo Negro<\/p>\n","protected":false},"excerpt":{"rendered":"<p>\u00a0VIEDMA.-\u00a0El gobernador de R\u00edo Negro, Alberto Weretilneck, instruy\u00f3 a la Subsecretar\u00eda de Pesca de la Provincia, a no autorizar ning\u00fan [&hellip;]<\/p>\n","protected":false},"author":2,"featured_media":0,"comment_status":"closed","ping_status":"closed","sticky":false,"template":"","format":"standard","meta":{"site-sidebar-layout":"default","site-content-layout":"","ast-site-content-layout":"default","site-content-style":"default","site-sidebar-style":"default","ast-global-header-display":"","ast-banner-title-visibility":"","ast-main-header-display":"","ast-hfb-above-header-display":"","ast-hfb-below-header-display":"","ast-hfb-mobile-header-display":"","site-post-title":"","ast-breadcrumbs-content":"","ast-featured-img":"","footer-sml-layout":"","ast-disable-related-posts":"","theme-transparent-header-meta":"","adv-header-id-meta":"","stick-header-meta":"","header-above-stick-meta":"","header-main-stick-meta":"","header-below-stick-meta":"","astra-migrate-meta-layouts":"default","ast-page-background-enabled":"default","ast-page-background-meta":{"desktop":{"background-color":"var(--ast-global-color-5)","background-image":"","background-repeat":"repeat","background-position":"center center","background-size":"auto","background-attachment":"scroll","background-type":"","background-media":"","overlay-type":"","overlay-color":"","overlay-opacity":"","overlay-gradient":""},"tablet":{"background-color":"","background-image":"","background-repeat":"repeat","background-position":"center center","background-size":"auto","background-attachment":"scroll","background-type":"","background-media":"","overlay-type":"","overlay-color":"","overlay-opacity":"","overlay-gradient":""},"mobile":{"background-color":"","background-image":"","background-repeat":"repeat","background-position":"center center","background-size":"auto","background-attachment":"scroll","background-type":"","background-media":"","overlay-type":"","overlay-color":"","overlay-opacity":"","overlay-gradient":""}},"ast-content-background-meta":{"desktop":{"background-color":"var(--ast-global-color-4)","background-image":"","background-repeat":"repeat","background-position":"center center","background-size":"auto","background-attachment":"scroll","background-type":"","background-media":"","overlay-type":"","overlay-color":"","overlay-opacity":"","overlay-gradient":""},"tablet":{"background-color":"var(--ast-global-color-4)","background-image":"","background-repeat":"repeat","background-position":"center center","background-size":"auto","background-attachment":"scroll","background-type":"","background-media":"","overlay-type":"","overlay-color":"","overlay-opacity":"","overlay-gradient":""},"mobile":{"background-color":"var(--ast-global-color-4)","background-image":"","background-repeat":"repeat","background-position":"center center","background-size":"auto","background-attachment":"scroll","background-type":"","background-media":"","overlay-type":"","overlay-color":"","overlay-opacity":"","overlay-gradient":""}},"footnotes":""},"categories":[1,13,14],"tags":[],"class_list":["post-18572","post","type-post","status-publish","format-standard","hentry","category-noticias","category-provinciales","category-rio-negro"],"yoast_head":"<!-- This site is optimized with the Yoast SEO Premium plugin v23.0 (Yoast SEO v27.5) - https:\/\/yoast.com\/product\/yoast-seo-premium-wordpress\/ -->\n<title>R\u00edo Negro: Proh\u00edben actividades de pesca de arrastre en la desembocadura del r\u00edo Negro<\/title>\n<meta name=\"robots\" content=\"index, follow, max-snippet:-1, max-image-preview:large, max-video-preview:-1\" \/>\n<link rel=\"canonical\" href=\"https:\/\/patagoniambiental.com.ar\/info\/rio-negro-prohiben-actividades-de-pesca-de-arrastre-en-la-desembocadura-del-rio-negro\/\" \/>\n<meta property=\"og:locale\" content=\"es_ES\" \/>\n<meta property=\"og:type\" content=\"article\" \/>\n<meta property=\"og:title\" content=\"R\u00edo Negro: Proh\u00edben actividades de pesca de arrastre en la desembocadura del r\u00edo Negro\" \/>\n<meta property=\"og:description\" content=\"\u00a0VIEDMA.-\u00a0El gobernador de R\u00edo Negro, Alberto Weretilneck, instruy\u00f3 a la Subsecretar\u00eda de Pesca de la Provincia, a no autorizar ning\u00fan [&hellip;]\" \/>\n<meta property=\"og:url\" content=\"https:\/\/patagoniambiental.com.ar\/info\/rio-negro-prohiben-actividades-de-pesca-de-arrastre-en-la-desembocadura-del-rio-negro\/\" \/>\n<meta property=\"og:site_name\" content=\"Patagonia Ambiental\" \/>\n<meta property=\"article:publisher\" content=\"https:\/\/www.facebook.com\/patagonia.ambiental\" \/>\n<meta property=\"article:author\" content=\"https:\/\/www.facebook.com\/share\/1C1V8Gv9BX\/?mibextid=qi2Omg\" \/>\n<meta property=\"article:published_time\" content=\"2016-05-26T12:00:57+00:00\" \/>\n<meta name=\"author\" content=\"Patagonia Ambiental\" \/>\n<meta name=\"twitter:card\" content=\"summary_large_image\" \/>\n<meta name=\"twitter:creator\" content=\"@PatAmb\" \/>\n<meta name=\"twitter:site\" content=\"@PatAmb\" \/>\n<script type=\"application\/ld+json\" class=\"yoast-schema-graph\">{\"@context\":\"https:\\\/\\\/schema.org\",\"@graph\":[{\"@type\":\"Article\",\"@id\":\"https:\\\/\\\/patagoniambiental.com.ar\\\/info\\\/rio-negro-prohiben-actividades-de-pesca-de-arrastre-en-la-desembocadura-del-rio-negro\\\/#article\",\"isPartOf\":{\"@id\":\"https:\\\/\\\/patagoniambiental.com.ar\\\/info\\\/rio-negro-prohiben-actividades-de-pesca-de-arrastre-en-la-desembocadura-del-rio-negro\\\/\"},\"author\":{\"name\":\"Patagonia Ambiental\",\"@id\":\"https:\\\/\\\/patagoniambiental.com.ar\\\/info\\\/#\\\/schema\\\/person\\\/db12bff64bbcbf6a253710bf0ea37b5d\"},\"headline\":\"R\u00edo Negro: Proh\u00edben actividades de pesca de arrastre en la desembocadura del r\u00edo Negro\",\"datePublished\":\"2016-05-26T12:00:57+00:00\",\"mainEntityOfPage\":{\"@id\":\"https:\\\/\\\/patagoniambiental.com.ar\\\/info\\\/rio-negro-prohiben-actividades-de-pesca-de-arrastre-en-la-desembocadura-del-rio-negro\\\/\"},\"wordCount\":255,\"publisher\":{\"@id\":\"https:\\\/\\\/patagoniambiental.com.ar\\\/info\\\/#organization\"},\"articleSection\":[\"Noticias\",\"Provinciales\",\"R\u00edo Negro\"],\"inLanguage\":\"es\"},{\"@type\":\"WebPage\",\"@id\":\"https:\\\/\\\/patagoniambiental.com.ar\\\/info\\\/rio-negro-prohiben-actividades-de-pesca-de-arrastre-en-la-desembocadura-del-rio-negro\\\/\",\"url\":\"https:\\\/\\\/patagoniambiental.com.ar\\\/info\\\/rio-negro-prohiben-actividades-de-pesca-de-arrastre-en-la-desembocadura-del-rio-negro\\\/\",\"name\":\"R\u00edo Negro: Proh\u00edben actividades de pesca de arrastre en la desembocadura del r\u00edo Negro\",\"isPartOf\":{\"@id\":\"https:\\\/\\\/patagoniambiental.com.ar\\\/info\\\/#website\"},\"datePublished\":\"2016-05-26T12:00:57+00:00\",\"breadcrumb\":{\"@id\":\"https:\\\/\\\/patagoniambiental.com.ar\\\/info\\\/rio-negro-prohiben-actividades-de-pesca-de-arrastre-en-la-desembocadura-del-rio-negro\\\/#breadcrumb\"},\"inLanguage\":\"es\",\"potentialAction\":[{\"@type\":\"ReadAction\",\"target\":[\"https:\\\/\\\/patagoniambiental.com.ar\\\/info\\\/rio-negro-prohiben-actividades-de-pesca-de-arrastre-en-la-desembocadura-del-rio-negro\\\/\"]}]},{\"@type\":\"BreadcrumbList\",\"@id\":\"https:\\\/\\\/patagoniambiental.com.ar\\\/info\\\/rio-negro-prohiben-actividades-de-pesca-de-arrastre-en-la-desembocadura-del-rio-negro\\\/#breadcrumb\",\"itemListElement\":[{\"@type\":\"ListItem\",\"position\":1,\"name\":\"Inicio\",\"item\":\"https:\\\/\\\/patagoniambiental.com.ar\\\/info\\\/\"},{\"@type\":\"ListItem\",\"position\":2,\"name\":\"R\u00edo Negro: Proh\u00edben actividades de pesca de arrastre en la desembocadura del r\u00edo Negro\"}]},{\"@type\":\"WebSite\",\"@id\":\"https:\\\/\\\/patagoniambiental.com.ar\\\/info\\\/#website\",\"url\":\"https:\\\/\\\/patagoniambiental.com.ar\\\/info\\\/\",\"name\":\"Patagonia Ambiental\",\"description\":\"Monitoreo y an\u00e1lisis de la situaci\u00f3n geopol\u00edtica en el mundo y su implicancia en la Patagonia\",\"publisher\":{\"@id\":\"https:\\\/\\\/patagoniambiental.com.ar\\\/info\\\/#organization\"},\"potentialAction\":[{\"@type\":\"SearchAction\",\"target\":{\"@type\":\"EntryPoint\",\"urlTemplate\":\"https:\\\/\\\/patagoniambiental.com.ar\\\/info\\\/?s={search_term_string}\"},\"query-input\":{\"@type\":\"PropertyValueSpecification\",\"valueRequired\":true,\"valueName\":\"search_term_string\"}}],\"inLanguage\":\"es\"},{\"@type\":\"Organization\",\"@id\":\"https:\\\/\\\/patagoniambiental.com.ar\\\/info\\\/#organization\",\"name\":\"Patagonia Ambiental\",\"url\":\"https:\\\/\\\/patagoniambiental.com.ar\\\/info\\\/\",\"logo\":{\"@type\":\"ImageObject\",\"inLanguage\":\"es\",\"@id\":\"https:\\\/\\\/patagoniambiental.com.ar\\\/info\\\/#\\\/schema\\\/logo\\\/image\\\/\",\"url\":\"https:\\\/\\\/patagoniambiental.com.ar\\\/info\\\/wp-content\\\/uploads\\\/2025\\\/05\\\/LOGO-PATAGONIA-AMBIENTAL.png\",\"contentUrl\":\"https:\\\/\\\/patagoniambiental.com.ar\\\/info\\\/wp-content\\\/uploads\\\/2025\\\/05\\\/LOGO-PATAGONIA-AMBIENTAL.png\",\"width\":433,\"height\":250,\"caption\":\"Patagonia Ambiental\"},\"image\":{\"@id\":\"https:\\\/\\\/patagoniambiental.com.ar\\\/info\\\/#\\\/schema\\\/logo\\\/image\\\/\"},\"sameAs\":[\"https:\\\/\\\/www.facebook.com\\\/patagonia.ambiental\",\"https:\\\/\\\/x.com\\\/PatAmb\"]},{\"@type\":\"Person\",\"@id\":\"https:\\\/\\\/patagoniambiental.com.ar\\\/info\\\/#\\\/schema\\\/person\\\/db12bff64bbcbf6a253710bf0ea37b5d\",\"name\":\"Patagonia Ambiental\",\"description\":\"Andr\u00e9s Nievas T\u00e9cnico en manejo ambiental, consultor Ambiental y escritor para medios locales e internacionales sobre temas de geopolitica y medio ambiente.\",\"sameAs\":[\"http:\\\/\\\/www.patagoniambiental.com.ar\",\"https:\\\/\\\/www.facebook.com\\\/share\\\/1C1V8Gv9BX\\\/?mibextid=qi2Omg\",\"@patagoniambiental\",\"https:\\\/\\\/youtube.com\\\/@patagoniaambiental2023?si=BLt58t0wuXquxlYZ\"]}]}<\/script>\n<!-- \/ Yoast SEO Premium plugin. -->","yoast_head_json":{"title":"R\u00edo Negro: Proh\u00edben actividades de pesca de arrastre en la desembocadura del r\u00edo Negro","robots":{"index":"index","follow":"follow","max-snippet":"max-snippet:-1","max-image-preview":"max-image-preview:large","max-video-preview":"max-video-preview:-1"},"canonical":"https:\/\/patagoniambiental.com.ar\/info\/rio-negro-prohiben-actividades-de-pesca-de-arrastre-en-la-desembocadura-del-rio-negro\/","og_locale":"es_ES","og_type":"article","og_title":"R\u00edo Negro: Proh\u00edben actividades de pesca de arrastre en la desembocadura del r\u00edo Negro","og_description":"\u00a0VIEDMA.-\u00a0El gobernador de R\u00edo Negro, Alberto Weretilneck, instruy\u00f3 a la Subsecretar\u00eda de Pesca de la Provincia, a no autorizar ning\u00fan [&hellip;]","og_url":"https:\/\/patagoniambiental.com.ar\/info\/rio-negro-prohiben-actividades-de-pesca-de-arrastre-en-la-desembocadura-del-rio-negro\/","og_site_name":"Patagonia Ambiental","article_publisher":"https:\/\/www.facebook.com\/patagonia.ambiental","article_author":"https:\/\/www.facebook.com\/share\/1C1V8Gv9BX\/?mibextid=qi2Omg","article_published_time":"2016-05-26T12:00:57+00:00","author":"Patagonia Ambiental","twitter_card":"summary_large_image","twitter_creator":"@PatAmb","twitter_site":"@PatAmb","schema":{"@context":"https:\/\/schema.org","@graph":[{"@type":"Article","@id":"https:\/\/patagoniambiental.com.ar\/info\/rio-negro-prohiben-actividades-de-pesca-de-arrastre-en-la-desembocadura-del-rio-negro\/#article","isPartOf":{"@id":"https:\/\/patagoniambiental.com.ar\/info\/rio-negro-prohiben-actividades-de-pesca-de-arrastre-en-la-desembocadura-del-rio-negro\/"},"author":{"name":"Patagonia Ambiental","@id":"https:\/\/patagoniambiental.com.ar\/info\/#\/schema\/person\/db12bff64bbcbf6a253710bf0ea37b5d"},"headline":"R\u00edo Negro: Proh\u00edben actividades de pesca de arrastre en la desembocadura del r\u00edo Negro","datePublished":"2016-05-26T12:00:57+00:00","mainEntityOfPage":{"@id":"https:\/\/patagoniambiental.com.ar\/info\/rio-negro-prohiben-actividades-de-pesca-de-arrastre-en-la-desembocadura-del-rio-negro\/"},"wordCount":255,"publisher":{"@id":"https:\/\/patagoniambiental.com.ar\/info\/#organization"},"articleSection":["Noticias","Provinciales","R\u00edo Negro"],"inLanguage":"es"},{"@type":"WebPage","@id":"https:\/\/patagoniambiental.com.ar\/info\/rio-negro-prohiben-actividades-de-pesca-de-arrastre-en-la-desembocadura-del-rio-negro\/","url":"https:\/\/patagoniambiental.com.ar\/info\/rio-negro-prohiben-actividades-de-pesca-de-arrastre-en-la-desembocadura-del-rio-negro\/","name":"R\u00edo Negro: Proh\u00edben actividades de pesca de arrastre en la desembocadura del r\u00edo Negro","isPartOf":{"@id":"https:\/\/patagoniambiental.com.ar\/info\/#website"},"datePublished":"2016-05-26T12:00:57+00:00","breadcrumb":{"@id":"https:\/\/patagoniambiental.com.ar\/info\/rio-negro-prohiben-actividades-de-pesca-de-arrastre-en-la-desembocadura-del-rio-negro\/#breadcrumb"},"inLanguage":"es","potentialAction":[{"@type":"ReadAction","target":["https:\/\/patagoniambiental.com.ar\/info\/rio-negro-prohiben-actividades-de-pesca-de-arrastre-en-la-desembocadura-del-rio-negro\/"]}]},{"@type":"BreadcrumbList","@id":"https:\/\/patagoniambiental.com.ar\/info\/rio-negro-prohiben-actividades-de-pesca-de-arrastre-en-la-desembocadura-del-rio-negro\/#breadcrumb","itemListElement":[{"@type":"ListItem","position":1,"name":"Inicio","item":"https:\/\/patagoniambiental.com.ar\/info\/"},{"@type":"ListItem","position":2,"name":"R\u00edo Negro: Proh\u00edben actividades de pesca de arrastre en la desembocadura del r\u00edo Negro"}]},{"@type":"WebSite","@id":"https:\/\/patagoniambiental.com.ar\/info\/#website","url":"https:\/\/patagoniambiental.com.ar\/info\/","name":"Patagonia Ambiental","description":"Monitoreo y an\u00e1lisis de la situaci\u00f3n geopol\u00edtica en el mundo y su implicancia en la Patagonia","publisher":{"@id":"https:\/\/patagoniambiental.com.ar\/info\/#organization"},"potentialAction":[{"@type":"SearchAction","target":{"@type":"EntryPoint","urlTemplate":"https:\/\/patagoniambiental.com.ar\/info\/?s={search_term_string}"},"query-input":{"@type":"PropertyValueSpecification","valueRequired":true,"valueName":"search_term_string"}}],"inLanguage":"es"},{"@type":"Organization","@id":"https:\/\/patagoniambiental.com.ar\/info\/#organization","name":"Patagonia Ambiental","url":"https:\/\/patagoniambiental.com.ar\/info\/","logo":{"@type":"ImageObject","inLanguage":"es","@id":"https:\/\/patagoniambiental.com.ar\/info\/#\/schema\/logo\/image\/","url":"https:\/\/patagoniambiental.com.ar\/info\/wp-content\/uploads\/2025\/05\/LOGO-PATAGONIA-AMBIENTAL.png","contentUrl":"https:\/\/patagoniambiental.com.ar\/info\/wp-content\/uploads\/2025\/05\/LOGO-PATAGONIA-AMBIENTAL.png","width":433,"height":250,"caption":"Patagonia Ambiental"},"image":{"@id":"https:\/\/patagoniambiental.com.ar\/info\/#\/schema\/logo\/image\/"},"sameAs":["https:\/\/www.facebook.com\/patagonia.ambiental","https:\/\/x.com\/PatAmb"]},{"@type":"Person","@id":"https:\/\/patagoniambiental.com.ar\/info\/#\/schema\/person\/db12bff64bbcbf6a253710bf0ea37b5d","name":"Patagonia Ambiental","description":"Andr\u00e9s Nievas T\u00e9cnico en manejo ambiental, consultor Ambiental y escritor para medios locales e internacionales sobre temas de geopolitica y medio ambiente.","sameAs":["http:\/\/www.patagoniambiental.com.ar","https:\/\/www.facebook.com\/share\/1C1V8Gv9BX\/?mibextid=qi2Omg","@patagoniambiental","https:\/\/youtube.com\/@patagoniaambiental2023?si=BLt58t0wuXquxlYZ"]}]}},"_links":{"self":[{"href":"https:\/\/patagoniambiental.com.ar\/info\/wp-json\/wp\/v2\/posts\/18572","targetHints":{"allow":["GET"]}}],"collection":[{"href":"https:\/\/patagoniambiental.com.ar\/info\/wp-json\/wp\/v2\/posts"}],"about":[{"href":"https:\/\/patagoniambiental.com.ar\/info\/wp-json\/wp\/v2\/types\/post"}],"author":[{"embeddable":true,"href":"https:\/\/patagoniambiental.com.ar\/info\/wp-json\/wp\/v2\/users\/2"}],"replies":[{"embeddable":true,"href":"https:\/\/patagoniambiental.com.ar\/info\/wp-json\/wp\/v2\/comments?post=18572"}],"version-history":[{"count":0,"href":"https:\/\/patagoniambiental.com.ar\/info\/wp-json\/wp\/v2\/posts\/18572\/revisions"}],"wp:attachment":[{"href":"https:\/\/patagoniambiental.com.ar\/info\/wp-json\/wp\/v2\/media?parent=18572"}],"wp:term":[{"taxonomy":"category","embeddable":true,"href":"https:\/\/patagoniambiental.com.ar\/info\/wp-json\/wp\/v2\/categories?post=18572"},{"taxonomy":"post_tag","embeddable":true,"href":"https:\/\/patagoniambiental.com.ar\/info\/wp-json\/wp\/v2\/tags?post=18572"}],"curies":[{"name":"wp","href":"https:\/\/api.w.org\/{rel}","templated":true}]}}