{"id":19351,"date":"2016-07-10T11:18:24","date_gmt":"2016-07-10T14:18:24","guid":{"rendered":"http:\/\/patagoniambiental.com.ar\/?p=19351"},"modified":"2016-07-10T11:18:24","modified_gmt":"2016-07-10T14:18:24","slug":"la-pampa-en-el-simposio-regional-de-bioeconomia","status":"publish","type":"post","link":"https:\/\/patagoniambiental.com.ar\/info\/la-pampa-en-el-simposio-regional-de-bioeconomia\/","title":{"rendered":"La Pampa en el Simposio Regional de Bioeconom\u00eda"},"content":{"rendered":"<p>LA PAMAPA.- Bajo el lema \u201cPatagonia: Integraci\u00f3n para la acci\u00f3n\u201d, el 17 y 18 de noviembre se realizar\u00e1 en las ciudades de Neuqu\u00e9n y Cipolletti el Segundo Simposio Regional Patag\u00f3nico de Bioeconom\u00eda Argentina. Este a\u00f1o la regi\u00f3n se propone profundizar la discusi\u00f3n sobre tres ejes: energ\u00edas renovables, territorios inteligentes como espacios econ\u00f3micos creativos e innovadores y alimentos: innovaci\u00f3n en productos y procesos.<br \/>\nLa Bioeconom\u00eda surge como un nuevo paradigma que comprende la convergencia de las nuevas tecnolog\u00edas en los sectores productivos tradicionales, implicando una etapa de transici\u00f3n que sustituir\u00eda el modelo de industrializaci\u00f3n actual. El foco de las discusiones se orienta a mayores productividades en el marco de mayor sostenibilidad econ\u00f3mica, social y ambiental. Estas tendencias conducen al uso m\u00e1s eficiente de los recursos naturales y a mayores requerimientos cient\u00edfico \u2013 tecnol\u00f3gicos de los procesos productivos para lograr una captura m\u00e1s eficiente de la energ\u00eda solar y su transformaci\u00f3n en otras formas de energ\u00eda y productos.<br \/>\nEn los \u00faltimos a\u00f1os, el concepto de Bioeconom\u00eda est\u00e1 adquiriendo vital importancia a nivel global como respuesta a las crecientes demandas poblacionales, la menor disponibilidad de recursos f\u00f3siles y las consecuencias del cambio clim\u00e1tico.<\/p>\n<div class=\"td-post-content\">\n<p>A pesar de que el nivel de estabilizaci\u00f3n de la poblaci\u00f3n mundial inicialmente se estimaba en 9.000 millones de personas en el 2050, revisiones recientes indicar\u00edan que \u00e9ste se producir\u00eda en 12.000 millones de habitantes alrededor del 2100.<br \/>\nAnte estas problem\u00e1ticas comienzan a evidenciarse marcadas tendencias hacia patrones productivos m\u00e1s sostenibles desde el punto de vista econ\u00f3mico, social y ambiental.<br \/>\n<strong>La Pampa en la regi\u00f3n<\/strong>.<br \/>\nLa Pampa ser\u00e1 parte de un espacio din\u00e1mico de participaci\u00f3n en el encuentro de noviembre, con mesas de trabajo y presentaci\u00f3n de experiencias productivas p\u00fablico-privadas, as\u00ed como de exposiciones por parte de los productores, emprendedores, gobiernos e instituciones cient\u00edfico tecnol\u00f3gicas, ligadas a la bioeconom\u00eda patag\u00f3nica. Contar\u00e1 adem\u00e1s con la presencia de oradores nacionales e internacionales.<br \/>\nLos objetivos propuestos para el evento de noviembre son: 1) Propiciar la vinculaci\u00f3n de largo plazo entre los sectores acad\u00e9micos, cient\u00edfico tecnol\u00f3gico, intergubernamental y privado. 2) Incrementar el valor agregado de los recursos naturales renovables, sus productos y servicios, bajo el concepto de territorio inteligente. 3) Impulsar la construcci\u00f3n de agendas regionales mediante proyectos estrat\u00e9gicos integrados.<br \/>\nEl lunes pasado, se llev\u00f3 a cabo la primera Reuni\u00f3n del Comit\u00e9 Ejecutivo del Simposio Regional Patag\u00f3nico de Bioeconom\u00eda Argentina 2016.<br \/>\nTuvo lugar en la sede del Polo Cient\u00edfico del Ministerio de Ciencia, Tecnolog\u00eda e Innovaci\u00f3n Tecnol\u00f3gica de Naci\u00f3n y se reunieron representantes de seis provincias patag\u00f3nicas junto a funcionarios del Ministerio de Ciencia y T\u00e9cnica. Estaban presente Alejandro Mentaberry, coordinador ejecutivo del Gabinete Cient\u00edfico Tecnol\u00f3gico por La Pampa y en representaci\u00f3n del Ministerio de la Producci\u00f3n, la directora de Ciencia, Tecnolog\u00eda e Innovaci\u00f3n Tecnol\u00f3gica, Luz Lardone y la investigadora y docente de la Universidad Nacional de La Pampa, Andrea D`Atri.<\/p>\n<\/div>\n<footer>\n<div class=\"td-post-source-tags\">\u00a0Fuente: La Arena<\/div>\n<\/footer>\n","protected":false},"excerpt":{"rendered":"<p>LA PAMAPA.- Bajo el lema \u201cPatagonia: Integraci\u00f3n para la acci\u00f3n\u201d, el 17 y 18 de noviembre se realizar\u00e1 en las [&hellip;]<\/p>\n","protected":false},"author":2,"featured_media":0,"comment_status":"closed","ping_status":"closed","sticky":false,"template":"","format":"standard","meta":{"site-sidebar-layout":"default","site-content-layout":"","ast-site-content-layout":"default","site-content-style":"default","site-sidebar-style":"default","ast-global-header-display":"","ast-banner-title-visibility":"","ast-main-header-display":"","ast-hfb-above-header-display":"","ast-hfb-below-header-display":"","ast-hfb-mobile-header-display":"","site-post-title":"","ast-breadcrumbs-content":"","ast-featured-img":"","footer-sml-layout":"","ast-disable-related-posts":"","theme-transparent-header-meta":"","adv-header-id-meta":"","stick-header-meta":"","header-above-stick-meta":"","header-main-stick-meta":"","header-below-stick-meta":"","astra-migrate-meta-layouts":"default","ast-page-background-enabled":"default","ast-page-background-meta":{"desktop":{"background-color":"var(--ast-global-color-5)","background-image":"","background-repeat":"repeat","background-position":"center center","background-size":"auto","background-attachment":"scroll","background-type":"","background-media":"","overlay-type":"","overlay-color":"","overlay-opacity":"","overlay-gradient":""},"tablet":{"background-color":"","background-image":"","background-repeat":"repeat","background-position":"center center","background-size":"auto","background-attachment":"scroll","background-type":"","background-media":"","overlay-type":"","overlay-color":"","overlay-opacity":"","overlay-gradient":""},"mobile":{"background-color":"","background-image":"","background-repeat":"repeat","background-position":"center center","background-size":"auto","background-attachment":"scroll","background-type":"","background-media":"","overlay-type":"","overlay-color":"","overlay-opacity":"","overlay-gradient":""}},"ast-content-background-meta":{"desktop":{"background-color":"var(--ast-global-color-4)","background-image":"","background-repeat":"repeat","background-position":"center center","background-size":"auto","background-attachment":"scroll","background-type":"","background-media":"","overlay-type":"","overlay-color":"","overlay-opacity":"","overlay-gradient":""},"tablet":{"background-color":"var(--ast-global-color-4)","background-image":"","background-repeat":"repeat","background-position":"center center","background-size":"auto","background-attachment":"scroll","background-type":"","background-media":"","overlay-type":"","overlay-color":"","overlay-opacity":"","overlay-gradient":""},"mobile":{"background-color":"var(--ast-global-color-4)","background-image":"","background-repeat":"repeat","background-position":"center center","background-size":"auto","background-attachment":"scroll","background-type":"","background-media":"","overlay-type":"","overlay-color":"","overlay-opacity":"","overlay-gradient":""}},"footnotes":""},"categories":[59,1,13],"tags":[],"class_list":["post-19351","post","type-post","status-publish","format-standard","hentry","category-la-pampa","category-noticias","category-provinciales"],"yoast_head":"<!-- This site is optimized with the Yoast SEO Premium plugin v23.0 (Yoast SEO v27.5) - https:\/\/yoast.com\/product\/yoast-seo-premium-wordpress\/ -->\n<title>La Pampa en el Simposio Regional de Bioeconom\u00eda<\/title>\n<meta name=\"robots\" content=\"index, follow, max-snippet:-1, max-image-preview:large, max-video-preview:-1\" \/>\n<link rel=\"canonical\" href=\"https:\/\/patagoniambiental.com.ar\/info\/la-pampa-en-el-simposio-regional-de-bioeconomia\/\" \/>\n<meta property=\"og:locale\" content=\"es_ES\" \/>\n<meta property=\"og:type\" content=\"article\" \/>\n<meta property=\"og:title\" content=\"La Pampa en el Simposio Regional de Bioeconom\u00eda\" \/>\n<meta property=\"og:description\" content=\"LA PAMAPA.- Bajo el lema \u201cPatagonia: Integraci\u00f3n para la acci\u00f3n\u201d, el 17 y 18 de noviembre se realizar\u00e1 en las [&hellip;]\" \/>\n<meta property=\"og:url\" content=\"https:\/\/patagoniambiental.com.ar\/info\/la-pampa-en-el-simposio-regional-de-bioeconomia\/\" \/>\n<meta property=\"og:site_name\" content=\"Patagonia Ambiental\" \/>\n<meta property=\"article:publisher\" content=\"https:\/\/www.facebook.com\/patagonia.ambiental\" \/>\n<meta property=\"article:author\" content=\"https:\/\/www.facebook.com\/share\/1C1V8Gv9BX\/?mibextid=qi2Omg\" \/>\n<meta property=\"article:published_time\" content=\"2016-07-10T14:18:24+00:00\" \/>\n<meta name=\"author\" content=\"Patagonia Ambiental\" \/>\n<meta name=\"twitter:card\" content=\"summary_large_image\" \/>\n<meta name=\"twitter:creator\" content=\"@PatAmb\" \/>\n<meta name=\"twitter:site\" content=\"@PatAmb\" \/>\n<script type=\"application\/ld+json\" class=\"yoast-schema-graph\">{\"@context\":\"https:\\\/\\\/schema.org\",\"@graph\":[{\"@type\":\"Article\",\"@id\":\"https:\\\/\\\/patagoniambiental.com.ar\\\/info\\\/la-pampa-en-el-simposio-regional-de-bioeconomia\\\/#article\",\"isPartOf\":{\"@id\":\"https:\\\/\\\/patagoniambiental.com.ar\\\/info\\\/la-pampa-en-el-simposio-regional-de-bioeconomia\\\/\"},\"author\":{\"name\":\"Patagonia Ambiental\",\"@id\":\"https:\\\/\\\/patagoniambiental.com.ar\\\/info\\\/#\\\/schema\\\/person\\\/db12bff64bbcbf6a253710bf0ea37b5d\"},\"headline\":\"La Pampa en el Simposio Regional de Bioeconom\u00eda\",\"datePublished\":\"2016-07-10T14:18:24+00:00\",\"mainEntityOfPage\":{\"@id\":\"https:\\\/\\\/patagoniambiental.com.ar\\\/info\\\/la-pampa-en-el-simposio-regional-de-bioeconomia\\\/\"},\"wordCount\":538,\"publisher\":{\"@id\":\"https:\\\/\\\/patagoniambiental.com.ar\\\/info\\\/#organization\"},\"articleSection\":[\"La Pampa\",\"Noticias\",\"Provinciales\"],\"inLanguage\":\"es\"},{\"@type\":\"WebPage\",\"@id\":\"https:\\\/\\\/patagoniambiental.com.ar\\\/info\\\/la-pampa-en-el-simposio-regional-de-bioeconomia\\\/\",\"url\":\"https:\\\/\\\/patagoniambiental.com.ar\\\/info\\\/la-pampa-en-el-simposio-regional-de-bioeconomia\\\/\",\"name\":\"La Pampa en el Simposio Regional de Bioeconom\u00eda\",\"isPartOf\":{\"@id\":\"https:\\\/\\\/patagoniambiental.com.ar\\\/info\\\/#website\"},\"datePublished\":\"2016-07-10T14:18:24+00:00\",\"breadcrumb\":{\"@id\":\"https:\\\/\\\/patagoniambiental.com.ar\\\/info\\\/la-pampa-en-el-simposio-regional-de-bioeconomia\\\/#breadcrumb\"},\"inLanguage\":\"es\",\"potentialAction\":[{\"@type\":\"ReadAction\",\"target\":[\"https:\\\/\\\/patagoniambiental.com.ar\\\/info\\\/la-pampa-en-el-simposio-regional-de-bioeconomia\\\/\"]}]},{\"@type\":\"BreadcrumbList\",\"@id\":\"https:\\\/\\\/patagoniambiental.com.ar\\\/info\\\/la-pampa-en-el-simposio-regional-de-bioeconomia\\\/#breadcrumb\",\"itemListElement\":[{\"@type\":\"ListItem\",\"position\":1,\"name\":\"Inicio\",\"item\":\"https:\\\/\\\/patagoniambiental.com.ar\\\/info\\\/\"},{\"@type\":\"ListItem\",\"position\":2,\"name\":\"La Pampa en el Simposio Regional de Bioeconom\u00eda\"}]},{\"@type\":\"WebSite\",\"@id\":\"https:\\\/\\\/patagoniambiental.com.ar\\\/info\\\/#website\",\"url\":\"https:\\\/\\\/patagoniambiental.com.ar\\\/info\\\/\",\"name\":\"Patagonia Ambiental\",\"description\":\"Monitoreo y an\u00e1lisis de la situaci\u00f3n geopol\u00edtica en el mundo y su implicancia en la Patagonia\",\"publisher\":{\"@id\":\"https:\\\/\\\/patagoniambiental.com.ar\\\/info\\\/#organization\"},\"potentialAction\":[{\"@type\":\"SearchAction\",\"target\":{\"@type\":\"EntryPoint\",\"urlTemplate\":\"https:\\\/\\\/patagoniambiental.com.ar\\\/info\\\/?s={search_term_string}\"},\"query-input\":{\"@type\":\"PropertyValueSpecification\",\"valueRequired\":true,\"valueName\":\"search_term_string\"}}],\"inLanguage\":\"es\"},{\"@type\":\"Organization\",\"@id\":\"https:\\\/\\\/patagoniambiental.com.ar\\\/info\\\/#organization\",\"name\":\"Patagonia Ambiental\",\"url\":\"https:\\\/\\\/patagoniambiental.com.ar\\\/info\\\/\",\"logo\":{\"@type\":\"ImageObject\",\"inLanguage\":\"es\",\"@id\":\"https:\\\/\\\/patagoniambiental.com.ar\\\/info\\\/#\\\/schema\\\/logo\\\/image\\\/\",\"url\":\"https:\\\/\\\/patagoniambiental.com.ar\\\/info\\\/wp-content\\\/uploads\\\/2025\\\/05\\\/LOGO-PATAGONIA-AMBIENTAL.png\",\"contentUrl\":\"https:\\\/\\\/patagoniambiental.com.ar\\\/info\\\/wp-content\\\/uploads\\\/2025\\\/05\\\/LOGO-PATAGONIA-AMBIENTAL.png\",\"width\":433,\"height\":250,\"caption\":\"Patagonia Ambiental\"},\"image\":{\"@id\":\"https:\\\/\\\/patagoniambiental.com.ar\\\/info\\\/#\\\/schema\\\/logo\\\/image\\\/\"},\"sameAs\":[\"https:\\\/\\\/www.facebook.com\\\/patagonia.ambiental\",\"https:\\\/\\\/x.com\\\/PatAmb\"]},{\"@type\":\"Person\",\"@id\":\"https:\\\/\\\/patagoniambiental.com.ar\\\/info\\\/#\\\/schema\\\/person\\\/db12bff64bbcbf6a253710bf0ea37b5d\",\"name\":\"Patagonia Ambiental\",\"description\":\"Andr\u00e9s Nievas T\u00e9cnico en manejo ambiental, consultor Ambiental y escritor para medios locales e internacionales sobre temas de geopolitica y medio ambiente.\",\"sameAs\":[\"http:\\\/\\\/www.patagoniambiental.com.ar\",\"https:\\\/\\\/www.facebook.com\\\/share\\\/1C1V8Gv9BX\\\/?mibextid=qi2Omg\",\"@patagoniambiental\",\"https:\\\/\\\/youtube.com\\\/@patagoniaambiental2023?si=BLt58t0wuXquxlYZ\"]}]}<\/script>\n<!-- \/ Yoast SEO Premium plugin. -->","yoast_head_json":{"title":"La Pampa en el Simposio Regional de Bioeconom\u00eda","robots":{"index":"index","follow":"follow","max-snippet":"max-snippet:-1","max-image-preview":"max-image-preview:large","max-video-preview":"max-video-preview:-1"},"canonical":"https:\/\/patagoniambiental.com.ar\/info\/la-pampa-en-el-simposio-regional-de-bioeconomia\/","og_locale":"es_ES","og_type":"article","og_title":"La Pampa en el Simposio Regional de Bioeconom\u00eda","og_description":"LA PAMAPA.- Bajo el lema \u201cPatagonia: Integraci\u00f3n para la acci\u00f3n\u201d, el 17 y 18 de noviembre se realizar\u00e1 en las [&hellip;]","og_url":"https:\/\/patagoniambiental.com.ar\/info\/la-pampa-en-el-simposio-regional-de-bioeconomia\/","og_site_name":"Patagonia Ambiental","article_publisher":"https:\/\/www.facebook.com\/patagonia.ambiental","article_author":"https:\/\/www.facebook.com\/share\/1C1V8Gv9BX\/?mibextid=qi2Omg","article_published_time":"2016-07-10T14:18:24+00:00","author":"Patagonia Ambiental","twitter_card":"summary_large_image","twitter_creator":"@PatAmb","twitter_site":"@PatAmb","schema":{"@context":"https:\/\/schema.org","@graph":[{"@type":"Article","@id":"https:\/\/patagoniambiental.com.ar\/info\/la-pampa-en-el-simposio-regional-de-bioeconomia\/#article","isPartOf":{"@id":"https:\/\/patagoniambiental.com.ar\/info\/la-pampa-en-el-simposio-regional-de-bioeconomia\/"},"author":{"name":"Patagonia Ambiental","@id":"https:\/\/patagoniambiental.com.ar\/info\/#\/schema\/person\/db12bff64bbcbf6a253710bf0ea37b5d"},"headline":"La Pampa en el Simposio Regional de Bioeconom\u00eda","datePublished":"2016-07-10T14:18:24+00:00","mainEntityOfPage":{"@id":"https:\/\/patagoniambiental.com.ar\/info\/la-pampa-en-el-simposio-regional-de-bioeconomia\/"},"wordCount":538,"publisher":{"@id":"https:\/\/patagoniambiental.com.ar\/info\/#organization"},"articleSection":["La Pampa","Noticias","Provinciales"],"inLanguage":"es"},{"@type":"WebPage","@id":"https:\/\/patagoniambiental.com.ar\/info\/la-pampa-en-el-simposio-regional-de-bioeconomia\/","url":"https:\/\/patagoniambiental.com.ar\/info\/la-pampa-en-el-simposio-regional-de-bioeconomia\/","name":"La Pampa en el Simposio Regional de Bioeconom\u00eda","isPartOf":{"@id":"https:\/\/patagoniambiental.com.ar\/info\/#website"},"datePublished":"2016-07-10T14:18:24+00:00","breadcrumb":{"@id":"https:\/\/patagoniambiental.com.ar\/info\/la-pampa-en-el-simposio-regional-de-bioeconomia\/#breadcrumb"},"inLanguage":"es","potentialAction":[{"@type":"ReadAction","target":["https:\/\/patagoniambiental.com.ar\/info\/la-pampa-en-el-simposio-regional-de-bioeconomia\/"]}]},{"@type":"BreadcrumbList","@id":"https:\/\/patagoniambiental.com.ar\/info\/la-pampa-en-el-simposio-regional-de-bioeconomia\/#breadcrumb","itemListElement":[{"@type":"ListItem","position":1,"name":"Inicio","item":"https:\/\/patagoniambiental.com.ar\/info\/"},{"@type":"ListItem","position":2,"name":"La Pampa en el Simposio Regional de Bioeconom\u00eda"}]},{"@type":"WebSite","@id":"https:\/\/patagoniambiental.com.ar\/info\/#website","url":"https:\/\/patagoniambiental.com.ar\/info\/","name":"Patagonia Ambiental","description":"Monitoreo y an\u00e1lisis de la situaci\u00f3n geopol\u00edtica en el mundo y su implicancia en la Patagonia","publisher":{"@id":"https:\/\/patagoniambiental.com.ar\/info\/#organization"},"potentialAction":[{"@type":"SearchAction","target":{"@type":"EntryPoint","urlTemplate":"https:\/\/patagoniambiental.com.ar\/info\/?s={search_term_string}"},"query-input":{"@type":"PropertyValueSpecification","valueRequired":true,"valueName":"search_term_string"}}],"inLanguage":"es"},{"@type":"Organization","@id":"https:\/\/patagoniambiental.com.ar\/info\/#organization","name":"Patagonia Ambiental","url":"https:\/\/patagoniambiental.com.ar\/info\/","logo":{"@type":"ImageObject","inLanguage":"es","@id":"https:\/\/patagoniambiental.com.ar\/info\/#\/schema\/logo\/image\/","url":"https:\/\/patagoniambiental.com.ar\/info\/wp-content\/uploads\/2025\/05\/LOGO-PATAGONIA-AMBIENTAL.png","contentUrl":"https:\/\/patagoniambiental.com.ar\/info\/wp-content\/uploads\/2025\/05\/LOGO-PATAGONIA-AMBIENTAL.png","width":433,"height":250,"caption":"Patagonia Ambiental"},"image":{"@id":"https:\/\/patagoniambiental.com.ar\/info\/#\/schema\/logo\/image\/"},"sameAs":["https:\/\/www.facebook.com\/patagonia.ambiental","https:\/\/x.com\/PatAmb"]},{"@type":"Person","@id":"https:\/\/patagoniambiental.com.ar\/info\/#\/schema\/person\/db12bff64bbcbf6a253710bf0ea37b5d","name":"Patagonia Ambiental","description":"Andr\u00e9s Nievas T\u00e9cnico en manejo ambiental, consultor Ambiental y escritor para medios locales e internacionales sobre temas de geopolitica y medio ambiente.","sameAs":["http:\/\/www.patagoniambiental.com.ar","https:\/\/www.facebook.com\/share\/1C1V8Gv9BX\/?mibextid=qi2Omg","@patagoniambiental","https:\/\/youtube.com\/@patagoniaambiental2023?si=BLt58t0wuXquxlYZ"]}]}},"_links":{"self":[{"href":"https:\/\/patagoniambiental.com.ar\/info\/wp-json\/wp\/v2\/posts\/19351","targetHints":{"allow":["GET"]}}],"collection":[{"href":"https:\/\/patagoniambiental.com.ar\/info\/wp-json\/wp\/v2\/posts"}],"about":[{"href":"https:\/\/patagoniambiental.com.ar\/info\/wp-json\/wp\/v2\/types\/post"}],"author":[{"embeddable":true,"href":"https:\/\/patagoniambiental.com.ar\/info\/wp-json\/wp\/v2\/users\/2"}],"replies":[{"embeddable":true,"href":"https:\/\/patagoniambiental.com.ar\/info\/wp-json\/wp\/v2\/comments?post=19351"}],"version-history":[{"count":0,"href":"https:\/\/patagoniambiental.com.ar\/info\/wp-json\/wp\/v2\/posts\/19351\/revisions"}],"wp:attachment":[{"href":"https:\/\/patagoniambiental.com.ar\/info\/wp-json\/wp\/v2\/media?parent=19351"}],"wp:term":[{"taxonomy":"category","embeddable":true,"href":"https:\/\/patagoniambiental.com.ar\/info\/wp-json\/wp\/v2\/categories?post=19351"},{"taxonomy":"post_tag","embeddable":true,"href":"https:\/\/patagoniambiental.com.ar\/info\/wp-json\/wp\/v2\/tags?post=19351"}],"curies":[{"name":"wp","href":"https:\/\/api.w.org\/{rel}","templated":true}]}}