{"id":20142,"date":"2016-08-25T10:36:02","date_gmt":"2016-08-25T13:36:02","guid":{"rendered":"http:\/\/patagoniambiental.com.ar\/?p=20142"},"modified":"2016-08-25T10:36:02","modified_gmt":"2016-08-25T13:36:02","slug":"rio-negro-estuvo-presente-en-la-asamblea-extraordinaria-de-cofema-por-humedales","status":"publish","type":"post","link":"https:\/\/patagoniambiental.com.ar\/info\/rio-negro-estuvo-presente-en-la-asamblea-extraordinaria-de-cofema-por-humedales\/","title":{"rendered":"R\u00edo Negro estuvo presente en la asamblea extraordinaria de COFEMA por Humedales"},"content":{"rendered":"<p class=\"x_MsoNormal\">BUENOS AIRES.- La Secretar\u00eda de Ambiente y Desarrollo Sustentable, dependiente de la Secretar\u00eda General, particip\u00f3 de la asamblea extraordinaria del Consejo Federal de Medio Ambiente (COFEMA), que se realiz\u00f3 este martes en Buenos Aires y tuvo como eje central los humedales. El subsecretario de la cartera ambiental rionegrina, Guillermo Ceballos, form\u00f3 parte de la comitiva que se reuni\u00f3 en la Casa de San Luis.<\/p>\n<p class=\"x_MsoNormal\">Finalizado el encuentro, Ceballos manifest\u00f3 que la agenda contempl\u00f3 el abordaje del Proyecto de Ley de Humedales y del Proyecto de Ley de Protecci\u00f3n Ac\u00fastica, cada tema con su respectiva observaci\u00f3n y un dictamen para cada caso. Adem\u00e1s se procedi\u00f3 al an\u00e1lisis y resoluci\u00f3n sobre la participaci\u00f3n de COFEMA en el SiFAP y se examinaron las propuestas de fortalecimiento del COFEMA.<\/p>\n<p class=\"x_MsoNormal\">El representante rionegrino indic\u00f3 que adem\u00e1s fueron testigos de la firma de convenio entre las provincias de San Luis y Chaco, como as\u00ed tambi\u00e9n entre el MinCyT y el Consejo Federal. Previo al cierre, las partes brindaron un informe de las Comisiones de Cambio Clim\u00e1tico y Financiamiento.<\/p>\n<p class=\"x_MsoNormal\"><b><i><u>Cambio clim\u00e1tico<\/u><\/i><\/b><\/p>\n<p class=\"x_MsoNormal\">En forma simultanea, personal t\u00e9cnico de la SAyDS tambi\u00e9n particip\u00f3 de la reuni\u00f3n de comisi\u00f3n de Cambio Clim\u00e1tico del Consejo Federal. En esta oportunidad, los representantes de las provincias argentinas se reunieron en el Instituto Fueguino de Turismo, en la Ciudad Aut\u00f3noma de Buenos Aires.<\/p>\n<p class=\"x_MsoNormal\">El temario tratado durante la jornada de este martes 23 inici\u00f3 con la \u201cRepresentaci\u00f3n en cumbre COP 22\u201d, a realizarse en noviembre; \u201cCapacitaci\u00f3n formal en Naci\u00f3n de representantes provinciales para REDD\u201d; inventario de gases; dise\u00f1o de proyectos.<\/p>\n<p class=\"x_MsoNormal\">En lo que respecta a Direcci\u00f3n de Cambio Clim\u00e1tico del Ministerio de Ambiente de Naci\u00f3n se abordaron los avances en la revisi\u00f3n de la contribuci\u00f3n nacional al cambio clim\u00e1tico y la participaci\u00f3n de las provincias, tambi\u00e9n el esquema de financiamiento clim\u00e1tico planificado y las oportunidades para las provincias; inventarios provinciales, propuesta metodol\u00f3gica y de trabajo. Adem\u00e1s debatieron sobre las conclusiones de la consulta con la sociedad civil sobre contribuciones nacionales y acordaron detalles para la \u00faltima reuni\u00f3n de ministros del Gabinete Clim\u00e1tico.<\/p>\n<p class=\"x_MsoNormal\">Pasado el mediod\u00eda, los funcionarios dialogaron sobre el Parlamento Federal del Clima, a realizarse en Tucum\u00e1n el pr\u00f3ximo 9 de septiembre. La jornada cerr\u00f3 con las conclusiones de cada una de las partes y la firma de actas correspondientes.<\/p>\n<p class=\"x_MsoNormal\">Fuente: Gobierno de R\u00edo Negro<\/p>\n<p><b><\/b><\/p>\n","protected":false},"excerpt":{"rendered":"<p>BUENOS AIRES.- La Secretar\u00eda de Ambiente y Desarrollo Sustentable, dependiente de la Secretar\u00eda General, particip\u00f3 de la asamblea extraordinaria del [&hellip;]<\/p>\n","protected":false},"author":2,"featured_media":0,"comment_status":"closed","ping_status":"closed","sticky":false,"template":"","format":"standard","meta":{"site-sidebar-layout":"default","site-content-layout":"","ast-site-content-layout":"default","site-content-style":"default","site-sidebar-style":"default","ast-global-header-display":"","ast-banner-title-visibility":"","ast-main-header-display":"","ast-hfb-above-header-display":"","ast-hfb-below-header-display":"","ast-hfb-mobile-header-display":"","site-post-title":"","ast-breadcrumbs-content":"","ast-featured-img":"","footer-sml-layout":"","ast-disable-related-posts":"","theme-transparent-header-meta":"","adv-header-id-meta":"","stick-header-meta":"","header-above-stick-meta":"","header-main-stick-meta":"","header-below-stick-meta":"","astra-migrate-meta-layouts":"default","ast-page-background-enabled":"default","ast-page-background-meta":{"desktop":{"background-color":"var(--ast-global-color-5)","background-image":"","background-repeat":"repeat","background-position":"center center","background-size":"auto","background-attachment":"scroll","background-type":"","background-media":"","overlay-type":"","overlay-color":"","overlay-opacity":"","overlay-gradient":""},"tablet":{"background-color":"","background-image":"","background-repeat":"repeat","background-position":"center center","background-size":"auto","background-attachment":"scroll","background-type":"","background-media":"","overlay-type":"","overlay-color":"","overlay-opacity":"","overlay-gradient":""},"mobile":{"background-color":"","background-image":"","background-repeat":"repeat","background-position":"center center","background-size":"auto","background-attachment":"scroll","background-type":"","background-media":"","overlay-type":"","overlay-color":"","overlay-opacity":"","overlay-gradient":""}},"ast-content-background-meta":{"desktop":{"background-color":"var(--ast-global-color-4)","background-image":"","background-repeat":"repeat","background-position":"center center","background-size":"auto","background-attachment":"scroll","background-type":"","background-media":"","overlay-type":"","overlay-color":"","overlay-opacity":"","overlay-gradient":""},"tablet":{"background-color":"var(--ast-global-color-4)","background-image":"","background-repeat":"repeat","background-position":"center center","background-size":"auto","background-attachment":"scroll","background-type":"","background-media":"","overlay-type":"","overlay-color":"","overlay-opacity":"","overlay-gradient":""},"mobile":{"background-color":"var(--ast-global-color-4)","background-image":"","background-repeat":"repeat","background-position":"center center","background-size":"auto","background-attachment":"scroll","background-type":"","background-media":"","overlay-type":"","overlay-color":"","overlay-opacity":"","overlay-gradient":""}},"footnotes":""},"categories":[1,13,14],"tags":[],"class_list":["post-20142","post","type-post","status-publish","format-standard","hentry","category-noticias","category-provinciales","category-rio-negro"],"yoast_head":"<!-- This site is optimized with the Yoast SEO Premium plugin v23.0 (Yoast SEO v27.5) - https:\/\/yoast.com\/product\/yoast-seo-premium-wordpress\/ -->\n<title>R\u00edo Negro estuvo presente en la asamblea extraordinaria de COFEMA por Humedales<\/title>\n<meta name=\"robots\" content=\"index, follow, max-snippet:-1, max-image-preview:large, max-video-preview:-1\" \/>\n<link rel=\"canonical\" href=\"https:\/\/patagoniambiental.com.ar\/info\/rio-negro-estuvo-presente-en-la-asamblea-extraordinaria-de-cofema-por-humedales\/\" \/>\n<meta property=\"og:locale\" content=\"es_ES\" \/>\n<meta property=\"og:type\" content=\"article\" \/>\n<meta property=\"og:title\" content=\"R\u00edo Negro estuvo presente en la asamblea extraordinaria de COFEMA por Humedales\" \/>\n<meta property=\"og:description\" content=\"BUENOS AIRES.- La Secretar\u00eda de Ambiente y Desarrollo Sustentable, dependiente de la Secretar\u00eda General, particip\u00f3 de la asamblea extraordinaria del [&hellip;]\" \/>\n<meta property=\"og:url\" content=\"https:\/\/patagoniambiental.com.ar\/info\/rio-negro-estuvo-presente-en-la-asamblea-extraordinaria-de-cofema-por-humedales\/\" \/>\n<meta property=\"og:site_name\" content=\"Patagonia Ambiental\" \/>\n<meta property=\"article:publisher\" content=\"https:\/\/www.facebook.com\/patagonia.ambiental\" \/>\n<meta property=\"article:author\" content=\"https:\/\/www.facebook.com\/share\/1C1V8Gv9BX\/?mibextid=qi2Omg\" \/>\n<meta property=\"article:published_time\" content=\"2016-08-25T13:36:02+00:00\" \/>\n<meta name=\"author\" content=\"Patagonia Ambiental\" \/>\n<meta name=\"twitter:card\" content=\"summary_large_image\" \/>\n<meta name=\"twitter:creator\" content=\"@PatAmb\" \/>\n<meta name=\"twitter:site\" content=\"@PatAmb\" \/>\n<script type=\"application\/ld+json\" class=\"yoast-schema-graph\">{\"@context\":\"https:\\\/\\\/schema.org\",\"@graph\":[{\"@type\":\"Article\",\"@id\":\"https:\\\/\\\/patagoniambiental.com.ar\\\/info\\\/rio-negro-estuvo-presente-en-la-asamblea-extraordinaria-de-cofema-por-humedales\\\/#article\",\"isPartOf\":{\"@id\":\"https:\\\/\\\/patagoniambiental.com.ar\\\/info\\\/rio-negro-estuvo-presente-en-la-asamblea-extraordinaria-de-cofema-por-humedales\\\/\"},\"author\":{\"name\":\"Patagonia Ambiental\",\"@id\":\"https:\\\/\\\/patagoniambiental.com.ar\\\/info\\\/#\\\/schema\\\/person\\\/db12bff64bbcbf6a253710bf0ea37b5d\"},\"headline\":\"R\u00edo Negro estuvo presente en la asamblea extraordinaria de COFEMA por Humedales\",\"datePublished\":\"2016-08-25T13:36:02+00:00\",\"mainEntityOfPage\":{\"@id\":\"https:\\\/\\\/patagoniambiental.com.ar\\\/info\\\/rio-negro-estuvo-presente-en-la-asamblea-extraordinaria-de-cofema-por-humedales\\\/\"},\"wordCount\":433,\"publisher\":{\"@id\":\"https:\\\/\\\/patagoniambiental.com.ar\\\/info\\\/#organization\"},\"articleSection\":[\"Noticias\",\"Provinciales\",\"R\u00edo Negro\"],\"inLanguage\":\"es\"},{\"@type\":\"WebPage\",\"@id\":\"https:\\\/\\\/patagoniambiental.com.ar\\\/info\\\/rio-negro-estuvo-presente-en-la-asamblea-extraordinaria-de-cofema-por-humedales\\\/\",\"url\":\"https:\\\/\\\/patagoniambiental.com.ar\\\/info\\\/rio-negro-estuvo-presente-en-la-asamblea-extraordinaria-de-cofema-por-humedales\\\/\",\"name\":\"R\u00edo Negro estuvo presente en la asamblea extraordinaria de COFEMA por Humedales\",\"isPartOf\":{\"@id\":\"https:\\\/\\\/patagoniambiental.com.ar\\\/info\\\/#website\"},\"datePublished\":\"2016-08-25T13:36:02+00:00\",\"breadcrumb\":{\"@id\":\"https:\\\/\\\/patagoniambiental.com.ar\\\/info\\\/rio-negro-estuvo-presente-en-la-asamblea-extraordinaria-de-cofema-por-humedales\\\/#breadcrumb\"},\"inLanguage\":\"es\",\"potentialAction\":[{\"@type\":\"ReadAction\",\"target\":[\"https:\\\/\\\/patagoniambiental.com.ar\\\/info\\\/rio-negro-estuvo-presente-en-la-asamblea-extraordinaria-de-cofema-por-humedales\\\/\"]}]},{\"@type\":\"BreadcrumbList\",\"@id\":\"https:\\\/\\\/patagoniambiental.com.ar\\\/info\\\/rio-negro-estuvo-presente-en-la-asamblea-extraordinaria-de-cofema-por-humedales\\\/#breadcrumb\",\"itemListElement\":[{\"@type\":\"ListItem\",\"position\":1,\"name\":\"Inicio\",\"item\":\"https:\\\/\\\/patagoniambiental.com.ar\\\/info\\\/\"},{\"@type\":\"ListItem\",\"position\":2,\"name\":\"R\u00edo Negro estuvo presente en la asamblea extraordinaria de COFEMA por Humedales\"}]},{\"@type\":\"WebSite\",\"@id\":\"https:\\\/\\\/patagoniambiental.com.ar\\\/info\\\/#website\",\"url\":\"https:\\\/\\\/patagoniambiental.com.ar\\\/info\\\/\",\"name\":\"Patagonia Ambiental\",\"description\":\"Monitoreo y an\u00e1lisis de la situaci\u00f3n geopol\u00edtica en el mundo y su implicancia en la Patagonia\",\"publisher\":{\"@id\":\"https:\\\/\\\/patagoniambiental.com.ar\\\/info\\\/#organization\"},\"potentialAction\":[{\"@type\":\"SearchAction\",\"target\":{\"@type\":\"EntryPoint\",\"urlTemplate\":\"https:\\\/\\\/patagoniambiental.com.ar\\\/info\\\/?s={search_term_string}\"},\"query-input\":{\"@type\":\"PropertyValueSpecification\",\"valueRequired\":true,\"valueName\":\"search_term_string\"}}],\"inLanguage\":\"es\"},{\"@type\":\"Organization\",\"@id\":\"https:\\\/\\\/patagoniambiental.com.ar\\\/info\\\/#organization\",\"name\":\"Patagonia Ambiental\",\"url\":\"https:\\\/\\\/patagoniambiental.com.ar\\\/info\\\/\",\"logo\":{\"@type\":\"ImageObject\",\"inLanguage\":\"es\",\"@id\":\"https:\\\/\\\/patagoniambiental.com.ar\\\/info\\\/#\\\/schema\\\/logo\\\/image\\\/\",\"url\":\"https:\\\/\\\/patagoniambiental.com.ar\\\/info\\\/wp-content\\\/uploads\\\/2025\\\/05\\\/LOGO-PATAGONIA-AMBIENTAL.png\",\"contentUrl\":\"https:\\\/\\\/patagoniambiental.com.ar\\\/info\\\/wp-content\\\/uploads\\\/2025\\\/05\\\/LOGO-PATAGONIA-AMBIENTAL.png\",\"width\":433,\"height\":250,\"caption\":\"Patagonia Ambiental\"},\"image\":{\"@id\":\"https:\\\/\\\/patagoniambiental.com.ar\\\/info\\\/#\\\/schema\\\/logo\\\/image\\\/\"},\"sameAs\":[\"https:\\\/\\\/www.facebook.com\\\/patagonia.ambiental\",\"https:\\\/\\\/x.com\\\/PatAmb\"]},{\"@type\":\"Person\",\"@id\":\"https:\\\/\\\/patagoniambiental.com.ar\\\/info\\\/#\\\/schema\\\/person\\\/db12bff64bbcbf6a253710bf0ea37b5d\",\"name\":\"Patagonia Ambiental\",\"description\":\"Andr\u00e9s Nievas T\u00e9cnico en manejo ambiental, consultor Ambiental y escritor para medios locales e internacionales sobre temas de geopolitica y medio ambiente.\",\"sameAs\":[\"http:\\\/\\\/www.patagoniambiental.com.ar\",\"https:\\\/\\\/www.facebook.com\\\/share\\\/1C1V8Gv9BX\\\/?mibextid=qi2Omg\",\"@patagoniambiental\",\"https:\\\/\\\/youtube.com\\\/@patagoniaambiental2023?si=BLt58t0wuXquxlYZ\"]}]}<\/script>\n<!-- \/ Yoast SEO Premium plugin. -->","yoast_head_json":{"title":"R\u00edo Negro estuvo presente en la asamblea extraordinaria de COFEMA por Humedales","robots":{"index":"index","follow":"follow","max-snippet":"max-snippet:-1","max-image-preview":"max-image-preview:large","max-video-preview":"max-video-preview:-1"},"canonical":"https:\/\/patagoniambiental.com.ar\/info\/rio-negro-estuvo-presente-en-la-asamblea-extraordinaria-de-cofema-por-humedales\/","og_locale":"es_ES","og_type":"article","og_title":"R\u00edo Negro estuvo presente en la asamblea extraordinaria de COFEMA por Humedales","og_description":"BUENOS AIRES.- La Secretar\u00eda de Ambiente y Desarrollo Sustentable, dependiente de la Secretar\u00eda General, particip\u00f3 de la asamblea extraordinaria del [&hellip;]","og_url":"https:\/\/patagoniambiental.com.ar\/info\/rio-negro-estuvo-presente-en-la-asamblea-extraordinaria-de-cofema-por-humedales\/","og_site_name":"Patagonia Ambiental","article_publisher":"https:\/\/www.facebook.com\/patagonia.ambiental","article_author":"https:\/\/www.facebook.com\/share\/1C1V8Gv9BX\/?mibextid=qi2Omg","article_published_time":"2016-08-25T13:36:02+00:00","author":"Patagonia Ambiental","twitter_card":"summary_large_image","twitter_creator":"@PatAmb","twitter_site":"@PatAmb","schema":{"@context":"https:\/\/schema.org","@graph":[{"@type":"Article","@id":"https:\/\/patagoniambiental.com.ar\/info\/rio-negro-estuvo-presente-en-la-asamblea-extraordinaria-de-cofema-por-humedales\/#article","isPartOf":{"@id":"https:\/\/patagoniambiental.com.ar\/info\/rio-negro-estuvo-presente-en-la-asamblea-extraordinaria-de-cofema-por-humedales\/"},"author":{"name":"Patagonia Ambiental","@id":"https:\/\/patagoniambiental.com.ar\/info\/#\/schema\/person\/db12bff64bbcbf6a253710bf0ea37b5d"},"headline":"R\u00edo Negro estuvo presente en la asamblea extraordinaria de COFEMA por Humedales","datePublished":"2016-08-25T13:36:02+00:00","mainEntityOfPage":{"@id":"https:\/\/patagoniambiental.com.ar\/info\/rio-negro-estuvo-presente-en-la-asamblea-extraordinaria-de-cofema-por-humedales\/"},"wordCount":433,"publisher":{"@id":"https:\/\/patagoniambiental.com.ar\/info\/#organization"},"articleSection":["Noticias","Provinciales","R\u00edo Negro"],"inLanguage":"es"},{"@type":"WebPage","@id":"https:\/\/patagoniambiental.com.ar\/info\/rio-negro-estuvo-presente-en-la-asamblea-extraordinaria-de-cofema-por-humedales\/","url":"https:\/\/patagoniambiental.com.ar\/info\/rio-negro-estuvo-presente-en-la-asamblea-extraordinaria-de-cofema-por-humedales\/","name":"R\u00edo Negro estuvo presente en la asamblea extraordinaria de COFEMA por Humedales","isPartOf":{"@id":"https:\/\/patagoniambiental.com.ar\/info\/#website"},"datePublished":"2016-08-25T13:36:02+00:00","breadcrumb":{"@id":"https:\/\/patagoniambiental.com.ar\/info\/rio-negro-estuvo-presente-en-la-asamblea-extraordinaria-de-cofema-por-humedales\/#breadcrumb"},"inLanguage":"es","potentialAction":[{"@type":"ReadAction","target":["https:\/\/patagoniambiental.com.ar\/info\/rio-negro-estuvo-presente-en-la-asamblea-extraordinaria-de-cofema-por-humedales\/"]}]},{"@type":"BreadcrumbList","@id":"https:\/\/patagoniambiental.com.ar\/info\/rio-negro-estuvo-presente-en-la-asamblea-extraordinaria-de-cofema-por-humedales\/#breadcrumb","itemListElement":[{"@type":"ListItem","position":1,"name":"Inicio","item":"https:\/\/patagoniambiental.com.ar\/info\/"},{"@type":"ListItem","position":2,"name":"R\u00edo Negro estuvo presente en la asamblea extraordinaria de COFEMA por Humedales"}]},{"@type":"WebSite","@id":"https:\/\/patagoniambiental.com.ar\/info\/#website","url":"https:\/\/patagoniambiental.com.ar\/info\/","name":"Patagonia Ambiental","description":"Monitoreo y an\u00e1lisis de la situaci\u00f3n geopol\u00edtica en el mundo y su implicancia en la Patagonia","publisher":{"@id":"https:\/\/patagoniambiental.com.ar\/info\/#organization"},"potentialAction":[{"@type":"SearchAction","target":{"@type":"EntryPoint","urlTemplate":"https:\/\/patagoniambiental.com.ar\/info\/?s={search_term_string}"},"query-input":{"@type":"PropertyValueSpecification","valueRequired":true,"valueName":"search_term_string"}}],"inLanguage":"es"},{"@type":"Organization","@id":"https:\/\/patagoniambiental.com.ar\/info\/#organization","name":"Patagonia Ambiental","url":"https:\/\/patagoniambiental.com.ar\/info\/","logo":{"@type":"ImageObject","inLanguage":"es","@id":"https:\/\/patagoniambiental.com.ar\/info\/#\/schema\/logo\/image\/","url":"https:\/\/patagoniambiental.com.ar\/info\/wp-content\/uploads\/2025\/05\/LOGO-PATAGONIA-AMBIENTAL.png","contentUrl":"https:\/\/patagoniambiental.com.ar\/info\/wp-content\/uploads\/2025\/05\/LOGO-PATAGONIA-AMBIENTAL.png","width":433,"height":250,"caption":"Patagonia Ambiental"},"image":{"@id":"https:\/\/patagoniambiental.com.ar\/info\/#\/schema\/logo\/image\/"},"sameAs":["https:\/\/www.facebook.com\/patagonia.ambiental","https:\/\/x.com\/PatAmb"]},{"@type":"Person","@id":"https:\/\/patagoniambiental.com.ar\/info\/#\/schema\/person\/db12bff64bbcbf6a253710bf0ea37b5d","name":"Patagonia Ambiental","description":"Andr\u00e9s Nievas T\u00e9cnico en manejo ambiental, consultor Ambiental y escritor para medios locales e internacionales sobre temas de geopolitica y medio ambiente.","sameAs":["http:\/\/www.patagoniambiental.com.ar","https:\/\/www.facebook.com\/share\/1C1V8Gv9BX\/?mibextid=qi2Omg","@patagoniambiental","https:\/\/youtube.com\/@patagoniaambiental2023?si=BLt58t0wuXquxlYZ"]}]}},"_links":{"self":[{"href":"https:\/\/patagoniambiental.com.ar\/info\/wp-json\/wp\/v2\/posts\/20142","targetHints":{"allow":["GET"]}}],"collection":[{"href":"https:\/\/patagoniambiental.com.ar\/info\/wp-json\/wp\/v2\/posts"}],"about":[{"href":"https:\/\/patagoniambiental.com.ar\/info\/wp-json\/wp\/v2\/types\/post"}],"author":[{"embeddable":true,"href":"https:\/\/patagoniambiental.com.ar\/info\/wp-json\/wp\/v2\/users\/2"}],"replies":[{"embeddable":true,"href":"https:\/\/patagoniambiental.com.ar\/info\/wp-json\/wp\/v2\/comments?post=20142"}],"version-history":[{"count":0,"href":"https:\/\/patagoniambiental.com.ar\/info\/wp-json\/wp\/v2\/posts\/20142\/revisions"}],"wp:attachment":[{"href":"https:\/\/patagoniambiental.com.ar\/info\/wp-json\/wp\/v2\/media?parent=20142"}],"wp:term":[{"taxonomy":"category","embeddable":true,"href":"https:\/\/patagoniambiental.com.ar\/info\/wp-json\/wp\/v2\/categories?post=20142"},{"taxonomy":"post_tag","embeddable":true,"href":"https:\/\/patagoniambiental.com.ar\/info\/wp-json\/wp\/v2\/tags?post=20142"}],"curies":[{"name":"wp","href":"https:\/\/api.w.org\/{rel}","templated":true}]}}