{"id":20315,"date":"2016-09-01T09:00:53","date_gmt":"2016-09-01T12:00:53","guid":{"rendered":"http:\/\/patagoniambiental.com.ar\/?p=20315"},"modified":"2016-09-01T09:00:53","modified_gmt":"2016-09-01T12:00:53","slug":"turismo-sustentable-ambiente-y-el-ente-de-la-region-sur-articulan-trabajos-en-la-meseta-somuncura","status":"publish","type":"post","link":"https:\/\/patagoniambiental.com.ar\/info\/turismo-sustentable-ambiente-y-el-ente-de-la-region-sur-articulan-trabajos-en-la-meseta-somuncura\/","title":{"rendered":"Turismo sustentable: Ambiente R\u00edo Negro y el Ente de la Regi\u00f3n Sur articulan trabajos en la Meseta Somuncura"},"content":{"rendered":"<p class=\"x_MsoNormal\"><b><\/b>\u00a0ING. JACOBACCI.-\u00a0La Secretar\u00eda de Ambiente y Desarrollo Sustentable (SAyDS) est\u00e1 trabajando en forma articulada con integrantes del programa de Turismo del Ente de la Regi\u00f3n Sur.<\/p>\n<p class=\"x_MsoNormal\">Por este motivo, se realiz\u00f3 un recorrido por el \u00c1rea Natural Protegida (ANP) Meseta de Somuncura, entrevistando a los Guardas Ambientales de los diferentes sectores. Tambi\u00e9n hicieron entrega de plantines y \u00e1rboles en las Escuela N\u00ba 114, Rosario Vera Pe\u00f1aloza, en el marco de las actividades por el D\u00eda Nacional del \u00c1rbol, que se plantaron junto con los alumnos del los turnos ma\u00f1ana y tarde y los de jard\u00edn de infantes.<\/p>\n<p class=\"x_MsoNormal\">Asimismo se recibieron tapitas de una campa\u00f1a realizada en El Ca\u00edn, que ser\u00e1n enviadas a la sede de la SAyDS en Viedma, entre otras actividades, a la vez que se acordaron propuestas para llevar adelante en forma conjunta.<\/p>\n<p class=\"x_MsoNormal\">El recorrido se llev\u00f3 adelante entre la t\u00e9cnica coordinadora de Turismo, Yamila Chamelli, y la responsable de la oficina jacobacina de SAyDS, Ailen Rodr\u00edguez. Fueron dos jornadas consecutivas, 26 y 27 de agosto, y comprendieron los parajes de Prahuaniyeu, El Ca\u00edn y Chipauquil.<\/p>\n<p class=\"x_MsoNormal\">En los mencionados lugares se entrevistaron con los Guardas Ambientales a fin de conocer los requerimientos de cada sector y realizar las gestiones necesarias para brindar respuestas. Los pedidos estuvieron relacionados con folleter\u00eda, carteler\u00eda y diferentes elementos para el armado de dispositivos para la protecci\u00f3n de las ANPs, como as\u00ed tambi\u00e9n cuestiones relacionadas con la parte administrativas de cada sector.<\/p>\n<p class=\"x_MsoNormal\">En Prahuaniyeu se articul\u00f3 una labor conjunta entre los guardas ambientales y la Comisi\u00f3n de Fomento. Del encuentro tambi\u00e9n participaron docentes, ya que uno de los objetivos es trabajar entre las partes en campa\u00f1as sobre residuos.<\/p>\n<p class=\"x_MsoNormal\">El viernes 26, Ambiente y el Ente iniciaron la recorrida por Chipauquil. All\u00ed mantuvieron una reuni\u00f3n con la directora de la Escuela\u00a0 N\u00ba 76 \u00abLuis Pasteur\u00bb,\u00a0 quien les inform\u00f3 acerca de los trabajos que realizan los Guardas Ambientales y mostr\u00f3 su satisfacci\u00f3n por la labor que llevan a cabo.<\/p>\n<p class=\"x_MsoNormal\">Acompa\u00f1ados por los Guardas,\u00a0 se efectu\u00f3 un recorrido por puntos estrat\u00e9gicos de la Mojarra Desnuda, pinturas y vertientes. En este caso, se plante\u00f3 la necesidad de la colocaci\u00f3n de carteler\u00eda y se\u00f1alizaci\u00f3n.<\/p>\n<p class=\"x_MsoNormal\">Cabe mencionar que el objetivo de estos encuentros para el Ente fue retomar el contacto con los guardas para trabajar en forma conjunta, socializar informaci\u00f3n desde Turismo y entregar una planilla para realizar un registro de visitantes de la zona.<\/p>\n<p class=\"x_MsoNormal\">Durante las pr\u00f3ximas semanas, personal de SAyDS y del Ente recorrer\u00e1n Yaminu\u00e9 y Cona Niyeu, con los mismos objetivos. En esta oportunidad por cuestiones de tiempo no fue posible llegar a dichos parajes.<\/p>\n<p class=\"x_MsoNormal\">\n<p class=\"x_MsoNormal\"><b><i><u>Propuestas acordadas entre SAyDS y el programa de Turismo<\/u><\/i><\/b><\/p>\n<p class=\"x_MsoNormal\">\n<p class=\"x_MsoNormal\">A partir de la visita a la Meseta de Somuncur\u00e1 y de una serie de reuniones entre la SAyDS y del personal del Ente de la Regi\u00f3n Sur, se acordaron una serie de propuestas de trabajo, entre las que se destacan la formulaci\u00f3n de proyectos para la obtenci\u00f3n de carteler\u00eda para los parajes; elaboraci\u00f3n de actividades en funci\u00f3n de las tem\u00e1ticas planteadas (residuos, turismo, reutilizaci\u00f3n, entre otros), spots radiales con recomendaciones para el cuidado del ambiente para los medios cercanos a la Meseta; participaci\u00f3n en determinadas actividades del Programa Forestal del Ente; diferentes campa\u00f1as con las Comisiones de Fomento; se trabajar\u00e1 en la construcci\u00f3n de invern\u00e1culos para lo que podr\u00eda solicitarse la asistencia del INTA y, para determinadas funciones de los Guardas, se solicitar\u00e1 acompa\u00f1amiento policial.<\/p>\n<p>Fuente: Gobierno de R\u00edo Negro<\/p>\n","protected":false},"excerpt":{"rendered":"<p>\u00a0ING. JACOBACCI.-\u00a0La Secretar\u00eda de Ambiente y Desarrollo Sustentable (SAyDS) est\u00e1 trabajando en forma articulada con integrantes del programa de Turismo [&hellip;]<\/p>\n","protected":false},"author":2,"featured_media":0,"comment_status":"closed","ping_status":"closed","sticky":false,"template":"","format":"standard","meta":{"site-sidebar-layout":"default","site-content-layout":"","ast-site-content-layout":"default","site-content-style":"default","site-sidebar-style":"default","ast-global-header-display":"","ast-banner-title-visibility":"","ast-main-header-display":"","ast-hfb-above-header-display":"","ast-hfb-below-header-display":"","ast-hfb-mobile-header-display":"","site-post-title":"","ast-breadcrumbs-content":"","ast-featured-img":"","footer-sml-layout":"","ast-disable-related-posts":"","theme-transparent-header-meta":"","adv-header-id-meta":"","stick-header-meta":"","header-above-stick-meta":"","header-main-stick-meta":"","header-below-stick-meta":"","astra-migrate-meta-layouts":"default","ast-page-background-enabled":"default","ast-page-background-meta":{"desktop":{"background-color":"var(--ast-global-color-5)","background-image":"","background-repeat":"repeat","background-position":"center center","background-size":"auto","background-attachment":"scroll","background-type":"","background-media":"","overlay-type":"","overlay-color":"","overlay-opacity":"","overlay-gradient":""},"tablet":{"background-color":"","background-image":"","background-repeat":"repeat","background-position":"center center","background-size":"auto","background-attachment":"scroll","background-type":"","background-media":"","overlay-type":"","overlay-color":"","overlay-opacity":"","overlay-gradient":""},"mobile":{"background-color":"","background-image":"","background-repeat":"repeat","background-position":"center center","background-size":"auto","background-attachment":"scroll","background-type":"","background-media":"","overlay-type":"","overlay-color":"","overlay-opacity":"","overlay-gradient":""}},"ast-content-background-meta":{"desktop":{"background-color":"var(--ast-global-color-4)","background-image":"","background-repeat":"repeat","background-position":"center center","background-size":"auto","background-attachment":"scroll","background-type":"","background-media":"","overlay-type":"","overlay-color":"","overlay-opacity":"","overlay-gradient":""},"tablet":{"background-color":"var(--ast-global-color-4)","background-image":"","background-repeat":"repeat","background-position":"center center","background-size":"auto","background-attachment":"scroll","background-type":"","background-media":"","overlay-type":"","overlay-color":"","overlay-opacity":"","overlay-gradient":""},"mobile":{"background-color":"var(--ast-global-color-4)","background-image":"","background-repeat":"repeat","background-position":"center center","background-size":"auto","background-attachment":"scroll","background-type":"","background-media":"","overlay-type":"","overlay-color":"","overlay-opacity":"","overlay-gradient":""}},"footnotes":""},"categories":[1,13,14],"tags":[],"class_list":["post-20315","post","type-post","status-publish","format-standard","hentry","category-noticias","category-provinciales","category-rio-negro"],"yoast_head":"<!-- This site is optimized with the Yoast SEO Premium plugin v23.0 (Yoast SEO v27.5) - https:\/\/yoast.com\/product\/yoast-seo-premium-wordpress\/ -->\n<title>Turismo sustentable: Ambiente R\u00edo Negro y el Ente de la Regi\u00f3n Sur articulan trabajos en la Meseta Somuncura<\/title>\n<meta name=\"robots\" content=\"index, follow, max-snippet:-1, max-image-preview:large, max-video-preview:-1\" \/>\n<link rel=\"canonical\" href=\"https:\/\/patagoniambiental.com.ar\/info\/turismo-sustentable-ambiente-y-el-ente-de-la-region-sur-articulan-trabajos-en-la-meseta-somuncura\/\" \/>\n<meta property=\"og:locale\" content=\"es_ES\" \/>\n<meta property=\"og:type\" content=\"article\" \/>\n<meta property=\"og:title\" content=\"Turismo sustentable: Ambiente R\u00edo Negro y el Ente de la Regi\u00f3n Sur articulan trabajos en la Meseta Somuncura\" \/>\n<meta property=\"og:description\" content=\"\u00a0ING. JACOBACCI.-\u00a0La Secretar\u00eda de Ambiente y Desarrollo Sustentable (SAyDS) est\u00e1 trabajando en forma articulada con integrantes del programa de Turismo [&hellip;]\" \/>\n<meta property=\"og:url\" content=\"https:\/\/patagoniambiental.com.ar\/info\/turismo-sustentable-ambiente-y-el-ente-de-la-region-sur-articulan-trabajos-en-la-meseta-somuncura\/\" \/>\n<meta property=\"og:site_name\" content=\"Patagonia Ambiental\" \/>\n<meta property=\"article:publisher\" content=\"https:\/\/www.facebook.com\/patagonia.ambiental\" \/>\n<meta property=\"article:author\" content=\"https:\/\/www.facebook.com\/share\/1C1V8Gv9BX\/?mibextid=qi2Omg\" \/>\n<meta property=\"article:published_time\" content=\"2016-09-01T12:00:53+00:00\" \/>\n<meta name=\"author\" content=\"Patagonia Ambiental\" \/>\n<meta name=\"twitter:card\" content=\"summary_large_image\" \/>\n<meta name=\"twitter:creator\" content=\"@PatAmb\" \/>\n<meta name=\"twitter:site\" content=\"@PatAmb\" \/>\n<script type=\"application\/ld+json\" class=\"yoast-schema-graph\">{\"@context\":\"https:\\\/\\\/schema.org\",\"@graph\":[{\"@type\":\"Article\",\"@id\":\"https:\\\/\\\/patagoniambiental.com.ar\\\/info\\\/turismo-sustentable-ambiente-y-el-ente-de-la-region-sur-articulan-trabajos-en-la-meseta-somuncura\\\/#article\",\"isPartOf\":{\"@id\":\"https:\\\/\\\/patagoniambiental.com.ar\\\/info\\\/turismo-sustentable-ambiente-y-el-ente-de-la-region-sur-articulan-trabajos-en-la-meseta-somuncura\\\/\"},\"author\":{\"name\":\"Patagonia Ambiental\",\"@id\":\"https:\\\/\\\/patagoniambiental.com.ar\\\/info\\\/#\\\/schema\\\/person\\\/db12bff64bbcbf6a253710bf0ea37b5d\"},\"headline\":\"Turismo sustentable: Ambiente R\u00edo Negro y el Ente de la Regi\u00f3n Sur articulan trabajos en la Meseta Somuncura\",\"datePublished\":\"2016-09-01T12:00:53+00:00\",\"mainEntityOfPage\":{\"@id\":\"https:\\\/\\\/patagoniambiental.com.ar\\\/info\\\/turismo-sustentable-ambiente-y-el-ente-de-la-region-sur-articulan-trabajos-en-la-meseta-somuncura\\\/\"},\"wordCount\":631,\"publisher\":{\"@id\":\"https:\\\/\\\/patagoniambiental.com.ar\\\/info\\\/#organization\"},\"articleSection\":[\"Noticias\",\"Provinciales\",\"R\u00edo Negro\"],\"inLanguage\":\"es\"},{\"@type\":\"WebPage\",\"@id\":\"https:\\\/\\\/patagoniambiental.com.ar\\\/info\\\/turismo-sustentable-ambiente-y-el-ente-de-la-region-sur-articulan-trabajos-en-la-meseta-somuncura\\\/\",\"url\":\"https:\\\/\\\/patagoniambiental.com.ar\\\/info\\\/turismo-sustentable-ambiente-y-el-ente-de-la-region-sur-articulan-trabajos-en-la-meseta-somuncura\\\/\",\"name\":\"Turismo sustentable: Ambiente R\u00edo Negro y el Ente de la Regi\u00f3n Sur articulan trabajos en la Meseta Somuncura\",\"isPartOf\":{\"@id\":\"https:\\\/\\\/patagoniambiental.com.ar\\\/info\\\/#website\"},\"datePublished\":\"2016-09-01T12:00:53+00:00\",\"breadcrumb\":{\"@id\":\"https:\\\/\\\/patagoniambiental.com.ar\\\/info\\\/turismo-sustentable-ambiente-y-el-ente-de-la-region-sur-articulan-trabajos-en-la-meseta-somuncura\\\/#breadcrumb\"},\"inLanguage\":\"es\",\"potentialAction\":[{\"@type\":\"ReadAction\",\"target\":[\"https:\\\/\\\/patagoniambiental.com.ar\\\/info\\\/turismo-sustentable-ambiente-y-el-ente-de-la-region-sur-articulan-trabajos-en-la-meseta-somuncura\\\/\"]}]},{\"@type\":\"BreadcrumbList\",\"@id\":\"https:\\\/\\\/patagoniambiental.com.ar\\\/info\\\/turismo-sustentable-ambiente-y-el-ente-de-la-region-sur-articulan-trabajos-en-la-meseta-somuncura\\\/#breadcrumb\",\"itemListElement\":[{\"@type\":\"ListItem\",\"position\":1,\"name\":\"Inicio\",\"item\":\"https:\\\/\\\/patagoniambiental.com.ar\\\/info\\\/\"},{\"@type\":\"ListItem\",\"position\":2,\"name\":\"Turismo sustentable: Ambiente R\u00edo Negro y el Ente de la Regi\u00f3n Sur articulan trabajos en la Meseta Somuncura\"}]},{\"@type\":\"WebSite\",\"@id\":\"https:\\\/\\\/patagoniambiental.com.ar\\\/info\\\/#website\",\"url\":\"https:\\\/\\\/patagoniambiental.com.ar\\\/info\\\/\",\"name\":\"Patagonia Ambiental\",\"description\":\"Monitoreo y an\u00e1lisis de la situaci\u00f3n geopol\u00edtica en el mundo y su implicancia en la Patagonia\",\"publisher\":{\"@id\":\"https:\\\/\\\/patagoniambiental.com.ar\\\/info\\\/#organization\"},\"potentialAction\":[{\"@type\":\"SearchAction\",\"target\":{\"@type\":\"EntryPoint\",\"urlTemplate\":\"https:\\\/\\\/patagoniambiental.com.ar\\\/info\\\/?s={search_term_string}\"},\"query-input\":{\"@type\":\"PropertyValueSpecification\",\"valueRequired\":true,\"valueName\":\"search_term_string\"}}],\"inLanguage\":\"es\"},{\"@type\":\"Organization\",\"@id\":\"https:\\\/\\\/patagoniambiental.com.ar\\\/info\\\/#organization\",\"name\":\"Patagonia Ambiental\",\"url\":\"https:\\\/\\\/patagoniambiental.com.ar\\\/info\\\/\",\"logo\":{\"@type\":\"ImageObject\",\"inLanguage\":\"es\",\"@id\":\"https:\\\/\\\/patagoniambiental.com.ar\\\/info\\\/#\\\/schema\\\/logo\\\/image\\\/\",\"url\":\"https:\\\/\\\/patagoniambiental.com.ar\\\/info\\\/wp-content\\\/uploads\\\/2025\\\/05\\\/LOGO-PATAGONIA-AMBIENTAL.png\",\"contentUrl\":\"https:\\\/\\\/patagoniambiental.com.ar\\\/info\\\/wp-content\\\/uploads\\\/2025\\\/05\\\/LOGO-PATAGONIA-AMBIENTAL.png\",\"width\":433,\"height\":250,\"caption\":\"Patagonia Ambiental\"},\"image\":{\"@id\":\"https:\\\/\\\/patagoniambiental.com.ar\\\/info\\\/#\\\/schema\\\/logo\\\/image\\\/\"},\"sameAs\":[\"https:\\\/\\\/www.facebook.com\\\/patagonia.ambiental\",\"https:\\\/\\\/x.com\\\/PatAmb\"]},{\"@type\":\"Person\",\"@id\":\"https:\\\/\\\/patagoniambiental.com.ar\\\/info\\\/#\\\/schema\\\/person\\\/db12bff64bbcbf6a253710bf0ea37b5d\",\"name\":\"Patagonia Ambiental\",\"description\":\"Andr\u00e9s Nievas T\u00e9cnico en manejo ambiental, consultor Ambiental y escritor para medios locales e internacionales sobre temas de geopolitica y medio ambiente.\",\"sameAs\":[\"http:\\\/\\\/www.patagoniambiental.com.ar\",\"https:\\\/\\\/www.facebook.com\\\/share\\\/1C1V8Gv9BX\\\/?mibextid=qi2Omg\",\"@patagoniambiental\",\"https:\\\/\\\/youtube.com\\\/@patagoniaambiental2023?si=BLt58t0wuXquxlYZ\"]}]}<\/script>\n<!-- \/ Yoast SEO Premium plugin. -->","yoast_head_json":{"title":"Turismo sustentable: Ambiente R\u00edo Negro y el Ente de la Regi\u00f3n Sur articulan trabajos en la Meseta Somuncura","robots":{"index":"index","follow":"follow","max-snippet":"max-snippet:-1","max-image-preview":"max-image-preview:large","max-video-preview":"max-video-preview:-1"},"canonical":"https:\/\/patagoniambiental.com.ar\/info\/turismo-sustentable-ambiente-y-el-ente-de-la-region-sur-articulan-trabajos-en-la-meseta-somuncura\/","og_locale":"es_ES","og_type":"article","og_title":"Turismo sustentable: Ambiente R\u00edo Negro y el Ente de la Regi\u00f3n Sur articulan trabajos en la Meseta Somuncura","og_description":"\u00a0ING. JACOBACCI.-\u00a0La Secretar\u00eda de Ambiente y Desarrollo Sustentable (SAyDS) est\u00e1 trabajando en forma articulada con integrantes del programa de Turismo [&hellip;]","og_url":"https:\/\/patagoniambiental.com.ar\/info\/turismo-sustentable-ambiente-y-el-ente-de-la-region-sur-articulan-trabajos-en-la-meseta-somuncura\/","og_site_name":"Patagonia Ambiental","article_publisher":"https:\/\/www.facebook.com\/patagonia.ambiental","article_author":"https:\/\/www.facebook.com\/share\/1C1V8Gv9BX\/?mibextid=qi2Omg","article_published_time":"2016-09-01T12:00:53+00:00","author":"Patagonia Ambiental","twitter_card":"summary_large_image","twitter_creator":"@PatAmb","twitter_site":"@PatAmb","schema":{"@context":"https:\/\/schema.org","@graph":[{"@type":"Article","@id":"https:\/\/patagoniambiental.com.ar\/info\/turismo-sustentable-ambiente-y-el-ente-de-la-region-sur-articulan-trabajos-en-la-meseta-somuncura\/#article","isPartOf":{"@id":"https:\/\/patagoniambiental.com.ar\/info\/turismo-sustentable-ambiente-y-el-ente-de-la-region-sur-articulan-trabajos-en-la-meseta-somuncura\/"},"author":{"name":"Patagonia Ambiental","@id":"https:\/\/patagoniambiental.com.ar\/info\/#\/schema\/person\/db12bff64bbcbf6a253710bf0ea37b5d"},"headline":"Turismo sustentable: Ambiente R\u00edo Negro y el Ente de la Regi\u00f3n Sur articulan trabajos en la Meseta Somuncura","datePublished":"2016-09-01T12:00:53+00:00","mainEntityOfPage":{"@id":"https:\/\/patagoniambiental.com.ar\/info\/turismo-sustentable-ambiente-y-el-ente-de-la-region-sur-articulan-trabajos-en-la-meseta-somuncura\/"},"wordCount":631,"publisher":{"@id":"https:\/\/patagoniambiental.com.ar\/info\/#organization"},"articleSection":["Noticias","Provinciales","R\u00edo Negro"],"inLanguage":"es"},{"@type":"WebPage","@id":"https:\/\/patagoniambiental.com.ar\/info\/turismo-sustentable-ambiente-y-el-ente-de-la-region-sur-articulan-trabajos-en-la-meseta-somuncura\/","url":"https:\/\/patagoniambiental.com.ar\/info\/turismo-sustentable-ambiente-y-el-ente-de-la-region-sur-articulan-trabajos-en-la-meseta-somuncura\/","name":"Turismo sustentable: Ambiente R\u00edo Negro y el Ente de la Regi\u00f3n Sur articulan trabajos en la Meseta Somuncura","isPartOf":{"@id":"https:\/\/patagoniambiental.com.ar\/info\/#website"},"datePublished":"2016-09-01T12:00:53+00:00","breadcrumb":{"@id":"https:\/\/patagoniambiental.com.ar\/info\/turismo-sustentable-ambiente-y-el-ente-de-la-region-sur-articulan-trabajos-en-la-meseta-somuncura\/#breadcrumb"},"inLanguage":"es","potentialAction":[{"@type":"ReadAction","target":["https:\/\/patagoniambiental.com.ar\/info\/turismo-sustentable-ambiente-y-el-ente-de-la-region-sur-articulan-trabajos-en-la-meseta-somuncura\/"]}]},{"@type":"BreadcrumbList","@id":"https:\/\/patagoniambiental.com.ar\/info\/turismo-sustentable-ambiente-y-el-ente-de-la-region-sur-articulan-trabajos-en-la-meseta-somuncura\/#breadcrumb","itemListElement":[{"@type":"ListItem","position":1,"name":"Inicio","item":"https:\/\/patagoniambiental.com.ar\/info\/"},{"@type":"ListItem","position":2,"name":"Turismo sustentable: Ambiente R\u00edo Negro y el Ente de la Regi\u00f3n Sur articulan trabajos en la Meseta Somuncura"}]},{"@type":"WebSite","@id":"https:\/\/patagoniambiental.com.ar\/info\/#website","url":"https:\/\/patagoniambiental.com.ar\/info\/","name":"Patagonia Ambiental","description":"Monitoreo y an\u00e1lisis de la situaci\u00f3n geopol\u00edtica en el mundo y su implicancia en la Patagonia","publisher":{"@id":"https:\/\/patagoniambiental.com.ar\/info\/#organization"},"potentialAction":[{"@type":"SearchAction","target":{"@type":"EntryPoint","urlTemplate":"https:\/\/patagoniambiental.com.ar\/info\/?s={search_term_string}"},"query-input":{"@type":"PropertyValueSpecification","valueRequired":true,"valueName":"search_term_string"}}],"inLanguage":"es"},{"@type":"Organization","@id":"https:\/\/patagoniambiental.com.ar\/info\/#organization","name":"Patagonia Ambiental","url":"https:\/\/patagoniambiental.com.ar\/info\/","logo":{"@type":"ImageObject","inLanguage":"es","@id":"https:\/\/patagoniambiental.com.ar\/info\/#\/schema\/logo\/image\/","url":"https:\/\/patagoniambiental.com.ar\/info\/wp-content\/uploads\/2025\/05\/LOGO-PATAGONIA-AMBIENTAL.png","contentUrl":"https:\/\/patagoniambiental.com.ar\/info\/wp-content\/uploads\/2025\/05\/LOGO-PATAGONIA-AMBIENTAL.png","width":433,"height":250,"caption":"Patagonia Ambiental"},"image":{"@id":"https:\/\/patagoniambiental.com.ar\/info\/#\/schema\/logo\/image\/"},"sameAs":["https:\/\/www.facebook.com\/patagonia.ambiental","https:\/\/x.com\/PatAmb"]},{"@type":"Person","@id":"https:\/\/patagoniambiental.com.ar\/info\/#\/schema\/person\/db12bff64bbcbf6a253710bf0ea37b5d","name":"Patagonia Ambiental","description":"Andr\u00e9s Nievas T\u00e9cnico en manejo ambiental, consultor Ambiental y escritor para medios locales e internacionales sobre temas de geopolitica y medio ambiente.","sameAs":["http:\/\/www.patagoniambiental.com.ar","https:\/\/www.facebook.com\/share\/1C1V8Gv9BX\/?mibextid=qi2Omg","@patagoniambiental","https:\/\/youtube.com\/@patagoniaambiental2023?si=BLt58t0wuXquxlYZ"]}]}},"_links":{"self":[{"href":"https:\/\/patagoniambiental.com.ar\/info\/wp-json\/wp\/v2\/posts\/20315","targetHints":{"allow":["GET"]}}],"collection":[{"href":"https:\/\/patagoniambiental.com.ar\/info\/wp-json\/wp\/v2\/posts"}],"about":[{"href":"https:\/\/patagoniambiental.com.ar\/info\/wp-json\/wp\/v2\/types\/post"}],"author":[{"embeddable":true,"href":"https:\/\/patagoniambiental.com.ar\/info\/wp-json\/wp\/v2\/users\/2"}],"replies":[{"embeddable":true,"href":"https:\/\/patagoniambiental.com.ar\/info\/wp-json\/wp\/v2\/comments?post=20315"}],"version-history":[{"count":0,"href":"https:\/\/patagoniambiental.com.ar\/info\/wp-json\/wp\/v2\/posts\/20315\/revisions"}],"wp:attachment":[{"href":"https:\/\/patagoniambiental.com.ar\/info\/wp-json\/wp\/v2\/media?parent=20315"}],"wp:term":[{"taxonomy":"category","embeddable":true,"href":"https:\/\/patagoniambiental.com.ar\/info\/wp-json\/wp\/v2\/categories?post=20315"},{"taxonomy":"post_tag","embeddable":true,"href":"https:\/\/patagoniambiental.com.ar\/info\/wp-json\/wp\/v2\/tags?post=20315"}],"curies":[{"name":"wp","href":"https:\/\/api.w.org\/{rel}","templated":true}]}}