{"id":2041,"date":"2008-07-20T00:31:40","date_gmt":"2008-07-20T03:31:40","guid":{"rendered":"http:\/\/patagoniambiental.com.ar\/?p=2041"},"modified":"2008-07-20T00:31:40","modified_gmt":"2008-07-20T03:31:40","slug":"convocatoria-publica-asamblea-por-la-sanidad-de-los-rios-limay-neuquen-y-negro","status":"publish","type":"post","link":"https:\/\/patagoniambiental.com.ar\/info\/convocatoria-publica-asamblea-por-la-sanidad-de-los-rios-limay-neuquen-y-negro\/","title":{"rendered":"Convocatoria P\u00fablica: Asamblea por la Sanidad de los r\u00edos Limay, Neuqu\u00e9n y Negro"},"content":{"rendered":"<p style=\"text-align: justify;\">Asamblea por la Sanidad de los r\u00edos Limay, Neuqu\u00e9n y Negro. El d\u00eda s\u00e1bado 26 de julio en la Escuela Islas Malvinas de Carmen de Patagones\u00a0 a las 15 horas se llevara a cabo la Asamblea por la sanidad de los r\u00edos Limay, Neuqu\u00e9n y Negro. La misma sera abierta para todo p\u00fablico.<\/p>\n<figure id=\"attachment_2042\" aria-describedby=\"caption-attachment-2042\" style=\"width: 502px\" class=\"wp-caption alignnone\"><a href=\"http:\/\/patagoniambiental.com.ar\/wp-content\/uploads\/2014\/08\/viedma.jpg\"><img fetchpriority=\"high\" decoding=\"async\" class=\"wp-image-2042 size-full\" src=\"http:\/\/patagoniambiental.com.ar\/wp-content\/uploads\/2014\/08\/viedma.jpg\" alt=\"www.hoteleriaargentina.com\" width=\"502\" height=\"353\" \/><\/a><figcaption id=\"caption-attachment-2042\" class=\"wp-caption-text\">www.hoteleriaargentina.com<\/figcaption><\/figure>\n<p style=\"text-align: justify;\">Los temas a desarrollar ser\u00e1n:<\/p>\n<p style=\"text-align: justify;\">1. Rese\u00f1a sobre el actual estado de contaminaci\u00f3n cloacal, industrial, agroqu\u00edmica y petrolera de la cuenca del Lago Nahuel Huapi y de los r\u00edos Limay, Neuqu\u00e9n y Negro.<\/p>\n<p style=\"text-align: justify;\">2. Lectura de diversos informes enviados por asamble\u00edstas de otras localidades neuquinas, rionegrinas y bonaerenses al respecto del tema que nos re\u00fane.<\/p>\n<p style=\"text-align: justify;\">3. Planteo cultural, pol\u00edtico, t\u00e9cnico administrativo, legislativo y judicial tendiente a revertir el actual estado de eutrofizaci\u00f3n, degradaci\u00f3n y a\u00fan putrefacci\u00f3n padecido por la cuenca del lago Nahuel Huapi, el agua de los embalses de las represas hidroenerg\u00e9ticas y los r\u00edos Limay, Neuqu\u00e9n y Negro.<\/p>\n<p style=\"text-align: justify;\">4. Posici\u00f3n de la Asamblea tras ser invitada a participar en la pr\u00f3xima reuni\u00f3n conjunta entre el Concejo Deliberante de Viedma y el Honorable Concejo Deliberante de Patagones, a fin de tratar los procesos pol\u00edticos que permitan sanear cada uno de los focos de contaminaci\u00f3n que hoy degradan el total de la cuenca.<\/p>\n<p style=\"text-align: justify;\">5. Determinaci\u00f3n de la figura judicial a adoptar sobre \u00e9l, o los responsables por el volcado directo de las cloacas de Viedma (Municipalidad de Viedma \u2013 ARSA \u2013 DPA \u2013 AIC) &#8211;\u00a0 Determinaci\u00f3n de los abogados responsables y de las\u00a0 personas y o instituciones dispuestas a encabezar este proceso judicial.<\/p>\n<p style=\"text-align: justify;\">6. Conformaci\u00f3n de comisiones para la redacci\u00f3n de las diferentes notas a dirigir a la Autoridad Interjurisdiccional de la Cuenca de los R\u00edos Limay, Neuqu\u00e9n y Negro AIC, al respecto de solicitarle un informe puntual sobre el sistema fiel de tratamiento de cada una de las ciudades, industrias y comercios de las provincias de R\u00edo Negro, Neuqu\u00e9n y Buenos Aires, quienes en forma directa o indirecta a trav\u00e9s de sus colectores cloacales, vuelcan\u00a0 sus efluentes el lago y los r\u00edos de su responsabilidad. (Tal requerimiento ser\u00e1\u00a0 acompa\u00f1ado con la adhesi\u00f3n dada por la firma de 3.800 ciudadanos neuquinos, rionegrinos y bonaerenses)<\/p>\n<p style=\"text-align: justify;\">\n<p style=\"text-align: justify;\">7. Planteo sobre la figura judicial a adoptar, para la confiscaci\u00f3n de los fondos que por regal\u00edas hidroenerg\u00e9ticas son legalmente administrados por la Autoridad Interjurisdiccional de Cuencas AIC, que no tengan como absoluta prioridad la recomposici\u00f3n de cada uno de los focos de contaminaci\u00f3n cloacal, industrial, agroqu\u00edmica y petrolera hoy, con total impunidad, son volcados al agua de la cuenca del lago Nahuel Huapi y de los r\u00edos Limay, Neuqu\u00e9n y Negro.<\/p>\n<p style=\"text-align: justify;\">8. Propuesta para la reuni\u00f3n e integraci\u00f3n de la diversas instituciones, asambleas u ONGs de las provincias de R\u00edo Negro, Neuqu\u00e9n, Buenos Aires y otras localidades interesadas, vinculadas con la recomposici\u00f3n de los focos de contaminaci\u00f3n de la cuenca del lago Nahuel Huapi y los r\u00edos Limay, Neuqu\u00e9n y Negro.<\/p>\n<p style=\"text-align: justify;\">9. Informe sobre la actividad docente realizada por miembros de la Asamblea en Escuelas de Viedma y Patagones, al respecto de los focos de contaminaci\u00f3n del r\u00edo y sistemas de tratamiento de efluentes. Extensi\u00f3n de las charlas a otras escuelas rionegrinas y neuquinas. Planteo sobre actividades culturales realizadas y a concretar.<\/p>\n<p style=\"text-align: justify;\">10. Espacio para la disertaci\u00f3n de funcionarios p\u00fablicos interesados en informar al respecto de la contaminaci\u00f3n del lago Nahuel Huapi y los r\u00edos Limay, Neuqu\u00e9n y Negro.<\/p>\n<p style=\"text-align: justify;\">11. Otras consideraciones, informes y o propuestas de asamble\u00edstas al respecto del tema que nos re\u00fane.<\/p>\n<p style=\"text-align: justify;\">\nASAMBLEA DE CIUDADANOS AUTOCONVOCADOS POR LA SANIDAD DE LOS R\u00cdOS LIMAY, NEUQU\u00c9N Y NEGRO<br \/>\nJ.J. Biedma 87 \u2013 CP 8504 \u2013 Carmen de Patagones \u2013 02920 464.222<br \/>\nunopatun@rnonline.com.ar\u00a0\u00a0\u00a0\u00a0\u00a0\u00a0\u00a0\u00a0\u00a0\u00a0\u00a0 www.eco-comarca.com.ar<\/p>\n","protected":false},"excerpt":{"rendered":"<p>Asamblea por la Sanidad de los r\u00edos Limay, Neuqu\u00e9n y Negro. El d\u00eda s\u00e1bado 26 de julio en la Escuela [&hellip;]<\/p>\n","protected":false},"author":2,"featured_media":2042,"comment_status":"closed","ping_status":"closed","sticky":false,"template":"","format":"standard","meta":{"site-sidebar-layout":"default","site-content-layout":"","ast-site-content-layout":"default","site-content-style":"default","site-sidebar-style":"default","ast-global-header-display":"","ast-banner-title-visibility":"","ast-main-header-display":"","ast-hfb-above-header-display":"","ast-hfb-below-header-display":"","ast-hfb-mobile-header-display":"","site-post-title":"","ast-breadcrumbs-content":"","ast-featured-img":"","footer-sml-layout":"","ast-disable-related-posts":"","theme-transparent-header-meta":"","adv-header-id-meta":"","stick-header-meta":"","header-above-stick-meta":"","header-main-stick-meta":"","header-below-stick-meta":"","astra-migrate-meta-layouts":"default","ast-page-background-enabled":"default","ast-page-background-meta":{"desktop":{"background-color":"var(--ast-global-color-5)","background-image":"","background-repeat":"repeat","background-position":"center center","background-size":"auto","background-attachment":"scroll","background-type":"","background-media":"","overlay-type":"","overlay-color":"","overlay-opacity":"","overlay-gradient":""},"tablet":{"background-color":"","background-image":"","background-repeat":"repeat","background-position":"center center","background-size":"auto","background-attachment":"scroll","background-type":"","background-media":"","overlay-type":"","overlay-color":"","overlay-opacity":"","overlay-gradient":""},"mobile":{"background-color":"","background-image":"","background-repeat":"repeat","background-position":"center center","background-size":"auto","background-attachment":"scroll","background-type":"","background-media":"","overlay-type":"","overlay-color":"","overlay-opacity":"","overlay-gradient":""}},"ast-content-background-meta":{"desktop":{"background-color":"var(--ast-global-color-4)","background-image":"","background-repeat":"repeat","background-position":"center center","background-size":"auto","background-attachment":"scroll","background-type":"","background-media":"","overlay-type":"","overlay-color":"","overlay-opacity":"","overlay-gradient":""},"tablet":{"background-color":"var(--ast-global-color-4)","background-image":"","background-repeat":"repeat","background-position":"center center","background-size":"auto","background-attachment":"scroll","background-type":"","background-media":"","overlay-type":"","overlay-color":"","overlay-opacity":"","overlay-gradient":""},"mobile":{"background-color":"var(--ast-global-color-4)","background-image":"","background-repeat":"repeat","background-position":"center center","background-size":"auto","background-attachment":"scroll","background-type":"","background-media":"","overlay-type":"","overlay-color":"","overlay-opacity":"","overlay-gradient":""}},"footnotes":""},"categories":[1,3],"tags":[78],"class_list":["post-2041","post","type-post","status-publish","format-standard","has-post-thumbnail","hentry","category-noticias","category-ong","tag-cuenca"],"yoast_head":"<!-- This site is optimized with the Yoast SEO Premium plugin v23.0 (Yoast SEO v27.5) - https:\/\/yoast.com\/product\/yoast-seo-premium-wordpress\/ -->\n<title>Convocatoria P\u00fablica: Asamblea por la Sanidad de los r\u00edos Limay, Neuqu\u00e9n y Negro<\/title>\n<meta name=\"robots\" content=\"index, follow, max-snippet:-1, max-image-preview:large, max-video-preview:-1\" \/>\n<link rel=\"canonical\" href=\"https:\/\/patagoniambiental.com.ar\/info\/convocatoria-publica-asamblea-por-la-sanidad-de-los-rios-limay-neuquen-y-negro\/\" \/>\n<meta property=\"og:locale\" content=\"es_ES\" \/>\n<meta property=\"og:type\" content=\"article\" \/>\n<meta property=\"og:title\" content=\"Convocatoria P\u00fablica: Asamblea por la Sanidad de los r\u00edos Limay, Neuqu\u00e9n y Negro\" \/>\n<meta property=\"og:description\" content=\"Asamblea por la Sanidad de los r\u00edos Limay, Neuqu\u00e9n y Negro. El d\u00eda s\u00e1bado 26 de julio en la Escuela [&hellip;]\" \/>\n<meta property=\"og:url\" content=\"https:\/\/patagoniambiental.com.ar\/info\/convocatoria-publica-asamblea-por-la-sanidad-de-los-rios-limay-neuquen-y-negro\/\" \/>\n<meta property=\"og:site_name\" content=\"Patagonia Ambiental\" \/>\n<meta property=\"article:publisher\" content=\"https:\/\/www.facebook.com\/patagonia.ambiental\" \/>\n<meta property=\"article:author\" content=\"https:\/\/www.facebook.com\/share\/1C1V8Gv9BX\/?mibextid=qi2Omg\" \/>\n<meta property=\"article:published_time\" content=\"2008-07-20T03:31:40+00:00\" \/>\n<meta name=\"author\" content=\"Patagonia Ambiental\" \/>\n<meta name=\"twitter:card\" content=\"summary_large_image\" \/>\n<meta name=\"twitter:creator\" content=\"@PatAmb\" \/>\n<meta name=\"twitter:site\" content=\"@PatAmb\" \/>\n<script type=\"application\/ld+json\" class=\"yoast-schema-graph\">{\"@context\":\"https:\\\/\\\/schema.org\",\"@graph\":[{\"@type\":\"Article\",\"@id\":\"https:\\\/\\\/patagoniambiental.com.ar\\\/info\\\/convocatoria-publica-asamblea-por-la-sanidad-de-los-rios-limay-neuquen-y-negro\\\/#article\",\"isPartOf\":{\"@id\":\"https:\\\/\\\/patagoniambiental.com.ar\\\/info\\\/convocatoria-publica-asamblea-por-la-sanidad-de-los-rios-limay-neuquen-y-negro\\\/\"},\"author\":{\"name\":\"Patagonia Ambiental\",\"@id\":\"https:\\\/\\\/patagoniambiental.com.ar\\\/info\\\/#\\\/schema\\\/person\\\/db12bff64bbcbf6a253710bf0ea37b5d\"},\"headline\":\"Convocatoria P\u00fablica: Asamblea por la Sanidad de los r\u00edos Limay, Neuqu\u00e9n y Negro\",\"datePublished\":\"2008-07-20T03:31:40+00:00\",\"mainEntityOfPage\":{\"@id\":\"https:\\\/\\\/patagoniambiental.com.ar\\\/info\\\/convocatoria-publica-asamblea-por-la-sanidad-de-los-rios-limay-neuquen-y-negro\\\/\"},\"wordCount\":680,\"publisher\":{\"@id\":\"https:\\\/\\\/patagoniambiental.com.ar\\\/info\\\/#organization\"},\"image\":{\"@id\":\"https:\\\/\\\/patagoniambiental.com.ar\\\/info\\\/convocatoria-publica-asamblea-por-la-sanidad-de-los-rios-limay-neuquen-y-negro\\\/#primaryimage\"},\"thumbnailUrl\":\"\",\"keywords\":[\"Cuenca\"],\"articleSection\":[\"Noticias\",\"ONG\"],\"inLanguage\":\"es\"},{\"@type\":\"WebPage\",\"@id\":\"https:\\\/\\\/patagoniambiental.com.ar\\\/info\\\/convocatoria-publica-asamblea-por-la-sanidad-de-los-rios-limay-neuquen-y-negro\\\/\",\"url\":\"https:\\\/\\\/patagoniambiental.com.ar\\\/info\\\/convocatoria-publica-asamblea-por-la-sanidad-de-los-rios-limay-neuquen-y-negro\\\/\",\"name\":\"Convocatoria P\u00fablica: Asamblea por la Sanidad de los r\u00edos Limay, Neuqu\u00e9n y Negro\",\"isPartOf\":{\"@id\":\"https:\\\/\\\/patagoniambiental.com.ar\\\/info\\\/#website\"},\"primaryImageOfPage\":{\"@id\":\"https:\\\/\\\/patagoniambiental.com.ar\\\/info\\\/convocatoria-publica-asamblea-por-la-sanidad-de-los-rios-limay-neuquen-y-negro\\\/#primaryimage\"},\"image\":{\"@id\":\"https:\\\/\\\/patagoniambiental.com.ar\\\/info\\\/convocatoria-publica-asamblea-por-la-sanidad-de-los-rios-limay-neuquen-y-negro\\\/#primaryimage\"},\"thumbnailUrl\":\"\",\"datePublished\":\"2008-07-20T03:31:40+00:00\",\"breadcrumb\":{\"@id\":\"https:\\\/\\\/patagoniambiental.com.ar\\\/info\\\/convocatoria-publica-asamblea-por-la-sanidad-de-los-rios-limay-neuquen-y-negro\\\/#breadcrumb\"},\"inLanguage\":\"es\",\"potentialAction\":[{\"@type\":\"ReadAction\",\"target\":[\"https:\\\/\\\/patagoniambiental.com.ar\\\/info\\\/convocatoria-publica-asamblea-por-la-sanidad-de-los-rios-limay-neuquen-y-negro\\\/\"]}]},{\"@type\":\"ImageObject\",\"inLanguage\":\"es\",\"@id\":\"https:\\\/\\\/patagoniambiental.com.ar\\\/info\\\/convocatoria-publica-asamblea-por-la-sanidad-de-los-rios-limay-neuquen-y-negro\\\/#primaryimage\",\"url\":\"\",\"contentUrl\":\"\"},{\"@type\":\"BreadcrumbList\",\"@id\":\"https:\\\/\\\/patagoniambiental.com.ar\\\/info\\\/convocatoria-publica-asamblea-por-la-sanidad-de-los-rios-limay-neuquen-y-negro\\\/#breadcrumb\",\"itemListElement\":[{\"@type\":\"ListItem\",\"position\":1,\"name\":\"Inicio\",\"item\":\"https:\\\/\\\/patagoniambiental.com.ar\\\/info\\\/\"},{\"@type\":\"ListItem\",\"position\":2,\"name\":\"Convocatoria P\u00fablica: Asamblea por la Sanidad de los r\u00edos Limay, Neuqu\u00e9n y Negro\"}]},{\"@type\":\"WebSite\",\"@id\":\"https:\\\/\\\/patagoniambiental.com.ar\\\/info\\\/#website\",\"url\":\"https:\\\/\\\/patagoniambiental.com.ar\\\/info\\\/\",\"name\":\"Patagonia Ambiental\",\"description\":\"Monitoreo y an\u00e1lisis de la situaci\u00f3n geopol\u00edtica en el mundo y su implicancia en la Patagonia\",\"publisher\":{\"@id\":\"https:\\\/\\\/patagoniambiental.com.ar\\\/info\\\/#organization\"},\"potentialAction\":[{\"@type\":\"SearchAction\",\"target\":{\"@type\":\"EntryPoint\",\"urlTemplate\":\"https:\\\/\\\/patagoniambiental.com.ar\\\/info\\\/?s={search_term_string}\"},\"query-input\":{\"@type\":\"PropertyValueSpecification\",\"valueRequired\":true,\"valueName\":\"search_term_string\"}}],\"inLanguage\":\"es\"},{\"@type\":\"Organization\",\"@id\":\"https:\\\/\\\/patagoniambiental.com.ar\\\/info\\\/#organization\",\"name\":\"Patagonia Ambiental\",\"url\":\"https:\\\/\\\/patagoniambiental.com.ar\\\/info\\\/\",\"logo\":{\"@type\":\"ImageObject\",\"inLanguage\":\"es\",\"@id\":\"https:\\\/\\\/patagoniambiental.com.ar\\\/info\\\/#\\\/schema\\\/logo\\\/image\\\/\",\"url\":\"https:\\\/\\\/patagoniambiental.com.ar\\\/info\\\/wp-content\\\/uploads\\\/2025\\\/05\\\/LOGO-PATAGONIA-AMBIENTAL.png\",\"contentUrl\":\"https:\\\/\\\/patagoniambiental.com.ar\\\/info\\\/wp-content\\\/uploads\\\/2025\\\/05\\\/LOGO-PATAGONIA-AMBIENTAL.png\",\"width\":433,\"height\":250,\"caption\":\"Patagonia Ambiental\"},\"image\":{\"@id\":\"https:\\\/\\\/patagoniambiental.com.ar\\\/info\\\/#\\\/schema\\\/logo\\\/image\\\/\"},\"sameAs\":[\"https:\\\/\\\/www.facebook.com\\\/patagonia.ambiental\",\"https:\\\/\\\/x.com\\\/PatAmb\"]},{\"@type\":\"Person\",\"@id\":\"https:\\\/\\\/patagoniambiental.com.ar\\\/info\\\/#\\\/schema\\\/person\\\/db12bff64bbcbf6a253710bf0ea37b5d\",\"name\":\"Patagonia Ambiental\",\"description\":\"Andr\u00e9s Nievas T\u00e9cnico en manejo ambiental, consultor Ambiental y escritor para medios locales e internacionales sobre temas de geopolitica y medio ambiente.\",\"sameAs\":[\"http:\\\/\\\/www.patagoniambiental.com.ar\",\"https:\\\/\\\/www.facebook.com\\\/share\\\/1C1V8Gv9BX\\\/?mibextid=qi2Omg\",\"@patagoniambiental\",\"https:\\\/\\\/youtube.com\\\/@patagoniaambiental2023?si=BLt58t0wuXquxlYZ\"]}]}<\/script>\n<!-- \/ Yoast SEO Premium plugin. -->","yoast_head_json":{"title":"Convocatoria P\u00fablica: Asamblea por la Sanidad de los r\u00edos Limay, Neuqu\u00e9n y Negro","robots":{"index":"index","follow":"follow","max-snippet":"max-snippet:-1","max-image-preview":"max-image-preview:large","max-video-preview":"max-video-preview:-1"},"canonical":"https:\/\/patagoniambiental.com.ar\/info\/convocatoria-publica-asamblea-por-la-sanidad-de-los-rios-limay-neuquen-y-negro\/","og_locale":"es_ES","og_type":"article","og_title":"Convocatoria P\u00fablica: Asamblea por la Sanidad de los r\u00edos Limay, Neuqu\u00e9n y Negro","og_description":"Asamblea por la Sanidad de los r\u00edos Limay, Neuqu\u00e9n y Negro. El d\u00eda s\u00e1bado 26 de julio en la Escuela [&hellip;]","og_url":"https:\/\/patagoniambiental.com.ar\/info\/convocatoria-publica-asamblea-por-la-sanidad-de-los-rios-limay-neuquen-y-negro\/","og_site_name":"Patagonia Ambiental","article_publisher":"https:\/\/www.facebook.com\/patagonia.ambiental","article_author":"https:\/\/www.facebook.com\/share\/1C1V8Gv9BX\/?mibextid=qi2Omg","article_published_time":"2008-07-20T03:31:40+00:00","author":"Patagonia Ambiental","twitter_card":"summary_large_image","twitter_creator":"@PatAmb","twitter_site":"@PatAmb","schema":{"@context":"https:\/\/schema.org","@graph":[{"@type":"Article","@id":"https:\/\/patagoniambiental.com.ar\/info\/convocatoria-publica-asamblea-por-la-sanidad-de-los-rios-limay-neuquen-y-negro\/#article","isPartOf":{"@id":"https:\/\/patagoniambiental.com.ar\/info\/convocatoria-publica-asamblea-por-la-sanidad-de-los-rios-limay-neuquen-y-negro\/"},"author":{"name":"Patagonia Ambiental","@id":"https:\/\/patagoniambiental.com.ar\/info\/#\/schema\/person\/db12bff64bbcbf6a253710bf0ea37b5d"},"headline":"Convocatoria P\u00fablica: Asamblea por la Sanidad de los r\u00edos Limay, Neuqu\u00e9n y Negro","datePublished":"2008-07-20T03:31:40+00:00","mainEntityOfPage":{"@id":"https:\/\/patagoniambiental.com.ar\/info\/convocatoria-publica-asamblea-por-la-sanidad-de-los-rios-limay-neuquen-y-negro\/"},"wordCount":680,"publisher":{"@id":"https:\/\/patagoniambiental.com.ar\/info\/#organization"},"image":{"@id":"https:\/\/patagoniambiental.com.ar\/info\/convocatoria-publica-asamblea-por-la-sanidad-de-los-rios-limay-neuquen-y-negro\/#primaryimage"},"thumbnailUrl":"","keywords":["Cuenca"],"articleSection":["Noticias","ONG"],"inLanguage":"es"},{"@type":"WebPage","@id":"https:\/\/patagoniambiental.com.ar\/info\/convocatoria-publica-asamblea-por-la-sanidad-de-los-rios-limay-neuquen-y-negro\/","url":"https:\/\/patagoniambiental.com.ar\/info\/convocatoria-publica-asamblea-por-la-sanidad-de-los-rios-limay-neuquen-y-negro\/","name":"Convocatoria P\u00fablica: Asamblea por la Sanidad de los r\u00edos Limay, Neuqu\u00e9n y Negro","isPartOf":{"@id":"https:\/\/patagoniambiental.com.ar\/info\/#website"},"primaryImageOfPage":{"@id":"https:\/\/patagoniambiental.com.ar\/info\/convocatoria-publica-asamblea-por-la-sanidad-de-los-rios-limay-neuquen-y-negro\/#primaryimage"},"image":{"@id":"https:\/\/patagoniambiental.com.ar\/info\/convocatoria-publica-asamblea-por-la-sanidad-de-los-rios-limay-neuquen-y-negro\/#primaryimage"},"thumbnailUrl":"","datePublished":"2008-07-20T03:31:40+00:00","breadcrumb":{"@id":"https:\/\/patagoniambiental.com.ar\/info\/convocatoria-publica-asamblea-por-la-sanidad-de-los-rios-limay-neuquen-y-negro\/#breadcrumb"},"inLanguage":"es","potentialAction":[{"@type":"ReadAction","target":["https:\/\/patagoniambiental.com.ar\/info\/convocatoria-publica-asamblea-por-la-sanidad-de-los-rios-limay-neuquen-y-negro\/"]}]},{"@type":"ImageObject","inLanguage":"es","@id":"https:\/\/patagoniambiental.com.ar\/info\/convocatoria-publica-asamblea-por-la-sanidad-de-los-rios-limay-neuquen-y-negro\/#primaryimage","url":"","contentUrl":""},{"@type":"BreadcrumbList","@id":"https:\/\/patagoniambiental.com.ar\/info\/convocatoria-publica-asamblea-por-la-sanidad-de-los-rios-limay-neuquen-y-negro\/#breadcrumb","itemListElement":[{"@type":"ListItem","position":1,"name":"Inicio","item":"https:\/\/patagoniambiental.com.ar\/info\/"},{"@type":"ListItem","position":2,"name":"Convocatoria P\u00fablica: Asamblea por la Sanidad de los r\u00edos Limay, Neuqu\u00e9n y Negro"}]},{"@type":"WebSite","@id":"https:\/\/patagoniambiental.com.ar\/info\/#website","url":"https:\/\/patagoniambiental.com.ar\/info\/","name":"Patagonia Ambiental","description":"Monitoreo y an\u00e1lisis de la situaci\u00f3n geopol\u00edtica en el mundo y su implicancia en la Patagonia","publisher":{"@id":"https:\/\/patagoniambiental.com.ar\/info\/#organization"},"potentialAction":[{"@type":"SearchAction","target":{"@type":"EntryPoint","urlTemplate":"https:\/\/patagoniambiental.com.ar\/info\/?s={search_term_string}"},"query-input":{"@type":"PropertyValueSpecification","valueRequired":true,"valueName":"search_term_string"}}],"inLanguage":"es"},{"@type":"Organization","@id":"https:\/\/patagoniambiental.com.ar\/info\/#organization","name":"Patagonia Ambiental","url":"https:\/\/patagoniambiental.com.ar\/info\/","logo":{"@type":"ImageObject","inLanguage":"es","@id":"https:\/\/patagoniambiental.com.ar\/info\/#\/schema\/logo\/image\/","url":"https:\/\/patagoniambiental.com.ar\/info\/wp-content\/uploads\/2025\/05\/LOGO-PATAGONIA-AMBIENTAL.png","contentUrl":"https:\/\/patagoniambiental.com.ar\/info\/wp-content\/uploads\/2025\/05\/LOGO-PATAGONIA-AMBIENTAL.png","width":433,"height":250,"caption":"Patagonia Ambiental"},"image":{"@id":"https:\/\/patagoniambiental.com.ar\/info\/#\/schema\/logo\/image\/"},"sameAs":["https:\/\/www.facebook.com\/patagonia.ambiental","https:\/\/x.com\/PatAmb"]},{"@type":"Person","@id":"https:\/\/patagoniambiental.com.ar\/info\/#\/schema\/person\/db12bff64bbcbf6a253710bf0ea37b5d","name":"Patagonia Ambiental","description":"Andr\u00e9s Nievas T\u00e9cnico en manejo ambiental, consultor Ambiental y escritor para medios locales e internacionales sobre temas de geopolitica y medio ambiente.","sameAs":["http:\/\/www.patagoniambiental.com.ar","https:\/\/www.facebook.com\/share\/1C1V8Gv9BX\/?mibextid=qi2Omg","@patagoniambiental","https:\/\/youtube.com\/@patagoniaambiental2023?si=BLt58t0wuXquxlYZ"]}]}},"_links":{"self":[{"href":"https:\/\/patagoniambiental.com.ar\/info\/wp-json\/wp\/v2\/posts\/2041","targetHints":{"allow":["GET"]}}],"collection":[{"href":"https:\/\/patagoniambiental.com.ar\/info\/wp-json\/wp\/v2\/posts"}],"about":[{"href":"https:\/\/patagoniambiental.com.ar\/info\/wp-json\/wp\/v2\/types\/post"}],"author":[{"embeddable":true,"href":"https:\/\/patagoniambiental.com.ar\/info\/wp-json\/wp\/v2\/users\/2"}],"replies":[{"embeddable":true,"href":"https:\/\/patagoniambiental.com.ar\/info\/wp-json\/wp\/v2\/comments?post=2041"}],"version-history":[{"count":0,"href":"https:\/\/patagoniambiental.com.ar\/info\/wp-json\/wp\/v2\/posts\/2041\/revisions"}],"wp:featuredmedia":[{"embeddable":true,"href":"https:\/\/patagoniambiental.com.ar\/info\/wp-json\/"}],"wp:attachment":[{"href":"https:\/\/patagoniambiental.com.ar\/info\/wp-json\/wp\/v2\/media?parent=2041"}],"wp:term":[{"taxonomy":"category","embeddable":true,"href":"https:\/\/patagoniambiental.com.ar\/info\/wp-json\/wp\/v2\/categories?post=2041"},{"taxonomy":"post_tag","embeddable":true,"href":"https:\/\/patagoniambiental.com.ar\/info\/wp-json\/wp\/v2\/tags?post=2041"}],"curies":[{"name":"wp","href":"https:\/\/api.w.org\/{rel}","templated":true}]}}