{"id":20562,"date":"2016-09-14T09:00:50","date_gmt":"2016-09-14T12:00:50","guid":{"rendered":"http:\/\/patagoniambiental.com.ar\/?p=20562"},"modified":"2016-09-14T09:00:50","modified_gmt":"2016-09-14T12:00:50","slug":"el-nuevo-edificio-municipal-de-neuquen-tendra-terrazas-verdes","status":"publish","type":"post","link":"https:\/\/patagoniambiental.com.ar\/info\/el-nuevo-edificio-municipal-de-neuquen-tendra-terrazas-verdes\/","title":{"rendered":"El nuevo edificio municipal de Neuquen tendr\u00e1 \u00abterrazas verdes\u00bb"},"content":{"rendered":"<div class=\"p-first-letter\">\n<p>NEUQUEN.- Terminar\u00e1 a fin de mes el movimiento de suelos donde se construir\u00e1 el nuevo edificio central del municipio capitalino, en la altura de una barda en plena barriada del oeste, entre las calles Godoy, Novella, Primero de Mayo, Jos\u00e9 Buffolo y Quimey: la novedad del caso es que contar\u00e1 con \u201cterrazas verdes\u201d, una iniciativa ecol\u00f3gica que todav\u00eda no se ha aplicado en Neuqu\u00e9n.<span id=\"more-47991\"><\/span><\/p>\n<p>El secretario de Obras P\u00fablicas, Guillermo Monzani, explic\u00f3 que \u201chace una semana comenzamos con el movimiento de suelo de 6 mil metros c\u00fabicos y a fines de este mes habremos terminado esas labores, lo que nos permitir\u00e1 avanzar con la licitaci\u00f3n que abriremos la pr\u00f3xima semana para la ejecuci\u00f3n de la primera etapa del edificio\u201d.<\/p>\n<p>El funcionario manifest\u00f3 que \u201cse est\u00e1 trabajando muy bien y pronto podremos comenzar a ver las bases, las fundaciones y columnas de la nueva Municipalidad\u201d y consider\u00f3 que a fines de 2018 o a principios del siguiente a\u00f1o \u201cestar\u00edamos en condiciones de comenzar la mudanza, tal como lo anunci\u00f3 el intendente Horacio Quiroga\u201d.<\/p>\n<p>\u201cEl edificio ser\u00e1 muy moderno y contar\u00e1 con caracter\u00edsticas sustentables o ecol\u00f3gicas\u201d, se\u00f1al\u00f3 y detall\u00f3 que \u201cen el proyecto final se prev\u00e9 que cuente con las famosas terrazas verdes\u201d. Las as\u00ed denominadas terrazas, generalmente se construyen con tierra y llevan c\u00e9sped y hasta arbustos, y permiten obtener un beneficio tanto hacia el interior del edificio como en su impacto ecol\u00f3gico hacia el ambiente.<\/p>\n<p>Inform\u00f3 que se realiz\u00f3 un estudio importante para permitir incorporar sistemas y tecnolog\u00edas que permitan el ahorro de energ\u00eda \u201cpara que en el verano no sea necesario usar tanto aire acondicionado ni en el invierno tanta calefacci\u00f3n. Esto, sumado al tratamiento de las aguas grises y de las aguas negras, colaborar\u00e1 a que ese edificio tenga sustentabilidad\u201d, remarc\u00f3.<\/p>\n<p>El cercado ser\u00e1 de dos metros de altura con postes de eucaliptus de 15 cent\u00edmetros de di\u00e1metro, malla electrosoldada de 4,2 mil\u00edmetros de 15 por 15 y bases de hormig\u00f3n, y un port\u00f3n de acceso de dos hojas de 1,50 por 2 metros. El movimiento de suelo y de nivelaci\u00f3n se realiza por medios mec\u00e1nicos y en un volumen estimado de 6.000 metros c\u00fabicos.<\/p>\n<p>\u201cApuntamos a un edificio que no tenga las caracter\u00edsticas netamente administrativas en el horario de la administraci\u00f3n p\u00fablica, sino que sea un espacio de mucha interacci\u00f3n con el barrio, con el centro que se armar\u00e1 alrededor de Godoy y Novella\u201d, expres\u00f3 el secretario de Obras P\u00fablicas.<\/p>\n<p>En ese sentido, expres\u00f3 que \u201cla idea es que puedan utilizarse todas las instalaciones ya que contar\u00e1 con auditorio, una plaza de ceremonias y un espacio deportivo en la periferia, as\u00ed que en ese sentido ser\u00e1 un edificio muy integrado a la comunidad\u201d.<\/p>\n<p>Detall\u00f3 que el nuevo palacio municipal ser\u00e1 un edificio multiprop\u00f3sito pues contar\u00e1 con una plaza c\u00edvica de 1.200 metros cuadrados destinada a actividades protocolares y celebraciones, y otros 6.500 que sumar\u00e1n un auditorio; un centro cultural; un \u00e1rea para actividades deportivas y las cocheras. El inmueble tendr\u00e1 cuatro plantas de 1.800 metros cuadrados cada una.<\/p>\n<p>El edificio actual de Roca y Avenida Argentina ser\u00e1 \u201crefuncionalizado\u201d (SIC) para actividades culturales y contar\u00e1 con un centro de dise\u00f1o y usina de emprendimientos, un auditorio, una sala de exposiciones y una biblioteca virtual, adem\u00e1s de espacios para la realizaci\u00f3n de talleres.<\/p>\n<\/div>\n<div class=\"clear\">\u00a0Fuente: Diariamente Neuquen<\/div>\n","protected":false},"excerpt":{"rendered":"<p>NEUQUEN.- Terminar\u00e1 a fin de mes el movimiento de suelos donde se construir\u00e1 el nuevo edificio central del municipio capitalino, [&hellip;]<\/p>\n","protected":false},"author":2,"featured_media":0,"comment_status":"closed","ping_status":"closed","sticky":false,"template":"","format":"standard","meta":{"site-sidebar-layout":"default","site-content-layout":"","ast-site-content-layout":"default","site-content-style":"default","site-sidebar-style":"default","ast-global-header-display":"","ast-banner-title-visibility":"","ast-main-header-display":"","ast-hfb-above-header-display":"","ast-hfb-below-header-display":"","ast-hfb-mobile-header-display":"","site-post-title":"","ast-breadcrumbs-content":"","ast-featured-img":"","footer-sml-layout":"","ast-disable-related-posts":"","theme-transparent-header-meta":"","adv-header-id-meta":"","stick-header-meta":"","header-above-stick-meta":"","header-main-stick-meta":"","header-below-stick-meta":"","astra-migrate-meta-layouts":"default","ast-page-background-enabled":"default","ast-page-background-meta":{"desktop":{"background-color":"var(--ast-global-color-5)","background-image":"","background-repeat":"repeat","background-position":"center center","background-size":"auto","background-attachment":"scroll","background-type":"","background-media":"","overlay-type":"","overlay-color":"","overlay-opacity":"","overlay-gradient":""},"tablet":{"background-color":"","background-image":"","background-repeat":"repeat","background-position":"center center","background-size":"auto","background-attachment":"scroll","background-type":"","background-media":"","overlay-type":"","overlay-color":"","overlay-opacity":"","overlay-gradient":""},"mobile":{"background-color":"","background-image":"","background-repeat":"repeat","background-position":"center center","background-size":"auto","background-attachment":"scroll","background-type":"","background-media":"","overlay-type":"","overlay-color":"","overlay-opacity":"","overlay-gradient":""}},"ast-content-background-meta":{"desktop":{"background-color":"var(--ast-global-color-4)","background-image":"","background-repeat":"repeat","background-position":"center center","background-size":"auto","background-attachment":"scroll","background-type":"","background-media":"","overlay-type":"","overlay-color":"","overlay-opacity":"","overlay-gradient":""},"tablet":{"background-color":"var(--ast-global-color-4)","background-image":"","background-repeat":"repeat","background-position":"center center","background-size":"auto","background-attachment":"scroll","background-type":"","background-media":"","overlay-type":"","overlay-color":"","overlay-opacity":"","overlay-gradient":""},"mobile":{"background-color":"var(--ast-global-color-4)","background-image":"","background-repeat":"repeat","background-position":"center center","background-size":"auto","background-attachment":"scroll","background-type":"","background-media":"","overlay-type":"","overlay-color":"","overlay-opacity":"","overlay-gradient":""}},"footnotes":""},"categories":[16,1],"tags":[],"class_list":["post-20562","post","type-post","status-publish","format-standard","hentry","category-municipales","category-noticias"],"yoast_head":"<!-- This site is optimized with the Yoast SEO Premium plugin v23.0 (Yoast SEO v27.5) - https:\/\/yoast.com\/product\/yoast-seo-premium-wordpress\/ -->\n<title>El nuevo edificio municipal de Neuquen tendr\u00e1 &quot;terrazas verdes&quot;<\/title>\n<meta name=\"robots\" content=\"index, follow, max-snippet:-1, max-image-preview:large, max-video-preview:-1\" \/>\n<link rel=\"canonical\" href=\"https:\/\/patagoniambiental.com.ar\/info\/el-nuevo-edificio-municipal-de-neuquen-tendra-terrazas-verdes\/\" \/>\n<meta property=\"og:locale\" content=\"es_ES\" \/>\n<meta property=\"og:type\" content=\"article\" \/>\n<meta property=\"og:title\" content=\"El nuevo edificio municipal de Neuquen tendr\u00e1 &quot;terrazas verdes&quot;\" \/>\n<meta property=\"og:description\" content=\"NEUQUEN.- Terminar\u00e1 a fin de mes el movimiento de suelos donde se construir\u00e1 el nuevo edificio central del municipio capitalino, [&hellip;]\" \/>\n<meta property=\"og:url\" content=\"https:\/\/patagoniambiental.com.ar\/info\/el-nuevo-edificio-municipal-de-neuquen-tendra-terrazas-verdes\/\" \/>\n<meta property=\"og:site_name\" content=\"Patagonia Ambiental\" \/>\n<meta property=\"article:publisher\" content=\"https:\/\/www.facebook.com\/patagonia.ambiental\" \/>\n<meta property=\"article:author\" content=\"https:\/\/www.facebook.com\/share\/1C1V8Gv9BX\/?mibextid=qi2Omg\" \/>\n<meta property=\"article:published_time\" content=\"2016-09-14T12:00:50+00:00\" \/>\n<meta name=\"author\" content=\"Patagonia Ambiental\" \/>\n<meta name=\"twitter:card\" content=\"summary_large_image\" \/>\n<meta name=\"twitter:creator\" content=\"@PatAmb\" \/>\n<meta name=\"twitter:site\" content=\"@PatAmb\" \/>\n<script type=\"application\/ld+json\" class=\"yoast-schema-graph\">{\"@context\":\"https:\\\/\\\/schema.org\",\"@graph\":[{\"@type\":\"Article\",\"@id\":\"https:\\\/\\\/patagoniambiental.com.ar\\\/info\\\/el-nuevo-edificio-municipal-de-neuquen-tendra-terrazas-verdes\\\/#article\",\"isPartOf\":{\"@id\":\"https:\\\/\\\/patagoniambiental.com.ar\\\/info\\\/el-nuevo-edificio-municipal-de-neuquen-tendra-terrazas-verdes\\\/\"},\"author\":{\"name\":\"Patagonia Ambiental\",\"@id\":\"https:\\\/\\\/patagoniambiental.com.ar\\\/info\\\/#\\\/schema\\\/person\\\/db12bff64bbcbf6a253710bf0ea37b5d\"},\"headline\":\"El nuevo edificio municipal de Neuquen tendr\u00e1 \u00abterrazas verdes\u00bb\",\"datePublished\":\"2016-09-14T12:00:50+00:00\",\"mainEntityOfPage\":{\"@id\":\"https:\\\/\\\/patagoniambiental.com.ar\\\/info\\\/el-nuevo-edificio-municipal-de-neuquen-tendra-terrazas-verdes\\\/\"},\"wordCount\":582,\"publisher\":{\"@id\":\"https:\\\/\\\/patagoniambiental.com.ar\\\/info\\\/#organization\"},\"articleSection\":[\"Municipales\",\"Noticias\"],\"inLanguage\":\"es\"},{\"@type\":\"WebPage\",\"@id\":\"https:\\\/\\\/patagoniambiental.com.ar\\\/info\\\/el-nuevo-edificio-municipal-de-neuquen-tendra-terrazas-verdes\\\/\",\"url\":\"https:\\\/\\\/patagoniambiental.com.ar\\\/info\\\/el-nuevo-edificio-municipal-de-neuquen-tendra-terrazas-verdes\\\/\",\"name\":\"El nuevo edificio municipal de Neuquen tendr\u00e1 \\\"terrazas verdes\\\"\",\"isPartOf\":{\"@id\":\"https:\\\/\\\/patagoniambiental.com.ar\\\/info\\\/#website\"},\"datePublished\":\"2016-09-14T12:00:50+00:00\",\"breadcrumb\":{\"@id\":\"https:\\\/\\\/patagoniambiental.com.ar\\\/info\\\/el-nuevo-edificio-municipal-de-neuquen-tendra-terrazas-verdes\\\/#breadcrumb\"},\"inLanguage\":\"es\",\"potentialAction\":[{\"@type\":\"ReadAction\",\"target\":[\"https:\\\/\\\/patagoniambiental.com.ar\\\/info\\\/el-nuevo-edificio-municipal-de-neuquen-tendra-terrazas-verdes\\\/\"]}]},{\"@type\":\"BreadcrumbList\",\"@id\":\"https:\\\/\\\/patagoniambiental.com.ar\\\/info\\\/el-nuevo-edificio-municipal-de-neuquen-tendra-terrazas-verdes\\\/#breadcrumb\",\"itemListElement\":[{\"@type\":\"ListItem\",\"position\":1,\"name\":\"Inicio\",\"item\":\"https:\\\/\\\/patagoniambiental.com.ar\\\/info\\\/\"},{\"@type\":\"ListItem\",\"position\":2,\"name\":\"El nuevo edificio municipal de Neuquen tendr\u00e1 \u00abterrazas verdes\u00bb\"}]},{\"@type\":\"WebSite\",\"@id\":\"https:\\\/\\\/patagoniambiental.com.ar\\\/info\\\/#website\",\"url\":\"https:\\\/\\\/patagoniambiental.com.ar\\\/info\\\/\",\"name\":\"Patagonia Ambiental\",\"description\":\"Monitoreo y an\u00e1lisis de la situaci\u00f3n geopol\u00edtica en el mundo y su implicancia en la Patagonia\",\"publisher\":{\"@id\":\"https:\\\/\\\/patagoniambiental.com.ar\\\/info\\\/#organization\"},\"potentialAction\":[{\"@type\":\"SearchAction\",\"target\":{\"@type\":\"EntryPoint\",\"urlTemplate\":\"https:\\\/\\\/patagoniambiental.com.ar\\\/info\\\/?s={search_term_string}\"},\"query-input\":{\"@type\":\"PropertyValueSpecification\",\"valueRequired\":true,\"valueName\":\"search_term_string\"}}],\"inLanguage\":\"es\"},{\"@type\":\"Organization\",\"@id\":\"https:\\\/\\\/patagoniambiental.com.ar\\\/info\\\/#organization\",\"name\":\"Patagonia Ambiental\",\"url\":\"https:\\\/\\\/patagoniambiental.com.ar\\\/info\\\/\",\"logo\":{\"@type\":\"ImageObject\",\"inLanguage\":\"es\",\"@id\":\"https:\\\/\\\/patagoniambiental.com.ar\\\/info\\\/#\\\/schema\\\/logo\\\/image\\\/\",\"url\":\"https:\\\/\\\/patagoniambiental.com.ar\\\/info\\\/wp-content\\\/uploads\\\/2025\\\/05\\\/LOGO-PATAGONIA-AMBIENTAL.png\",\"contentUrl\":\"https:\\\/\\\/patagoniambiental.com.ar\\\/info\\\/wp-content\\\/uploads\\\/2025\\\/05\\\/LOGO-PATAGONIA-AMBIENTAL.png\",\"width\":433,\"height\":250,\"caption\":\"Patagonia Ambiental\"},\"image\":{\"@id\":\"https:\\\/\\\/patagoniambiental.com.ar\\\/info\\\/#\\\/schema\\\/logo\\\/image\\\/\"},\"sameAs\":[\"https:\\\/\\\/www.facebook.com\\\/patagonia.ambiental\",\"https:\\\/\\\/x.com\\\/PatAmb\"]},{\"@type\":\"Person\",\"@id\":\"https:\\\/\\\/patagoniambiental.com.ar\\\/info\\\/#\\\/schema\\\/person\\\/db12bff64bbcbf6a253710bf0ea37b5d\",\"name\":\"Patagonia Ambiental\",\"description\":\"Andr\u00e9s Nievas T\u00e9cnico en manejo ambiental, consultor Ambiental y escritor para medios locales e internacionales sobre temas de geopolitica y medio ambiente.\",\"sameAs\":[\"http:\\\/\\\/www.patagoniambiental.com.ar\",\"https:\\\/\\\/www.facebook.com\\\/share\\\/1C1V8Gv9BX\\\/?mibextid=qi2Omg\",\"@patagoniambiental\",\"https:\\\/\\\/youtube.com\\\/@patagoniaambiental2023?si=BLt58t0wuXquxlYZ\"]}]}<\/script>\n<!-- \/ Yoast SEO Premium plugin. -->","yoast_head_json":{"title":"El nuevo edificio municipal de Neuquen tendr\u00e1 \"terrazas verdes\"","robots":{"index":"index","follow":"follow","max-snippet":"max-snippet:-1","max-image-preview":"max-image-preview:large","max-video-preview":"max-video-preview:-1"},"canonical":"https:\/\/patagoniambiental.com.ar\/info\/el-nuevo-edificio-municipal-de-neuquen-tendra-terrazas-verdes\/","og_locale":"es_ES","og_type":"article","og_title":"El nuevo edificio municipal de Neuquen tendr\u00e1 \"terrazas verdes\"","og_description":"NEUQUEN.- Terminar\u00e1 a fin de mes el movimiento de suelos donde se construir\u00e1 el nuevo edificio central del municipio capitalino, [&hellip;]","og_url":"https:\/\/patagoniambiental.com.ar\/info\/el-nuevo-edificio-municipal-de-neuquen-tendra-terrazas-verdes\/","og_site_name":"Patagonia Ambiental","article_publisher":"https:\/\/www.facebook.com\/patagonia.ambiental","article_author":"https:\/\/www.facebook.com\/share\/1C1V8Gv9BX\/?mibextid=qi2Omg","article_published_time":"2016-09-14T12:00:50+00:00","author":"Patagonia Ambiental","twitter_card":"summary_large_image","twitter_creator":"@PatAmb","twitter_site":"@PatAmb","schema":{"@context":"https:\/\/schema.org","@graph":[{"@type":"Article","@id":"https:\/\/patagoniambiental.com.ar\/info\/el-nuevo-edificio-municipal-de-neuquen-tendra-terrazas-verdes\/#article","isPartOf":{"@id":"https:\/\/patagoniambiental.com.ar\/info\/el-nuevo-edificio-municipal-de-neuquen-tendra-terrazas-verdes\/"},"author":{"name":"Patagonia Ambiental","@id":"https:\/\/patagoniambiental.com.ar\/info\/#\/schema\/person\/db12bff64bbcbf6a253710bf0ea37b5d"},"headline":"El nuevo edificio municipal de Neuquen tendr\u00e1 \u00abterrazas verdes\u00bb","datePublished":"2016-09-14T12:00:50+00:00","mainEntityOfPage":{"@id":"https:\/\/patagoniambiental.com.ar\/info\/el-nuevo-edificio-municipal-de-neuquen-tendra-terrazas-verdes\/"},"wordCount":582,"publisher":{"@id":"https:\/\/patagoniambiental.com.ar\/info\/#organization"},"articleSection":["Municipales","Noticias"],"inLanguage":"es"},{"@type":"WebPage","@id":"https:\/\/patagoniambiental.com.ar\/info\/el-nuevo-edificio-municipal-de-neuquen-tendra-terrazas-verdes\/","url":"https:\/\/patagoniambiental.com.ar\/info\/el-nuevo-edificio-municipal-de-neuquen-tendra-terrazas-verdes\/","name":"El nuevo edificio municipal de Neuquen tendr\u00e1 \"terrazas verdes\"","isPartOf":{"@id":"https:\/\/patagoniambiental.com.ar\/info\/#website"},"datePublished":"2016-09-14T12:00:50+00:00","breadcrumb":{"@id":"https:\/\/patagoniambiental.com.ar\/info\/el-nuevo-edificio-municipal-de-neuquen-tendra-terrazas-verdes\/#breadcrumb"},"inLanguage":"es","potentialAction":[{"@type":"ReadAction","target":["https:\/\/patagoniambiental.com.ar\/info\/el-nuevo-edificio-municipal-de-neuquen-tendra-terrazas-verdes\/"]}]},{"@type":"BreadcrumbList","@id":"https:\/\/patagoniambiental.com.ar\/info\/el-nuevo-edificio-municipal-de-neuquen-tendra-terrazas-verdes\/#breadcrumb","itemListElement":[{"@type":"ListItem","position":1,"name":"Inicio","item":"https:\/\/patagoniambiental.com.ar\/info\/"},{"@type":"ListItem","position":2,"name":"El nuevo edificio municipal de Neuquen tendr\u00e1 \u00abterrazas verdes\u00bb"}]},{"@type":"WebSite","@id":"https:\/\/patagoniambiental.com.ar\/info\/#website","url":"https:\/\/patagoniambiental.com.ar\/info\/","name":"Patagonia Ambiental","description":"Monitoreo y an\u00e1lisis de la situaci\u00f3n geopol\u00edtica en el mundo y su implicancia en la Patagonia","publisher":{"@id":"https:\/\/patagoniambiental.com.ar\/info\/#organization"},"potentialAction":[{"@type":"SearchAction","target":{"@type":"EntryPoint","urlTemplate":"https:\/\/patagoniambiental.com.ar\/info\/?s={search_term_string}"},"query-input":{"@type":"PropertyValueSpecification","valueRequired":true,"valueName":"search_term_string"}}],"inLanguage":"es"},{"@type":"Organization","@id":"https:\/\/patagoniambiental.com.ar\/info\/#organization","name":"Patagonia Ambiental","url":"https:\/\/patagoniambiental.com.ar\/info\/","logo":{"@type":"ImageObject","inLanguage":"es","@id":"https:\/\/patagoniambiental.com.ar\/info\/#\/schema\/logo\/image\/","url":"https:\/\/patagoniambiental.com.ar\/info\/wp-content\/uploads\/2025\/05\/LOGO-PATAGONIA-AMBIENTAL.png","contentUrl":"https:\/\/patagoniambiental.com.ar\/info\/wp-content\/uploads\/2025\/05\/LOGO-PATAGONIA-AMBIENTAL.png","width":433,"height":250,"caption":"Patagonia Ambiental"},"image":{"@id":"https:\/\/patagoniambiental.com.ar\/info\/#\/schema\/logo\/image\/"},"sameAs":["https:\/\/www.facebook.com\/patagonia.ambiental","https:\/\/x.com\/PatAmb"]},{"@type":"Person","@id":"https:\/\/patagoniambiental.com.ar\/info\/#\/schema\/person\/db12bff64bbcbf6a253710bf0ea37b5d","name":"Patagonia Ambiental","description":"Andr\u00e9s Nievas T\u00e9cnico en manejo ambiental, consultor Ambiental y escritor para medios locales e internacionales sobre temas de geopolitica y medio ambiente.","sameAs":["http:\/\/www.patagoniambiental.com.ar","https:\/\/www.facebook.com\/share\/1C1V8Gv9BX\/?mibextid=qi2Omg","@patagoniambiental","https:\/\/youtube.com\/@patagoniaambiental2023?si=BLt58t0wuXquxlYZ"]}]}},"_links":{"self":[{"href":"https:\/\/patagoniambiental.com.ar\/info\/wp-json\/wp\/v2\/posts\/20562","targetHints":{"allow":["GET"]}}],"collection":[{"href":"https:\/\/patagoniambiental.com.ar\/info\/wp-json\/wp\/v2\/posts"}],"about":[{"href":"https:\/\/patagoniambiental.com.ar\/info\/wp-json\/wp\/v2\/types\/post"}],"author":[{"embeddable":true,"href":"https:\/\/patagoniambiental.com.ar\/info\/wp-json\/wp\/v2\/users\/2"}],"replies":[{"embeddable":true,"href":"https:\/\/patagoniambiental.com.ar\/info\/wp-json\/wp\/v2\/comments?post=20562"}],"version-history":[{"count":0,"href":"https:\/\/patagoniambiental.com.ar\/info\/wp-json\/wp\/v2\/posts\/20562\/revisions"}],"wp:attachment":[{"href":"https:\/\/patagoniambiental.com.ar\/info\/wp-json\/wp\/v2\/media?parent=20562"}],"wp:term":[{"taxonomy":"category","embeddable":true,"href":"https:\/\/patagoniambiental.com.ar\/info\/wp-json\/wp\/v2\/categories?post=20562"},{"taxonomy":"post_tag","embeddable":true,"href":"https:\/\/patagoniambiental.com.ar\/info\/wp-json\/wp\/v2\/tags?post=20562"}],"curies":[{"name":"wp","href":"https:\/\/api.w.org\/{rel}","templated":true}]}}