{"id":20589,"date":"2016-09-15T09:00:34","date_gmt":"2016-09-15T12:00:34","guid":{"rendered":"http:\/\/patagoniambiental.com.ar\/?p=20589"},"modified":"2016-09-15T09:00:34","modified_gmt":"2016-09-15T12:00:34","slug":"anuncian-otra-inversion-en-energia-eolica-para-patagones","status":"publish","type":"post","link":"https:\/\/patagoniambiental.com.ar\/info\/anuncian-otra-inversion-en-energia-eolica-para-patagones\/","title":{"rendered":"Anuncian otra inversi\u00f3n en energ\u00eda e\u00f3lica para Patagones"},"content":{"rendered":"<p>CARMEN DE PATAGONES.- La empresa Central Puerto confirm\u00f3 obras por m\u00e1s de US$\u00a0180 millones. \u201cNos podremos unir a la red nacional de producci\u00f3n de energ\u00eda\u201d, dijo Humberto Iglesias, de Desarrollo Territorial.\u00a0Seg\u00fan se anunci\u00f3, el parque e\u00f3lico ser\u00e1 instalado a 30 kil\u00f3metros al norte de la ciudad de Carmen de Patagones.<\/p>\n<div>El secretario de Desarrollo Territorial de la municipalidad de Patagones, Humberto Iglesias, confirm\u00f3 que la empresa Central Puerto (CP) invertir\u00e1 m\u00e1s de 180 millones de d\u00f3lares para desarrollar un parque e\u00f3lico en el distrito, lo que permitir\u00e1 integrarlo a la red nacional de producci\u00f3n de energ\u00eda mediante la instalaci\u00f3n de aerogeneradores.<\/div>\n<div><\/div>\n<div>\u201cLa empresa ya present\u00f3, ante el municipio la documentaci\u00f3n probatoria con los resultados de los estudios pertinentes para el funcionamiento de un parque e\u00f3lico\u201d, dijo el funcionario.<\/div>\n<div><\/div>\n<div>\u201cSer\u00e1 instalado a 30 kil\u00f3metros al norte de la ciudad de Carmen de Patagones, en un campo que fue adquirido para tal efecto\u201d, agreg\u00f3.<\/div>\n<div><\/div>\n<div>El parque e\u00f3lico estar\u00e1 conformado por 38 aerogeneradores, con una potencia de entre 80 y 140 MW.<\/div>\n<div><\/div>\n<div>Ocupar\u00e1 un predio de 1.700 hect\u00e1reas, y estar\u00e1 interconectado con el sistema nacional a trav\u00e9s de la l\u00ednea de alta tensi\u00f3n que llega a Pedro Luro, en el partido de Villarino Iglesias destac\u00f3 que este empendimiento -el segundo en su tipo que se presenta en el distrito en los \u00faltimos 30 d\u00edas- es impulsado \u00abpor la principal empresa productora de energ\u00eda eoloel\u00e9ctrica en la Argentina\u00bb.<\/div>\n<div><\/div>\n<div>\u201cEl proyecto de construcci\u00f3n del parque e\u00f3lico responde a la necesidad de encontrar nuevas alternativas para generar energ\u00eda el\u00e9ctrica que resulten amigables con el medio ambiente\u201d, destac\u00f3.<\/div>\n<div><\/div>\n<div>El emprendimiento implicar\u00e1 para el distrito beneficios sociales y econ\u00f3micos, como sucede cada vez que se genera un ahorro en el uso de energ\u00eda.<\/div>\n<div><\/div>\n<div>\u201cCP llevar\u00e1 adelante la licitaci\u00f3n de la obra en los pr\u00f3ximos d\u00edas. Ya hay tres firmas interesadas en radicarse aqu\u00ed\u201d, resalt\u00f3 Iglesias.<\/div>\n<div><\/div>\n<div><b>Hace un mes<\/b><\/div>\n<div><\/div>\n<div>A principios de agosto, la empresa chilena Dax Energy hab\u00eda anunciado que estaba evaluando llevar adelante otro proyecto de generaci\u00f3n de energ\u00eda e\u00f3lica en Patagones, en este caso con una inversi\u00f3n inicial de unos US$ 140 millones.<\/div>\n<div><\/div>\n<div>De acuerdo con las especificaciones del plan, se prev\u00e9 contar con una capacidad instalada de 86 MW, gracias a la instalaci\u00f3n de 24 aerogeneradores de 150 metros de altura en la zona de Stroeder.<\/div>\n<div><\/div>\n<div>El proyecto contempla un per\u00edodo de desarrollo de 24 meses de instalaci\u00f3n, permitiendo que todo se encuentre en funcionamiento 15 meses despu\u00e9s.<\/div>\n<div><\/div>\n<div>Los aerogeneradores se ubicar\u00edan en el establecimiento Santa Ana, se inform\u00f3.<\/div>\n<div><\/div>\n<div>Fuente: La Nueva<\/div>\n","protected":false},"excerpt":{"rendered":"<p>CARMEN DE PATAGONES.- La empresa Central Puerto confirm\u00f3 obras por m\u00e1s de US$\u00a0180 millones. \u201cNos podremos unir a la red [&hellip;]<\/p>\n","protected":false},"author":2,"featured_media":0,"comment_status":"closed","ping_status":"closed","sticky":false,"template":"","format":"standard","meta":{"site-sidebar-layout":"default","site-content-layout":"","ast-site-content-layout":"default","site-content-style":"default","site-sidebar-style":"default","ast-global-header-display":"","ast-banner-title-visibility":"","ast-main-header-display":"","ast-hfb-above-header-display":"","ast-hfb-below-header-display":"","ast-hfb-mobile-header-display":"","site-post-title":"","ast-breadcrumbs-content":"","ast-featured-img":"","footer-sml-layout":"","ast-disable-related-posts":"","theme-transparent-header-meta":"","adv-header-id-meta":"","stick-header-meta":"","header-above-stick-meta":"","header-main-stick-meta":"","header-below-stick-meta":"","astra-migrate-meta-layouts":"default","ast-page-background-enabled":"default","ast-page-background-meta":{"desktop":{"background-color":"var(--ast-global-color-5)","background-image":"","background-repeat":"repeat","background-position":"center center","background-size":"auto","background-attachment":"scroll","background-type":"","background-media":"","overlay-type":"","overlay-color":"","overlay-opacity":"","overlay-gradient":""},"tablet":{"background-color":"","background-image":"","background-repeat":"repeat","background-position":"center center","background-size":"auto","background-attachment":"scroll","background-type":"","background-media":"","overlay-type":"","overlay-color":"","overlay-opacity":"","overlay-gradient":""},"mobile":{"background-color":"","background-image":"","background-repeat":"repeat","background-position":"center center","background-size":"auto","background-attachment":"scroll","background-type":"","background-media":"","overlay-type":"","overlay-color":"","overlay-opacity":"","overlay-gradient":""}},"ast-content-background-meta":{"desktop":{"background-color":"var(--ast-global-color-4)","background-image":"","background-repeat":"repeat","background-position":"center center","background-size":"auto","background-attachment":"scroll","background-type":"","background-media":"","overlay-type":"","overlay-color":"","overlay-opacity":"","overlay-gradient":""},"tablet":{"background-color":"var(--ast-global-color-4)","background-image":"","background-repeat":"repeat","background-position":"center center","background-size":"auto","background-attachment":"scroll","background-type":"","background-media":"","overlay-type":"","overlay-color":"","overlay-opacity":"","overlay-gradient":""},"mobile":{"background-color":"var(--ast-global-color-4)","background-image":"","background-repeat":"repeat","background-position":"center center","background-size":"auto","background-attachment":"scroll","background-type":"","background-media":"","overlay-type":"","overlay-color":"","overlay-opacity":"","overlay-gradient":""}},"footnotes":""},"categories":[16,1],"tags":[],"class_list":["post-20589","post","type-post","status-publish","format-standard","hentry","category-municipales","category-noticias"],"yoast_head":"<!-- This site is optimized with the Yoast SEO Premium plugin v23.0 (Yoast SEO v27.5) - https:\/\/yoast.com\/product\/yoast-seo-premium-wordpress\/ -->\n<title>Anuncian otra inversi\u00f3n en energ\u00eda e\u00f3lica para Patagones<\/title>\n<meta name=\"robots\" content=\"index, follow, max-snippet:-1, max-image-preview:large, max-video-preview:-1\" \/>\n<link rel=\"canonical\" href=\"https:\/\/patagoniambiental.com.ar\/info\/anuncian-otra-inversion-en-energia-eolica-para-patagones\/\" \/>\n<meta property=\"og:locale\" content=\"es_ES\" \/>\n<meta property=\"og:type\" content=\"article\" \/>\n<meta property=\"og:title\" content=\"Anuncian otra inversi\u00f3n en energ\u00eda e\u00f3lica para Patagones\" \/>\n<meta property=\"og:description\" content=\"CARMEN DE PATAGONES.- La empresa Central Puerto confirm\u00f3 obras por m\u00e1s de US$\u00a0180 millones. \u201cNos podremos unir a la red [&hellip;]\" \/>\n<meta property=\"og:url\" content=\"https:\/\/patagoniambiental.com.ar\/info\/anuncian-otra-inversion-en-energia-eolica-para-patagones\/\" \/>\n<meta property=\"og:site_name\" content=\"Patagonia Ambiental\" \/>\n<meta property=\"article:publisher\" content=\"https:\/\/www.facebook.com\/patagonia.ambiental\" \/>\n<meta property=\"article:author\" content=\"https:\/\/www.facebook.com\/share\/1C1V8Gv9BX\/?mibextid=qi2Omg\" \/>\n<meta property=\"article:published_time\" content=\"2016-09-15T12:00:34+00:00\" \/>\n<meta name=\"author\" content=\"Patagonia Ambiental\" \/>\n<meta name=\"twitter:card\" content=\"summary_large_image\" \/>\n<meta name=\"twitter:creator\" content=\"@PatAmb\" \/>\n<meta name=\"twitter:site\" content=\"@PatAmb\" \/>\n<script type=\"application\/ld+json\" class=\"yoast-schema-graph\">{\"@context\":\"https:\\\/\\\/schema.org\",\"@graph\":[{\"@type\":\"Article\",\"@id\":\"https:\\\/\\\/patagoniambiental.com.ar\\\/info\\\/anuncian-otra-inversion-en-energia-eolica-para-patagones\\\/#article\",\"isPartOf\":{\"@id\":\"https:\\\/\\\/patagoniambiental.com.ar\\\/info\\\/anuncian-otra-inversion-en-energia-eolica-para-patagones\\\/\"},\"author\":{\"name\":\"Patagonia Ambiental\",\"@id\":\"https:\\\/\\\/patagoniambiental.com.ar\\\/info\\\/#\\\/schema\\\/person\\\/db12bff64bbcbf6a253710bf0ea37b5d\"},\"headline\":\"Anuncian otra inversi\u00f3n en energ\u00eda e\u00f3lica para Patagones\",\"datePublished\":\"2016-09-15T12:00:34+00:00\",\"mainEntityOfPage\":{\"@id\":\"https:\\\/\\\/patagoniambiental.com.ar\\\/info\\\/anuncian-otra-inversion-en-energia-eolica-para-patagones\\\/\"},\"wordCount\":458,\"publisher\":{\"@id\":\"https:\\\/\\\/patagoniambiental.com.ar\\\/info\\\/#organization\"},\"articleSection\":[\"Municipales\",\"Noticias\"],\"inLanguage\":\"es\"},{\"@type\":\"WebPage\",\"@id\":\"https:\\\/\\\/patagoniambiental.com.ar\\\/info\\\/anuncian-otra-inversion-en-energia-eolica-para-patagones\\\/\",\"url\":\"https:\\\/\\\/patagoniambiental.com.ar\\\/info\\\/anuncian-otra-inversion-en-energia-eolica-para-patagones\\\/\",\"name\":\"Anuncian otra inversi\u00f3n en energ\u00eda e\u00f3lica para Patagones\",\"isPartOf\":{\"@id\":\"https:\\\/\\\/patagoniambiental.com.ar\\\/info\\\/#website\"},\"datePublished\":\"2016-09-15T12:00:34+00:00\",\"breadcrumb\":{\"@id\":\"https:\\\/\\\/patagoniambiental.com.ar\\\/info\\\/anuncian-otra-inversion-en-energia-eolica-para-patagones\\\/#breadcrumb\"},\"inLanguage\":\"es\",\"potentialAction\":[{\"@type\":\"ReadAction\",\"target\":[\"https:\\\/\\\/patagoniambiental.com.ar\\\/info\\\/anuncian-otra-inversion-en-energia-eolica-para-patagones\\\/\"]}]},{\"@type\":\"BreadcrumbList\",\"@id\":\"https:\\\/\\\/patagoniambiental.com.ar\\\/info\\\/anuncian-otra-inversion-en-energia-eolica-para-patagones\\\/#breadcrumb\",\"itemListElement\":[{\"@type\":\"ListItem\",\"position\":1,\"name\":\"Inicio\",\"item\":\"https:\\\/\\\/patagoniambiental.com.ar\\\/info\\\/\"},{\"@type\":\"ListItem\",\"position\":2,\"name\":\"Anuncian otra inversi\u00f3n en energ\u00eda e\u00f3lica para Patagones\"}]},{\"@type\":\"WebSite\",\"@id\":\"https:\\\/\\\/patagoniambiental.com.ar\\\/info\\\/#website\",\"url\":\"https:\\\/\\\/patagoniambiental.com.ar\\\/info\\\/\",\"name\":\"Patagonia Ambiental\",\"description\":\"Monitoreo y an\u00e1lisis de la situaci\u00f3n geopol\u00edtica en el mundo y su implicancia en la Patagonia\",\"publisher\":{\"@id\":\"https:\\\/\\\/patagoniambiental.com.ar\\\/info\\\/#organization\"},\"potentialAction\":[{\"@type\":\"SearchAction\",\"target\":{\"@type\":\"EntryPoint\",\"urlTemplate\":\"https:\\\/\\\/patagoniambiental.com.ar\\\/info\\\/?s={search_term_string}\"},\"query-input\":{\"@type\":\"PropertyValueSpecification\",\"valueRequired\":true,\"valueName\":\"search_term_string\"}}],\"inLanguage\":\"es\"},{\"@type\":\"Organization\",\"@id\":\"https:\\\/\\\/patagoniambiental.com.ar\\\/info\\\/#organization\",\"name\":\"Patagonia Ambiental\",\"url\":\"https:\\\/\\\/patagoniambiental.com.ar\\\/info\\\/\",\"logo\":{\"@type\":\"ImageObject\",\"inLanguage\":\"es\",\"@id\":\"https:\\\/\\\/patagoniambiental.com.ar\\\/info\\\/#\\\/schema\\\/logo\\\/image\\\/\",\"url\":\"https:\\\/\\\/patagoniambiental.com.ar\\\/info\\\/wp-content\\\/uploads\\\/2025\\\/05\\\/LOGO-PATAGONIA-AMBIENTAL.png\",\"contentUrl\":\"https:\\\/\\\/patagoniambiental.com.ar\\\/info\\\/wp-content\\\/uploads\\\/2025\\\/05\\\/LOGO-PATAGONIA-AMBIENTAL.png\",\"width\":433,\"height\":250,\"caption\":\"Patagonia Ambiental\"},\"image\":{\"@id\":\"https:\\\/\\\/patagoniambiental.com.ar\\\/info\\\/#\\\/schema\\\/logo\\\/image\\\/\"},\"sameAs\":[\"https:\\\/\\\/www.facebook.com\\\/patagonia.ambiental\",\"https:\\\/\\\/x.com\\\/PatAmb\"]},{\"@type\":\"Person\",\"@id\":\"https:\\\/\\\/patagoniambiental.com.ar\\\/info\\\/#\\\/schema\\\/person\\\/db12bff64bbcbf6a253710bf0ea37b5d\",\"name\":\"Patagonia Ambiental\",\"description\":\"Andr\u00e9s Nievas T\u00e9cnico en manejo ambiental, consultor Ambiental y escritor para medios locales e internacionales sobre temas de geopolitica y medio ambiente.\",\"sameAs\":[\"http:\\\/\\\/www.patagoniambiental.com.ar\",\"https:\\\/\\\/www.facebook.com\\\/share\\\/1C1V8Gv9BX\\\/?mibextid=qi2Omg\",\"@patagoniambiental\",\"https:\\\/\\\/youtube.com\\\/@patagoniaambiental2023?si=BLt58t0wuXquxlYZ\"]}]}<\/script>\n<!-- \/ Yoast SEO Premium plugin. -->","yoast_head_json":{"title":"Anuncian otra inversi\u00f3n en energ\u00eda e\u00f3lica para Patagones","robots":{"index":"index","follow":"follow","max-snippet":"max-snippet:-1","max-image-preview":"max-image-preview:large","max-video-preview":"max-video-preview:-1"},"canonical":"https:\/\/patagoniambiental.com.ar\/info\/anuncian-otra-inversion-en-energia-eolica-para-patagones\/","og_locale":"es_ES","og_type":"article","og_title":"Anuncian otra inversi\u00f3n en energ\u00eda e\u00f3lica para Patagones","og_description":"CARMEN DE PATAGONES.- La empresa Central Puerto confirm\u00f3 obras por m\u00e1s de US$\u00a0180 millones. \u201cNos podremos unir a la red [&hellip;]","og_url":"https:\/\/patagoniambiental.com.ar\/info\/anuncian-otra-inversion-en-energia-eolica-para-patagones\/","og_site_name":"Patagonia Ambiental","article_publisher":"https:\/\/www.facebook.com\/patagonia.ambiental","article_author":"https:\/\/www.facebook.com\/share\/1C1V8Gv9BX\/?mibextid=qi2Omg","article_published_time":"2016-09-15T12:00:34+00:00","author":"Patagonia Ambiental","twitter_card":"summary_large_image","twitter_creator":"@PatAmb","twitter_site":"@PatAmb","schema":{"@context":"https:\/\/schema.org","@graph":[{"@type":"Article","@id":"https:\/\/patagoniambiental.com.ar\/info\/anuncian-otra-inversion-en-energia-eolica-para-patagones\/#article","isPartOf":{"@id":"https:\/\/patagoniambiental.com.ar\/info\/anuncian-otra-inversion-en-energia-eolica-para-patagones\/"},"author":{"name":"Patagonia Ambiental","@id":"https:\/\/patagoniambiental.com.ar\/info\/#\/schema\/person\/db12bff64bbcbf6a253710bf0ea37b5d"},"headline":"Anuncian otra inversi\u00f3n en energ\u00eda e\u00f3lica para Patagones","datePublished":"2016-09-15T12:00:34+00:00","mainEntityOfPage":{"@id":"https:\/\/patagoniambiental.com.ar\/info\/anuncian-otra-inversion-en-energia-eolica-para-patagones\/"},"wordCount":458,"publisher":{"@id":"https:\/\/patagoniambiental.com.ar\/info\/#organization"},"articleSection":["Municipales","Noticias"],"inLanguage":"es"},{"@type":"WebPage","@id":"https:\/\/patagoniambiental.com.ar\/info\/anuncian-otra-inversion-en-energia-eolica-para-patagones\/","url":"https:\/\/patagoniambiental.com.ar\/info\/anuncian-otra-inversion-en-energia-eolica-para-patagones\/","name":"Anuncian otra inversi\u00f3n en energ\u00eda e\u00f3lica para Patagones","isPartOf":{"@id":"https:\/\/patagoniambiental.com.ar\/info\/#website"},"datePublished":"2016-09-15T12:00:34+00:00","breadcrumb":{"@id":"https:\/\/patagoniambiental.com.ar\/info\/anuncian-otra-inversion-en-energia-eolica-para-patagones\/#breadcrumb"},"inLanguage":"es","potentialAction":[{"@type":"ReadAction","target":["https:\/\/patagoniambiental.com.ar\/info\/anuncian-otra-inversion-en-energia-eolica-para-patagones\/"]}]},{"@type":"BreadcrumbList","@id":"https:\/\/patagoniambiental.com.ar\/info\/anuncian-otra-inversion-en-energia-eolica-para-patagones\/#breadcrumb","itemListElement":[{"@type":"ListItem","position":1,"name":"Inicio","item":"https:\/\/patagoniambiental.com.ar\/info\/"},{"@type":"ListItem","position":2,"name":"Anuncian otra inversi\u00f3n en energ\u00eda e\u00f3lica para Patagones"}]},{"@type":"WebSite","@id":"https:\/\/patagoniambiental.com.ar\/info\/#website","url":"https:\/\/patagoniambiental.com.ar\/info\/","name":"Patagonia Ambiental","description":"Monitoreo y an\u00e1lisis de la situaci\u00f3n geopol\u00edtica en el mundo y su implicancia en la Patagonia","publisher":{"@id":"https:\/\/patagoniambiental.com.ar\/info\/#organization"},"potentialAction":[{"@type":"SearchAction","target":{"@type":"EntryPoint","urlTemplate":"https:\/\/patagoniambiental.com.ar\/info\/?s={search_term_string}"},"query-input":{"@type":"PropertyValueSpecification","valueRequired":true,"valueName":"search_term_string"}}],"inLanguage":"es"},{"@type":"Organization","@id":"https:\/\/patagoniambiental.com.ar\/info\/#organization","name":"Patagonia Ambiental","url":"https:\/\/patagoniambiental.com.ar\/info\/","logo":{"@type":"ImageObject","inLanguage":"es","@id":"https:\/\/patagoniambiental.com.ar\/info\/#\/schema\/logo\/image\/","url":"https:\/\/patagoniambiental.com.ar\/info\/wp-content\/uploads\/2025\/05\/LOGO-PATAGONIA-AMBIENTAL.png","contentUrl":"https:\/\/patagoniambiental.com.ar\/info\/wp-content\/uploads\/2025\/05\/LOGO-PATAGONIA-AMBIENTAL.png","width":433,"height":250,"caption":"Patagonia Ambiental"},"image":{"@id":"https:\/\/patagoniambiental.com.ar\/info\/#\/schema\/logo\/image\/"},"sameAs":["https:\/\/www.facebook.com\/patagonia.ambiental","https:\/\/x.com\/PatAmb"]},{"@type":"Person","@id":"https:\/\/patagoniambiental.com.ar\/info\/#\/schema\/person\/db12bff64bbcbf6a253710bf0ea37b5d","name":"Patagonia Ambiental","description":"Andr\u00e9s Nievas T\u00e9cnico en manejo ambiental, consultor Ambiental y escritor para medios locales e internacionales sobre temas de geopolitica y medio ambiente.","sameAs":["http:\/\/www.patagoniambiental.com.ar","https:\/\/www.facebook.com\/share\/1C1V8Gv9BX\/?mibextid=qi2Omg","@patagoniambiental","https:\/\/youtube.com\/@patagoniaambiental2023?si=BLt58t0wuXquxlYZ"]}]}},"_links":{"self":[{"href":"https:\/\/patagoniambiental.com.ar\/info\/wp-json\/wp\/v2\/posts\/20589","targetHints":{"allow":["GET"]}}],"collection":[{"href":"https:\/\/patagoniambiental.com.ar\/info\/wp-json\/wp\/v2\/posts"}],"about":[{"href":"https:\/\/patagoniambiental.com.ar\/info\/wp-json\/wp\/v2\/types\/post"}],"author":[{"embeddable":true,"href":"https:\/\/patagoniambiental.com.ar\/info\/wp-json\/wp\/v2\/users\/2"}],"replies":[{"embeddable":true,"href":"https:\/\/patagoniambiental.com.ar\/info\/wp-json\/wp\/v2\/comments?post=20589"}],"version-history":[{"count":0,"href":"https:\/\/patagoniambiental.com.ar\/info\/wp-json\/wp\/v2\/posts\/20589\/revisions"}],"wp:attachment":[{"href":"https:\/\/patagoniambiental.com.ar\/info\/wp-json\/wp\/v2\/media?parent=20589"}],"wp:term":[{"taxonomy":"category","embeddable":true,"href":"https:\/\/patagoniambiental.com.ar\/info\/wp-json\/wp\/v2\/categories?post=20589"},{"taxonomy":"post_tag","embeddable":true,"href":"https:\/\/patagoniambiental.com.ar\/info\/wp-json\/wp\/v2\/tags?post=20589"}],"curies":[{"name":"wp","href":"https:\/\/api.w.org\/{rel}","templated":true}]}}