{"id":20717,"date":"2016-09-18T09:00:07","date_gmt":"2016-09-18T12:00:07","guid":{"rendered":"http:\/\/patagoniambiental.com.ar\/?p=20717"},"modified":"2016-09-18T09:00:07","modified_gmt":"2016-09-18T12:00:07","slug":"rio-negro-aguas-rionegrinas-superviso-preparativos-para-ejecutar-obra-de-agua-por-mas-de-1-700-000-en-viedma","status":"publish","type":"post","link":"https:\/\/patagoniambiental.com.ar\/info\/rio-negro-aguas-rionegrinas-superviso-preparativos-para-ejecutar-obra-de-agua-por-mas-de-1-700-000-en-viedma\/","title":{"rendered":"R\u00edo Negro: Aguas Rionegrinas supervis\u00f3 preparativos para ejecutar obra de agua por m\u00e1s de $1.700.000 en Viedma"},"content":{"rendered":"<p class=\"x_MsoNormal\"><b><\/b>VIEDMA.-\u00a0El presidente de Aguas Rionegrinas, Roger Garc\u00eda, recorri\u00f3 y supervis\u00f3 en Viedma los preparativos que est\u00e1 llevando adelante la empresa estatal para la concreci\u00f3n de una obra de agua potable que permitir\u00e1 aumentar los caudales de agua en la zona de los barrios Lavalle, Mi Bandera y 30 de Marzo.<\/p>\n<p class=\"x_MsoNormal\">En este sentido, personal de la empresa se encuentra realizando los preparativos de todos los materiales y coordinando los trabajos para concretar el empalme de un importante ducto que permitir\u00e1 afrontar la demanda en este sector de la ciudad de cara a la pr\u00f3xima temporada estival.<\/p>\n<p class=\"x_MsoNormal\">La obra, que demanda una inversi\u00f3n provincial de $ 1.734.603, se realizar\u00e1 durante la madrugada del s\u00e1bado para minimizar el impacto, debido a que requerir\u00e1n la interrupci\u00f3n del servicio.<\/p>\n<p class=\"x_MsoNormal\">Desde la firma rionegrina se pondr\u00e1 a disposici\u00f3n un cami\u00f3n de agua para abastecer a los hospitales y cl\u00ednicas en caso de ser necesario.<\/p>\n<p class=\"x_MsoNormal\">Los trabajos, a cargo de la empresa contratada Sitael, implican la colocaci\u00f3n de 1.450 metros de ca\u00f1er\u00eda de PVC de 250 mm de di\u00e1metro desde la rotonda \u201cCastro\u201d, en Ruta Nacional 3, hasta la calle 2 del barrio Lavalle.<\/p>\n<p class=\"x_MsoNormal\">Fuente: Gobierno de R\u00edo Negro<\/p>\n<p>&nbsp;<\/p>\n","protected":false},"excerpt":{"rendered":"<p>VIEDMA.-\u00a0El presidente de Aguas Rionegrinas, Roger Garc\u00eda, recorri\u00f3 y supervis\u00f3 en Viedma los preparativos que est\u00e1 llevando adelante la empresa [&hellip;]<\/p>\n","protected":false},"author":2,"featured_media":0,"comment_status":"closed","ping_status":"closed","sticky":false,"template":"","format":"standard","meta":{"site-sidebar-layout":"default","site-content-layout":"","ast-site-content-layout":"default","site-content-style":"default","site-sidebar-style":"default","ast-global-header-display":"","ast-banner-title-visibility":"","ast-main-header-display":"","ast-hfb-above-header-display":"","ast-hfb-below-header-display":"","ast-hfb-mobile-header-display":"","site-post-title":"","ast-breadcrumbs-content":"","ast-featured-img":"","footer-sml-layout":"","ast-disable-related-posts":"","theme-transparent-header-meta":"","adv-header-id-meta":"","stick-header-meta":"","header-above-stick-meta":"","header-main-stick-meta":"","header-below-stick-meta":"","astra-migrate-meta-layouts":"default","ast-page-background-enabled":"default","ast-page-background-meta":{"desktop":{"background-color":"var(--ast-global-color-5)","background-image":"","background-repeat":"repeat","background-position":"center center","background-size":"auto","background-attachment":"scroll","background-type":"","background-media":"","overlay-type":"","overlay-color":"","overlay-opacity":"","overlay-gradient":""},"tablet":{"background-color":"","background-image":"","background-repeat":"repeat","background-position":"center center","background-size":"auto","background-attachment":"scroll","background-type":"","background-media":"","overlay-type":"","overlay-color":"","overlay-opacity":"","overlay-gradient":""},"mobile":{"background-color":"","background-image":"","background-repeat":"repeat","background-position":"center center","background-size":"auto","background-attachment":"scroll","background-type":"","background-media":"","overlay-type":"","overlay-color":"","overlay-opacity":"","overlay-gradient":""}},"ast-content-background-meta":{"desktop":{"background-color":"var(--ast-global-color-4)","background-image":"","background-repeat":"repeat","background-position":"center center","background-size":"auto","background-attachment":"scroll","background-type":"","background-media":"","overlay-type":"","overlay-color":"","overlay-opacity":"","overlay-gradient":""},"tablet":{"background-color":"var(--ast-global-color-4)","background-image":"","background-repeat":"repeat","background-position":"center center","background-size":"auto","background-attachment":"scroll","background-type":"","background-media":"","overlay-type":"","overlay-color":"","overlay-opacity":"","overlay-gradient":""},"mobile":{"background-color":"var(--ast-global-color-4)","background-image":"","background-repeat":"repeat","background-position":"center center","background-size":"auto","background-attachment":"scroll","background-type":"","background-media":"","overlay-type":"","overlay-color":"","overlay-opacity":"","overlay-gradient":""}},"footnotes":""},"categories":[16,1],"tags":[],"class_list":["post-20717","post","type-post","status-publish","format-standard","hentry","category-municipales","category-noticias"],"yoast_head":"<!-- This site is optimized with the Yoast SEO Premium plugin v23.0 (Yoast SEO v27.5) - https:\/\/yoast.com\/product\/yoast-seo-premium-wordpress\/ -->\n<title>R\u00edo Negro: Aguas Rionegrinas supervis\u00f3 preparativos para ejecutar obra de agua por m\u00e1s de $1.700.000 en Viedma<\/title>\n<meta name=\"robots\" content=\"index, follow, max-snippet:-1, max-image-preview:large, max-video-preview:-1\" \/>\n<link rel=\"canonical\" href=\"https:\/\/patagoniambiental.com.ar\/info\/rio-negro-aguas-rionegrinas-superviso-preparativos-para-ejecutar-obra-de-agua-por-mas-de-1-700-000-en-viedma\/\" \/>\n<meta property=\"og:locale\" content=\"es_ES\" \/>\n<meta property=\"og:type\" content=\"article\" \/>\n<meta property=\"og:title\" content=\"R\u00edo Negro: Aguas Rionegrinas supervis\u00f3 preparativos para ejecutar obra de agua por m\u00e1s de $1.700.000 en Viedma\" \/>\n<meta property=\"og:description\" content=\"VIEDMA.-\u00a0El presidente de Aguas Rionegrinas, Roger Garc\u00eda, recorri\u00f3 y supervis\u00f3 en Viedma los preparativos que est\u00e1 llevando adelante la empresa [&hellip;]\" \/>\n<meta property=\"og:url\" content=\"https:\/\/patagoniambiental.com.ar\/info\/rio-negro-aguas-rionegrinas-superviso-preparativos-para-ejecutar-obra-de-agua-por-mas-de-1-700-000-en-viedma\/\" \/>\n<meta property=\"og:site_name\" content=\"Patagonia Ambiental\" \/>\n<meta property=\"article:publisher\" content=\"https:\/\/www.facebook.com\/patagonia.ambiental\" \/>\n<meta property=\"article:author\" content=\"https:\/\/www.facebook.com\/share\/1C1V8Gv9BX\/?mibextid=qi2Omg\" \/>\n<meta property=\"article:published_time\" content=\"2016-09-18T12:00:07+00:00\" \/>\n<meta name=\"author\" content=\"Patagonia Ambiental\" \/>\n<meta name=\"twitter:card\" content=\"summary_large_image\" \/>\n<meta name=\"twitter:creator\" content=\"@PatAmb\" \/>\n<meta name=\"twitter:site\" content=\"@PatAmb\" \/>\n<script type=\"application\/ld+json\" class=\"yoast-schema-graph\">{\"@context\":\"https:\\\/\\\/schema.org\",\"@graph\":[{\"@type\":\"Article\",\"@id\":\"https:\\\/\\\/patagoniambiental.com.ar\\\/info\\\/rio-negro-aguas-rionegrinas-superviso-preparativos-para-ejecutar-obra-de-agua-por-mas-de-1-700-000-en-viedma\\\/#article\",\"isPartOf\":{\"@id\":\"https:\\\/\\\/patagoniambiental.com.ar\\\/info\\\/rio-negro-aguas-rionegrinas-superviso-preparativos-para-ejecutar-obra-de-agua-por-mas-de-1-700-000-en-viedma\\\/\"},\"author\":{\"name\":\"Patagonia Ambiental\",\"@id\":\"https:\\\/\\\/patagoniambiental.com.ar\\\/info\\\/#\\\/schema\\\/person\\\/db12bff64bbcbf6a253710bf0ea37b5d\"},\"headline\":\"R\u00edo Negro: Aguas Rionegrinas supervis\u00f3 preparativos para ejecutar obra de agua por m\u00e1s de $1.700.000 en Viedma\",\"datePublished\":\"2016-09-18T12:00:07+00:00\",\"mainEntityOfPage\":{\"@id\":\"https:\\\/\\\/patagoniambiental.com.ar\\\/info\\\/rio-negro-aguas-rionegrinas-superviso-preparativos-para-ejecutar-obra-de-agua-por-mas-de-1-700-000-en-viedma\\\/\"},\"wordCount\":222,\"publisher\":{\"@id\":\"https:\\\/\\\/patagoniambiental.com.ar\\\/info\\\/#organization\"},\"articleSection\":[\"Municipales\",\"Noticias\"],\"inLanguage\":\"es\"},{\"@type\":\"WebPage\",\"@id\":\"https:\\\/\\\/patagoniambiental.com.ar\\\/info\\\/rio-negro-aguas-rionegrinas-superviso-preparativos-para-ejecutar-obra-de-agua-por-mas-de-1-700-000-en-viedma\\\/\",\"url\":\"https:\\\/\\\/patagoniambiental.com.ar\\\/info\\\/rio-negro-aguas-rionegrinas-superviso-preparativos-para-ejecutar-obra-de-agua-por-mas-de-1-700-000-en-viedma\\\/\",\"name\":\"R\u00edo Negro: Aguas Rionegrinas supervis\u00f3 preparativos para ejecutar obra de agua por m\u00e1s de $1.700.000 en Viedma\",\"isPartOf\":{\"@id\":\"https:\\\/\\\/patagoniambiental.com.ar\\\/info\\\/#website\"},\"datePublished\":\"2016-09-18T12:00:07+00:00\",\"breadcrumb\":{\"@id\":\"https:\\\/\\\/patagoniambiental.com.ar\\\/info\\\/rio-negro-aguas-rionegrinas-superviso-preparativos-para-ejecutar-obra-de-agua-por-mas-de-1-700-000-en-viedma\\\/#breadcrumb\"},\"inLanguage\":\"es\",\"potentialAction\":[{\"@type\":\"ReadAction\",\"target\":[\"https:\\\/\\\/patagoniambiental.com.ar\\\/info\\\/rio-negro-aguas-rionegrinas-superviso-preparativos-para-ejecutar-obra-de-agua-por-mas-de-1-700-000-en-viedma\\\/\"]}]},{\"@type\":\"BreadcrumbList\",\"@id\":\"https:\\\/\\\/patagoniambiental.com.ar\\\/info\\\/rio-negro-aguas-rionegrinas-superviso-preparativos-para-ejecutar-obra-de-agua-por-mas-de-1-700-000-en-viedma\\\/#breadcrumb\",\"itemListElement\":[{\"@type\":\"ListItem\",\"position\":1,\"name\":\"Inicio\",\"item\":\"https:\\\/\\\/patagoniambiental.com.ar\\\/info\\\/\"},{\"@type\":\"ListItem\",\"position\":2,\"name\":\"R\u00edo Negro: Aguas Rionegrinas supervis\u00f3 preparativos para ejecutar obra de agua por m\u00e1s de $1.700.000 en Viedma\"}]},{\"@type\":\"WebSite\",\"@id\":\"https:\\\/\\\/patagoniambiental.com.ar\\\/info\\\/#website\",\"url\":\"https:\\\/\\\/patagoniambiental.com.ar\\\/info\\\/\",\"name\":\"Patagonia Ambiental\",\"description\":\"Monitoreo y an\u00e1lisis de la situaci\u00f3n geopol\u00edtica en el mundo y su implicancia en la Patagonia\",\"publisher\":{\"@id\":\"https:\\\/\\\/patagoniambiental.com.ar\\\/info\\\/#organization\"},\"potentialAction\":[{\"@type\":\"SearchAction\",\"target\":{\"@type\":\"EntryPoint\",\"urlTemplate\":\"https:\\\/\\\/patagoniambiental.com.ar\\\/info\\\/?s={search_term_string}\"},\"query-input\":{\"@type\":\"PropertyValueSpecification\",\"valueRequired\":true,\"valueName\":\"search_term_string\"}}],\"inLanguage\":\"es\"},{\"@type\":\"Organization\",\"@id\":\"https:\\\/\\\/patagoniambiental.com.ar\\\/info\\\/#organization\",\"name\":\"Patagonia Ambiental\",\"url\":\"https:\\\/\\\/patagoniambiental.com.ar\\\/info\\\/\",\"logo\":{\"@type\":\"ImageObject\",\"inLanguage\":\"es\",\"@id\":\"https:\\\/\\\/patagoniambiental.com.ar\\\/info\\\/#\\\/schema\\\/logo\\\/image\\\/\",\"url\":\"https:\\\/\\\/patagoniambiental.com.ar\\\/info\\\/wp-content\\\/uploads\\\/2025\\\/05\\\/LOGO-PATAGONIA-AMBIENTAL.png\",\"contentUrl\":\"https:\\\/\\\/patagoniambiental.com.ar\\\/info\\\/wp-content\\\/uploads\\\/2025\\\/05\\\/LOGO-PATAGONIA-AMBIENTAL.png\",\"width\":433,\"height\":250,\"caption\":\"Patagonia Ambiental\"},\"image\":{\"@id\":\"https:\\\/\\\/patagoniambiental.com.ar\\\/info\\\/#\\\/schema\\\/logo\\\/image\\\/\"},\"sameAs\":[\"https:\\\/\\\/www.facebook.com\\\/patagonia.ambiental\",\"https:\\\/\\\/x.com\\\/PatAmb\"]},{\"@type\":\"Person\",\"@id\":\"https:\\\/\\\/patagoniambiental.com.ar\\\/info\\\/#\\\/schema\\\/person\\\/db12bff64bbcbf6a253710bf0ea37b5d\",\"name\":\"Patagonia Ambiental\",\"description\":\"Andr\u00e9s Nievas T\u00e9cnico en manejo ambiental, consultor Ambiental y escritor para medios locales e internacionales sobre temas de geopolitica y medio ambiente.\",\"sameAs\":[\"http:\\\/\\\/www.patagoniambiental.com.ar\",\"https:\\\/\\\/www.facebook.com\\\/share\\\/1C1V8Gv9BX\\\/?mibextid=qi2Omg\",\"@patagoniambiental\",\"https:\\\/\\\/youtube.com\\\/@patagoniaambiental2023?si=BLt58t0wuXquxlYZ\"]}]}<\/script>\n<!-- \/ Yoast SEO Premium plugin. -->","yoast_head_json":{"title":"R\u00edo Negro: Aguas Rionegrinas supervis\u00f3 preparativos para ejecutar obra de agua por m\u00e1s de $1.700.000 en Viedma","robots":{"index":"index","follow":"follow","max-snippet":"max-snippet:-1","max-image-preview":"max-image-preview:large","max-video-preview":"max-video-preview:-1"},"canonical":"https:\/\/patagoniambiental.com.ar\/info\/rio-negro-aguas-rionegrinas-superviso-preparativos-para-ejecutar-obra-de-agua-por-mas-de-1-700-000-en-viedma\/","og_locale":"es_ES","og_type":"article","og_title":"R\u00edo Negro: Aguas Rionegrinas supervis\u00f3 preparativos para ejecutar obra de agua por m\u00e1s de $1.700.000 en Viedma","og_description":"VIEDMA.-\u00a0El presidente de Aguas Rionegrinas, Roger Garc\u00eda, recorri\u00f3 y supervis\u00f3 en Viedma los preparativos que est\u00e1 llevando adelante la empresa [&hellip;]","og_url":"https:\/\/patagoniambiental.com.ar\/info\/rio-negro-aguas-rionegrinas-superviso-preparativos-para-ejecutar-obra-de-agua-por-mas-de-1-700-000-en-viedma\/","og_site_name":"Patagonia Ambiental","article_publisher":"https:\/\/www.facebook.com\/patagonia.ambiental","article_author":"https:\/\/www.facebook.com\/share\/1C1V8Gv9BX\/?mibextid=qi2Omg","article_published_time":"2016-09-18T12:00:07+00:00","author":"Patagonia Ambiental","twitter_card":"summary_large_image","twitter_creator":"@PatAmb","twitter_site":"@PatAmb","schema":{"@context":"https:\/\/schema.org","@graph":[{"@type":"Article","@id":"https:\/\/patagoniambiental.com.ar\/info\/rio-negro-aguas-rionegrinas-superviso-preparativos-para-ejecutar-obra-de-agua-por-mas-de-1-700-000-en-viedma\/#article","isPartOf":{"@id":"https:\/\/patagoniambiental.com.ar\/info\/rio-negro-aguas-rionegrinas-superviso-preparativos-para-ejecutar-obra-de-agua-por-mas-de-1-700-000-en-viedma\/"},"author":{"name":"Patagonia Ambiental","@id":"https:\/\/patagoniambiental.com.ar\/info\/#\/schema\/person\/db12bff64bbcbf6a253710bf0ea37b5d"},"headline":"R\u00edo Negro: Aguas Rionegrinas supervis\u00f3 preparativos para ejecutar obra de agua por m\u00e1s de $1.700.000 en Viedma","datePublished":"2016-09-18T12:00:07+00:00","mainEntityOfPage":{"@id":"https:\/\/patagoniambiental.com.ar\/info\/rio-negro-aguas-rionegrinas-superviso-preparativos-para-ejecutar-obra-de-agua-por-mas-de-1-700-000-en-viedma\/"},"wordCount":222,"publisher":{"@id":"https:\/\/patagoniambiental.com.ar\/info\/#organization"},"articleSection":["Municipales","Noticias"],"inLanguage":"es"},{"@type":"WebPage","@id":"https:\/\/patagoniambiental.com.ar\/info\/rio-negro-aguas-rionegrinas-superviso-preparativos-para-ejecutar-obra-de-agua-por-mas-de-1-700-000-en-viedma\/","url":"https:\/\/patagoniambiental.com.ar\/info\/rio-negro-aguas-rionegrinas-superviso-preparativos-para-ejecutar-obra-de-agua-por-mas-de-1-700-000-en-viedma\/","name":"R\u00edo Negro: Aguas Rionegrinas supervis\u00f3 preparativos para ejecutar obra de agua por m\u00e1s de $1.700.000 en Viedma","isPartOf":{"@id":"https:\/\/patagoniambiental.com.ar\/info\/#website"},"datePublished":"2016-09-18T12:00:07+00:00","breadcrumb":{"@id":"https:\/\/patagoniambiental.com.ar\/info\/rio-negro-aguas-rionegrinas-superviso-preparativos-para-ejecutar-obra-de-agua-por-mas-de-1-700-000-en-viedma\/#breadcrumb"},"inLanguage":"es","potentialAction":[{"@type":"ReadAction","target":["https:\/\/patagoniambiental.com.ar\/info\/rio-negro-aguas-rionegrinas-superviso-preparativos-para-ejecutar-obra-de-agua-por-mas-de-1-700-000-en-viedma\/"]}]},{"@type":"BreadcrumbList","@id":"https:\/\/patagoniambiental.com.ar\/info\/rio-negro-aguas-rionegrinas-superviso-preparativos-para-ejecutar-obra-de-agua-por-mas-de-1-700-000-en-viedma\/#breadcrumb","itemListElement":[{"@type":"ListItem","position":1,"name":"Inicio","item":"https:\/\/patagoniambiental.com.ar\/info\/"},{"@type":"ListItem","position":2,"name":"R\u00edo Negro: Aguas Rionegrinas supervis\u00f3 preparativos para ejecutar obra de agua por m\u00e1s de $1.700.000 en Viedma"}]},{"@type":"WebSite","@id":"https:\/\/patagoniambiental.com.ar\/info\/#website","url":"https:\/\/patagoniambiental.com.ar\/info\/","name":"Patagonia Ambiental","description":"Monitoreo y an\u00e1lisis de la situaci\u00f3n geopol\u00edtica en el mundo y su implicancia en la Patagonia","publisher":{"@id":"https:\/\/patagoniambiental.com.ar\/info\/#organization"},"potentialAction":[{"@type":"SearchAction","target":{"@type":"EntryPoint","urlTemplate":"https:\/\/patagoniambiental.com.ar\/info\/?s={search_term_string}"},"query-input":{"@type":"PropertyValueSpecification","valueRequired":true,"valueName":"search_term_string"}}],"inLanguage":"es"},{"@type":"Organization","@id":"https:\/\/patagoniambiental.com.ar\/info\/#organization","name":"Patagonia Ambiental","url":"https:\/\/patagoniambiental.com.ar\/info\/","logo":{"@type":"ImageObject","inLanguage":"es","@id":"https:\/\/patagoniambiental.com.ar\/info\/#\/schema\/logo\/image\/","url":"https:\/\/patagoniambiental.com.ar\/info\/wp-content\/uploads\/2025\/05\/LOGO-PATAGONIA-AMBIENTAL.png","contentUrl":"https:\/\/patagoniambiental.com.ar\/info\/wp-content\/uploads\/2025\/05\/LOGO-PATAGONIA-AMBIENTAL.png","width":433,"height":250,"caption":"Patagonia Ambiental"},"image":{"@id":"https:\/\/patagoniambiental.com.ar\/info\/#\/schema\/logo\/image\/"},"sameAs":["https:\/\/www.facebook.com\/patagonia.ambiental","https:\/\/x.com\/PatAmb"]},{"@type":"Person","@id":"https:\/\/patagoniambiental.com.ar\/info\/#\/schema\/person\/db12bff64bbcbf6a253710bf0ea37b5d","name":"Patagonia Ambiental","description":"Andr\u00e9s Nievas T\u00e9cnico en manejo ambiental, consultor Ambiental y escritor para medios locales e internacionales sobre temas de geopolitica y medio ambiente.","sameAs":["http:\/\/www.patagoniambiental.com.ar","https:\/\/www.facebook.com\/share\/1C1V8Gv9BX\/?mibextid=qi2Omg","@patagoniambiental","https:\/\/youtube.com\/@patagoniaambiental2023?si=BLt58t0wuXquxlYZ"]}]}},"_links":{"self":[{"href":"https:\/\/patagoniambiental.com.ar\/info\/wp-json\/wp\/v2\/posts\/20717","targetHints":{"allow":["GET"]}}],"collection":[{"href":"https:\/\/patagoniambiental.com.ar\/info\/wp-json\/wp\/v2\/posts"}],"about":[{"href":"https:\/\/patagoniambiental.com.ar\/info\/wp-json\/wp\/v2\/types\/post"}],"author":[{"embeddable":true,"href":"https:\/\/patagoniambiental.com.ar\/info\/wp-json\/wp\/v2\/users\/2"}],"replies":[{"embeddable":true,"href":"https:\/\/patagoniambiental.com.ar\/info\/wp-json\/wp\/v2\/comments?post=20717"}],"version-history":[{"count":0,"href":"https:\/\/patagoniambiental.com.ar\/info\/wp-json\/wp\/v2\/posts\/20717\/revisions"}],"wp:attachment":[{"href":"https:\/\/patagoniambiental.com.ar\/info\/wp-json\/wp\/v2\/media?parent=20717"}],"wp:term":[{"taxonomy":"category","embeddable":true,"href":"https:\/\/patagoniambiental.com.ar\/info\/wp-json\/wp\/v2\/categories?post=20717"},{"taxonomy":"post_tag","embeddable":true,"href":"https:\/\/patagoniambiental.com.ar\/info\/wp-json\/wp\/v2\/tags?post=20717"}],"curies":[{"name":"wp","href":"https:\/\/api.w.org\/{rel}","templated":true}]}}