{"id":20722,"date":"2016-09-18T14:54:42","date_gmt":"2016-09-18T17:54:42","guid":{"rendered":"http:\/\/patagoniambiental.com.ar\/?p=20722"},"modified":"2016-09-18T14:54:42","modified_gmt":"2016-09-18T17:54:42","slug":"se-realiza-hoy-la-caninata-y-feria-canina-habra-desparasitacion-y-vacunacion-de-mascotas","status":"publish","type":"post","link":"https:\/\/patagoniambiental.com.ar\/info\/se-realiza-hoy-la-caninata-y-feria-canina-habra-desparasitacion-y-vacunacion-de-mascotas\/","title":{"rendered":"SE REALIZA HOY LA CANINATA Y FERIA CANINA: Habr\u00e1 Desparasitaci\u00f3n y Vacunaci\u00f3n de mascotas"},"content":{"rendered":"<p>General Roca.-Desde las 14, con la organizaci\u00f3n de la Direcci\u00f3n de Ambiente de la Municipalidad de General Roca, se realiza en el Marco de los festejos del \u00abAniversario de la ciudad\u00bb, la \u00ab14\u00aa Feria de Adopci\u00f3n Canina\u00bb de la ciudad en el Canalito e intersecci\u00f3n con\u00a0 Avda. Roca.-<!--more--><\/p>\n<p class=\"xmsonormal\"><span lang=\"ES-AR\">En la misma jornada y atendiendo la Salud P\u00fablica; la municipalidad reforzar\u00e1 su Plan de Vacunaci\u00f3n Preventiva y Desparasitaci\u00f3n, a los fines de evitar enfermedades transmitidas por animales y se llevar\u00e1 a cabo adem\u00e1s \u00bb la 6\u00ba Caninata Familiar\u00bb, para la cual se invita a los vecinos a participar con sus canes con las medidas de sujeci\u00f3n correspondientes..<\/span><\/p>\n<p class=\"xmsonormal\"><span lang=\"ES-AR\">Se destaca que participar\u00e1n nuevamente las Asociaciones Civiles de protecci\u00f3n y cuidados caninos, vecinos voluntarios, veterinarios, instituciones p\u00fablicas y privadas, y se contar\u00e1 una vez m\u00e1s con la colaboraci\u00f3n de empresas locales. Cabe destacar que \u00fanicamente las Asociaciones Civiles autorizadas podr\u00e1n dar canes en adopci\u00f3n a efectos de garantizar que los mismos se encuentran castrados y en perfecto estado sanitario.<\/span><\/p>\n<p><span lang=\"ES-AR\">Recordemos que esta actividad tiene como objetivo concientizar lo estipulado en la Ordenanza N\u00ba 4151\/05\u00a0 \u00abTenencia Responsable de Mascotas\u00bb.<\/span><\/p>\n<p>Fuente: Municipalidad de General Roca<\/p>\n","protected":false},"excerpt":{"rendered":"<p>General Roca.-Desde las 14, con la organizaci\u00f3n de la Direcci\u00f3n de Ambiente de la Municipalidad de General Roca, se realiza [&hellip;]<\/p>\n","protected":false},"author":2,"featured_media":0,"comment_status":"closed","ping_status":"closed","sticky":false,"template":"","format":"standard","meta":{"site-sidebar-layout":"default","site-content-layout":"","ast-site-content-layout":"default","site-content-style":"default","site-sidebar-style":"default","ast-global-header-display":"","ast-banner-title-visibility":"","ast-main-header-display":"","ast-hfb-above-header-display":"","ast-hfb-below-header-display":"","ast-hfb-mobile-header-display":"","site-post-title":"","ast-breadcrumbs-content":"","ast-featured-img":"","footer-sml-layout":"","ast-disable-related-posts":"","theme-transparent-header-meta":"","adv-header-id-meta":"","stick-header-meta":"","header-above-stick-meta":"","header-main-stick-meta":"","header-below-stick-meta":"","astra-migrate-meta-layouts":"default","ast-page-background-enabled":"default","ast-page-background-meta":{"desktop":{"background-color":"var(--ast-global-color-5)","background-image":"","background-repeat":"repeat","background-position":"center center","background-size":"auto","background-attachment":"scroll","background-type":"","background-media":"","overlay-type":"","overlay-color":"","overlay-opacity":"","overlay-gradient":""},"tablet":{"background-color":"","background-image":"","background-repeat":"repeat","background-position":"center center","background-size":"auto","background-attachment":"scroll","background-type":"","background-media":"","overlay-type":"","overlay-color":"","overlay-opacity":"","overlay-gradient":""},"mobile":{"background-color":"","background-image":"","background-repeat":"repeat","background-position":"center center","background-size":"auto","background-attachment":"scroll","background-type":"","background-media":"","overlay-type":"","overlay-color":"","overlay-opacity":"","overlay-gradient":""}},"ast-content-background-meta":{"desktop":{"background-color":"var(--ast-global-color-4)","background-image":"","background-repeat":"repeat","background-position":"center center","background-size":"auto","background-attachment":"scroll","background-type":"","background-media":"","overlay-type":"","overlay-color":"","overlay-opacity":"","overlay-gradient":""},"tablet":{"background-color":"var(--ast-global-color-4)","background-image":"","background-repeat":"repeat","background-position":"center center","background-size":"auto","background-attachment":"scroll","background-type":"","background-media":"","overlay-type":"","overlay-color":"","overlay-opacity":"","overlay-gradient":""},"mobile":{"background-color":"var(--ast-global-color-4)","background-image":"","background-repeat":"repeat","background-position":"center center","background-size":"auto","background-attachment":"scroll","background-type":"","background-media":"","overlay-type":"","overlay-color":"","overlay-opacity":"","overlay-gradient":""}},"footnotes":""},"categories":[16,1],"tags":[],"class_list":["post-20722","post","type-post","status-publish","format-standard","hentry","category-municipales","category-noticias"],"yoast_head":"<!-- This site is optimized with the Yoast SEO Premium plugin v23.0 (Yoast SEO v27.5) - https:\/\/yoast.com\/product\/yoast-seo-premium-wordpress\/ -->\n<title>SE REALIZA HOY LA CANINATA Y FERIA CANINA: Habr\u00e1 Desparasitaci\u00f3n y Vacunaci\u00f3n de mascotas<\/title>\n<meta name=\"robots\" content=\"index, follow, max-snippet:-1, max-image-preview:large, max-video-preview:-1\" \/>\n<link rel=\"canonical\" href=\"https:\/\/patagoniambiental.com.ar\/info\/se-realiza-hoy-la-caninata-y-feria-canina-habra-desparasitacion-y-vacunacion-de-mascotas\/\" \/>\n<meta property=\"og:locale\" content=\"es_ES\" \/>\n<meta property=\"og:type\" content=\"article\" \/>\n<meta property=\"og:title\" content=\"SE REALIZA HOY LA CANINATA Y FERIA CANINA: Habr\u00e1 Desparasitaci\u00f3n y Vacunaci\u00f3n de mascotas\" \/>\n<meta property=\"og:description\" content=\"General Roca.-Desde las 14, con la organizaci\u00f3n de la Direcci\u00f3n de Ambiente de la Municipalidad de General Roca, se realiza [&hellip;]\" \/>\n<meta property=\"og:url\" content=\"https:\/\/patagoniambiental.com.ar\/info\/se-realiza-hoy-la-caninata-y-feria-canina-habra-desparasitacion-y-vacunacion-de-mascotas\/\" \/>\n<meta property=\"og:site_name\" content=\"Patagonia Ambiental\" \/>\n<meta property=\"article:publisher\" content=\"https:\/\/www.facebook.com\/patagonia.ambiental\" \/>\n<meta property=\"article:author\" content=\"https:\/\/www.facebook.com\/share\/1C1V8Gv9BX\/?mibextid=qi2Omg\" \/>\n<meta property=\"article:published_time\" content=\"2016-09-18T17:54:42+00:00\" \/>\n<meta name=\"author\" content=\"Patagonia Ambiental\" \/>\n<meta name=\"twitter:card\" content=\"summary_large_image\" \/>\n<meta name=\"twitter:creator\" content=\"@PatAmb\" \/>\n<meta name=\"twitter:site\" content=\"@PatAmb\" \/>\n<script type=\"application\/ld+json\" class=\"yoast-schema-graph\">{\"@context\":\"https:\\\/\\\/schema.org\",\"@graph\":[{\"@type\":\"Article\",\"@id\":\"https:\\\/\\\/patagoniambiental.com.ar\\\/info\\\/se-realiza-hoy-la-caninata-y-feria-canina-habra-desparasitacion-y-vacunacion-de-mascotas\\\/#article\",\"isPartOf\":{\"@id\":\"https:\\\/\\\/patagoniambiental.com.ar\\\/info\\\/se-realiza-hoy-la-caninata-y-feria-canina-habra-desparasitacion-y-vacunacion-de-mascotas\\\/\"},\"author\":{\"name\":\"Patagonia Ambiental\",\"@id\":\"https:\\\/\\\/patagoniambiental.com.ar\\\/info\\\/#\\\/schema\\\/person\\\/db12bff64bbcbf6a253710bf0ea37b5d\"},\"headline\":\"SE REALIZA HOY LA CANINATA Y FERIA CANINA: Habr\u00e1 Desparasitaci\u00f3n y Vacunaci\u00f3n de mascotas\",\"datePublished\":\"2016-09-18T17:54:42+00:00\",\"mainEntityOfPage\":{\"@id\":\"https:\\\/\\\/patagoniambiental.com.ar\\\/info\\\/se-realiza-hoy-la-caninata-y-feria-canina-habra-desparasitacion-y-vacunacion-de-mascotas\\\/\"},\"wordCount\":219,\"publisher\":{\"@id\":\"https:\\\/\\\/patagoniambiental.com.ar\\\/info\\\/#organization\"},\"articleSection\":[\"Municipales\",\"Noticias\"],\"inLanguage\":\"es\"},{\"@type\":\"WebPage\",\"@id\":\"https:\\\/\\\/patagoniambiental.com.ar\\\/info\\\/se-realiza-hoy-la-caninata-y-feria-canina-habra-desparasitacion-y-vacunacion-de-mascotas\\\/\",\"url\":\"https:\\\/\\\/patagoniambiental.com.ar\\\/info\\\/se-realiza-hoy-la-caninata-y-feria-canina-habra-desparasitacion-y-vacunacion-de-mascotas\\\/\",\"name\":\"SE REALIZA HOY LA CANINATA Y FERIA CANINA: Habr\u00e1 Desparasitaci\u00f3n y Vacunaci\u00f3n de mascotas\",\"isPartOf\":{\"@id\":\"https:\\\/\\\/patagoniambiental.com.ar\\\/info\\\/#website\"},\"datePublished\":\"2016-09-18T17:54:42+00:00\",\"breadcrumb\":{\"@id\":\"https:\\\/\\\/patagoniambiental.com.ar\\\/info\\\/se-realiza-hoy-la-caninata-y-feria-canina-habra-desparasitacion-y-vacunacion-de-mascotas\\\/#breadcrumb\"},\"inLanguage\":\"es\",\"potentialAction\":[{\"@type\":\"ReadAction\",\"target\":[\"https:\\\/\\\/patagoniambiental.com.ar\\\/info\\\/se-realiza-hoy-la-caninata-y-feria-canina-habra-desparasitacion-y-vacunacion-de-mascotas\\\/\"]}]},{\"@type\":\"BreadcrumbList\",\"@id\":\"https:\\\/\\\/patagoniambiental.com.ar\\\/info\\\/se-realiza-hoy-la-caninata-y-feria-canina-habra-desparasitacion-y-vacunacion-de-mascotas\\\/#breadcrumb\",\"itemListElement\":[{\"@type\":\"ListItem\",\"position\":1,\"name\":\"Inicio\",\"item\":\"https:\\\/\\\/patagoniambiental.com.ar\\\/info\\\/\"},{\"@type\":\"ListItem\",\"position\":2,\"name\":\"SE REALIZA HOY LA CANINATA Y FERIA CANINA: Habr\u00e1 Desparasitaci\u00f3n y Vacunaci\u00f3n de mascotas\"}]},{\"@type\":\"WebSite\",\"@id\":\"https:\\\/\\\/patagoniambiental.com.ar\\\/info\\\/#website\",\"url\":\"https:\\\/\\\/patagoniambiental.com.ar\\\/info\\\/\",\"name\":\"Patagonia Ambiental\",\"description\":\"Monitoreo y an\u00e1lisis de la situaci\u00f3n geopol\u00edtica en el mundo y su implicancia en la Patagonia\",\"publisher\":{\"@id\":\"https:\\\/\\\/patagoniambiental.com.ar\\\/info\\\/#organization\"},\"potentialAction\":[{\"@type\":\"SearchAction\",\"target\":{\"@type\":\"EntryPoint\",\"urlTemplate\":\"https:\\\/\\\/patagoniambiental.com.ar\\\/info\\\/?s={search_term_string}\"},\"query-input\":{\"@type\":\"PropertyValueSpecification\",\"valueRequired\":true,\"valueName\":\"search_term_string\"}}],\"inLanguage\":\"es\"},{\"@type\":\"Organization\",\"@id\":\"https:\\\/\\\/patagoniambiental.com.ar\\\/info\\\/#organization\",\"name\":\"Patagonia Ambiental\",\"url\":\"https:\\\/\\\/patagoniambiental.com.ar\\\/info\\\/\",\"logo\":{\"@type\":\"ImageObject\",\"inLanguage\":\"es\",\"@id\":\"https:\\\/\\\/patagoniambiental.com.ar\\\/info\\\/#\\\/schema\\\/logo\\\/image\\\/\",\"url\":\"https:\\\/\\\/patagoniambiental.com.ar\\\/info\\\/wp-content\\\/uploads\\\/2025\\\/05\\\/LOGO-PATAGONIA-AMBIENTAL.png\",\"contentUrl\":\"https:\\\/\\\/patagoniambiental.com.ar\\\/info\\\/wp-content\\\/uploads\\\/2025\\\/05\\\/LOGO-PATAGONIA-AMBIENTAL.png\",\"width\":433,\"height\":250,\"caption\":\"Patagonia Ambiental\"},\"image\":{\"@id\":\"https:\\\/\\\/patagoniambiental.com.ar\\\/info\\\/#\\\/schema\\\/logo\\\/image\\\/\"},\"sameAs\":[\"https:\\\/\\\/www.facebook.com\\\/patagonia.ambiental\",\"https:\\\/\\\/x.com\\\/PatAmb\"]},{\"@type\":\"Person\",\"@id\":\"https:\\\/\\\/patagoniambiental.com.ar\\\/info\\\/#\\\/schema\\\/person\\\/db12bff64bbcbf6a253710bf0ea37b5d\",\"name\":\"Patagonia Ambiental\",\"description\":\"Andr\u00e9s Nievas T\u00e9cnico en manejo ambiental, consultor Ambiental y escritor para medios locales e internacionales sobre temas de geopolitica y medio ambiente.\",\"sameAs\":[\"http:\\\/\\\/www.patagoniambiental.com.ar\",\"https:\\\/\\\/www.facebook.com\\\/share\\\/1C1V8Gv9BX\\\/?mibextid=qi2Omg\",\"@patagoniambiental\",\"https:\\\/\\\/youtube.com\\\/@patagoniaambiental2023?si=BLt58t0wuXquxlYZ\"]}]}<\/script>\n<!-- \/ Yoast SEO Premium plugin. -->","yoast_head_json":{"title":"SE REALIZA HOY LA CANINATA Y FERIA CANINA: Habr\u00e1 Desparasitaci\u00f3n y Vacunaci\u00f3n de mascotas","robots":{"index":"index","follow":"follow","max-snippet":"max-snippet:-1","max-image-preview":"max-image-preview:large","max-video-preview":"max-video-preview:-1"},"canonical":"https:\/\/patagoniambiental.com.ar\/info\/se-realiza-hoy-la-caninata-y-feria-canina-habra-desparasitacion-y-vacunacion-de-mascotas\/","og_locale":"es_ES","og_type":"article","og_title":"SE REALIZA HOY LA CANINATA Y FERIA CANINA: Habr\u00e1 Desparasitaci\u00f3n y Vacunaci\u00f3n de mascotas","og_description":"General Roca.-Desde las 14, con la organizaci\u00f3n de la Direcci\u00f3n de Ambiente de la Municipalidad de General Roca, se realiza [&hellip;]","og_url":"https:\/\/patagoniambiental.com.ar\/info\/se-realiza-hoy-la-caninata-y-feria-canina-habra-desparasitacion-y-vacunacion-de-mascotas\/","og_site_name":"Patagonia Ambiental","article_publisher":"https:\/\/www.facebook.com\/patagonia.ambiental","article_author":"https:\/\/www.facebook.com\/share\/1C1V8Gv9BX\/?mibextid=qi2Omg","article_published_time":"2016-09-18T17:54:42+00:00","author":"Patagonia Ambiental","twitter_card":"summary_large_image","twitter_creator":"@PatAmb","twitter_site":"@PatAmb","schema":{"@context":"https:\/\/schema.org","@graph":[{"@type":"Article","@id":"https:\/\/patagoniambiental.com.ar\/info\/se-realiza-hoy-la-caninata-y-feria-canina-habra-desparasitacion-y-vacunacion-de-mascotas\/#article","isPartOf":{"@id":"https:\/\/patagoniambiental.com.ar\/info\/se-realiza-hoy-la-caninata-y-feria-canina-habra-desparasitacion-y-vacunacion-de-mascotas\/"},"author":{"name":"Patagonia Ambiental","@id":"https:\/\/patagoniambiental.com.ar\/info\/#\/schema\/person\/db12bff64bbcbf6a253710bf0ea37b5d"},"headline":"SE REALIZA HOY LA CANINATA Y FERIA CANINA: Habr\u00e1 Desparasitaci\u00f3n y Vacunaci\u00f3n de mascotas","datePublished":"2016-09-18T17:54:42+00:00","mainEntityOfPage":{"@id":"https:\/\/patagoniambiental.com.ar\/info\/se-realiza-hoy-la-caninata-y-feria-canina-habra-desparasitacion-y-vacunacion-de-mascotas\/"},"wordCount":219,"publisher":{"@id":"https:\/\/patagoniambiental.com.ar\/info\/#organization"},"articleSection":["Municipales","Noticias"],"inLanguage":"es"},{"@type":"WebPage","@id":"https:\/\/patagoniambiental.com.ar\/info\/se-realiza-hoy-la-caninata-y-feria-canina-habra-desparasitacion-y-vacunacion-de-mascotas\/","url":"https:\/\/patagoniambiental.com.ar\/info\/se-realiza-hoy-la-caninata-y-feria-canina-habra-desparasitacion-y-vacunacion-de-mascotas\/","name":"SE REALIZA HOY LA CANINATA Y FERIA CANINA: Habr\u00e1 Desparasitaci\u00f3n y Vacunaci\u00f3n de mascotas","isPartOf":{"@id":"https:\/\/patagoniambiental.com.ar\/info\/#website"},"datePublished":"2016-09-18T17:54:42+00:00","breadcrumb":{"@id":"https:\/\/patagoniambiental.com.ar\/info\/se-realiza-hoy-la-caninata-y-feria-canina-habra-desparasitacion-y-vacunacion-de-mascotas\/#breadcrumb"},"inLanguage":"es","potentialAction":[{"@type":"ReadAction","target":["https:\/\/patagoniambiental.com.ar\/info\/se-realiza-hoy-la-caninata-y-feria-canina-habra-desparasitacion-y-vacunacion-de-mascotas\/"]}]},{"@type":"BreadcrumbList","@id":"https:\/\/patagoniambiental.com.ar\/info\/se-realiza-hoy-la-caninata-y-feria-canina-habra-desparasitacion-y-vacunacion-de-mascotas\/#breadcrumb","itemListElement":[{"@type":"ListItem","position":1,"name":"Inicio","item":"https:\/\/patagoniambiental.com.ar\/info\/"},{"@type":"ListItem","position":2,"name":"SE REALIZA HOY LA CANINATA Y FERIA CANINA: Habr\u00e1 Desparasitaci\u00f3n y Vacunaci\u00f3n de mascotas"}]},{"@type":"WebSite","@id":"https:\/\/patagoniambiental.com.ar\/info\/#website","url":"https:\/\/patagoniambiental.com.ar\/info\/","name":"Patagonia Ambiental","description":"Monitoreo y an\u00e1lisis de la situaci\u00f3n geopol\u00edtica en el mundo y su implicancia en la Patagonia","publisher":{"@id":"https:\/\/patagoniambiental.com.ar\/info\/#organization"},"potentialAction":[{"@type":"SearchAction","target":{"@type":"EntryPoint","urlTemplate":"https:\/\/patagoniambiental.com.ar\/info\/?s={search_term_string}"},"query-input":{"@type":"PropertyValueSpecification","valueRequired":true,"valueName":"search_term_string"}}],"inLanguage":"es"},{"@type":"Organization","@id":"https:\/\/patagoniambiental.com.ar\/info\/#organization","name":"Patagonia Ambiental","url":"https:\/\/patagoniambiental.com.ar\/info\/","logo":{"@type":"ImageObject","inLanguage":"es","@id":"https:\/\/patagoniambiental.com.ar\/info\/#\/schema\/logo\/image\/","url":"https:\/\/patagoniambiental.com.ar\/info\/wp-content\/uploads\/2025\/05\/LOGO-PATAGONIA-AMBIENTAL.png","contentUrl":"https:\/\/patagoniambiental.com.ar\/info\/wp-content\/uploads\/2025\/05\/LOGO-PATAGONIA-AMBIENTAL.png","width":433,"height":250,"caption":"Patagonia Ambiental"},"image":{"@id":"https:\/\/patagoniambiental.com.ar\/info\/#\/schema\/logo\/image\/"},"sameAs":["https:\/\/www.facebook.com\/patagonia.ambiental","https:\/\/x.com\/PatAmb"]},{"@type":"Person","@id":"https:\/\/patagoniambiental.com.ar\/info\/#\/schema\/person\/db12bff64bbcbf6a253710bf0ea37b5d","name":"Patagonia Ambiental","description":"Andr\u00e9s Nievas T\u00e9cnico en manejo ambiental, consultor Ambiental y escritor para medios locales e internacionales sobre temas de geopolitica y medio ambiente.","sameAs":["http:\/\/www.patagoniambiental.com.ar","https:\/\/www.facebook.com\/share\/1C1V8Gv9BX\/?mibextid=qi2Omg","@patagoniambiental","https:\/\/youtube.com\/@patagoniaambiental2023?si=BLt58t0wuXquxlYZ"]}]}},"_links":{"self":[{"href":"https:\/\/patagoniambiental.com.ar\/info\/wp-json\/wp\/v2\/posts\/20722","targetHints":{"allow":["GET"]}}],"collection":[{"href":"https:\/\/patagoniambiental.com.ar\/info\/wp-json\/wp\/v2\/posts"}],"about":[{"href":"https:\/\/patagoniambiental.com.ar\/info\/wp-json\/wp\/v2\/types\/post"}],"author":[{"embeddable":true,"href":"https:\/\/patagoniambiental.com.ar\/info\/wp-json\/wp\/v2\/users\/2"}],"replies":[{"embeddable":true,"href":"https:\/\/patagoniambiental.com.ar\/info\/wp-json\/wp\/v2\/comments?post=20722"}],"version-history":[{"count":0,"href":"https:\/\/patagoniambiental.com.ar\/info\/wp-json\/wp\/v2\/posts\/20722\/revisions"}],"wp:attachment":[{"href":"https:\/\/patagoniambiental.com.ar\/info\/wp-json\/wp\/v2\/media?parent=20722"}],"wp:term":[{"taxonomy":"category","embeddable":true,"href":"https:\/\/patagoniambiental.com.ar\/info\/wp-json\/wp\/v2\/categories?post=20722"},{"taxonomy":"post_tag","embeddable":true,"href":"https:\/\/patagoniambiental.com.ar\/info\/wp-json\/wp\/v2\/tags?post=20722"}],"curies":[{"name":"wp","href":"https:\/\/api.w.org\/{rel}","templated":true}]}}