{"id":20759,"date":"2016-09-18T20:00:33","date_gmt":"2016-09-18T23:00:33","guid":{"rendered":"http:\/\/patagoniambiental.com.ar\/?p=20759"},"modified":"2016-09-18T20:00:33","modified_gmt":"2016-09-18T23:00:33","slug":"limpieza-y-refaccion-en-la-ciudad-durante-el-fin-de-semana-vuoto-estamos-trabajando-para-mejorar-la-ciudad-de-todos-y-con-todos","status":"publish","type":"post","link":"https:\/\/patagoniambiental.com.ar\/info\/limpieza-y-refaccion-en-la-ciudad-durante-el-fin-de-semana-vuoto-estamos-trabajando-para-mejorar-la-ciudad-de-todos-y-con-todos\/","title":{"rendered":"LIMPIEZA Y REFACCI\u00d3N EN LA CIUDAD DURANTE EL FIN DE SEMANA: Vuoto: \u201cEstamos trabajando para mejorar la ciudad de todos y con todos\u201d"},"content":{"rendered":"<p>Ushuaia.-El intendente Walter Vuoto particip\u00f3 de las jornadas de trabajo en el Paseo del Centenario para la puesta en valor del extenso sector que une, mediante pasarelas y miradores, la calle Gobernador Paz y San Mart\u00edn.<!--more--><\/p>\n<p>\u201cEstamos trabajando en la puesta en valor de los espacios p\u00fablicos de la ciudad, sabemos que hay much\u00edsimo por hacer. S\u00e9 perfectamente el estado en que se encuentra la ciudad y vamos a recuperarla para todos y con todos\u201d, dijo el intendente quien junto a los integrantes del gabinete, personal de Servicios P\u00fablicos y voluntarios que se sumaron a la tarea y llevaron adelante trabajos de refacci\u00f3n del sector.<\/p>\n<p>Durante el fin de semana se realiz\u00f3 adem\u00e1s la limpieza de la costa de la bah\u00eda Encerrada, el Paseo de las Rosas y la plaza Piedrabuena y alrededores donde se desarroll\u00f3 adem\u00e1s, durante la tarde del s\u00e1bado, una kermese para chicos y chicas.<\/p>\n<p>Vuoto explic\u00f3 que \u201cse realiza la primera etapa de recuperaci\u00f3n del paseo Centenario\u00a0 que es\u00a0 un paseo hermoso de nuestra ciudad que no tuvo mantenimiento por muchos a\u00f1os. Voluntarios, gabinete municipal y personal de la municipalidad durante este fin de semana, con el acompa\u00f1amiento del clima estuvimos trabajando en la pintura de los pilares, barandas, pasarelas\u201d.<\/p>\n<p>\u201cLa gente de parques y jardines se encuentra haciendo el mantenimiento de todo el paseo, trabajando muy bien\u00a0 y tambi\u00e9n estuvimos haciendo la limpieza del Paseo de las Rosas y la Costa de la Bah\u00eda Encerrada\u201d, dijo.<\/p>\n<p>\u201cHay mucho por hacer, lo s\u00e9 a la perfecci\u00f3n y lo vamos a hacer con asociaciones, con vecinos, Fuerzas que se suman, porque adem\u00e1s queremos no s\u00f3lo recuperar y poner en valor nuestros espacios, sino cuidarlos entre todos\u201d, dijo el intendente.<\/p>\n<p>Vuoto valor\u00f3 que contin\u00faa el operativo de limpieza desde la Secretaria de Medio Ambiente con el personal de Agrot\u00e9cnica Fueguina, programado para llevar adelante en los pr\u00f3ximos meses en toda la ciudad, cubriendo todos los barrios.<\/p>\n<p>Al respecto el lunes se llevar\u00e1 a cabo la limpieza en la zona comprendida entre las calles Maip\u00fa, 12 de octubre, Marcos Zar y Gobernador Paz a partir de las 08:00 de la ma\u00f1ana.<\/p>\n<p>Durante los fines de semana, grupos de voluntarios refuerzan espacios p\u00fablicos y comunes con trabajos de limpieza y refacci\u00f3n, como ocurri\u00f3 este fin de semana \u00faltimo en la costa y zona c\u00e9ntrica.<\/p>\n<p>\u201cVamos a ir recuperando por etapas y sin pausa cada espacio de la ciudad como este paseo del Centenario que tiene m\u00e1s de 20 a\u00f1os y que hay que restaurarlo profundamente por una gran falta de mantenimiento\u201d, explic\u00f3 el intendente quien acompa\u00f1\u00f3 al numeroso grupo de voluntarios durante la jornada de trabajo. \u201cTodos vamos a recuperar y mejorar la ciudad\u201d, finaliz\u00f3.<\/p>\n<p>Fuente: Ushuaia Noticias<\/p>\n","protected":false},"excerpt":{"rendered":"<p>Ushuaia.-El intendente Walter Vuoto particip\u00f3 de las jornadas de trabajo en el Paseo del Centenario para la puesta en valor [&hellip;]<\/p>\n","protected":false},"author":2,"featured_media":0,"comment_status":"closed","ping_status":"closed","sticky":false,"template":"","format":"standard","meta":{"site-sidebar-layout":"default","site-content-layout":"","ast-site-content-layout":"default","site-content-style":"default","site-sidebar-style":"default","ast-global-header-display":"","ast-banner-title-visibility":"","ast-main-header-display":"","ast-hfb-above-header-display":"","ast-hfb-below-header-display":"","ast-hfb-mobile-header-display":"","site-post-title":"","ast-breadcrumbs-content":"","ast-featured-img":"","footer-sml-layout":"","ast-disable-related-posts":"","theme-transparent-header-meta":"","adv-header-id-meta":"","stick-header-meta":"","header-above-stick-meta":"","header-main-stick-meta":"","header-below-stick-meta":"","astra-migrate-meta-layouts":"default","ast-page-background-enabled":"default","ast-page-background-meta":{"desktop":{"background-color":"var(--ast-global-color-5)","background-image":"","background-repeat":"repeat","background-position":"center center","background-size":"auto","background-attachment":"scroll","background-type":"","background-media":"","overlay-type":"","overlay-color":"","overlay-opacity":"","overlay-gradient":""},"tablet":{"background-color":"","background-image":"","background-repeat":"repeat","background-position":"center center","background-size":"auto","background-attachment":"scroll","background-type":"","background-media":"","overlay-type":"","overlay-color":"","overlay-opacity":"","overlay-gradient":""},"mobile":{"background-color":"","background-image":"","background-repeat":"repeat","background-position":"center center","background-size":"auto","background-attachment":"scroll","background-type":"","background-media":"","overlay-type":"","overlay-color":"","overlay-opacity":"","overlay-gradient":""}},"ast-content-background-meta":{"desktop":{"background-color":"var(--ast-global-color-4)","background-image":"","background-repeat":"repeat","background-position":"center center","background-size":"auto","background-attachment":"scroll","background-type":"","background-media":"","overlay-type":"","overlay-color":"","overlay-opacity":"","overlay-gradient":""},"tablet":{"background-color":"var(--ast-global-color-4)","background-image":"","background-repeat":"repeat","background-position":"center center","background-size":"auto","background-attachment":"scroll","background-type":"","background-media":"","overlay-type":"","overlay-color":"","overlay-opacity":"","overlay-gradient":""},"mobile":{"background-color":"var(--ast-global-color-4)","background-image":"","background-repeat":"repeat","background-position":"center center","background-size":"auto","background-attachment":"scroll","background-type":"","background-media":"","overlay-type":"","overlay-color":"","overlay-opacity":"","overlay-gradient":""}},"footnotes":""},"categories":[16,1],"tags":[],"class_list":["post-20759","post","type-post","status-publish","format-standard","hentry","category-municipales","category-noticias"],"yoast_head":"<!-- This site is optimized with the Yoast SEO Premium plugin v23.0 (Yoast SEO v27.5) - https:\/\/yoast.com\/product\/yoast-seo-premium-wordpress\/ -->\n<title>LIMPIEZA Y REFACCI\u00d3N EN LA CIUDAD DURANTE EL FIN DE SEMANA: Vuoto: \u201cEstamos trabajando para mejorar la ciudad de todos y con todos\u201d<\/title>\n<meta name=\"robots\" content=\"index, follow, max-snippet:-1, max-image-preview:large, max-video-preview:-1\" \/>\n<link rel=\"canonical\" href=\"https:\/\/patagoniambiental.com.ar\/info\/limpieza-y-refaccion-en-la-ciudad-durante-el-fin-de-semana-vuoto-estamos-trabajando-para-mejorar-la-ciudad-de-todos-y-con-todos\/\" \/>\n<meta property=\"og:locale\" content=\"es_ES\" \/>\n<meta property=\"og:type\" content=\"article\" \/>\n<meta property=\"og:title\" content=\"LIMPIEZA Y REFACCI\u00d3N EN LA CIUDAD DURANTE EL FIN DE SEMANA: Vuoto: \u201cEstamos trabajando para mejorar la ciudad de todos y con todos\u201d\" \/>\n<meta property=\"og:description\" content=\"Ushuaia.-El intendente Walter Vuoto particip\u00f3 de las jornadas de trabajo en el Paseo del Centenario para la puesta en valor [&hellip;]\" \/>\n<meta property=\"og:url\" content=\"https:\/\/patagoniambiental.com.ar\/info\/limpieza-y-refaccion-en-la-ciudad-durante-el-fin-de-semana-vuoto-estamos-trabajando-para-mejorar-la-ciudad-de-todos-y-con-todos\/\" \/>\n<meta property=\"og:site_name\" content=\"Patagonia Ambiental\" \/>\n<meta property=\"article:publisher\" content=\"https:\/\/www.facebook.com\/patagonia.ambiental\" \/>\n<meta property=\"article:author\" content=\"https:\/\/www.facebook.com\/share\/1C1V8Gv9BX\/?mibextid=qi2Omg\" \/>\n<meta property=\"article:published_time\" content=\"2016-09-18T23:00:33+00:00\" \/>\n<meta name=\"author\" content=\"Patagonia Ambiental\" \/>\n<meta name=\"twitter:card\" content=\"summary_large_image\" \/>\n<meta name=\"twitter:creator\" content=\"@PatAmb\" \/>\n<meta name=\"twitter:site\" content=\"@PatAmb\" \/>\n<script type=\"application\/ld+json\" class=\"yoast-schema-graph\">{\"@context\":\"https:\\\/\\\/schema.org\",\"@graph\":[{\"@type\":\"Article\",\"@id\":\"https:\\\/\\\/patagoniambiental.com.ar\\\/info\\\/limpieza-y-refaccion-en-la-ciudad-durante-el-fin-de-semana-vuoto-estamos-trabajando-para-mejorar-la-ciudad-de-todos-y-con-todos\\\/#article\",\"isPartOf\":{\"@id\":\"https:\\\/\\\/patagoniambiental.com.ar\\\/info\\\/limpieza-y-refaccion-en-la-ciudad-durante-el-fin-de-semana-vuoto-estamos-trabajando-para-mejorar-la-ciudad-de-todos-y-con-todos\\\/\"},\"author\":{\"name\":\"Patagonia Ambiental\",\"@id\":\"https:\\\/\\\/patagoniambiental.com.ar\\\/info\\\/#\\\/schema\\\/person\\\/db12bff64bbcbf6a253710bf0ea37b5d\"},\"headline\":\"LIMPIEZA Y REFACCI\u00d3N EN LA CIUDAD DURANTE EL FIN DE SEMANA: Vuoto: \u201cEstamos trabajando para mejorar la ciudad de todos y con todos\u201d\",\"datePublished\":\"2016-09-18T23:00:33+00:00\",\"mainEntityOfPage\":{\"@id\":\"https:\\\/\\\/patagoniambiental.com.ar\\\/info\\\/limpieza-y-refaccion-en-la-ciudad-durante-el-fin-de-semana-vuoto-estamos-trabajando-para-mejorar-la-ciudad-de-todos-y-con-todos\\\/\"},\"wordCount\":496,\"publisher\":{\"@id\":\"https:\\\/\\\/patagoniambiental.com.ar\\\/info\\\/#organization\"},\"articleSection\":[\"Municipales\",\"Noticias\"],\"inLanguage\":\"es\"},{\"@type\":\"WebPage\",\"@id\":\"https:\\\/\\\/patagoniambiental.com.ar\\\/info\\\/limpieza-y-refaccion-en-la-ciudad-durante-el-fin-de-semana-vuoto-estamos-trabajando-para-mejorar-la-ciudad-de-todos-y-con-todos\\\/\",\"url\":\"https:\\\/\\\/patagoniambiental.com.ar\\\/info\\\/limpieza-y-refaccion-en-la-ciudad-durante-el-fin-de-semana-vuoto-estamos-trabajando-para-mejorar-la-ciudad-de-todos-y-con-todos\\\/\",\"name\":\"LIMPIEZA Y REFACCI\u00d3N EN LA CIUDAD DURANTE EL FIN DE SEMANA: Vuoto: \u201cEstamos trabajando para mejorar la ciudad de todos y con todos\u201d\",\"isPartOf\":{\"@id\":\"https:\\\/\\\/patagoniambiental.com.ar\\\/info\\\/#website\"},\"datePublished\":\"2016-09-18T23:00:33+00:00\",\"breadcrumb\":{\"@id\":\"https:\\\/\\\/patagoniambiental.com.ar\\\/info\\\/limpieza-y-refaccion-en-la-ciudad-durante-el-fin-de-semana-vuoto-estamos-trabajando-para-mejorar-la-ciudad-de-todos-y-con-todos\\\/#breadcrumb\"},\"inLanguage\":\"es\",\"potentialAction\":[{\"@type\":\"ReadAction\",\"target\":[\"https:\\\/\\\/patagoniambiental.com.ar\\\/info\\\/limpieza-y-refaccion-en-la-ciudad-durante-el-fin-de-semana-vuoto-estamos-trabajando-para-mejorar-la-ciudad-de-todos-y-con-todos\\\/\"]}]},{\"@type\":\"BreadcrumbList\",\"@id\":\"https:\\\/\\\/patagoniambiental.com.ar\\\/info\\\/limpieza-y-refaccion-en-la-ciudad-durante-el-fin-de-semana-vuoto-estamos-trabajando-para-mejorar-la-ciudad-de-todos-y-con-todos\\\/#breadcrumb\",\"itemListElement\":[{\"@type\":\"ListItem\",\"position\":1,\"name\":\"Inicio\",\"item\":\"https:\\\/\\\/patagoniambiental.com.ar\\\/info\\\/\"},{\"@type\":\"ListItem\",\"position\":2,\"name\":\"LIMPIEZA Y REFACCI\u00d3N EN LA CIUDAD DURANTE EL FIN DE SEMANA: Vuoto: \u201cEstamos trabajando para mejorar la ciudad de todos y con todos\u201d\"}]},{\"@type\":\"WebSite\",\"@id\":\"https:\\\/\\\/patagoniambiental.com.ar\\\/info\\\/#website\",\"url\":\"https:\\\/\\\/patagoniambiental.com.ar\\\/info\\\/\",\"name\":\"Patagonia Ambiental\",\"description\":\"Monitoreo y an\u00e1lisis de la situaci\u00f3n geopol\u00edtica en el mundo y su implicancia en la Patagonia\",\"publisher\":{\"@id\":\"https:\\\/\\\/patagoniambiental.com.ar\\\/info\\\/#organization\"},\"potentialAction\":[{\"@type\":\"SearchAction\",\"target\":{\"@type\":\"EntryPoint\",\"urlTemplate\":\"https:\\\/\\\/patagoniambiental.com.ar\\\/info\\\/?s={search_term_string}\"},\"query-input\":{\"@type\":\"PropertyValueSpecification\",\"valueRequired\":true,\"valueName\":\"search_term_string\"}}],\"inLanguage\":\"es\"},{\"@type\":\"Organization\",\"@id\":\"https:\\\/\\\/patagoniambiental.com.ar\\\/info\\\/#organization\",\"name\":\"Patagonia Ambiental\",\"url\":\"https:\\\/\\\/patagoniambiental.com.ar\\\/info\\\/\",\"logo\":{\"@type\":\"ImageObject\",\"inLanguage\":\"es\",\"@id\":\"https:\\\/\\\/patagoniambiental.com.ar\\\/info\\\/#\\\/schema\\\/logo\\\/image\\\/\",\"url\":\"https:\\\/\\\/patagoniambiental.com.ar\\\/info\\\/wp-content\\\/uploads\\\/2025\\\/05\\\/LOGO-PATAGONIA-AMBIENTAL.png\",\"contentUrl\":\"https:\\\/\\\/patagoniambiental.com.ar\\\/info\\\/wp-content\\\/uploads\\\/2025\\\/05\\\/LOGO-PATAGONIA-AMBIENTAL.png\",\"width\":433,\"height\":250,\"caption\":\"Patagonia Ambiental\"},\"image\":{\"@id\":\"https:\\\/\\\/patagoniambiental.com.ar\\\/info\\\/#\\\/schema\\\/logo\\\/image\\\/\"},\"sameAs\":[\"https:\\\/\\\/www.facebook.com\\\/patagonia.ambiental\",\"https:\\\/\\\/x.com\\\/PatAmb\"]},{\"@type\":\"Person\",\"@id\":\"https:\\\/\\\/patagoniambiental.com.ar\\\/info\\\/#\\\/schema\\\/person\\\/db12bff64bbcbf6a253710bf0ea37b5d\",\"name\":\"Patagonia Ambiental\",\"description\":\"Andr\u00e9s Nievas T\u00e9cnico en manejo ambiental, consultor Ambiental y escritor para medios locales e internacionales sobre temas de geopolitica y medio ambiente.\",\"sameAs\":[\"http:\\\/\\\/www.patagoniambiental.com.ar\",\"https:\\\/\\\/www.facebook.com\\\/share\\\/1C1V8Gv9BX\\\/?mibextid=qi2Omg\",\"@patagoniambiental\",\"https:\\\/\\\/youtube.com\\\/@patagoniaambiental2023?si=BLt58t0wuXquxlYZ\"]}]}<\/script>\n<!-- \/ Yoast SEO Premium plugin. -->","yoast_head_json":{"title":"LIMPIEZA Y REFACCI\u00d3N EN LA CIUDAD DURANTE EL FIN DE SEMANA: Vuoto: \u201cEstamos trabajando para mejorar la ciudad de todos y con todos\u201d","robots":{"index":"index","follow":"follow","max-snippet":"max-snippet:-1","max-image-preview":"max-image-preview:large","max-video-preview":"max-video-preview:-1"},"canonical":"https:\/\/patagoniambiental.com.ar\/info\/limpieza-y-refaccion-en-la-ciudad-durante-el-fin-de-semana-vuoto-estamos-trabajando-para-mejorar-la-ciudad-de-todos-y-con-todos\/","og_locale":"es_ES","og_type":"article","og_title":"LIMPIEZA Y REFACCI\u00d3N EN LA CIUDAD DURANTE EL FIN DE SEMANA: Vuoto: \u201cEstamos trabajando para mejorar la ciudad de todos y con todos\u201d","og_description":"Ushuaia.-El intendente Walter Vuoto particip\u00f3 de las jornadas de trabajo en el Paseo del Centenario para la puesta en valor [&hellip;]","og_url":"https:\/\/patagoniambiental.com.ar\/info\/limpieza-y-refaccion-en-la-ciudad-durante-el-fin-de-semana-vuoto-estamos-trabajando-para-mejorar-la-ciudad-de-todos-y-con-todos\/","og_site_name":"Patagonia Ambiental","article_publisher":"https:\/\/www.facebook.com\/patagonia.ambiental","article_author":"https:\/\/www.facebook.com\/share\/1C1V8Gv9BX\/?mibextid=qi2Omg","article_published_time":"2016-09-18T23:00:33+00:00","author":"Patagonia Ambiental","twitter_card":"summary_large_image","twitter_creator":"@PatAmb","twitter_site":"@PatAmb","schema":{"@context":"https:\/\/schema.org","@graph":[{"@type":"Article","@id":"https:\/\/patagoniambiental.com.ar\/info\/limpieza-y-refaccion-en-la-ciudad-durante-el-fin-de-semana-vuoto-estamos-trabajando-para-mejorar-la-ciudad-de-todos-y-con-todos\/#article","isPartOf":{"@id":"https:\/\/patagoniambiental.com.ar\/info\/limpieza-y-refaccion-en-la-ciudad-durante-el-fin-de-semana-vuoto-estamos-trabajando-para-mejorar-la-ciudad-de-todos-y-con-todos\/"},"author":{"name":"Patagonia Ambiental","@id":"https:\/\/patagoniambiental.com.ar\/info\/#\/schema\/person\/db12bff64bbcbf6a253710bf0ea37b5d"},"headline":"LIMPIEZA Y REFACCI\u00d3N EN LA CIUDAD DURANTE EL FIN DE SEMANA: Vuoto: \u201cEstamos trabajando para mejorar la ciudad de todos y con todos\u201d","datePublished":"2016-09-18T23:00:33+00:00","mainEntityOfPage":{"@id":"https:\/\/patagoniambiental.com.ar\/info\/limpieza-y-refaccion-en-la-ciudad-durante-el-fin-de-semana-vuoto-estamos-trabajando-para-mejorar-la-ciudad-de-todos-y-con-todos\/"},"wordCount":496,"publisher":{"@id":"https:\/\/patagoniambiental.com.ar\/info\/#organization"},"articleSection":["Municipales","Noticias"],"inLanguage":"es"},{"@type":"WebPage","@id":"https:\/\/patagoniambiental.com.ar\/info\/limpieza-y-refaccion-en-la-ciudad-durante-el-fin-de-semana-vuoto-estamos-trabajando-para-mejorar-la-ciudad-de-todos-y-con-todos\/","url":"https:\/\/patagoniambiental.com.ar\/info\/limpieza-y-refaccion-en-la-ciudad-durante-el-fin-de-semana-vuoto-estamos-trabajando-para-mejorar-la-ciudad-de-todos-y-con-todos\/","name":"LIMPIEZA Y REFACCI\u00d3N EN LA CIUDAD DURANTE EL FIN DE SEMANA: Vuoto: \u201cEstamos trabajando para mejorar la ciudad de todos y con todos\u201d","isPartOf":{"@id":"https:\/\/patagoniambiental.com.ar\/info\/#website"},"datePublished":"2016-09-18T23:00:33+00:00","breadcrumb":{"@id":"https:\/\/patagoniambiental.com.ar\/info\/limpieza-y-refaccion-en-la-ciudad-durante-el-fin-de-semana-vuoto-estamos-trabajando-para-mejorar-la-ciudad-de-todos-y-con-todos\/#breadcrumb"},"inLanguage":"es","potentialAction":[{"@type":"ReadAction","target":["https:\/\/patagoniambiental.com.ar\/info\/limpieza-y-refaccion-en-la-ciudad-durante-el-fin-de-semana-vuoto-estamos-trabajando-para-mejorar-la-ciudad-de-todos-y-con-todos\/"]}]},{"@type":"BreadcrumbList","@id":"https:\/\/patagoniambiental.com.ar\/info\/limpieza-y-refaccion-en-la-ciudad-durante-el-fin-de-semana-vuoto-estamos-trabajando-para-mejorar-la-ciudad-de-todos-y-con-todos\/#breadcrumb","itemListElement":[{"@type":"ListItem","position":1,"name":"Inicio","item":"https:\/\/patagoniambiental.com.ar\/info\/"},{"@type":"ListItem","position":2,"name":"LIMPIEZA Y REFACCI\u00d3N EN LA CIUDAD DURANTE EL FIN DE SEMANA: Vuoto: \u201cEstamos trabajando para mejorar la ciudad de todos y con todos\u201d"}]},{"@type":"WebSite","@id":"https:\/\/patagoniambiental.com.ar\/info\/#website","url":"https:\/\/patagoniambiental.com.ar\/info\/","name":"Patagonia Ambiental","description":"Monitoreo y an\u00e1lisis de la situaci\u00f3n geopol\u00edtica en el mundo y su implicancia en la Patagonia","publisher":{"@id":"https:\/\/patagoniambiental.com.ar\/info\/#organization"},"potentialAction":[{"@type":"SearchAction","target":{"@type":"EntryPoint","urlTemplate":"https:\/\/patagoniambiental.com.ar\/info\/?s={search_term_string}"},"query-input":{"@type":"PropertyValueSpecification","valueRequired":true,"valueName":"search_term_string"}}],"inLanguage":"es"},{"@type":"Organization","@id":"https:\/\/patagoniambiental.com.ar\/info\/#organization","name":"Patagonia Ambiental","url":"https:\/\/patagoniambiental.com.ar\/info\/","logo":{"@type":"ImageObject","inLanguage":"es","@id":"https:\/\/patagoniambiental.com.ar\/info\/#\/schema\/logo\/image\/","url":"https:\/\/patagoniambiental.com.ar\/info\/wp-content\/uploads\/2025\/05\/LOGO-PATAGONIA-AMBIENTAL.png","contentUrl":"https:\/\/patagoniambiental.com.ar\/info\/wp-content\/uploads\/2025\/05\/LOGO-PATAGONIA-AMBIENTAL.png","width":433,"height":250,"caption":"Patagonia Ambiental"},"image":{"@id":"https:\/\/patagoniambiental.com.ar\/info\/#\/schema\/logo\/image\/"},"sameAs":["https:\/\/www.facebook.com\/patagonia.ambiental","https:\/\/x.com\/PatAmb"]},{"@type":"Person","@id":"https:\/\/patagoniambiental.com.ar\/info\/#\/schema\/person\/db12bff64bbcbf6a253710bf0ea37b5d","name":"Patagonia Ambiental","description":"Andr\u00e9s Nievas T\u00e9cnico en manejo ambiental, consultor Ambiental y escritor para medios locales e internacionales sobre temas de geopolitica y medio ambiente.","sameAs":["http:\/\/www.patagoniambiental.com.ar","https:\/\/www.facebook.com\/share\/1C1V8Gv9BX\/?mibextid=qi2Omg","@patagoniambiental","https:\/\/youtube.com\/@patagoniaambiental2023?si=BLt58t0wuXquxlYZ"]}]}},"_links":{"self":[{"href":"https:\/\/patagoniambiental.com.ar\/info\/wp-json\/wp\/v2\/posts\/20759","targetHints":{"allow":["GET"]}}],"collection":[{"href":"https:\/\/patagoniambiental.com.ar\/info\/wp-json\/wp\/v2\/posts"}],"about":[{"href":"https:\/\/patagoniambiental.com.ar\/info\/wp-json\/wp\/v2\/types\/post"}],"author":[{"embeddable":true,"href":"https:\/\/patagoniambiental.com.ar\/info\/wp-json\/wp\/v2\/users\/2"}],"replies":[{"embeddable":true,"href":"https:\/\/patagoniambiental.com.ar\/info\/wp-json\/wp\/v2\/comments?post=20759"}],"version-history":[{"count":0,"href":"https:\/\/patagoniambiental.com.ar\/info\/wp-json\/wp\/v2\/posts\/20759\/revisions"}],"wp:attachment":[{"href":"https:\/\/patagoniambiental.com.ar\/info\/wp-json\/wp\/v2\/media?parent=20759"}],"wp:term":[{"taxonomy":"category","embeddable":true,"href":"https:\/\/patagoniambiental.com.ar\/info\/wp-json\/wp\/v2\/categories?post=20759"},{"taxonomy":"post_tag","embeddable":true,"href":"https:\/\/patagoniambiental.com.ar\/info\/wp-json\/wp\/v2\/tags?post=20759"}],"curies":[{"name":"wp","href":"https:\/\/api.w.org\/{rel}","templated":true}]}}