{"id":20805,"date":"2016-09-21T09:00:02","date_gmt":"2016-09-21T12:00:02","guid":{"rendered":"http:\/\/patagoniambiental.com.ar\/?p=20805"},"modified":"2016-09-21T09:00:02","modified_gmt":"2016-09-21T12:00:02","slug":"se-aprobo-la-creacion-de-la-comision-mixta-del-parque-central-bariloche","status":"publish","type":"post","link":"https:\/\/patagoniambiental.com.ar\/info\/se-aprobo-la-creacion-de-la-comision-mixta-del-parque-central-bariloche\/","title":{"rendered":"Se aprob\u00f3 la creaci\u00f3n de la comisi\u00f3n mixta del Parque Central Bariloche"},"content":{"rendered":"<div class=\"span4\">\n<div class=\"txtbox\">BARILOCHE.- La Legislatura aprob\u00f3 en primera vuelta la creaci\u00f3n de la comisi\u00f3n mixta del Parque Central de San Carlos de Bariloche, de autor\u00eda de la legisladora Arabela Carreras (JSRN).<\/div>\n<div class=\"txtbox\"><\/div>\n<div class=\"txtbox\">La Legislatura aprob\u00f3 en primera vuelta la creaci\u00f3n de la comisi\u00f3n mixta del Parque Central de San Carlos de Bariloche, de autor\u00eda de la legisladora Arabela Carreras (JSRN).<\/p>\n<p>La edil Arabela Carreras se\u00f1al\u00f3 al respecto que la creaci\u00f3n de una comisi\u00f3n mixta tiene como prop\u00f3sito dar pasos concretos y positivos que efectivicen la creaci\u00f3n de este Parque: \u201cse hace indispensable generar un \u00e1mbito en el que confluyan opiniones, intereses y jurisdicciones, con el fin de realizar las gestiones ante las autoridades correspondientes y mejorar la intervenci\u00f3n del Estado\u201d.<\/p>\n<p>La Comisi\u00f3n tendr\u00e1 por objeto establecer un marco para la articulaci\u00f3n, ejecuci\u00f3n e implementaci\u00f3n de acciones, proyectos y programas a desarrollar en forma conjunta sobre tierras de dominio del Estado Nacional, administradas por el Ministerio de Defensa de la Naci\u00f3n. Esta comisi\u00f3n contribuir\u00e1 al ordenamiento, control y categorizaci\u00f3n de dicha \u00e1rea, propendiendo a su conservaci\u00f3n, protecci\u00f3n, mejora, recuperaci\u00f3n medioambiental y al uso p\u00fablico, en las zonas que resulten aptas.<\/p>\n<p>Se busca con esta ley fortalecer y ampliar procesos participativos, propiciando una activa intervenci\u00f3n de la comunidad de Bariloche. \u201cEsperamos que este futuro parque sea un lugar de encuentro para todos los vecinos, dado que tendr\u00e1 f\u00e1cil acceso desde la zona sur, a trav\u00e9s de la ruta 82, y tambi\u00e9n desde los barrios del este y oeste de nuestra ciudad\u201d, dijo la legisladora.<\/p>\n<p>La comisi\u00f3n estar\u00e1 integrada por dos representantes designados por el Estado Nacional, un representante designado por el Poder Ejecutivo Provincial, dos representantes designados por el Poder Legislativo Provincial, dos representantes del Poder Ejecutivo Municipal, uno de los cuales presidir\u00e1 la Comisi\u00f3n; dos representantes del Concejo Municipal de San Carlos de Bariloche, un representante de las Juntas Vecinales de los barrios linderos al \u00c1rea identificada en la presente ley, un representante de las Organizaciones Ambientalistas de San Carlos de Bariloche, debidamente registradas en el \u00e1mbito municipal y un representante de las comunidades ind\u00edgenas, con personer\u00eda jur\u00eddica, que habitan en forma efectiva en el predio.<\/p><\/div>\n<\/div>\n<div class=\"txtbox\">Fuente: Bariloche 2000<\/div>\n","protected":false},"excerpt":{"rendered":"<p>BARILOCHE.- La Legislatura aprob\u00f3 en primera vuelta la creaci\u00f3n de la comisi\u00f3n mixta del Parque Central de San Carlos de [&hellip;]<\/p>\n","protected":false},"author":2,"featured_media":0,"comment_status":"closed","ping_status":"closed","sticky":false,"template":"","format":"standard","meta":{"site-sidebar-layout":"default","site-content-layout":"","ast-site-content-layout":"default","site-content-style":"default","site-sidebar-style":"default","ast-global-header-display":"","ast-banner-title-visibility":"","ast-main-header-display":"","ast-hfb-above-header-display":"","ast-hfb-below-header-display":"","ast-hfb-mobile-header-display":"","site-post-title":"","ast-breadcrumbs-content":"","ast-featured-img":"","footer-sml-layout":"","ast-disable-related-posts":"","theme-transparent-header-meta":"","adv-header-id-meta":"","stick-header-meta":"","header-above-stick-meta":"","header-main-stick-meta":"","header-below-stick-meta":"","astra-migrate-meta-layouts":"default","ast-page-background-enabled":"default","ast-page-background-meta":{"desktop":{"background-color":"var(--ast-global-color-5)","background-image":"","background-repeat":"repeat","background-position":"center center","background-size":"auto","background-attachment":"scroll","background-type":"","background-media":"","overlay-type":"","overlay-color":"","overlay-opacity":"","overlay-gradient":""},"tablet":{"background-color":"","background-image":"","background-repeat":"repeat","background-position":"center center","background-size":"auto","background-attachment":"scroll","background-type":"","background-media":"","overlay-type":"","overlay-color":"","overlay-opacity":"","overlay-gradient":""},"mobile":{"background-color":"","background-image":"","background-repeat":"repeat","background-position":"center center","background-size":"auto","background-attachment":"scroll","background-type":"","background-media":"","overlay-type":"","overlay-color":"","overlay-opacity":"","overlay-gradient":""}},"ast-content-background-meta":{"desktop":{"background-color":"var(--ast-global-color-4)","background-image":"","background-repeat":"repeat","background-position":"center center","background-size":"auto","background-attachment":"scroll","background-type":"","background-media":"","overlay-type":"","overlay-color":"","overlay-opacity":"","overlay-gradient":""},"tablet":{"background-color":"var(--ast-global-color-4)","background-image":"","background-repeat":"repeat","background-position":"center center","background-size":"auto","background-attachment":"scroll","background-type":"","background-media":"","overlay-type":"","overlay-color":"","overlay-opacity":"","overlay-gradient":""},"mobile":{"background-color":"var(--ast-global-color-4)","background-image":"","background-repeat":"repeat","background-position":"center center","background-size":"auto","background-attachment":"scroll","background-type":"","background-media":"","overlay-type":"","overlay-color":"","overlay-opacity":"","overlay-gradient":""}},"footnotes":""},"categories":[16,1],"tags":[],"class_list":["post-20805","post","type-post","status-publish","format-standard","hentry","category-municipales","category-noticias"],"yoast_head":"<!-- This site is optimized with the Yoast SEO Premium plugin v23.0 (Yoast SEO v27.5) - https:\/\/yoast.com\/product\/yoast-seo-premium-wordpress\/ -->\n<title>Se aprob\u00f3 la creaci\u00f3n de la comisi\u00f3n mixta del Parque Central Bariloche<\/title>\n<meta name=\"robots\" content=\"index, follow, max-snippet:-1, max-image-preview:large, max-video-preview:-1\" \/>\n<link rel=\"canonical\" href=\"https:\/\/patagoniambiental.com.ar\/info\/se-aprobo-la-creacion-de-la-comision-mixta-del-parque-central-bariloche\/\" \/>\n<meta property=\"og:locale\" content=\"es_ES\" \/>\n<meta property=\"og:type\" content=\"article\" \/>\n<meta property=\"og:title\" content=\"Se aprob\u00f3 la creaci\u00f3n de la comisi\u00f3n mixta del Parque Central Bariloche\" \/>\n<meta property=\"og:description\" content=\"BARILOCHE.- La Legislatura aprob\u00f3 en primera vuelta la creaci\u00f3n de la comisi\u00f3n mixta del Parque Central de San Carlos de [&hellip;]\" \/>\n<meta property=\"og:url\" content=\"https:\/\/patagoniambiental.com.ar\/info\/se-aprobo-la-creacion-de-la-comision-mixta-del-parque-central-bariloche\/\" \/>\n<meta property=\"og:site_name\" content=\"Patagonia Ambiental\" \/>\n<meta property=\"article:publisher\" content=\"https:\/\/www.facebook.com\/patagonia.ambiental\" \/>\n<meta property=\"article:author\" content=\"https:\/\/www.facebook.com\/share\/1C1V8Gv9BX\/?mibextid=qi2Omg\" \/>\n<meta property=\"article:published_time\" content=\"2016-09-21T12:00:02+00:00\" \/>\n<meta name=\"author\" content=\"Patagonia Ambiental\" \/>\n<meta name=\"twitter:card\" content=\"summary_large_image\" \/>\n<meta name=\"twitter:creator\" content=\"@PatAmb\" \/>\n<meta name=\"twitter:site\" content=\"@PatAmb\" \/>\n<script type=\"application\/ld+json\" class=\"yoast-schema-graph\">{\"@context\":\"https:\\\/\\\/schema.org\",\"@graph\":[{\"@type\":\"Article\",\"@id\":\"https:\\\/\\\/patagoniambiental.com.ar\\\/info\\\/se-aprobo-la-creacion-de-la-comision-mixta-del-parque-central-bariloche\\\/#article\",\"isPartOf\":{\"@id\":\"https:\\\/\\\/patagoniambiental.com.ar\\\/info\\\/se-aprobo-la-creacion-de-la-comision-mixta-del-parque-central-bariloche\\\/\"},\"author\":{\"name\":\"Patagonia Ambiental\",\"@id\":\"https:\\\/\\\/patagoniambiental.com.ar\\\/info\\\/#\\\/schema\\\/person\\\/db12bff64bbcbf6a253710bf0ea37b5d\"},\"headline\":\"Se aprob\u00f3 la creaci\u00f3n de la comisi\u00f3n mixta del Parque Central Bariloche\",\"datePublished\":\"2016-09-21T12:00:02+00:00\",\"mainEntityOfPage\":{\"@id\":\"https:\\\/\\\/patagoniambiental.com.ar\\\/info\\\/se-aprobo-la-creacion-de-la-comision-mixta-del-parque-central-bariloche\\\/\"},\"wordCount\":400,\"publisher\":{\"@id\":\"https:\\\/\\\/patagoniambiental.com.ar\\\/info\\\/#organization\"},\"articleSection\":[\"Municipales\",\"Noticias\"],\"inLanguage\":\"es\"},{\"@type\":\"WebPage\",\"@id\":\"https:\\\/\\\/patagoniambiental.com.ar\\\/info\\\/se-aprobo-la-creacion-de-la-comision-mixta-del-parque-central-bariloche\\\/\",\"url\":\"https:\\\/\\\/patagoniambiental.com.ar\\\/info\\\/se-aprobo-la-creacion-de-la-comision-mixta-del-parque-central-bariloche\\\/\",\"name\":\"Se aprob\u00f3 la creaci\u00f3n de la comisi\u00f3n mixta del Parque Central Bariloche\",\"isPartOf\":{\"@id\":\"https:\\\/\\\/patagoniambiental.com.ar\\\/info\\\/#website\"},\"datePublished\":\"2016-09-21T12:00:02+00:00\",\"breadcrumb\":{\"@id\":\"https:\\\/\\\/patagoniambiental.com.ar\\\/info\\\/se-aprobo-la-creacion-de-la-comision-mixta-del-parque-central-bariloche\\\/#breadcrumb\"},\"inLanguage\":\"es\",\"potentialAction\":[{\"@type\":\"ReadAction\",\"target\":[\"https:\\\/\\\/patagoniambiental.com.ar\\\/info\\\/se-aprobo-la-creacion-de-la-comision-mixta-del-parque-central-bariloche\\\/\"]}]},{\"@type\":\"BreadcrumbList\",\"@id\":\"https:\\\/\\\/patagoniambiental.com.ar\\\/info\\\/se-aprobo-la-creacion-de-la-comision-mixta-del-parque-central-bariloche\\\/#breadcrumb\",\"itemListElement\":[{\"@type\":\"ListItem\",\"position\":1,\"name\":\"Inicio\",\"item\":\"https:\\\/\\\/patagoniambiental.com.ar\\\/info\\\/\"},{\"@type\":\"ListItem\",\"position\":2,\"name\":\"Se aprob\u00f3 la creaci\u00f3n de la comisi\u00f3n mixta del Parque Central Bariloche\"}]},{\"@type\":\"WebSite\",\"@id\":\"https:\\\/\\\/patagoniambiental.com.ar\\\/info\\\/#website\",\"url\":\"https:\\\/\\\/patagoniambiental.com.ar\\\/info\\\/\",\"name\":\"Patagonia Ambiental\",\"description\":\"Monitoreo y an\u00e1lisis de la situaci\u00f3n geopol\u00edtica en el mundo y su implicancia en la Patagonia\",\"publisher\":{\"@id\":\"https:\\\/\\\/patagoniambiental.com.ar\\\/info\\\/#organization\"},\"potentialAction\":[{\"@type\":\"SearchAction\",\"target\":{\"@type\":\"EntryPoint\",\"urlTemplate\":\"https:\\\/\\\/patagoniambiental.com.ar\\\/info\\\/?s={search_term_string}\"},\"query-input\":{\"@type\":\"PropertyValueSpecification\",\"valueRequired\":true,\"valueName\":\"search_term_string\"}}],\"inLanguage\":\"es\"},{\"@type\":\"Organization\",\"@id\":\"https:\\\/\\\/patagoniambiental.com.ar\\\/info\\\/#organization\",\"name\":\"Patagonia Ambiental\",\"url\":\"https:\\\/\\\/patagoniambiental.com.ar\\\/info\\\/\",\"logo\":{\"@type\":\"ImageObject\",\"inLanguage\":\"es\",\"@id\":\"https:\\\/\\\/patagoniambiental.com.ar\\\/info\\\/#\\\/schema\\\/logo\\\/image\\\/\",\"url\":\"https:\\\/\\\/patagoniambiental.com.ar\\\/info\\\/wp-content\\\/uploads\\\/2025\\\/05\\\/LOGO-PATAGONIA-AMBIENTAL.png\",\"contentUrl\":\"https:\\\/\\\/patagoniambiental.com.ar\\\/info\\\/wp-content\\\/uploads\\\/2025\\\/05\\\/LOGO-PATAGONIA-AMBIENTAL.png\",\"width\":433,\"height\":250,\"caption\":\"Patagonia Ambiental\"},\"image\":{\"@id\":\"https:\\\/\\\/patagoniambiental.com.ar\\\/info\\\/#\\\/schema\\\/logo\\\/image\\\/\"},\"sameAs\":[\"https:\\\/\\\/www.facebook.com\\\/patagonia.ambiental\",\"https:\\\/\\\/x.com\\\/PatAmb\"]},{\"@type\":\"Person\",\"@id\":\"https:\\\/\\\/patagoniambiental.com.ar\\\/info\\\/#\\\/schema\\\/person\\\/db12bff64bbcbf6a253710bf0ea37b5d\",\"name\":\"Patagonia Ambiental\",\"description\":\"Andr\u00e9s Nievas T\u00e9cnico en manejo ambiental, consultor Ambiental y escritor para medios locales e internacionales sobre temas de geopolitica y medio ambiente.\",\"sameAs\":[\"http:\\\/\\\/www.patagoniambiental.com.ar\",\"https:\\\/\\\/www.facebook.com\\\/share\\\/1C1V8Gv9BX\\\/?mibextid=qi2Omg\",\"@patagoniambiental\",\"https:\\\/\\\/youtube.com\\\/@patagoniaambiental2023?si=BLt58t0wuXquxlYZ\"]}]}<\/script>\n<!-- \/ Yoast SEO Premium plugin. -->","yoast_head_json":{"title":"Se aprob\u00f3 la creaci\u00f3n de la comisi\u00f3n mixta del Parque Central Bariloche","robots":{"index":"index","follow":"follow","max-snippet":"max-snippet:-1","max-image-preview":"max-image-preview:large","max-video-preview":"max-video-preview:-1"},"canonical":"https:\/\/patagoniambiental.com.ar\/info\/se-aprobo-la-creacion-de-la-comision-mixta-del-parque-central-bariloche\/","og_locale":"es_ES","og_type":"article","og_title":"Se aprob\u00f3 la creaci\u00f3n de la comisi\u00f3n mixta del Parque Central Bariloche","og_description":"BARILOCHE.- La Legislatura aprob\u00f3 en primera vuelta la creaci\u00f3n de la comisi\u00f3n mixta del Parque Central de San Carlos de [&hellip;]","og_url":"https:\/\/patagoniambiental.com.ar\/info\/se-aprobo-la-creacion-de-la-comision-mixta-del-parque-central-bariloche\/","og_site_name":"Patagonia Ambiental","article_publisher":"https:\/\/www.facebook.com\/patagonia.ambiental","article_author":"https:\/\/www.facebook.com\/share\/1C1V8Gv9BX\/?mibextid=qi2Omg","article_published_time":"2016-09-21T12:00:02+00:00","author":"Patagonia Ambiental","twitter_card":"summary_large_image","twitter_creator":"@PatAmb","twitter_site":"@PatAmb","schema":{"@context":"https:\/\/schema.org","@graph":[{"@type":"Article","@id":"https:\/\/patagoniambiental.com.ar\/info\/se-aprobo-la-creacion-de-la-comision-mixta-del-parque-central-bariloche\/#article","isPartOf":{"@id":"https:\/\/patagoniambiental.com.ar\/info\/se-aprobo-la-creacion-de-la-comision-mixta-del-parque-central-bariloche\/"},"author":{"name":"Patagonia Ambiental","@id":"https:\/\/patagoniambiental.com.ar\/info\/#\/schema\/person\/db12bff64bbcbf6a253710bf0ea37b5d"},"headline":"Se aprob\u00f3 la creaci\u00f3n de la comisi\u00f3n mixta del Parque Central Bariloche","datePublished":"2016-09-21T12:00:02+00:00","mainEntityOfPage":{"@id":"https:\/\/patagoniambiental.com.ar\/info\/se-aprobo-la-creacion-de-la-comision-mixta-del-parque-central-bariloche\/"},"wordCount":400,"publisher":{"@id":"https:\/\/patagoniambiental.com.ar\/info\/#organization"},"articleSection":["Municipales","Noticias"],"inLanguage":"es"},{"@type":"WebPage","@id":"https:\/\/patagoniambiental.com.ar\/info\/se-aprobo-la-creacion-de-la-comision-mixta-del-parque-central-bariloche\/","url":"https:\/\/patagoniambiental.com.ar\/info\/se-aprobo-la-creacion-de-la-comision-mixta-del-parque-central-bariloche\/","name":"Se aprob\u00f3 la creaci\u00f3n de la comisi\u00f3n mixta del Parque Central Bariloche","isPartOf":{"@id":"https:\/\/patagoniambiental.com.ar\/info\/#website"},"datePublished":"2016-09-21T12:00:02+00:00","breadcrumb":{"@id":"https:\/\/patagoniambiental.com.ar\/info\/se-aprobo-la-creacion-de-la-comision-mixta-del-parque-central-bariloche\/#breadcrumb"},"inLanguage":"es","potentialAction":[{"@type":"ReadAction","target":["https:\/\/patagoniambiental.com.ar\/info\/se-aprobo-la-creacion-de-la-comision-mixta-del-parque-central-bariloche\/"]}]},{"@type":"BreadcrumbList","@id":"https:\/\/patagoniambiental.com.ar\/info\/se-aprobo-la-creacion-de-la-comision-mixta-del-parque-central-bariloche\/#breadcrumb","itemListElement":[{"@type":"ListItem","position":1,"name":"Inicio","item":"https:\/\/patagoniambiental.com.ar\/info\/"},{"@type":"ListItem","position":2,"name":"Se aprob\u00f3 la creaci\u00f3n de la comisi\u00f3n mixta del Parque Central Bariloche"}]},{"@type":"WebSite","@id":"https:\/\/patagoniambiental.com.ar\/info\/#website","url":"https:\/\/patagoniambiental.com.ar\/info\/","name":"Patagonia Ambiental","description":"Monitoreo y an\u00e1lisis de la situaci\u00f3n geopol\u00edtica en el mundo y su implicancia en la Patagonia","publisher":{"@id":"https:\/\/patagoniambiental.com.ar\/info\/#organization"},"potentialAction":[{"@type":"SearchAction","target":{"@type":"EntryPoint","urlTemplate":"https:\/\/patagoniambiental.com.ar\/info\/?s={search_term_string}"},"query-input":{"@type":"PropertyValueSpecification","valueRequired":true,"valueName":"search_term_string"}}],"inLanguage":"es"},{"@type":"Organization","@id":"https:\/\/patagoniambiental.com.ar\/info\/#organization","name":"Patagonia Ambiental","url":"https:\/\/patagoniambiental.com.ar\/info\/","logo":{"@type":"ImageObject","inLanguage":"es","@id":"https:\/\/patagoniambiental.com.ar\/info\/#\/schema\/logo\/image\/","url":"https:\/\/patagoniambiental.com.ar\/info\/wp-content\/uploads\/2025\/05\/LOGO-PATAGONIA-AMBIENTAL.png","contentUrl":"https:\/\/patagoniambiental.com.ar\/info\/wp-content\/uploads\/2025\/05\/LOGO-PATAGONIA-AMBIENTAL.png","width":433,"height":250,"caption":"Patagonia Ambiental"},"image":{"@id":"https:\/\/patagoniambiental.com.ar\/info\/#\/schema\/logo\/image\/"},"sameAs":["https:\/\/www.facebook.com\/patagonia.ambiental","https:\/\/x.com\/PatAmb"]},{"@type":"Person","@id":"https:\/\/patagoniambiental.com.ar\/info\/#\/schema\/person\/db12bff64bbcbf6a253710bf0ea37b5d","name":"Patagonia Ambiental","description":"Andr\u00e9s Nievas T\u00e9cnico en manejo ambiental, consultor Ambiental y escritor para medios locales e internacionales sobre temas de geopolitica y medio ambiente.","sameAs":["http:\/\/www.patagoniambiental.com.ar","https:\/\/www.facebook.com\/share\/1C1V8Gv9BX\/?mibextid=qi2Omg","@patagoniambiental","https:\/\/youtube.com\/@patagoniaambiental2023?si=BLt58t0wuXquxlYZ"]}]}},"_links":{"self":[{"href":"https:\/\/patagoniambiental.com.ar\/info\/wp-json\/wp\/v2\/posts\/20805","targetHints":{"allow":["GET"]}}],"collection":[{"href":"https:\/\/patagoniambiental.com.ar\/info\/wp-json\/wp\/v2\/posts"}],"about":[{"href":"https:\/\/patagoniambiental.com.ar\/info\/wp-json\/wp\/v2\/types\/post"}],"author":[{"embeddable":true,"href":"https:\/\/patagoniambiental.com.ar\/info\/wp-json\/wp\/v2\/users\/2"}],"replies":[{"embeddable":true,"href":"https:\/\/patagoniambiental.com.ar\/info\/wp-json\/wp\/v2\/comments?post=20805"}],"version-history":[{"count":0,"href":"https:\/\/patagoniambiental.com.ar\/info\/wp-json\/wp\/v2\/posts\/20805\/revisions"}],"wp:attachment":[{"href":"https:\/\/patagoniambiental.com.ar\/info\/wp-json\/wp\/v2\/media?parent=20805"}],"wp:term":[{"taxonomy":"category","embeddable":true,"href":"https:\/\/patagoniambiental.com.ar\/info\/wp-json\/wp\/v2\/categories?post=20805"},{"taxonomy":"post_tag","embeddable":true,"href":"https:\/\/patagoniambiental.com.ar\/info\/wp-json\/wp\/v2\/tags?post=20805"}],"curies":[{"name":"wp","href":"https:\/\/api.w.org\/{rel}","templated":true}]}}