{"id":20917,"date":"2016-09-22T19:00:12","date_gmt":"2016-09-22T22:00:12","guid":{"rendered":"http:\/\/patagoniambiental.com.ar\/?p=20917"},"modified":"2016-09-22T19:00:12","modified_gmt":"2016-09-22T22:00:12","slug":"lanzamiento-del-programa-trae-tus-raee","status":"publish","type":"post","link":"https:\/\/patagoniambiental.com.ar\/info\/lanzamiento-del-programa-trae-tus-raee\/","title":{"rendered":"LANZAMIENTO DEL PROGRAMA \u00abTRA\u00c9 TUS RAEE\u00bb"},"content":{"rendered":"<p>Trelew.-Ayer por la tarde, en el marco de las actividades por el d\u00eda de la Primavera en la Peatonal Luis Gazin, el equipo de la Direcci\u00f3n de Gesti\u00f3n Ambiental de la Municipalidad de Trelew, lanz\u00f3 el programa TRA\u00c9 TUS RAEE,<!--more--> que tiene como objetivo sacar de circulaci\u00f3n todos los Residuos de Aparatos El\u00e9ctricos y Electr\u00f3nicos.<br \/>\n<img fetchpriority=\"high\" decoding=\"async\" class=\"wp-image-20921 alignleft\" src=\"http:\/\/patagoniambiental.com.ar\/wp-content\/uploads\/2016\/09\/14368787_1059966354051886_6695974815623991966_n-399x600.jpg\" alt=\"14368787_1059966354051886_6695974815623991966_n\" width=\"309\" height=\"464\" \/><\/p>\n<p>&nbsp;<\/p>\n<p>Durante los d\u00edas 7 de Octubre, 21 de Octubre, 4 de Noviembre, 18 de Noviembre y 2 de Diciembre, los vecinos de Trelew podr\u00e1n acercar sus residuos el\u00e9ctricos y electr\u00f3nicos a la oficina de ambiente (MITRE 73), donde estar\u00e1 ubicado el \u201cPunto Limpio M\u00f3vil\u201d para la recepci\u00f3n de los mismos.<\/p>\n<p>Fuente: Direcci\u00f3n de Gesti\u00f3n Ambiental de la Municipalidad de Trelew<\/p>\n","protected":false},"excerpt":{"rendered":"<p>Trelew.-Ayer por la tarde, en el marco de las actividades por el d\u00eda de la Primavera en la Peatonal Luis [&hellip;]<\/p>\n","protected":false},"author":2,"featured_media":0,"comment_status":"closed","ping_status":"closed","sticky":false,"template":"","format":"standard","meta":{"site-sidebar-layout":"default","site-content-layout":"","ast-site-content-layout":"default","site-content-style":"default","site-sidebar-style":"default","ast-global-header-display":"","ast-banner-title-visibility":"","ast-main-header-display":"","ast-hfb-above-header-display":"","ast-hfb-below-header-display":"","ast-hfb-mobile-header-display":"","site-post-title":"","ast-breadcrumbs-content":"","ast-featured-img":"","footer-sml-layout":"","ast-disable-related-posts":"","theme-transparent-header-meta":"","adv-header-id-meta":"","stick-header-meta":"","header-above-stick-meta":"","header-main-stick-meta":"","header-below-stick-meta":"","astra-migrate-meta-layouts":"default","ast-page-background-enabled":"default","ast-page-background-meta":{"desktop":{"background-color":"var(--ast-global-color-5)","background-image":"","background-repeat":"repeat","background-position":"center center","background-size":"auto","background-attachment":"scroll","background-type":"","background-media":"","overlay-type":"","overlay-color":"","overlay-opacity":"","overlay-gradient":""},"tablet":{"background-color":"","background-image":"","background-repeat":"repeat","background-position":"center center","background-size":"auto","background-attachment":"scroll","background-type":"","background-media":"","overlay-type":"","overlay-color":"","overlay-opacity":"","overlay-gradient":""},"mobile":{"background-color":"","background-image":"","background-repeat":"repeat","background-position":"center center","background-size":"auto","background-attachment":"scroll","background-type":"","background-media":"","overlay-type":"","overlay-color":"","overlay-opacity":"","overlay-gradient":""}},"ast-content-background-meta":{"desktop":{"background-color":"var(--ast-global-color-4)","background-image":"","background-repeat":"repeat","background-position":"center center","background-size":"auto","background-attachment":"scroll","background-type":"","background-media":"","overlay-type":"","overlay-color":"","overlay-opacity":"","overlay-gradient":""},"tablet":{"background-color":"var(--ast-global-color-4)","background-image":"","background-repeat":"repeat","background-position":"center center","background-size":"auto","background-attachment":"scroll","background-type":"","background-media":"","overlay-type":"","overlay-color":"","overlay-opacity":"","overlay-gradient":""},"mobile":{"background-color":"var(--ast-global-color-4)","background-image":"","background-repeat":"repeat","background-position":"center center","background-size":"auto","background-attachment":"scroll","background-type":"","background-media":"","overlay-type":"","overlay-color":"","overlay-opacity":"","overlay-gradient":""}},"footnotes":""},"categories":[16,1],"tags":[],"class_list":["post-20917","post","type-post","status-publish","format-standard","hentry","category-municipales","category-noticias"],"yoast_head":"<!-- This site is optimized with the Yoast SEO Premium plugin v23.0 (Yoast SEO v27.4) - https:\/\/yoast.com\/product\/yoast-seo-premium-wordpress\/ -->\n<title>LANZAMIENTO DEL PROGRAMA &quot;TRA\u00c9 TUS RAEE&quot;<\/title>\n<meta name=\"robots\" content=\"index, follow, max-snippet:-1, max-image-preview:large, max-video-preview:-1\" \/>\n<link rel=\"canonical\" href=\"https:\/\/patagoniambiental.com.ar\/info\/lanzamiento-del-programa-trae-tus-raee\/\" \/>\n<meta property=\"og:locale\" content=\"es_ES\" \/>\n<meta property=\"og:type\" content=\"article\" \/>\n<meta property=\"og:title\" content=\"LANZAMIENTO DEL PROGRAMA &quot;TRA\u00c9 TUS RAEE&quot;\" \/>\n<meta property=\"og:description\" content=\"Trelew.-Ayer por la tarde, en el marco de las actividades por el d\u00eda de la Primavera en la Peatonal Luis [&hellip;]\" \/>\n<meta property=\"og:url\" content=\"https:\/\/patagoniambiental.com.ar\/info\/lanzamiento-del-programa-trae-tus-raee\/\" \/>\n<meta property=\"og:site_name\" content=\"Patagonia Ambiental\" \/>\n<meta property=\"article:publisher\" content=\"https:\/\/www.facebook.com\/patagonia.ambiental\" \/>\n<meta property=\"article:author\" content=\"https:\/\/www.facebook.com\/share\/1C1V8Gv9BX\/?mibextid=qi2Omg\" \/>\n<meta property=\"article:published_time\" content=\"2016-09-22T22:00:12+00:00\" \/>\n<meta property=\"og:image\" content=\"http:\/\/patagoniambiental.com.ar\/wp-content\/uploads\/2016\/09\/14368787_1059966354051886_6695974815623991966_n-399x600.jpg\" \/>\n<meta name=\"author\" content=\"Patagonia Ambiental\" \/>\n<meta name=\"twitter:card\" content=\"summary_large_image\" \/>\n<meta name=\"twitter:creator\" content=\"@PatAmb\" \/>\n<meta name=\"twitter:site\" content=\"@PatAmb\" \/>\n<script type=\"application\/ld+json\" class=\"yoast-schema-graph\">{\"@context\":\"https:\\\/\\\/schema.org\",\"@graph\":[{\"@type\":\"Article\",\"@id\":\"https:\\\/\\\/patagoniambiental.com.ar\\\/info\\\/lanzamiento-del-programa-trae-tus-raee\\\/#article\",\"isPartOf\":{\"@id\":\"https:\\\/\\\/patagoniambiental.com.ar\\\/info\\\/lanzamiento-del-programa-trae-tus-raee\\\/\"},\"author\":{\"name\":\"Patagonia Ambiental\",\"@id\":\"https:\\\/\\\/patagoniambiental.com.ar\\\/info\\\/#\\\/schema\\\/person\\\/db12bff64bbcbf6a253710bf0ea37b5d\"},\"headline\":\"LANZAMIENTO DEL PROGRAMA \u00abTRA\u00c9 TUS RAEE\u00bb\",\"datePublished\":\"2016-09-22T22:00:12+00:00\",\"mainEntityOfPage\":{\"@id\":\"https:\\\/\\\/patagoniambiental.com.ar\\\/info\\\/lanzamiento-del-programa-trae-tus-raee\\\/\"},\"wordCount\":131,\"publisher\":{\"@id\":\"https:\\\/\\\/patagoniambiental.com.ar\\\/info\\\/#organization\"},\"image\":{\"@id\":\"https:\\\/\\\/patagoniambiental.com.ar\\\/info\\\/lanzamiento-del-programa-trae-tus-raee\\\/#primaryimage\"},\"thumbnailUrl\":\"http:\\\/\\\/patagoniambiental.com.ar\\\/wp-content\\\/uploads\\\/2016\\\/09\\\/14368787_1059966354051886_6695974815623991966_n-399x600.jpg\",\"articleSection\":[\"Municipales\",\"Noticias\"],\"inLanguage\":\"es\"},{\"@type\":\"WebPage\",\"@id\":\"https:\\\/\\\/patagoniambiental.com.ar\\\/info\\\/lanzamiento-del-programa-trae-tus-raee\\\/\",\"url\":\"https:\\\/\\\/patagoniambiental.com.ar\\\/info\\\/lanzamiento-del-programa-trae-tus-raee\\\/\",\"name\":\"LANZAMIENTO DEL PROGRAMA \\\"TRA\u00c9 TUS RAEE\\\"\",\"isPartOf\":{\"@id\":\"https:\\\/\\\/patagoniambiental.com.ar\\\/info\\\/#website\"},\"primaryImageOfPage\":{\"@id\":\"https:\\\/\\\/patagoniambiental.com.ar\\\/info\\\/lanzamiento-del-programa-trae-tus-raee\\\/#primaryimage\"},\"image\":{\"@id\":\"https:\\\/\\\/patagoniambiental.com.ar\\\/info\\\/lanzamiento-del-programa-trae-tus-raee\\\/#primaryimage\"},\"thumbnailUrl\":\"http:\\\/\\\/patagoniambiental.com.ar\\\/wp-content\\\/uploads\\\/2016\\\/09\\\/14368787_1059966354051886_6695974815623991966_n-399x600.jpg\",\"datePublished\":\"2016-09-22T22:00:12+00:00\",\"breadcrumb\":{\"@id\":\"https:\\\/\\\/patagoniambiental.com.ar\\\/info\\\/lanzamiento-del-programa-trae-tus-raee\\\/#breadcrumb\"},\"inLanguage\":\"es\",\"potentialAction\":[{\"@type\":\"ReadAction\",\"target\":[\"https:\\\/\\\/patagoniambiental.com.ar\\\/info\\\/lanzamiento-del-programa-trae-tus-raee\\\/\"]}]},{\"@type\":\"ImageObject\",\"inLanguage\":\"es\",\"@id\":\"https:\\\/\\\/patagoniambiental.com.ar\\\/info\\\/lanzamiento-del-programa-trae-tus-raee\\\/#primaryimage\",\"url\":\"http:\\\/\\\/patagoniambiental.com.ar\\\/wp-content\\\/uploads\\\/2016\\\/09\\\/14368787_1059966354051886_6695974815623991966_n-399x600.jpg\",\"contentUrl\":\"http:\\\/\\\/patagoniambiental.com.ar\\\/wp-content\\\/uploads\\\/2016\\\/09\\\/14368787_1059966354051886_6695974815623991966_n-399x600.jpg\"},{\"@type\":\"BreadcrumbList\",\"@id\":\"https:\\\/\\\/patagoniambiental.com.ar\\\/info\\\/lanzamiento-del-programa-trae-tus-raee\\\/#breadcrumb\",\"itemListElement\":[{\"@type\":\"ListItem\",\"position\":1,\"name\":\"Inicio\",\"item\":\"https:\\\/\\\/patagoniambiental.com.ar\\\/info\\\/\"},{\"@type\":\"ListItem\",\"position\":2,\"name\":\"LANZAMIENTO DEL PROGRAMA \u00abTRA\u00c9 TUS RAEE\u00bb\"}]},{\"@type\":\"WebSite\",\"@id\":\"https:\\\/\\\/patagoniambiental.com.ar\\\/info\\\/#website\",\"url\":\"https:\\\/\\\/patagoniambiental.com.ar\\\/info\\\/\",\"name\":\"Patagonia Ambiental\",\"description\":\"Monitoreo y an\u00e1lisis de la situaci\u00f3n geopol\u00edtica en el mundo y su implicancia en la Patagonia\",\"publisher\":{\"@id\":\"https:\\\/\\\/patagoniambiental.com.ar\\\/info\\\/#organization\"},\"potentialAction\":[{\"@type\":\"SearchAction\",\"target\":{\"@type\":\"EntryPoint\",\"urlTemplate\":\"https:\\\/\\\/patagoniambiental.com.ar\\\/info\\\/?s={search_term_string}\"},\"query-input\":{\"@type\":\"PropertyValueSpecification\",\"valueRequired\":true,\"valueName\":\"search_term_string\"}}],\"inLanguage\":\"es\"},{\"@type\":\"Organization\",\"@id\":\"https:\\\/\\\/patagoniambiental.com.ar\\\/info\\\/#organization\",\"name\":\"Patagonia Ambiental\",\"url\":\"https:\\\/\\\/patagoniambiental.com.ar\\\/info\\\/\",\"logo\":{\"@type\":\"ImageObject\",\"inLanguage\":\"es\",\"@id\":\"https:\\\/\\\/patagoniambiental.com.ar\\\/info\\\/#\\\/schema\\\/logo\\\/image\\\/\",\"url\":\"https:\\\/\\\/patagoniambiental.com.ar\\\/info\\\/wp-content\\\/uploads\\\/2025\\\/05\\\/LOGO-PATAGONIA-AMBIENTAL.png\",\"contentUrl\":\"https:\\\/\\\/patagoniambiental.com.ar\\\/info\\\/wp-content\\\/uploads\\\/2025\\\/05\\\/LOGO-PATAGONIA-AMBIENTAL.png\",\"width\":433,\"height\":250,\"caption\":\"Patagonia Ambiental\"},\"image\":{\"@id\":\"https:\\\/\\\/patagoniambiental.com.ar\\\/info\\\/#\\\/schema\\\/logo\\\/image\\\/\"},\"sameAs\":[\"https:\\\/\\\/www.facebook.com\\\/patagonia.ambiental\",\"https:\\\/\\\/x.com\\\/PatAmb\"]},{\"@type\":\"Person\",\"@id\":\"https:\\\/\\\/patagoniambiental.com.ar\\\/info\\\/#\\\/schema\\\/person\\\/db12bff64bbcbf6a253710bf0ea37b5d\",\"name\":\"Patagonia Ambiental\",\"description\":\"Andr\u00e9s Nievas T\u00e9cnico en manejo ambiental, consultor Ambiental y escritor para medios locales e internacionales sobre temas de geopolitica y medio ambiente.\",\"sameAs\":[\"http:\\\/\\\/www.patagoniambiental.com.ar\",\"https:\\\/\\\/www.facebook.com\\\/share\\\/1C1V8Gv9BX\\\/?mibextid=qi2Omg\",\"@patagoniambiental\",\"https:\\\/\\\/youtube.com\\\/@patagoniaambiental2023?si=BLt58t0wuXquxlYZ\"]}]}<\/script>\n<!-- \/ Yoast SEO Premium plugin. -->","yoast_head_json":{"title":"LANZAMIENTO DEL PROGRAMA \"TRA\u00c9 TUS RAEE\"","robots":{"index":"index","follow":"follow","max-snippet":"max-snippet:-1","max-image-preview":"max-image-preview:large","max-video-preview":"max-video-preview:-1"},"canonical":"https:\/\/patagoniambiental.com.ar\/info\/lanzamiento-del-programa-trae-tus-raee\/","og_locale":"es_ES","og_type":"article","og_title":"LANZAMIENTO DEL PROGRAMA \"TRA\u00c9 TUS RAEE\"","og_description":"Trelew.-Ayer por la tarde, en el marco de las actividades por el d\u00eda de la Primavera en la Peatonal Luis [&hellip;]","og_url":"https:\/\/patagoniambiental.com.ar\/info\/lanzamiento-del-programa-trae-tus-raee\/","og_site_name":"Patagonia Ambiental","article_publisher":"https:\/\/www.facebook.com\/patagonia.ambiental","article_author":"https:\/\/www.facebook.com\/share\/1C1V8Gv9BX\/?mibextid=qi2Omg","article_published_time":"2016-09-22T22:00:12+00:00","og_image":[{"url":"http:\/\/patagoniambiental.com.ar\/wp-content\/uploads\/2016\/09\/14368787_1059966354051886_6695974815623991966_n-399x600.jpg","type":"","width":"","height":""}],"author":"Patagonia Ambiental","twitter_card":"summary_large_image","twitter_creator":"@PatAmb","twitter_site":"@PatAmb","schema":{"@context":"https:\/\/schema.org","@graph":[{"@type":"Article","@id":"https:\/\/patagoniambiental.com.ar\/info\/lanzamiento-del-programa-trae-tus-raee\/#article","isPartOf":{"@id":"https:\/\/patagoniambiental.com.ar\/info\/lanzamiento-del-programa-trae-tus-raee\/"},"author":{"name":"Patagonia Ambiental","@id":"https:\/\/patagoniambiental.com.ar\/info\/#\/schema\/person\/db12bff64bbcbf6a253710bf0ea37b5d"},"headline":"LANZAMIENTO DEL PROGRAMA \u00abTRA\u00c9 TUS RAEE\u00bb","datePublished":"2016-09-22T22:00:12+00:00","mainEntityOfPage":{"@id":"https:\/\/patagoniambiental.com.ar\/info\/lanzamiento-del-programa-trae-tus-raee\/"},"wordCount":131,"publisher":{"@id":"https:\/\/patagoniambiental.com.ar\/info\/#organization"},"image":{"@id":"https:\/\/patagoniambiental.com.ar\/info\/lanzamiento-del-programa-trae-tus-raee\/#primaryimage"},"thumbnailUrl":"http:\/\/patagoniambiental.com.ar\/wp-content\/uploads\/2016\/09\/14368787_1059966354051886_6695974815623991966_n-399x600.jpg","articleSection":["Municipales","Noticias"],"inLanguage":"es"},{"@type":"WebPage","@id":"https:\/\/patagoniambiental.com.ar\/info\/lanzamiento-del-programa-trae-tus-raee\/","url":"https:\/\/patagoniambiental.com.ar\/info\/lanzamiento-del-programa-trae-tus-raee\/","name":"LANZAMIENTO DEL PROGRAMA \"TRA\u00c9 TUS RAEE\"","isPartOf":{"@id":"https:\/\/patagoniambiental.com.ar\/info\/#website"},"primaryImageOfPage":{"@id":"https:\/\/patagoniambiental.com.ar\/info\/lanzamiento-del-programa-trae-tus-raee\/#primaryimage"},"image":{"@id":"https:\/\/patagoniambiental.com.ar\/info\/lanzamiento-del-programa-trae-tus-raee\/#primaryimage"},"thumbnailUrl":"http:\/\/patagoniambiental.com.ar\/wp-content\/uploads\/2016\/09\/14368787_1059966354051886_6695974815623991966_n-399x600.jpg","datePublished":"2016-09-22T22:00:12+00:00","breadcrumb":{"@id":"https:\/\/patagoniambiental.com.ar\/info\/lanzamiento-del-programa-trae-tus-raee\/#breadcrumb"},"inLanguage":"es","potentialAction":[{"@type":"ReadAction","target":["https:\/\/patagoniambiental.com.ar\/info\/lanzamiento-del-programa-trae-tus-raee\/"]}]},{"@type":"ImageObject","inLanguage":"es","@id":"https:\/\/patagoniambiental.com.ar\/info\/lanzamiento-del-programa-trae-tus-raee\/#primaryimage","url":"http:\/\/patagoniambiental.com.ar\/wp-content\/uploads\/2016\/09\/14368787_1059966354051886_6695974815623991966_n-399x600.jpg","contentUrl":"http:\/\/patagoniambiental.com.ar\/wp-content\/uploads\/2016\/09\/14368787_1059966354051886_6695974815623991966_n-399x600.jpg"},{"@type":"BreadcrumbList","@id":"https:\/\/patagoniambiental.com.ar\/info\/lanzamiento-del-programa-trae-tus-raee\/#breadcrumb","itemListElement":[{"@type":"ListItem","position":1,"name":"Inicio","item":"https:\/\/patagoniambiental.com.ar\/info\/"},{"@type":"ListItem","position":2,"name":"LANZAMIENTO DEL PROGRAMA \u00abTRA\u00c9 TUS RAEE\u00bb"}]},{"@type":"WebSite","@id":"https:\/\/patagoniambiental.com.ar\/info\/#website","url":"https:\/\/patagoniambiental.com.ar\/info\/","name":"Patagonia Ambiental","description":"Monitoreo y an\u00e1lisis de la situaci\u00f3n geopol\u00edtica en el mundo y su implicancia en la Patagonia","publisher":{"@id":"https:\/\/patagoniambiental.com.ar\/info\/#organization"},"potentialAction":[{"@type":"SearchAction","target":{"@type":"EntryPoint","urlTemplate":"https:\/\/patagoniambiental.com.ar\/info\/?s={search_term_string}"},"query-input":{"@type":"PropertyValueSpecification","valueRequired":true,"valueName":"search_term_string"}}],"inLanguage":"es"},{"@type":"Organization","@id":"https:\/\/patagoniambiental.com.ar\/info\/#organization","name":"Patagonia Ambiental","url":"https:\/\/patagoniambiental.com.ar\/info\/","logo":{"@type":"ImageObject","inLanguage":"es","@id":"https:\/\/patagoniambiental.com.ar\/info\/#\/schema\/logo\/image\/","url":"https:\/\/patagoniambiental.com.ar\/info\/wp-content\/uploads\/2025\/05\/LOGO-PATAGONIA-AMBIENTAL.png","contentUrl":"https:\/\/patagoniambiental.com.ar\/info\/wp-content\/uploads\/2025\/05\/LOGO-PATAGONIA-AMBIENTAL.png","width":433,"height":250,"caption":"Patagonia Ambiental"},"image":{"@id":"https:\/\/patagoniambiental.com.ar\/info\/#\/schema\/logo\/image\/"},"sameAs":["https:\/\/www.facebook.com\/patagonia.ambiental","https:\/\/x.com\/PatAmb"]},{"@type":"Person","@id":"https:\/\/patagoniambiental.com.ar\/info\/#\/schema\/person\/db12bff64bbcbf6a253710bf0ea37b5d","name":"Patagonia Ambiental","description":"Andr\u00e9s Nievas T\u00e9cnico en manejo ambiental, consultor Ambiental y escritor para medios locales e internacionales sobre temas de geopolitica y medio ambiente.","sameAs":["http:\/\/www.patagoniambiental.com.ar","https:\/\/www.facebook.com\/share\/1C1V8Gv9BX\/?mibextid=qi2Omg","@patagoniambiental","https:\/\/youtube.com\/@patagoniaambiental2023?si=BLt58t0wuXquxlYZ"]}]}},"_links":{"self":[{"href":"https:\/\/patagoniambiental.com.ar\/info\/wp-json\/wp\/v2\/posts\/20917","targetHints":{"allow":["GET"]}}],"collection":[{"href":"https:\/\/patagoniambiental.com.ar\/info\/wp-json\/wp\/v2\/posts"}],"about":[{"href":"https:\/\/patagoniambiental.com.ar\/info\/wp-json\/wp\/v2\/types\/post"}],"author":[{"embeddable":true,"href":"https:\/\/patagoniambiental.com.ar\/info\/wp-json\/wp\/v2\/users\/2"}],"replies":[{"embeddable":true,"href":"https:\/\/patagoniambiental.com.ar\/info\/wp-json\/wp\/v2\/comments?post=20917"}],"version-history":[{"count":0,"href":"https:\/\/patagoniambiental.com.ar\/info\/wp-json\/wp\/v2\/posts\/20917\/revisions"}],"wp:attachment":[{"href":"https:\/\/patagoniambiental.com.ar\/info\/wp-json\/wp\/v2\/media?parent=20917"}],"wp:term":[{"taxonomy":"category","embeddable":true,"href":"https:\/\/patagoniambiental.com.ar\/info\/wp-json\/wp\/v2\/categories?post=20917"},{"taxonomy":"post_tag","embeddable":true,"href":"https:\/\/patagoniambiental.com.ar\/info\/wp-json\/wp\/v2\/tags?post=20917"}],"curies":[{"name":"wp","href":"https:\/\/api.w.org\/{rel}","templated":true}]}}