{"id":20934,"date":"2016-09-22T19:00:53","date_gmt":"2016-09-22T22:00:53","guid":{"rendered":"http:\/\/patagoniambiental.com.ar\/?p=20934"},"modified":"2016-09-22T19:00:53","modified_gmt":"2016-09-22T22:00:53","slug":"medio-ambiente-limpieza-retiro-de-chatarra-y-compactacion","status":"publish","type":"post","link":"https:\/\/patagoniambiental.com.ar\/info\/medio-ambiente-limpieza-retiro-de-chatarra-y-compactacion\/","title":{"rendered":"MEDIO AMBIENTE: Limpieza, retiro de chatarra y compactaci\u00f3n"},"content":{"rendered":"<p class=\"top-header\">Ushuaia.-La Municipalidad inici\u00f3 el trabajo de retiro de chatarra de la v\u00eda p\u00fablica, su traslado y compactaci\u00f3n en un trabajo conjunto entre las Secretar\u00edas de Gobierno y de Medio Ambiente, de quienes dependen las Direcciones y \u00e1reas que intervienen en el tema.<!--more--><\/p>\n<p>Se suma la tarea a la limpieza e intervenci\u00f3n integral de la ciudad que se realiza desde el programa \u00abUshuaia m\u00e1s limpia\u00bb con personal de la empresa Agrot\u00e9cnica Fueguina y de la Secretar\u00eda de Medio Ambiente quienes contin\u00faan con el operativo de limpieza de calles de la ciudad y retiro de residuos voluminosos.<\/p>\n<p>Por su parte, la Secretar\u00eda de Gobierno, a trav\u00e9s de la Coordinaci\u00f3n de Tr\u00e1nsito y Transporte sum\u00f3 el retiro de la v\u00eda p\u00fablica de la chatarra, tarea que se inici\u00f3 a primera hora de la jornada, demandando el traslado de residuos de gran volumen hasta el predio ubicado junto al relleno sanitario.<\/p>\n<p><strong>Retiro y tratamiento de chatarra<\/strong><\/p>\n<p>Personal municipal\u00a0 de Tr\u00e1nsito retir\u00f3 chatarra en la zona de las 640 Viviendas, trabajando en la identificaci\u00f3n de aquello que se encontraba en la v\u00eda p\u00fablica y determinando lo que pod\u00eda ser retirado para su disposici\u00f3n final.<\/p>\n<p>La chatarra es depositada en un predio ubicado junto al relleno sanitario de la ciudad donde se encuentra trabajando una m\u00e1quina compactadora y la gr\u00faa que deposita los hierros para su compresi\u00f3n.<\/p>\n<p>El coordinador de Medio Ambiente, Hugo Ponzo, explic\u00f3 sobre el operativo que se inici\u00f3 de manera conjunta entre \u00e1reas a primera hora, que \u00abse viene desarrollando en forma positiva y estamos pidiendo la colaboraci\u00f3n de los vecinos para facilitar el trabajo, lo cual en algunos casos se logra y en otros no\u00bb, y agreg\u00f3 que \u00abeso forma parte del trabajo de concientizaci\u00f3n y educaci\u00f3n que debemos llevar adelante para tener una mejor ciudad\u00bb.<\/p>\n<p>En relaci\u00f3n a la chatarra el funcionario manifest\u00f3 en FM del Sur que \u00abtenemos la m\u00e1quina compactadora trabajando en la zona aleda\u00f1a al relleno sanitario\u00bb, aunque aclar\u00f3 que cuando los veh\u00edculos abandonados \u00abest\u00e1n identificados con patente o n\u00famero de motor no podemos decomisarlos y autom\u00e1ticamente hacerlos chatarra, si no que hay un proceso legal y tiempos que cumplir previo al desguace del veh\u00edculo o ser llevado a subasta p\u00fablica\u00bb.<\/p>\n<p>Adem\u00e1s, dijo que \u00abtambi\u00e9n encontramos hierros, partes de autos abandonados, carcazas de lavarropas y otros residuos en distintos lugares de la ciudad, que estamos recogiendo y compactando en el marco de un acuerdo que firmamos con dos empresas locales\u00bb.<\/p>\n<p>A ello sum\u00f3 que \u00abpersonal de Tr\u00e1nsito y de Higiene Urbana est\u00e1 haciendo un relevamiento para detectar y ubicar chatarra a partir de denuncia de vecinos\u00bb, y en esos casos \u00abse deja una notificaci\u00f3n y luego ubicamos a los propietarios en los casos de que el veh\u00edculo tenga n\u00famero de motor o patente\u00bb.<\/p>\n<p><strong>Limpieza de la ciudad<\/strong><\/p>\n<p>Se contin\u00faa con la limpieza por sectores y finalizaron con el cuadrante conformado por las calles Kuanip, Per\u00f3n, Fuegia Basquet y Rubinos. El jueves 22 en la zona comprendida desde Kuanip hacia Marcos Zar y entre Per\u00f3n y Damiana Fique.<\/p>\n<p class=\"top-header\">Fuente: Ushuaia Noticias<\/p>\n<h1><\/h1>\n","protected":false},"excerpt":{"rendered":"<p>Ushuaia.-La Municipalidad inici\u00f3 el trabajo de retiro de chatarra de la v\u00eda p\u00fablica, su traslado y compactaci\u00f3n en un trabajo [&hellip;]<\/p>\n","protected":false},"author":2,"featured_media":0,"comment_status":"closed","ping_status":"closed","sticky":false,"template":"","format":"standard","meta":{"site-sidebar-layout":"default","site-content-layout":"","ast-site-content-layout":"default","site-content-style":"default","site-sidebar-style":"default","ast-global-header-display":"","ast-banner-title-visibility":"","ast-main-header-display":"","ast-hfb-above-header-display":"","ast-hfb-below-header-display":"","ast-hfb-mobile-header-display":"","site-post-title":"","ast-breadcrumbs-content":"","ast-featured-img":"","footer-sml-layout":"","ast-disable-related-posts":"","theme-transparent-header-meta":"","adv-header-id-meta":"","stick-header-meta":"","header-above-stick-meta":"","header-main-stick-meta":"","header-below-stick-meta":"","astra-migrate-meta-layouts":"default","ast-page-background-enabled":"default","ast-page-background-meta":{"desktop":{"background-color":"var(--ast-global-color-5)","background-image":"","background-repeat":"repeat","background-position":"center center","background-size":"auto","background-attachment":"scroll","background-type":"","background-media":"","overlay-type":"","overlay-color":"","overlay-opacity":"","overlay-gradient":""},"tablet":{"background-color":"","background-image":"","background-repeat":"repeat","background-position":"center center","background-size":"auto","background-attachment":"scroll","background-type":"","background-media":"","overlay-type":"","overlay-color":"","overlay-opacity":"","overlay-gradient":""},"mobile":{"background-color":"","background-image":"","background-repeat":"repeat","background-position":"center center","background-size":"auto","background-attachment":"scroll","background-type":"","background-media":"","overlay-type":"","overlay-color":"","overlay-opacity":"","overlay-gradient":""}},"ast-content-background-meta":{"desktop":{"background-color":"var(--ast-global-color-4)","background-image":"","background-repeat":"repeat","background-position":"center center","background-size":"auto","background-attachment":"scroll","background-type":"","background-media":"","overlay-type":"","overlay-color":"","overlay-opacity":"","overlay-gradient":""},"tablet":{"background-color":"var(--ast-global-color-4)","background-image":"","background-repeat":"repeat","background-position":"center center","background-size":"auto","background-attachment":"scroll","background-type":"","background-media":"","overlay-type":"","overlay-color":"","overlay-opacity":"","overlay-gradient":""},"mobile":{"background-color":"var(--ast-global-color-4)","background-image":"","background-repeat":"repeat","background-position":"center center","background-size":"auto","background-attachment":"scroll","background-type":"","background-media":"","overlay-type":"","overlay-color":"","overlay-opacity":"","overlay-gradient":""}},"footnotes":""},"categories":[16,1],"tags":[],"class_list":["post-20934","post","type-post","status-publish","format-standard","hentry","category-municipales","category-noticias"],"yoast_head":"<!-- This site is optimized with the Yoast SEO Premium plugin v23.0 (Yoast SEO v27.4) - https:\/\/yoast.com\/product\/yoast-seo-premium-wordpress\/ -->\n<title>MEDIO AMBIENTE: Limpieza, retiro de chatarra y compactaci\u00f3n<\/title>\n<meta name=\"robots\" content=\"index, follow, max-snippet:-1, max-image-preview:large, max-video-preview:-1\" \/>\n<link rel=\"canonical\" href=\"https:\/\/patagoniambiental.com.ar\/info\/medio-ambiente-limpieza-retiro-de-chatarra-y-compactacion\/\" \/>\n<meta property=\"og:locale\" content=\"es_ES\" \/>\n<meta property=\"og:type\" content=\"article\" \/>\n<meta property=\"og:title\" content=\"MEDIO AMBIENTE: Limpieza, retiro de chatarra y compactaci\u00f3n\" \/>\n<meta property=\"og:description\" content=\"Ushuaia.-La Municipalidad inici\u00f3 el trabajo de retiro de chatarra de la v\u00eda p\u00fablica, su traslado y compactaci\u00f3n en un trabajo [&hellip;]\" \/>\n<meta property=\"og:url\" content=\"https:\/\/patagoniambiental.com.ar\/info\/medio-ambiente-limpieza-retiro-de-chatarra-y-compactacion\/\" \/>\n<meta property=\"og:site_name\" content=\"Patagonia Ambiental\" \/>\n<meta property=\"article:publisher\" content=\"https:\/\/www.facebook.com\/patagonia.ambiental\" \/>\n<meta property=\"article:author\" content=\"https:\/\/www.facebook.com\/share\/1C1V8Gv9BX\/?mibextid=qi2Omg\" \/>\n<meta property=\"article:published_time\" content=\"2016-09-22T22:00:53+00:00\" \/>\n<meta name=\"author\" content=\"Patagonia Ambiental\" \/>\n<meta name=\"twitter:card\" content=\"summary_large_image\" \/>\n<meta name=\"twitter:creator\" content=\"@PatAmb\" \/>\n<meta name=\"twitter:site\" content=\"@PatAmb\" \/>\n<script type=\"application\/ld+json\" class=\"yoast-schema-graph\">{\"@context\":\"https:\\\/\\\/schema.org\",\"@graph\":[{\"@type\":\"Article\",\"@id\":\"https:\\\/\\\/patagoniambiental.com.ar\\\/info\\\/medio-ambiente-limpieza-retiro-de-chatarra-y-compactacion\\\/#article\",\"isPartOf\":{\"@id\":\"https:\\\/\\\/patagoniambiental.com.ar\\\/info\\\/medio-ambiente-limpieza-retiro-de-chatarra-y-compactacion\\\/\"},\"author\":{\"name\":\"Patagonia Ambiental\",\"@id\":\"https:\\\/\\\/patagoniambiental.com.ar\\\/info\\\/#\\\/schema\\\/person\\\/db12bff64bbcbf6a253710bf0ea37b5d\"},\"headline\":\"MEDIO AMBIENTE: Limpieza, retiro de chatarra y compactaci\u00f3n\",\"datePublished\":\"2016-09-22T22:00:53+00:00\",\"mainEntityOfPage\":{\"@id\":\"https:\\\/\\\/patagoniambiental.com.ar\\\/info\\\/medio-ambiente-limpieza-retiro-de-chatarra-y-compactacion\\\/\"},\"wordCount\":555,\"publisher\":{\"@id\":\"https:\\\/\\\/patagoniambiental.com.ar\\\/info\\\/#organization\"},\"articleSection\":[\"Municipales\",\"Noticias\"],\"inLanguage\":\"es\"},{\"@type\":\"WebPage\",\"@id\":\"https:\\\/\\\/patagoniambiental.com.ar\\\/info\\\/medio-ambiente-limpieza-retiro-de-chatarra-y-compactacion\\\/\",\"url\":\"https:\\\/\\\/patagoniambiental.com.ar\\\/info\\\/medio-ambiente-limpieza-retiro-de-chatarra-y-compactacion\\\/\",\"name\":\"MEDIO AMBIENTE: Limpieza, retiro de chatarra y compactaci\u00f3n\",\"isPartOf\":{\"@id\":\"https:\\\/\\\/patagoniambiental.com.ar\\\/info\\\/#website\"},\"datePublished\":\"2016-09-22T22:00:53+00:00\",\"breadcrumb\":{\"@id\":\"https:\\\/\\\/patagoniambiental.com.ar\\\/info\\\/medio-ambiente-limpieza-retiro-de-chatarra-y-compactacion\\\/#breadcrumb\"},\"inLanguage\":\"es\",\"potentialAction\":[{\"@type\":\"ReadAction\",\"target\":[\"https:\\\/\\\/patagoniambiental.com.ar\\\/info\\\/medio-ambiente-limpieza-retiro-de-chatarra-y-compactacion\\\/\"]}]},{\"@type\":\"BreadcrumbList\",\"@id\":\"https:\\\/\\\/patagoniambiental.com.ar\\\/info\\\/medio-ambiente-limpieza-retiro-de-chatarra-y-compactacion\\\/#breadcrumb\",\"itemListElement\":[{\"@type\":\"ListItem\",\"position\":1,\"name\":\"Inicio\",\"item\":\"https:\\\/\\\/patagoniambiental.com.ar\\\/info\\\/\"},{\"@type\":\"ListItem\",\"position\":2,\"name\":\"MEDIO AMBIENTE: Limpieza, retiro de chatarra y compactaci\u00f3n\"}]},{\"@type\":\"WebSite\",\"@id\":\"https:\\\/\\\/patagoniambiental.com.ar\\\/info\\\/#website\",\"url\":\"https:\\\/\\\/patagoniambiental.com.ar\\\/info\\\/\",\"name\":\"Patagonia Ambiental\",\"description\":\"Monitoreo y an\u00e1lisis de la situaci\u00f3n geopol\u00edtica en el mundo y su implicancia en la Patagonia\",\"publisher\":{\"@id\":\"https:\\\/\\\/patagoniambiental.com.ar\\\/info\\\/#organization\"},\"potentialAction\":[{\"@type\":\"SearchAction\",\"target\":{\"@type\":\"EntryPoint\",\"urlTemplate\":\"https:\\\/\\\/patagoniambiental.com.ar\\\/info\\\/?s={search_term_string}\"},\"query-input\":{\"@type\":\"PropertyValueSpecification\",\"valueRequired\":true,\"valueName\":\"search_term_string\"}}],\"inLanguage\":\"es\"},{\"@type\":\"Organization\",\"@id\":\"https:\\\/\\\/patagoniambiental.com.ar\\\/info\\\/#organization\",\"name\":\"Patagonia Ambiental\",\"url\":\"https:\\\/\\\/patagoniambiental.com.ar\\\/info\\\/\",\"logo\":{\"@type\":\"ImageObject\",\"inLanguage\":\"es\",\"@id\":\"https:\\\/\\\/patagoniambiental.com.ar\\\/info\\\/#\\\/schema\\\/logo\\\/image\\\/\",\"url\":\"https:\\\/\\\/patagoniambiental.com.ar\\\/info\\\/wp-content\\\/uploads\\\/2025\\\/05\\\/LOGO-PATAGONIA-AMBIENTAL.png\",\"contentUrl\":\"https:\\\/\\\/patagoniambiental.com.ar\\\/info\\\/wp-content\\\/uploads\\\/2025\\\/05\\\/LOGO-PATAGONIA-AMBIENTAL.png\",\"width\":433,\"height\":250,\"caption\":\"Patagonia Ambiental\"},\"image\":{\"@id\":\"https:\\\/\\\/patagoniambiental.com.ar\\\/info\\\/#\\\/schema\\\/logo\\\/image\\\/\"},\"sameAs\":[\"https:\\\/\\\/www.facebook.com\\\/patagonia.ambiental\",\"https:\\\/\\\/x.com\\\/PatAmb\"]},{\"@type\":\"Person\",\"@id\":\"https:\\\/\\\/patagoniambiental.com.ar\\\/info\\\/#\\\/schema\\\/person\\\/db12bff64bbcbf6a253710bf0ea37b5d\",\"name\":\"Patagonia Ambiental\",\"description\":\"Andr\u00e9s Nievas T\u00e9cnico en manejo ambiental, consultor Ambiental y escritor para medios locales e internacionales sobre temas de geopolitica y medio ambiente.\",\"sameAs\":[\"http:\\\/\\\/www.patagoniambiental.com.ar\",\"https:\\\/\\\/www.facebook.com\\\/share\\\/1C1V8Gv9BX\\\/?mibextid=qi2Omg\",\"@patagoniambiental\",\"https:\\\/\\\/youtube.com\\\/@patagoniaambiental2023?si=BLt58t0wuXquxlYZ\"]}]}<\/script>\n<!-- \/ Yoast SEO Premium plugin. -->","yoast_head_json":{"title":"MEDIO AMBIENTE: Limpieza, retiro de chatarra y compactaci\u00f3n","robots":{"index":"index","follow":"follow","max-snippet":"max-snippet:-1","max-image-preview":"max-image-preview:large","max-video-preview":"max-video-preview:-1"},"canonical":"https:\/\/patagoniambiental.com.ar\/info\/medio-ambiente-limpieza-retiro-de-chatarra-y-compactacion\/","og_locale":"es_ES","og_type":"article","og_title":"MEDIO AMBIENTE: Limpieza, retiro de chatarra y compactaci\u00f3n","og_description":"Ushuaia.-La Municipalidad inici\u00f3 el trabajo de retiro de chatarra de la v\u00eda p\u00fablica, su traslado y compactaci\u00f3n en un trabajo [&hellip;]","og_url":"https:\/\/patagoniambiental.com.ar\/info\/medio-ambiente-limpieza-retiro-de-chatarra-y-compactacion\/","og_site_name":"Patagonia Ambiental","article_publisher":"https:\/\/www.facebook.com\/patagonia.ambiental","article_author":"https:\/\/www.facebook.com\/share\/1C1V8Gv9BX\/?mibextid=qi2Omg","article_published_time":"2016-09-22T22:00:53+00:00","author":"Patagonia Ambiental","twitter_card":"summary_large_image","twitter_creator":"@PatAmb","twitter_site":"@PatAmb","schema":{"@context":"https:\/\/schema.org","@graph":[{"@type":"Article","@id":"https:\/\/patagoniambiental.com.ar\/info\/medio-ambiente-limpieza-retiro-de-chatarra-y-compactacion\/#article","isPartOf":{"@id":"https:\/\/patagoniambiental.com.ar\/info\/medio-ambiente-limpieza-retiro-de-chatarra-y-compactacion\/"},"author":{"name":"Patagonia Ambiental","@id":"https:\/\/patagoniambiental.com.ar\/info\/#\/schema\/person\/db12bff64bbcbf6a253710bf0ea37b5d"},"headline":"MEDIO AMBIENTE: Limpieza, retiro de chatarra y compactaci\u00f3n","datePublished":"2016-09-22T22:00:53+00:00","mainEntityOfPage":{"@id":"https:\/\/patagoniambiental.com.ar\/info\/medio-ambiente-limpieza-retiro-de-chatarra-y-compactacion\/"},"wordCount":555,"publisher":{"@id":"https:\/\/patagoniambiental.com.ar\/info\/#organization"},"articleSection":["Municipales","Noticias"],"inLanguage":"es"},{"@type":"WebPage","@id":"https:\/\/patagoniambiental.com.ar\/info\/medio-ambiente-limpieza-retiro-de-chatarra-y-compactacion\/","url":"https:\/\/patagoniambiental.com.ar\/info\/medio-ambiente-limpieza-retiro-de-chatarra-y-compactacion\/","name":"MEDIO AMBIENTE: Limpieza, retiro de chatarra y compactaci\u00f3n","isPartOf":{"@id":"https:\/\/patagoniambiental.com.ar\/info\/#website"},"datePublished":"2016-09-22T22:00:53+00:00","breadcrumb":{"@id":"https:\/\/patagoniambiental.com.ar\/info\/medio-ambiente-limpieza-retiro-de-chatarra-y-compactacion\/#breadcrumb"},"inLanguage":"es","potentialAction":[{"@type":"ReadAction","target":["https:\/\/patagoniambiental.com.ar\/info\/medio-ambiente-limpieza-retiro-de-chatarra-y-compactacion\/"]}]},{"@type":"BreadcrumbList","@id":"https:\/\/patagoniambiental.com.ar\/info\/medio-ambiente-limpieza-retiro-de-chatarra-y-compactacion\/#breadcrumb","itemListElement":[{"@type":"ListItem","position":1,"name":"Inicio","item":"https:\/\/patagoniambiental.com.ar\/info\/"},{"@type":"ListItem","position":2,"name":"MEDIO AMBIENTE: Limpieza, retiro de chatarra y compactaci\u00f3n"}]},{"@type":"WebSite","@id":"https:\/\/patagoniambiental.com.ar\/info\/#website","url":"https:\/\/patagoniambiental.com.ar\/info\/","name":"Patagonia Ambiental","description":"Monitoreo y an\u00e1lisis de la situaci\u00f3n geopol\u00edtica en el mundo y su implicancia en la Patagonia","publisher":{"@id":"https:\/\/patagoniambiental.com.ar\/info\/#organization"},"potentialAction":[{"@type":"SearchAction","target":{"@type":"EntryPoint","urlTemplate":"https:\/\/patagoniambiental.com.ar\/info\/?s={search_term_string}"},"query-input":{"@type":"PropertyValueSpecification","valueRequired":true,"valueName":"search_term_string"}}],"inLanguage":"es"},{"@type":"Organization","@id":"https:\/\/patagoniambiental.com.ar\/info\/#organization","name":"Patagonia Ambiental","url":"https:\/\/patagoniambiental.com.ar\/info\/","logo":{"@type":"ImageObject","inLanguage":"es","@id":"https:\/\/patagoniambiental.com.ar\/info\/#\/schema\/logo\/image\/","url":"https:\/\/patagoniambiental.com.ar\/info\/wp-content\/uploads\/2025\/05\/LOGO-PATAGONIA-AMBIENTAL.png","contentUrl":"https:\/\/patagoniambiental.com.ar\/info\/wp-content\/uploads\/2025\/05\/LOGO-PATAGONIA-AMBIENTAL.png","width":433,"height":250,"caption":"Patagonia Ambiental"},"image":{"@id":"https:\/\/patagoniambiental.com.ar\/info\/#\/schema\/logo\/image\/"},"sameAs":["https:\/\/www.facebook.com\/patagonia.ambiental","https:\/\/x.com\/PatAmb"]},{"@type":"Person","@id":"https:\/\/patagoniambiental.com.ar\/info\/#\/schema\/person\/db12bff64bbcbf6a253710bf0ea37b5d","name":"Patagonia Ambiental","description":"Andr\u00e9s Nievas T\u00e9cnico en manejo ambiental, consultor Ambiental y escritor para medios locales e internacionales sobre temas de geopolitica y medio ambiente.","sameAs":["http:\/\/www.patagoniambiental.com.ar","https:\/\/www.facebook.com\/share\/1C1V8Gv9BX\/?mibextid=qi2Omg","@patagoniambiental","https:\/\/youtube.com\/@patagoniaambiental2023?si=BLt58t0wuXquxlYZ"]}]}},"_links":{"self":[{"href":"https:\/\/patagoniambiental.com.ar\/info\/wp-json\/wp\/v2\/posts\/20934","targetHints":{"allow":["GET"]}}],"collection":[{"href":"https:\/\/patagoniambiental.com.ar\/info\/wp-json\/wp\/v2\/posts"}],"about":[{"href":"https:\/\/patagoniambiental.com.ar\/info\/wp-json\/wp\/v2\/types\/post"}],"author":[{"embeddable":true,"href":"https:\/\/patagoniambiental.com.ar\/info\/wp-json\/wp\/v2\/users\/2"}],"replies":[{"embeddable":true,"href":"https:\/\/patagoniambiental.com.ar\/info\/wp-json\/wp\/v2\/comments?post=20934"}],"version-history":[{"count":0,"href":"https:\/\/patagoniambiental.com.ar\/info\/wp-json\/wp\/v2\/posts\/20934\/revisions"}],"wp:attachment":[{"href":"https:\/\/patagoniambiental.com.ar\/info\/wp-json\/wp\/v2\/media?parent=20934"}],"wp:term":[{"taxonomy":"category","embeddable":true,"href":"https:\/\/patagoniambiental.com.ar\/info\/wp-json\/wp\/v2\/categories?post=20934"},{"taxonomy":"post_tag","embeddable":true,"href":"https:\/\/patagoniambiental.com.ar\/info\/wp-json\/wp\/v2\/tags?post=20934"}],"curies":[{"name":"wp","href":"https:\/\/api.w.org\/{rel}","templated":true}]}}