{"id":20947,"date":"2016-09-23T09:00:41","date_gmt":"2016-09-23T12:00:41","guid":{"rendered":"http:\/\/patagoniambiental.com.ar\/?p=20947"},"modified":"2016-09-23T09:00:41","modified_gmt":"2016-09-23T12:00:41","slug":"rio-negro-avances-sobre-la-problematica-por-contaminacion-del-nahuel-huapi","status":"publish","type":"post","link":"https:\/\/patagoniambiental.com.ar\/info\/rio-negro-avances-sobre-la-problematica-por-contaminacion-del-nahuel-huapi\/","title":{"rendered":"R\u00edo Negro: Avances sobre la problem\u00e1tica por contaminaci\u00f3n del Nahuel Huapi"},"content":{"rendered":"<div class=\"itemIntroText\">\n<p>BARILOCHE.- La Defensora del Pueblo de R\u00edo Negro, Nadina D\u00edaz, se\u00f1al\u00f3 en San Carlos de Bariloche, donde se encuentra cumpliendo una intensa agenda de trabajo, los avances alcanzados en el amparo que el organismo de control a su cargo, present\u00f3 por los indicios de contaminaci\u00f3n del lago Nahuel Huapi.<\/p>\n<\/div>\n<div class=\"itemFullText\">\n<p>Dijo que se est\u00e1 pr\u00f3ximo a obtener una sentencia judicial sobre un tema candente como el que se plantea sobre uno de los reservorios de agua m\u00e1s importantes de la Provincia y el principal afluente del r\u00edo Negro.<\/p>\n<p>\u201cConsideramos que por diversas circunstancias estos cursos de agua son maltratado. Dijo que nos encontramos con plantas depuradoras que han sido superadas en cuanto a sus posibilidades de tratamiento por el crecimiento demogr\u00e1fico que han tenido las comunidades como por ejemplo El Bols\u00f3n y Bariloche y que colapsan frente a la afluencia tur\u00edstica estacional.<\/p>\n<p>Adem\u00e1s record\u00f3 que \u201cse est\u00e1 pr\u00f3xima a una sentencia judicial a partir del recurso de amparo presentado por la Defensor\u00eda en el 2010, quien se hizo eco de reclamos de vecinos de Bariloche por esta situaci\u00f3n\u201d.<\/p>\n<p>Dijo Nadina D\u00edaz que \u201chay informes que dan cuenta de algunos sectores del lago comprometidos por su contaminaci\u00f3n, situaci\u00f3n que se busca solucionar con obras que permitir\u00e1n revertir a mediano plazo este proceso y sobre las cuales la Defensor\u00eda har\u00e1 un seguimiento\u201d.<\/p>\n<p>En este sentido dijo que seg\u00fan un informe de la Administraci\u00f3n de Parques Nacionales se destaca que \u201clas caracter\u00edsticas del cuerpo de agua del Lago Nahual Huapi posibilitan un nivel de resiliencia que llevan a la afirmaci\u00f3n que no se est\u00e1n modificando las condiciones naturales del lago. No obstante, las situaciones especificas en relaci\u00f3n a los puntos de costas del Nahuel Huapi y su combinaci\u00f3n con los usos humanos en la costa y algunos puntos del lago hacen de una alta incidencia de los vertidos no tratados y tratados para la salud humana. Este aspecto se considera grave y no debe ser relativizado\u201d.<\/p>\n<p>\u201cNo solo hay un compromiso con la calidad ambiental, sino con la poblaci\u00f3n, con su salud y el uso p\u00fablico de los espejos de agua. Todo da\u00f1o que ocasionamos en la naturaleza indefectiblemente repercutir\u00e1 sobre nosotros o sobre las futuras generaciones\u201d.<\/p>\n<p>Dijo finalmente Nadina D\u00edaz que \u201chay un reconocimiento expl\u00edcito de que las fuentes de agua est\u00e1n siendo impactadas y se est\u00e1 trabajando en estos y otros sectores, como en el arroyo \u00d1ireco y en los diferentes tramos del r\u00edo Negro, donde hay situaciones similares a las planteadas\u201d.<\/p>\n<p>Fuente: Prensa Nadina D\u00edaz<\/p>\n<div class=\"bt_facebook_comment\"><\/div>\n<\/div>\n","protected":false},"excerpt":{"rendered":"<p>BARILOCHE.- La Defensora del Pueblo de R\u00edo Negro, Nadina D\u00edaz, se\u00f1al\u00f3 en San Carlos de Bariloche, donde se encuentra cumpliendo [&hellip;]<\/p>\n","protected":false},"author":2,"featured_media":0,"comment_status":"closed","ping_status":"closed","sticky":false,"template":"","format":"standard","meta":{"site-sidebar-layout":"default","site-content-layout":"","ast-site-content-layout":"default","site-content-style":"default","site-sidebar-style":"default","ast-global-header-display":"","ast-banner-title-visibility":"","ast-main-header-display":"","ast-hfb-above-header-display":"","ast-hfb-below-header-display":"","ast-hfb-mobile-header-display":"","site-post-title":"","ast-breadcrumbs-content":"","ast-featured-img":"","footer-sml-layout":"","ast-disable-related-posts":"","theme-transparent-header-meta":"","adv-header-id-meta":"","stick-header-meta":"","header-above-stick-meta":"","header-main-stick-meta":"","header-below-stick-meta":"","astra-migrate-meta-layouts":"default","ast-page-background-enabled":"default","ast-page-background-meta":{"desktop":{"background-color":"var(--ast-global-color-5)","background-image":"","background-repeat":"repeat","background-position":"center center","background-size":"auto","background-attachment":"scroll","background-type":"","background-media":"","overlay-type":"","overlay-color":"","overlay-opacity":"","overlay-gradient":""},"tablet":{"background-color":"","background-image":"","background-repeat":"repeat","background-position":"center center","background-size":"auto","background-attachment":"scroll","background-type":"","background-media":"","overlay-type":"","overlay-color":"","overlay-opacity":"","overlay-gradient":""},"mobile":{"background-color":"","background-image":"","background-repeat":"repeat","background-position":"center center","background-size":"auto","background-attachment":"scroll","background-type":"","background-media":"","overlay-type":"","overlay-color":"","overlay-opacity":"","overlay-gradient":""}},"ast-content-background-meta":{"desktop":{"background-color":"var(--ast-global-color-4)","background-image":"","background-repeat":"repeat","background-position":"center center","background-size":"auto","background-attachment":"scroll","background-type":"","background-media":"","overlay-type":"","overlay-color":"","overlay-opacity":"","overlay-gradient":""},"tablet":{"background-color":"var(--ast-global-color-4)","background-image":"","background-repeat":"repeat","background-position":"center center","background-size":"auto","background-attachment":"scroll","background-type":"","background-media":"","overlay-type":"","overlay-color":"","overlay-opacity":"","overlay-gradient":""},"mobile":{"background-color":"var(--ast-global-color-4)","background-image":"","background-repeat":"repeat","background-position":"center center","background-size":"auto","background-attachment":"scroll","background-type":"","background-media":"","overlay-type":"","overlay-color":"","overlay-opacity":"","overlay-gradient":""}},"footnotes":""},"categories":[16,1],"tags":[],"class_list":["post-20947","post","type-post","status-publish","format-standard","hentry","category-municipales","category-noticias"],"yoast_head":"<!-- This site is optimized with the Yoast SEO Premium plugin v23.0 (Yoast SEO v27.4) - https:\/\/yoast.com\/product\/yoast-seo-premium-wordpress\/ -->\n<title>R\u00edo Negro: Avances sobre la problem\u00e1tica por contaminaci\u00f3n del Nahuel Huapi<\/title>\n<meta name=\"robots\" content=\"index, follow, max-snippet:-1, max-image-preview:large, max-video-preview:-1\" \/>\n<link rel=\"canonical\" href=\"https:\/\/patagoniambiental.com.ar\/info\/rio-negro-avances-sobre-la-problematica-por-contaminacion-del-nahuel-huapi\/\" \/>\n<meta property=\"og:locale\" content=\"es_ES\" \/>\n<meta property=\"og:type\" content=\"article\" \/>\n<meta property=\"og:title\" content=\"R\u00edo Negro: Avances sobre la problem\u00e1tica por contaminaci\u00f3n del Nahuel Huapi\" \/>\n<meta property=\"og:description\" content=\"BARILOCHE.- La Defensora del Pueblo de R\u00edo Negro, Nadina D\u00edaz, se\u00f1al\u00f3 en San Carlos de Bariloche, donde se encuentra cumpliendo [&hellip;]\" \/>\n<meta property=\"og:url\" content=\"https:\/\/patagoniambiental.com.ar\/info\/rio-negro-avances-sobre-la-problematica-por-contaminacion-del-nahuel-huapi\/\" \/>\n<meta property=\"og:site_name\" content=\"Patagonia Ambiental\" \/>\n<meta property=\"article:publisher\" content=\"https:\/\/www.facebook.com\/patagonia.ambiental\" \/>\n<meta property=\"article:author\" content=\"https:\/\/www.facebook.com\/share\/1C1V8Gv9BX\/?mibextid=qi2Omg\" \/>\n<meta property=\"article:published_time\" content=\"2016-09-23T12:00:41+00:00\" \/>\n<meta name=\"author\" content=\"Patagonia Ambiental\" \/>\n<meta name=\"twitter:card\" content=\"summary_large_image\" \/>\n<meta name=\"twitter:creator\" content=\"@PatAmb\" \/>\n<meta name=\"twitter:site\" content=\"@PatAmb\" \/>\n<script type=\"application\/ld+json\" class=\"yoast-schema-graph\">{\"@context\":\"https:\\\/\\\/schema.org\",\"@graph\":[{\"@type\":\"Article\",\"@id\":\"https:\\\/\\\/patagoniambiental.com.ar\\\/info\\\/rio-negro-avances-sobre-la-problematica-por-contaminacion-del-nahuel-huapi\\\/#article\",\"isPartOf\":{\"@id\":\"https:\\\/\\\/patagoniambiental.com.ar\\\/info\\\/rio-negro-avances-sobre-la-problematica-por-contaminacion-del-nahuel-huapi\\\/\"},\"author\":{\"name\":\"Patagonia Ambiental\",\"@id\":\"https:\\\/\\\/patagoniambiental.com.ar\\\/info\\\/#\\\/schema\\\/person\\\/db12bff64bbcbf6a253710bf0ea37b5d\"},\"headline\":\"R\u00edo Negro: Avances sobre la problem\u00e1tica por contaminaci\u00f3n del Nahuel Huapi\",\"datePublished\":\"2016-09-23T12:00:41+00:00\",\"mainEntityOfPage\":{\"@id\":\"https:\\\/\\\/patagoniambiental.com.ar\\\/info\\\/rio-negro-avances-sobre-la-problematica-por-contaminacion-del-nahuel-huapi\\\/\"},\"wordCount\":462,\"publisher\":{\"@id\":\"https:\\\/\\\/patagoniambiental.com.ar\\\/info\\\/#organization\"},\"articleSection\":[\"Municipales\",\"Noticias\"],\"inLanguage\":\"es\"},{\"@type\":\"WebPage\",\"@id\":\"https:\\\/\\\/patagoniambiental.com.ar\\\/info\\\/rio-negro-avances-sobre-la-problematica-por-contaminacion-del-nahuel-huapi\\\/\",\"url\":\"https:\\\/\\\/patagoniambiental.com.ar\\\/info\\\/rio-negro-avances-sobre-la-problematica-por-contaminacion-del-nahuel-huapi\\\/\",\"name\":\"R\u00edo Negro: Avances sobre la problem\u00e1tica por contaminaci\u00f3n del Nahuel Huapi\",\"isPartOf\":{\"@id\":\"https:\\\/\\\/patagoniambiental.com.ar\\\/info\\\/#website\"},\"datePublished\":\"2016-09-23T12:00:41+00:00\",\"breadcrumb\":{\"@id\":\"https:\\\/\\\/patagoniambiental.com.ar\\\/info\\\/rio-negro-avances-sobre-la-problematica-por-contaminacion-del-nahuel-huapi\\\/#breadcrumb\"},\"inLanguage\":\"es\",\"potentialAction\":[{\"@type\":\"ReadAction\",\"target\":[\"https:\\\/\\\/patagoniambiental.com.ar\\\/info\\\/rio-negro-avances-sobre-la-problematica-por-contaminacion-del-nahuel-huapi\\\/\"]}]},{\"@type\":\"BreadcrumbList\",\"@id\":\"https:\\\/\\\/patagoniambiental.com.ar\\\/info\\\/rio-negro-avances-sobre-la-problematica-por-contaminacion-del-nahuel-huapi\\\/#breadcrumb\",\"itemListElement\":[{\"@type\":\"ListItem\",\"position\":1,\"name\":\"Inicio\",\"item\":\"https:\\\/\\\/patagoniambiental.com.ar\\\/info\\\/\"},{\"@type\":\"ListItem\",\"position\":2,\"name\":\"R\u00edo Negro: Avances sobre la problem\u00e1tica por contaminaci\u00f3n del Nahuel Huapi\"}]},{\"@type\":\"WebSite\",\"@id\":\"https:\\\/\\\/patagoniambiental.com.ar\\\/info\\\/#website\",\"url\":\"https:\\\/\\\/patagoniambiental.com.ar\\\/info\\\/\",\"name\":\"Patagonia Ambiental\",\"description\":\"Monitoreo y an\u00e1lisis de la situaci\u00f3n geopol\u00edtica en el mundo y su implicancia en la Patagonia\",\"publisher\":{\"@id\":\"https:\\\/\\\/patagoniambiental.com.ar\\\/info\\\/#organization\"},\"potentialAction\":[{\"@type\":\"SearchAction\",\"target\":{\"@type\":\"EntryPoint\",\"urlTemplate\":\"https:\\\/\\\/patagoniambiental.com.ar\\\/info\\\/?s={search_term_string}\"},\"query-input\":{\"@type\":\"PropertyValueSpecification\",\"valueRequired\":true,\"valueName\":\"search_term_string\"}}],\"inLanguage\":\"es\"},{\"@type\":\"Organization\",\"@id\":\"https:\\\/\\\/patagoniambiental.com.ar\\\/info\\\/#organization\",\"name\":\"Patagonia Ambiental\",\"url\":\"https:\\\/\\\/patagoniambiental.com.ar\\\/info\\\/\",\"logo\":{\"@type\":\"ImageObject\",\"inLanguage\":\"es\",\"@id\":\"https:\\\/\\\/patagoniambiental.com.ar\\\/info\\\/#\\\/schema\\\/logo\\\/image\\\/\",\"url\":\"https:\\\/\\\/patagoniambiental.com.ar\\\/info\\\/wp-content\\\/uploads\\\/2025\\\/05\\\/LOGO-PATAGONIA-AMBIENTAL.png\",\"contentUrl\":\"https:\\\/\\\/patagoniambiental.com.ar\\\/info\\\/wp-content\\\/uploads\\\/2025\\\/05\\\/LOGO-PATAGONIA-AMBIENTAL.png\",\"width\":433,\"height\":250,\"caption\":\"Patagonia Ambiental\"},\"image\":{\"@id\":\"https:\\\/\\\/patagoniambiental.com.ar\\\/info\\\/#\\\/schema\\\/logo\\\/image\\\/\"},\"sameAs\":[\"https:\\\/\\\/www.facebook.com\\\/patagonia.ambiental\",\"https:\\\/\\\/x.com\\\/PatAmb\"]},{\"@type\":\"Person\",\"@id\":\"https:\\\/\\\/patagoniambiental.com.ar\\\/info\\\/#\\\/schema\\\/person\\\/db12bff64bbcbf6a253710bf0ea37b5d\",\"name\":\"Patagonia Ambiental\",\"description\":\"Andr\u00e9s Nievas T\u00e9cnico en manejo ambiental, consultor Ambiental y escritor para medios locales e internacionales sobre temas de geopolitica y medio ambiente.\",\"sameAs\":[\"http:\\\/\\\/www.patagoniambiental.com.ar\",\"https:\\\/\\\/www.facebook.com\\\/share\\\/1C1V8Gv9BX\\\/?mibextid=qi2Omg\",\"@patagoniambiental\",\"https:\\\/\\\/youtube.com\\\/@patagoniaambiental2023?si=BLt58t0wuXquxlYZ\"]}]}<\/script>\n<!-- \/ Yoast SEO Premium plugin. -->","yoast_head_json":{"title":"R\u00edo Negro: Avances sobre la problem\u00e1tica por contaminaci\u00f3n del Nahuel Huapi","robots":{"index":"index","follow":"follow","max-snippet":"max-snippet:-1","max-image-preview":"max-image-preview:large","max-video-preview":"max-video-preview:-1"},"canonical":"https:\/\/patagoniambiental.com.ar\/info\/rio-negro-avances-sobre-la-problematica-por-contaminacion-del-nahuel-huapi\/","og_locale":"es_ES","og_type":"article","og_title":"R\u00edo Negro: Avances sobre la problem\u00e1tica por contaminaci\u00f3n del Nahuel Huapi","og_description":"BARILOCHE.- La Defensora del Pueblo de R\u00edo Negro, Nadina D\u00edaz, se\u00f1al\u00f3 en San Carlos de Bariloche, donde se encuentra cumpliendo [&hellip;]","og_url":"https:\/\/patagoniambiental.com.ar\/info\/rio-negro-avances-sobre-la-problematica-por-contaminacion-del-nahuel-huapi\/","og_site_name":"Patagonia Ambiental","article_publisher":"https:\/\/www.facebook.com\/patagonia.ambiental","article_author":"https:\/\/www.facebook.com\/share\/1C1V8Gv9BX\/?mibextid=qi2Omg","article_published_time":"2016-09-23T12:00:41+00:00","author":"Patagonia Ambiental","twitter_card":"summary_large_image","twitter_creator":"@PatAmb","twitter_site":"@PatAmb","schema":{"@context":"https:\/\/schema.org","@graph":[{"@type":"Article","@id":"https:\/\/patagoniambiental.com.ar\/info\/rio-negro-avances-sobre-la-problematica-por-contaminacion-del-nahuel-huapi\/#article","isPartOf":{"@id":"https:\/\/patagoniambiental.com.ar\/info\/rio-negro-avances-sobre-la-problematica-por-contaminacion-del-nahuel-huapi\/"},"author":{"name":"Patagonia Ambiental","@id":"https:\/\/patagoniambiental.com.ar\/info\/#\/schema\/person\/db12bff64bbcbf6a253710bf0ea37b5d"},"headline":"R\u00edo Negro: Avances sobre la problem\u00e1tica por contaminaci\u00f3n del Nahuel Huapi","datePublished":"2016-09-23T12:00:41+00:00","mainEntityOfPage":{"@id":"https:\/\/patagoniambiental.com.ar\/info\/rio-negro-avances-sobre-la-problematica-por-contaminacion-del-nahuel-huapi\/"},"wordCount":462,"publisher":{"@id":"https:\/\/patagoniambiental.com.ar\/info\/#organization"},"articleSection":["Municipales","Noticias"],"inLanguage":"es"},{"@type":"WebPage","@id":"https:\/\/patagoniambiental.com.ar\/info\/rio-negro-avances-sobre-la-problematica-por-contaminacion-del-nahuel-huapi\/","url":"https:\/\/patagoniambiental.com.ar\/info\/rio-negro-avances-sobre-la-problematica-por-contaminacion-del-nahuel-huapi\/","name":"R\u00edo Negro: Avances sobre la problem\u00e1tica por contaminaci\u00f3n del Nahuel Huapi","isPartOf":{"@id":"https:\/\/patagoniambiental.com.ar\/info\/#website"},"datePublished":"2016-09-23T12:00:41+00:00","breadcrumb":{"@id":"https:\/\/patagoniambiental.com.ar\/info\/rio-negro-avances-sobre-la-problematica-por-contaminacion-del-nahuel-huapi\/#breadcrumb"},"inLanguage":"es","potentialAction":[{"@type":"ReadAction","target":["https:\/\/patagoniambiental.com.ar\/info\/rio-negro-avances-sobre-la-problematica-por-contaminacion-del-nahuel-huapi\/"]}]},{"@type":"BreadcrumbList","@id":"https:\/\/patagoniambiental.com.ar\/info\/rio-negro-avances-sobre-la-problematica-por-contaminacion-del-nahuel-huapi\/#breadcrumb","itemListElement":[{"@type":"ListItem","position":1,"name":"Inicio","item":"https:\/\/patagoniambiental.com.ar\/info\/"},{"@type":"ListItem","position":2,"name":"R\u00edo Negro: Avances sobre la problem\u00e1tica por contaminaci\u00f3n del Nahuel Huapi"}]},{"@type":"WebSite","@id":"https:\/\/patagoniambiental.com.ar\/info\/#website","url":"https:\/\/patagoniambiental.com.ar\/info\/","name":"Patagonia Ambiental","description":"Monitoreo y an\u00e1lisis de la situaci\u00f3n geopol\u00edtica en el mundo y su implicancia en la Patagonia","publisher":{"@id":"https:\/\/patagoniambiental.com.ar\/info\/#organization"},"potentialAction":[{"@type":"SearchAction","target":{"@type":"EntryPoint","urlTemplate":"https:\/\/patagoniambiental.com.ar\/info\/?s={search_term_string}"},"query-input":{"@type":"PropertyValueSpecification","valueRequired":true,"valueName":"search_term_string"}}],"inLanguage":"es"},{"@type":"Organization","@id":"https:\/\/patagoniambiental.com.ar\/info\/#organization","name":"Patagonia Ambiental","url":"https:\/\/patagoniambiental.com.ar\/info\/","logo":{"@type":"ImageObject","inLanguage":"es","@id":"https:\/\/patagoniambiental.com.ar\/info\/#\/schema\/logo\/image\/","url":"https:\/\/patagoniambiental.com.ar\/info\/wp-content\/uploads\/2025\/05\/LOGO-PATAGONIA-AMBIENTAL.png","contentUrl":"https:\/\/patagoniambiental.com.ar\/info\/wp-content\/uploads\/2025\/05\/LOGO-PATAGONIA-AMBIENTAL.png","width":433,"height":250,"caption":"Patagonia Ambiental"},"image":{"@id":"https:\/\/patagoniambiental.com.ar\/info\/#\/schema\/logo\/image\/"},"sameAs":["https:\/\/www.facebook.com\/patagonia.ambiental","https:\/\/x.com\/PatAmb"]},{"@type":"Person","@id":"https:\/\/patagoniambiental.com.ar\/info\/#\/schema\/person\/db12bff64bbcbf6a253710bf0ea37b5d","name":"Patagonia Ambiental","description":"Andr\u00e9s Nievas T\u00e9cnico en manejo ambiental, consultor Ambiental y escritor para medios locales e internacionales sobre temas de geopolitica y medio ambiente.","sameAs":["http:\/\/www.patagoniambiental.com.ar","https:\/\/www.facebook.com\/share\/1C1V8Gv9BX\/?mibextid=qi2Omg","@patagoniambiental","https:\/\/youtube.com\/@patagoniaambiental2023?si=BLt58t0wuXquxlYZ"]}]}},"_links":{"self":[{"href":"https:\/\/patagoniambiental.com.ar\/info\/wp-json\/wp\/v2\/posts\/20947","targetHints":{"allow":["GET"]}}],"collection":[{"href":"https:\/\/patagoniambiental.com.ar\/info\/wp-json\/wp\/v2\/posts"}],"about":[{"href":"https:\/\/patagoniambiental.com.ar\/info\/wp-json\/wp\/v2\/types\/post"}],"author":[{"embeddable":true,"href":"https:\/\/patagoniambiental.com.ar\/info\/wp-json\/wp\/v2\/users\/2"}],"replies":[{"embeddable":true,"href":"https:\/\/patagoniambiental.com.ar\/info\/wp-json\/wp\/v2\/comments?post=20947"}],"version-history":[{"count":0,"href":"https:\/\/patagoniambiental.com.ar\/info\/wp-json\/wp\/v2\/posts\/20947\/revisions"}],"wp:attachment":[{"href":"https:\/\/patagoniambiental.com.ar\/info\/wp-json\/wp\/v2\/media?parent=20947"}],"wp:term":[{"taxonomy":"category","embeddable":true,"href":"https:\/\/patagoniambiental.com.ar\/info\/wp-json\/wp\/v2\/categories?post=20947"},{"taxonomy":"post_tag","embeddable":true,"href":"https:\/\/patagoniambiental.com.ar\/info\/wp-json\/wp\/v2\/tags?post=20947"}],"curies":[{"name":"wp","href":"https:\/\/api.w.org\/{rel}","templated":true}]}}