{"id":21002,"date":"2016-09-24T09:00:16","date_gmt":"2016-09-24T12:00:16","guid":{"rendered":"http:\/\/patagoniambiental.com.ar\/?p=21002"},"modified":"2016-09-24T09:00:16","modified_gmt":"2016-09-24T12:00:16","slug":"rio-negro-campana-de-desparasitacion-y-vacunacion-para-perros-y-gatos-en-general-roca","status":"publish","type":"post","link":"https:\/\/patagoniambiental.com.ar\/info\/rio-negro-campana-de-desparasitacion-y-vacunacion-para-perros-y-gatos-en-general-roca\/","title":{"rendered":"R\u00edo Negro: Campa\u00f1a de desparasitaci\u00f3n y vacunaci\u00f3n para perros y gatos en General Roca"},"content":{"rendered":"<p class=\"x_MsoNormal\"><span lang=\"ES-AR\"><span style=\"font-size: small;\">GENERAL ROCA.-\u00a0<\/span><\/span><span lang=\"ES-AR\"><span style=\"font-size: small;\">La Municipalidad de General Roca por intermedio de la Direcci\u00f3n de Ambiente prepara diversas actividades para la pr\u00f3xima semana con motivo de conmemorarse el 28 del corriente, el D\u00eda Mundial de Lucha contra la Rabia.<\/span><\/span><\/p>\n<p class=\"x_MsoNormal\"><span style=\"font-size: small;\"><span lang=\"ES-AR\">En tal sentido, durante el Mes Aniversario y a los fines de<\/span><b><span lang=\"ES-AR\">\u00a0<\/span><\/b><span lang=\"ES-AR\">evitar enfermedades transmitidas por animales, se efectuar\u00e1 la campa\u00f1a de vacunaci\u00f3n y desparasitaci\u00f3n para perros y gatos los d\u00edas lunes 26 y martes 27 en el Quir\u00f3fano M\u00f3vil ubicado en la Unidad Policial del Barrio Chacra Monte; y los d\u00edas mi\u00e9rcoles 28, jueves 29 y viernes 30 de Septiembre en el Centro Comunitario del Barrio Paso C\u00f3rdoba lindante con Ruta 6 y el Centro de Salud.<\/span><b><\/b><\/span><\/p>\n<p class=\"x_MsoNormal\"><span style=\"font-size: small;\"><span lang=\"ES-AR\">La actividad en ambos barrios ser\u00e1 de 11:30 a 14:00 hs. por lo que los vecinos interesados deber\u00e1n concurrir con sus mascotas, con las medidas de sujeci\u00f3n correspondientes<\/span><\/span><\/p>\n<p class=\"x_MsoNormal\"><span style=\"font-size: small;\"><span lang=\"ES-AR\">Cabe destacar que a los fines de preservar la salud p\u00fablica y previo a la campa\u00f1a se brindan charlas sobre normativas de la Ordenanza 4151\/05 \u00abTenencia Responsable de Mascotas\u00bb en las instituciones del barrio generando conciencia sobre la importancia de vacunar y desparasitar a sus mascotas.<\/span><\/span><\/p>\n<p class=\"x_MsoNormal\"><span style=\"font-size: small;\"><b><span lang=\"ES-AR\">Resumen de los objetivos y beneficios perseguidos con la vacunaci\u00f3n antirr\u00e1bica y desparasitacion:<\/span><\/b><b><\/b><\/span><\/p>\n<ul type=\"disc\">\n<li class=\"x_MsoNormal\"><span style=\"font-size: small;\"><span lang=\"ES-AR\">Proteger a la comunidad de posibles brotes de rabia urbana.<\/span><\/span><\/li>\n<li class=\"x_MsoNormal\"><span style=\"font-size: small;\"><span lang=\"ES-AR\">Concientizar a la comunidad sobre la importancia de la vacunaci\u00f3n antirr\u00e1bica y como prevenirla.<\/span><\/span><\/li>\n<li class=\"x_MsoNormal\"><span style=\"font-size: small;\"><span lang=\"ES-AR\">Informar del estado del plan sanitario de su mascota y cuales vacunas necesita para completarlo.<\/span><\/span><\/li>\n<li class=\"x_MsoNormal\"><span style=\"font-size: small;\"><span lang=\"ES-AR\">Desparasitaci\u00f3n de perros contra Echinococcus granulosus agente productor de hidatidosis en el hombre.<\/span><\/span><\/li>\n<li class=\"x_MsoNormal\"><span style=\"font-size: small;\"><span lang=\"ES-AR\">Concientizar sobre el habito alimenticio que debe tener su perro para prevenir el desarrollo del par\u00e1sito adulto de Echinococcus\u00a0\u00a0granulosus en el perro.<\/span><\/span><\/li>\n<li class=\"x_MsoNormal\"><span style=\"font-size: small;\"><span lang=\"ES-AR\">Desparasitar a perros y gatos contra par\u00e1sitos zoon\u00f3ticos (ascaris s.p.p.) que pueden afectar a la comunidad en especial a ni\u00f1os y ancianos que son los mas susceptibles.<\/span><\/span><\/li>\n<li class=\"x_MsoNormal\"><span style=\"font-size: small;\"><span lang=\"ES-AR\">Habituar a la comunidad en el cuidado y salud de sus animales.<\/span><\/span><\/li>\n<li class=\"x_MsoNormal\"><span style=\"font-size: small;\"><span lang=\"ES-AR\">Promover el bienestar animal.<\/span><\/span><\/li>\n<\/ul>\n<p>Fuente:\u00a0Municipalidad de Gral. Roca<\/p>\n","protected":false},"excerpt":{"rendered":"<p>GENERAL ROCA.-\u00a0La Municipalidad de General Roca por intermedio de la Direcci\u00f3n de Ambiente prepara diversas actividades para la pr\u00f3xima semana [&hellip;]<\/p>\n","protected":false},"author":2,"featured_media":0,"comment_status":"closed","ping_status":"closed","sticky":false,"template":"","format":"standard","meta":{"site-sidebar-layout":"default","site-content-layout":"","ast-site-content-layout":"default","site-content-style":"default","site-sidebar-style":"default","ast-global-header-display":"","ast-banner-title-visibility":"","ast-main-header-display":"","ast-hfb-above-header-display":"","ast-hfb-below-header-display":"","ast-hfb-mobile-header-display":"","site-post-title":"","ast-breadcrumbs-content":"","ast-featured-img":"","footer-sml-layout":"","ast-disable-related-posts":"","theme-transparent-header-meta":"","adv-header-id-meta":"","stick-header-meta":"","header-above-stick-meta":"","header-main-stick-meta":"","header-below-stick-meta":"","astra-migrate-meta-layouts":"default","ast-page-background-enabled":"default","ast-page-background-meta":{"desktop":{"background-color":"var(--ast-global-color-5)","background-image":"","background-repeat":"repeat","background-position":"center center","background-size":"auto","background-attachment":"scroll","background-type":"","background-media":"","overlay-type":"","overlay-color":"","overlay-opacity":"","overlay-gradient":""},"tablet":{"background-color":"","background-image":"","background-repeat":"repeat","background-position":"center center","background-size":"auto","background-attachment":"scroll","background-type":"","background-media":"","overlay-type":"","overlay-color":"","overlay-opacity":"","overlay-gradient":""},"mobile":{"background-color":"","background-image":"","background-repeat":"repeat","background-position":"center center","background-size":"auto","background-attachment":"scroll","background-type":"","background-media":"","overlay-type":"","overlay-color":"","overlay-opacity":"","overlay-gradient":""}},"ast-content-background-meta":{"desktop":{"background-color":"var(--ast-global-color-4)","background-image":"","background-repeat":"repeat","background-position":"center center","background-size":"auto","background-attachment":"scroll","background-type":"","background-media":"","overlay-type":"","overlay-color":"","overlay-opacity":"","overlay-gradient":""},"tablet":{"background-color":"var(--ast-global-color-4)","background-image":"","background-repeat":"repeat","background-position":"center center","background-size":"auto","background-attachment":"scroll","background-type":"","background-media":"","overlay-type":"","overlay-color":"","overlay-opacity":"","overlay-gradient":""},"mobile":{"background-color":"var(--ast-global-color-4)","background-image":"","background-repeat":"repeat","background-position":"center center","background-size":"auto","background-attachment":"scroll","background-type":"","background-media":"","overlay-type":"","overlay-color":"","overlay-opacity":"","overlay-gradient":""}},"footnotes":""},"categories":[16,1],"tags":[],"class_list":["post-21002","post","type-post","status-publish","format-standard","hentry","category-municipales","category-noticias"],"yoast_head":"<!-- This site is optimized with the Yoast SEO Premium plugin v23.0 (Yoast SEO v27.4) - https:\/\/yoast.com\/product\/yoast-seo-premium-wordpress\/ -->\n<title>R\u00edo Negro: Campa\u00f1a de desparasitaci\u00f3n y vacunaci\u00f3n para perros y gatos en General Roca<\/title>\n<meta name=\"robots\" content=\"index, follow, max-snippet:-1, max-image-preview:large, max-video-preview:-1\" \/>\n<link rel=\"canonical\" href=\"https:\/\/patagoniambiental.com.ar\/info\/rio-negro-campana-de-desparasitacion-y-vacunacion-para-perros-y-gatos-en-general-roca\/\" \/>\n<meta property=\"og:locale\" content=\"es_ES\" \/>\n<meta property=\"og:type\" content=\"article\" \/>\n<meta property=\"og:title\" content=\"R\u00edo Negro: Campa\u00f1a de desparasitaci\u00f3n y vacunaci\u00f3n para perros y gatos en General Roca\" \/>\n<meta property=\"og:description\" content=\"GENERAL ROCA.-\u00a0La Municipalidad de General Roca por intermedio de la Direcci\u00f3n de Ambiente prepara diversas actividades para la pr\u00f3xima semana [&hellip;]\" \/>\n<meta property=\"og:url\" content=\"https:\/\/patagoniambiental.com.ar\/info\/rio-negro-campana-de-desparasitacion-y-vacunacion-para-perros-y-gatos-en-general-roca\/\" \/>\n<meta property=\"og:site_name\" content=\"Patagonia Ambiental\" \/>\n<meta property=\"article:publisher\" content=\"https:\/\/www.facebook.com\/patagonia.ambiental\" \/>\n<meta property=\"article:author\" content=\"https:\/\/www.facebook.com\/share\/1C1V8Gv9BX\/?mibextid=qi2Omg\" \/>\n<meta property=\"article:published_time\" content=\"2016-09-24T12:00:16+00:00\" \/>\n<meta name=\"author\" content=\"Patagonia Ambiental\" \/>\n<meta name=\"twitter:card\" content=\"summary_large_image\" \/>\n<meta name=\"twitter:creator\" content=\"@PatAmb\" \/>\n<meta name=\"twitter:site\" content=\"@PatAmb\" \/>\n<script type=\"application\/ld+json\" class=\"yoast-schema-graph\">{\"@context\":\"https:\\\/\\\/schema.org\",\"@graph\":[{\"@type\":\"Article\",\"@id\":\"https:\\\/\\\/patagoniambiental.com.ar\\\/info\\\/rio-negro-campana-de-desparasitacion-y-vacunacion-para-perros-y-gatos-en-general-roca\\\/#article\",\"isPartOf\":{\"@id\":\"https:\\\/\\\/patagoniambiental.com.ar\\\/info\\\/rio-negro-campana-de-desparasitacion-y-vacunacion-para-perros-y-gatos-en-general-roca\\\/\"},\"author\":{\"name\":\"Patagonia Ambiental\",\"@id\":\"https:\\\/\\\/patagoniambiental.com.ar\\\/info\\\/#\\\/schema\\\/person\\\/db12bff64bbcbf6a253710bf0ea37b5d\"},\"headline\":\"R\u00edo Negro: Campa\u00f1a de desparasitaci\u00f3n y vacunaci\u00f3n para perros y gatos en General Roca\",\"datePublished\":\"2016-09-24T12:00:16+00:00\",\"mainEntityOfPage\":{\"@id\":\"https:\\\/\\\/patagoniambiental.com.ar\\\/info\\\/rio-negro-campana-de-desparasitacion-y-vacunacion-para-perros-y-gatos-en-general-roca\\\/\"},\"wordCount\":361,\"publisher\":{\"@id\":\"https:\\\/\\\/patagoniambiental.com.ar\\\/info\\\/#organization\"},\"articleSection\":[\"Municipales\",\"Noticias\"],\"inLanguage\":\"es\"},{\"@type\":\"WebPage\",\"@id\":\"https:\\\/\\\/patagoniambiental.com.ar\\\/info\\\/rio-negro-campana-de-desparasitacion-y-vacunacion-para-perros-y-gatos-en-general-roca\\\/\",\"url\":\"https:\\\/\\\/patagoniambiental.com.ar\\\/info\\\/rio-negro-campana-de-desparasitacion-y-vacunacion-para-perros-y-gatos-en-general-roca\\\/\",\"name\":\"R\u00edo Negro: Campa\u00f1a de desparasitaci\u00f3n y vacunaci\u00f3n para perros y gatos en General Roca\",\"isPartOf\":{\"@id\":\"https:\\\/\\\/patagoniambiental.com.ar\\\/info\\\/#website\"},\"datePublished\":\"2016-09-24T12:00:16+00:00\",\"breadcrumb\":{\"@id\":\"https:\\\/\\\/patagoniambiental.com.ar\\\/info\\\/rio-negro-campana-de-desparasitacion-y-vacunacion-para-perros-y-gatos-en-general-roca\\\/#breadcrumb\"},\"inLanguage\":\"es\",\"potentialAction\":[{\"@type\":\"ReadAction\",\"target\":[\"https:\\\/\\\/patagoniambiental.com.ar\\\/info\\\/rio-negro-campana-de-desparasitacion-y-vacunacion-para-perros-y-gatos-en-general-roca\\\/\"]}]},{\"@type\":\"BreadcrumbList\",\"@id\":\"https:\\\/\\\/patagoniambiental.com.ar\\\/info\\\/rio-negro-campana-de-desparasitacion-y-vacunacion-para-perros-y-gatos-en-general-roca\\\/#breadcrumb\",\"itemListElement\":[{\"@type\":\"ListItem\",\"position\":1,\"name\":\"Inicio\",\"item\":\"https:\\\/\\\/patagoniambiental.com.ar\\\/info\\\/\"},{\"@type\":\"ListItem\",\"position\":2,\"name\":\"R\u00edo Negro: Campa\u00f1a de desparasitaci\u00f3n y vacunaci\u00f3n para perros y gatos en General Roca\"}]},{\"@type\":\"WebSite\",\"@id\":\"https:\\\/\\\/patagoniambiental.com.ar\\\/info\\\/#website\",\"url\":\"https:\\\/\\\/patagoniambiental.com.ar\\\/info\\\/\",\"name\":\"Patagonia Ambiental\",\"description\":\"Monitoreo y an\u00e1lisis de la situaci\u00f3n geopol\u00edtica en el mundo y su implicancia en la Patagonia\",\"publisher\":{\"@id\":\"https:\\\/\\\/patagoniambiental.com.ar\\\/info\\\/#organization\"},\"potentialAction\":[{\"@type\":\"SearchAction\",\"target\":{\"@type\":\"EntryPoint\",\"urlTemplate\":\"https:\\\/\\\/patagoniambiental.com.ar\\\/info\\\/?s={search_term_string}\"},\"query-input\":{\"@type\":\"PropertyValueSpecification\",\"valueRequired\":true,\"valueName\":\"search_term_string\"}}],\"inLanguage\":\"es\"},{\"@type\":\"Organization\",\"@id\":\"https:\\\/\\\/patagoniambiental.com.ar\\\/info\\\/#organization\",\"name\":\"Patagonia Ambiental\",\"url\":\"https:\\\/\\\/patagoniambiental.com.ar\\\/info\\\/\",\"logo\":{\"@type\":\"ImageObject\",\"inLanguage\":\"es\",\"@id\":\"https:\\\/\\\/patagoniambiental.com.ar\\\/info\\\/#\\\/schema\\\/logo\\\/image\\\/\",\"url\":\"https:\\\/\\\/patagoniambiental.com.ar\\\/info\\\/wp-content\\\/uploads\\\/2025\\\/05\\\/LOGO-PATAGONIA-AMBIENTAL.png\",\"contentUrl\":\"https:\\\/\\\/patagoniambiental.com.ar\\\/info\\\/wp-content\\\/uploads\\\/2025\\\/05\\\/LOGO-PATAGONIA-AMBIENTAL.png\",\"width\":433,\"height\":250,\"caption\":\"Patagonia Ambiental\"},\"image\":{\"@id\":\"https:\\\/\\\/patagoniambiental.com.ar\\\/info\\\/#\\\/schema\\\/logo\\\/image\\\/\"},\"sameAs\":[\"https:\\\/\\\/www.facebook.com\\\/patagonia.ambiental\",\"https:\\\/\\\/x.com\\\/PatAmb\"]},{\"@type\":\"Person\",\"@id\":\"https:\\\/\\\/patagoniambiental.com.ar\\\/info\\\/#\\\/schema\\\/person\\\/db12bff64bbcbf6a253710bf0ea37b5d\",\"name\":\"Patagonia Ambiental\",\"description\":\"Andr\u00e9s Nievas T\u00e9cnico en manejo ambiental, consultor Ambiental y escritor para medios locales e internacionales sobre temas de geopolitica y medio ambiente.\",\"sameAs\":[\"http:\\\/\\\/www.patagoniambiental.com.ar\",\"https:\\\/\\\/www.facebook.com\\\/share\\\/1C1V8Gv9BX\\\/?mibextid=qi2Omg\",\"@patagoniambiental\",\"https:\\\/\\\/youtube.com\\\/@patagoniaambiental2023?si=BLt58t0wuXquxlYZ\"]}]}<\/script>\n<!-- \/ Yoast SEO Premium plugin. -->","yoast_head_json":{"title":"R\u00edo Negro: Campa\u00f1a de desparasitaci\u00f3n y vacunaci\u00f3n para perros y gatos en General Roca","robots":{"index":"index","follow":"follow","max-snippet":"max-snippet:-1","max-image-preview":"max-image-preview:large","max-video-preview":"max-video-preview:-1"},"canonical":"https:\/\/patagoniambiental.com.ar\/info\/rio-negro-campana-de-desparasitacion-y-vacunacion-para-perros-y-gatos-en-general-roca\/","og_locale":"es_ES","og_type":"article","og_title":"R\u00edo Negro: Campa\u00f1a de desparasitaci\u00f3n y vacunaci\u00f3n para perros y gatos en General Roca","og_description":"GENERAL ROCA.-\u00a0La Municipalidad de General Roca por intermedio de la Direcci\u00f3n de Ambiente prepara diversas actividades para la pr\u00f3xima semana [&hellip;]","og_url":"https:\/\/patagoniambiental.com.ar\/info\/rio-negro-campana-de-desparasitacion-y-vacunacion-para-perros-y-gatos-en-general-roca\/","og_site_name":"Patagonia Ambiental","article_publisher":"https:\/\/www.facebook.com\/patagonia.ambiental","article_author":"https:\/\/www.facebook.com\/share\/1C1V8Gv9BX\/?mibextid=qi2Omg","article_published_time":"2016-09-24T12:00:16+00:00","author":"Patagonia Ambiental","twitter_card":"summary_large_image","twitter_creator":"@PatAmb","twitter_site":"@PatAmb","schema":{"@context":"https:\/\/schema.org","@graph":[{"@type":"Article","@id":"https:\/\/patagoniambiental.com.ar\/info\/rio-negro-campana-de-desparasitacion-y-vacunacion-para-perros-y-gatos-en-general-roca\/#article","isPartOf":{"@id":"https:\/\/patagoniambiental.com.ar\/info\/rio-negro-campana-de-desparasitacion-y-vacunacion-para-perros-y-gatos-en-general-roca\/"},"author":{"name":"Patagonia Ambiental","@id":"https:\/\/patagoniambiental.com.ar\/info\/#\/schema\/person\/db12bff64bbcbf6a253710bf0ea37b5d"},"headline":"R\u00edo Negro: Campa\u00f1a de desparasitaci\u00f3n y vacunaci\u00f3n para perros y gatos en General Roca","datePublished":"2016-09-24T12:00:16+00:00","mainEntityOfPage":{"@id":"https:\/\/patagoniambiental.com.ar\/info\/rio-negro-campana-de-desparasitacion-y-vacunacion-para-perros-y-gatos-en-general-roca\/"},"wordCount":361,"publisher":{"@id":"https:\/\/patagoniambiental.com.ar\/info\/#organization"},"articleSection":["Municipales","Noticias"],"inLanguage":"es"},{"@type":"WebPage","@id":"https:\/\/patagoniambiental.com.ar\/info\/rio-negro-campana-de-desparasitacion-y-vacunacion-para-perros-y-gatos-en-general-roca\/","url":"https:\/\/patagoniambiental.com.ar\/info\/rio-negro-campana-de-desparasitacion-y-vacunacion-para-perros-y-gatos-en-general-roca\/","name":"R\u00edo Negro: Campa\u00f1a de desparasitaci\u00f3n y vacunaci\u00f3n para perros y gatos en General Roca","isPartOf":{"@id":"https:\/\/patagoniambiental.com.ar\/info\/#website"},"datePublished":"2016-09-24T12:00:16+00:00","breadcrumb":{"@id":"https:\/\/patagoniambiental.com.ar\/info\/rio-negro-campana-de-desparasitacion-y-vacunacion-para-perros-y-gatos-en-general-roca\/#breadcrumb"},"inLanguage":"es","potentialAction":[{"@type":"ReadAction","target":["https:\/\/patagoniambiental.com.ar\/info\/rio-negro-campana-de-desparasitacion-y-vacunacion-para-perros-y-gatos-en-general-roca\/"]}]},{"@type":"BreadcrumbList","@id":"https:\/\/patagoniambiental.com.ar\/info\/rio-negro-campana-de-desparasitacion-y-vacunacion-para-perros-y-gatos-en-general-roca\/#breadcrumb","itemListElement":[{"@type":"ListItem","position":1,"name":"Inicio","item":"https:\/\/patagoniambiental.com.ar\/info\/"},{"@type":"ListItem","position":2,"name":"R\u00edo Negro: Campa\u00f1a de desparasitaci\u00f3n y vacunaci\u00f3n para perros y gatos en General Roca"}]},{"@type":"WebSite","@id":"https:\/\/patagoniambiental.com.ar\/info\/#website","url":"https:\/\/patagoniambiental.com.ar\/info\/","name":"Patagonia Ambiental","description":"Monitoreo y an\u00e1lisis de la situaci\u00f3n geopol\u00edtica en el mundo y su implicancia en la Patagonia","publisher":{"@id":"https:\/\/patagoniambiental.com.ar\/info\/#organization"},"potentialAction":[{"@type":"SearchAction","target":{"@type":"EntryPoint","urlTemplate":"https:\/\/patagoniambiental.com.ar\/info\/?s={search_term_string}"},"query-input":{"@type":"PropertyValueSpecification","valueRequired":true,"valueName":"search_term_string"}}],"inLanguage":"es"},{"@type":"Organization","@id":"https:\/\/patagoniambiental.com.ar\/info\/#organization","name":"Patagonia Ambiental","url":"https:\/\/patagoniambiental.com.ar\/info\/","logo":{"@type":"ImageObject","inLanguage":"es","@id":"https:\/\/patagoniambiental.com.ar\/info\/#\/schema\/logo\/image\/","url":"https:\/\/patagoniambiental.com.ar\/info\/wp-content\/uploads\/2025\/05\/LOGO-PATAGONIA-AMBIENTAL.png","contentUrl":"https:\/\/patagoniambiental.com.ar\/info\/wp-content\/uploads\/2025\/05\/LOGO-PATAGONIA-AMBIENTAL.png","width":433,"height":250,"caption":"Patagonia Ambiental"},"image":{"@id":"https:\/\/patagoniambiental.com.ar\/info\/#\/schema\/logo\/image\/"},"sameAs":["https:\/\/www.facebook.com\/patagonia.ambiental","https:\/\/x.com\/PatAmb"]},{"@type":"Person","@id":"https:\/\/patagoniambiental.com.ar\/info\/#\/schema\/person\/db12bff64bbcbf6a253710bf0ea37b5d","name":"Patagonia Ambiental","description":"Andr\u00e9s Nievas T\u00e9cnico en manejo ambiental, consultor Ambiental y escritor para medios locales e internacionales sobre temas de geopolitica y medio ambiente.","sameAs":["http:\/\/www.patagoniambiental.com.ar","https:\/\/www.facebook.com\/share\/1C1V8Gv9BX\/?mibextid=qi2Omg","@patagoniambiental","https:\/\/youtube.com\/@patagoniaambiental2023?si=BLt58t0wuXquxlYZ"]}]}},"_links":{"self":[{"href":"https:\/\/patagoniambiental.com.ar\/info\/wp-json\/wp\/v2\/posts\/21002","targetHints":{"allow":["GET"]}}],"collection":[{"href":"https:\/\/patagoniambiental.com.ar\/info\/wp-json\/wp\/v2\/posts"}],"about":[{"href":"https:\/\/patagoniambiental.com.ar\/info\/wp-json\/wp\/v2\/types\/post"}],"author":[{"embeddable":true,"href":"https:\/\/patagoniambiental.com.ar\/info\/wp-json\/wp\/v2\/users\/2"}],"replies":[{"embeddable":true,"href":"https:\/\/patagoniambiental.com.ar\/info\/wp-json\/wp\/v2\/comments?post=21002"}],"version-history":[{"count":0,"href":"https:\/\/patagoniambiental.com.ar\/info\/wp-json\/wp\/v2\/posts\/21002\/revisions"}],"wp:attachment":[{"href":"https:\/\/patagoniambiental.com.ar\/info\/wp-json\/wp\/v2\/media?parent=21002"}],"wp:term":[{"taxonomy":"category","embeddable":true,"href":"https:\/\/patagoniambiental.com.ar\/info\/wp-json\/wp\/v2\/categories?post=21002"},{"taxonomy":"post_tag","embeddable":true,"href":"https:\/\/patagoniambiental.com.ar\/info\/wp-json\/wp\/v2\/tags?post=21002"}],"curies":[{"name":"wp","href":"https:\/\/api.w.org\/{rel}","templated":true}]}}