{"id":21052,"date":"2016-09-25T09:00:20","date_gmt":"2016-09-25T12:00:20","guid":{"rendered":"http:\/\/patagoniambiental.com.ar\/?p=21052"},"modified":"2016-09-25T09:00:20","modified_gmt":"2016-09-25T12:00:20","slug":"se-firmo-el-contrato-para-el-sistema-cloacal-de-piramides","status":"publish","type":"post","link":"https:\/\/patagoniambiental.com.ar\/info\/se-firmo-el-contrato-para-el-sistema-cloacal-de-piramides\/","title":{"rendered":"Se firm\u00f3 el contrato para el sistema cloacal de Pir\u00e1mides"},"content":{"rendered":"<div class=\"cuerpo clearfix\">RAWSON.- El gobernador Mario Das Neves encabez\u00f3 en Casa de Gobierno de Rawson, la firma del contrato de obra para la rehabilitaci\u00f3n del sistema cloacal de Puerto Pir\u00e1mides, por un monto de 980.000 pesos.<br \/>\nDel acto participaron los ministros de Infraestructura, Planeamiento y Servicios P\u00fablicos, Alejandro Pagani; de Ambiente y Control del Desarrollo Sustentable, Ignacio Agulleiro; los subsecretarios de Servicios P\u00fablicos, Pablo Korn; el diputado provincial y ex intendente de la localidad, Alejandro Albaini, y el intendente de Puerto Pir\u00e1mides, Javier Rold\u00e1n, entre otros funcionarios del gabinete provincial y legisladores provinciales.<br \/>\nEl subsecretario de Servicios P\u00fablicos, Pablo Korn, indic\u00f3 que \u00abesta es la firma de un convenio de una obra delegada, para poder rehabilitar el sistema cloacal de Puerto Pir\u00e1mides, que se llev\u00f3 adelante en la gesti\u00f3n anterior del actual gobernador, Mario Das Neves, pero nunca tuvo su correspondiente mantenimiento\u00bb.<br \/>\nRemarc\u00f3: \u00abcomo toda obra de servicios p\u00fablicos, requiere de una planificaci\u00f3n, operaci\u00f3n y mantenimiento permanente, pero eso lamentablemente no se produjo en los \u00faltimos cuatro a\u00f1os, haciendo que pierdan su inicial objetivo\u00bb.<br \/>\nPor eso Korn detall\u00f3: \u00abante esto hemos comenzado a proyectar la readecuaci\u00f3n de esta obra, la cual tiene tres estaciones de bombeo, y estamos volviendo a trabajar tanto sobre el sistema el\u00e9ctrico de la misma como sobre el tratamiento de s\u00f3lidos y l\u00edquidos, lo cual haremos junto con la intendencia de forma r\u00e1pida y a corto plazo para poder dejar definitivamente a la obra en condiciones\u00bb.<br \/>\nA la vez, el subsecretario adelant\u00f3: \u00aben esta misma localidad estamos reactivando la obra del tendido el\u00e9ctrico de la l\u00ednea de 90 kil\u00f3metros que va desde Puerto Madryn a Pir\u00e1mides, para dar una soluci\u00f3n integral al problema, dado que tiene varios a\u00f1os, lo que hace que funcione mal por aislaci\u00f3n y falta de correcci\u00f3n en estaciones transformadoras\u00bb.<br \/>\nTambi\u00e9n \u00aben el corto plazo terminaremos la nueva cisterna, el gas e inauguraremos la planta desalinizadora\u00bb.<\/p>\n<p>TRABAJO EN CONJUNTO<br \/>\nEl intendente de Puerto Pir\u00e1mides, Javier Rold\u00e1n, expres\u00f3 estar \u00abmuy contento por la concreci\u00f3n de esta firma de convenio para una obra tan importante para nuestra localidad, y por la que venimos trabajando en conjunto con los diferentes ministerios del Gobierno Provincial\u00bb.<br \/>\nA su vez resalt\u00f3 el trabajo que est\u00e1 efectuando toda la cartera de Infraestructura, Planeamiento y Servicios P\u00fablicos del Chubut porque \u00abest\u00e1 resolviendo varios problemas que tenemos en nuestra localidad, como es el tendido el\u00e9ctrico, que es el eje fundamental para poder brindar los dem\u00e1s servicios, como es el caso del sistema cloacal, la planta desalinizadora o el gas\u00bb.<br \/>\nRold\u00e1n hizo menci\u00f3n a la importancia de las \u00abconstantes gestiones que hay que llevar adelante para conseguir las obras para cada una de las localidades, a las cuales los intendentes representamos, y que se logra a trav\u00e9s de un trabajo articulado, sin necesidad de hacer la presentaci\u00f3n de ninguna carta documento a nadie\u00bb.<\/p><\/div>\n<div class=\"poll-nota\"><\/div>\n<div class=\"poll-nota\">Fuente: El patag\u00f3nico<\/div>\n","protected":false},"excerpt":{"rendered":"<p>RAWSON.- El gobernador Mario Das Neves encabez\u00f3 en Casa de Gobierno de Rawson, la firma del contrato de obra para [&hellip;]<\/p>\n","protected":false},"author":2,"featured_media":0,"comment_status":"closed","ping_status":"closed","sticky":false,"template":"","format":"standard","meta":{"site-sidebar-layout":"default","site-content-layout":"","ast-site-content-layout":"default","site-content-style":"default","site-sidebar-style":"default","ast-global-header-display":"","ast-banner-title-visibility":"","ast-main-header-display":"","ast-hfb-above-header-display":"","ast-hfb-below-header-display":"","ast-hfb-mobile-header-display":"","site-post-title":"","ast-breadcrumbs-content":"","ast-featured-img":"","footer-sml-layout":"","ast-disable-related-posts":"","theme-transparent-header-meta":"","adv-header-id-meta":"","stick-header-meta":"","header-above-stick-meta":"","header-main-stick-meta":"","header-below-stick-meta":"","astra-migrate-meta-layouts":"default","ast-page-background-enabled":"default","ast-page-background-meta":{"desktop":{"background-color":"var(--ast-global-color-5)","background-image":"","background-repeat":"repeat","background-position":"center center","background-size":"auto","background-attachment":"scroll","background-type":"","background-media":"","overlay-type":"","overlay-color":"","overlay-opacity":"","overlay-gradient":""},"tablet":{"background-color":"","background-image":"","background-repeat":"repeat","background-position":"center center","background-size":"auto","background-attachment":"scroll","background-type":"","background-media":"","overlay-type":"","overlay-color":"","overlay-opacity":"","overlay-gradient":""},"mobile":{"background-color":"","background-image":"","background-repeat":"repeat","background-position":"center center","background-size":"auto","background-attachment":"scroll","background-type":"","background-media":"","overlay-type":"","overlay-color":"","overlay-opacity":"","overlay-gradient":""}},"ast-content-background-meta":{"desktop":{"background-color":"var(--ast-global-color-4)","background-image":"","background-repeat":"repeat","background-position":"center center","background-size":"auto","background-attachment":"scroll","background-type":"","background-media":"","overlay-type":"","overlay-color":"","overlay-opacity":"","overlay-gradient":""},"tablet":{"background-color":"var(--ast-global-color-4)","background-image":"","background-repeat":"repeat","background-position":"center center","background-size":"auto","background-attachment":"scroll","background-type":"","background-media":"","overlay-type":"","overlay-color":"","overlay-opacity":"","overlay-gradient":""},"mobile":{"background-color":"var(--ast-global-color-4)","background-image":"","background-repeat":"repeat","background-position":"center center","background-size":"auto","background-attachment":"scroll","background-type":"","background-media":"","overlay-type":"","overlay-color":"","overlay-opacity":"","overlay-gradient":""}},"footnotes":""},"categories":[16,1],"tags":[],"class_list":["post-21052","post","type-post","status-publish","format-standard","hentry","category-municipales","category-noticias"],"yoast_head":"<!-- This site is optimized with the Yoast SEO Premium plugin v23.0 (Yoast SEO v27.4) - https:\/\/yoast.com\/product\/yoast-seo-premium-wordpress\/ -->\n<title>Se firm\u00f3 el contrato para el sistema cloacal de Pir\u00e1mides<\/title>\n<meta name=\"robots\" content=\"index, follow, max-snippet:-1, max-image-preview:large, max-video-preview:-1\" \/>\n<link rel=\"canonical\" href=\"https:\/\/patagoniambiental.com.ar\/info\/se-firmo-el-contrato-para-el-sistema-cloacal-de-piramides\/\" \/>\n<meta property=\"og:locale\" content=\"es_ES\" \/>\n<meta property=\"og:type\" content=\"article\" \/>\n<meta property=\"og:title\" content=\"Se firm\u00f3 el contrato para el sistema cloacal de Pir\u00e1mides\" \/>\n<meta property=\"og:description\" content=\"RAWSON.- El gobernador Mario Das Neves encabez\u00f3 en Casa de Gobierno de Rawson, la firma del contrato de obra para [&hellip;]\" \/>\n<meta property=\"og:url\" content=\"https:\/\/patagoniambiental.com.ar\/info\/se-firmo-el-contrato-para-el-sistema-cloacal-de-piramides\/\" \/>\n<meta property=\"og:site_name\" content=\"Patagonia Ambiental\" \/>\n<meta property=\"article:publisher\" content=\"https:\/\/www.facebook.com\/patagonia.ambiental\" \/>\n<meta property=\"article:author\" content=\"https:\/\/www.facebook.com\/share\/1C1V8Gv9BX\/?mibextid=qi2Omg\" \/>\n<meta property=\"article:published_time\" content=\"2016-09-25T12:00:20+00:00\" \/>\n<meta name=\"author\" content=\"Patagonia Ambiental\" \/>\n<meta name=\"twitter:card\" content=\"summary_large_image\" \/>\n<meta name=\"twitter:creator\" content=\"@PatAmb\" \/>\n<meta name=\"twitter:site\" content=\"@PatAmb\" \/>\n<script type=\"application\/ld+json\" class=\"yoast-schema-graph\">{\"@context\":\"https:\\\/\\\/schema.org\",\"@graph\":[{\"@type\":\"Article\",\"@id\":\"https:\\\/\\\/patagoniambiental.com.ar\\\/info\\\/se-firmo-el-contrato-para-el-sistema-cloacal-de-piramides\\\/#article\",\"isPartOf\":{\"@id\":\"https:\\\/\\\/patagoniambiental.com.ar\\\/info\\\/se-firmo-el-contrato-para-el-sistema-cloacal-de-piramides\\\/\"},\"author\":{\"name\":\"Patagonia Ambiental\",\"@id\":\"https:\\\/\\\/patagoniambiental.com.ar\\\/info\\\/#\\\/schema\\\/person\\\/db12bff64bbcbf6a253710bf0ea37b5d\"},\"headline\":\"Se firm\u00f3 el contrato para el sistema cloacal de Pir\u00e1mides\",\"datePublished\":\"2016-09-25T12:00:20+00:00\",\"mainEntityOfPage\":{\"@id\":\"https:\\\/\\\/patagoniambiental.com.ar\\\/info\\\/se-firmo-el-contrato-para-el-sistema-cloacal-de-piramides\\\/\"},\"wordCount\":519,\"publisher\":{\"@id\":\"https:\\\/\\\/patagoniambiental.com.ar\\\/info\\\/#organization\"},\"articleSection\":[\"Municipales\",\"Noticias\"],\"inLanguage\":\"es\"},{\"@type\":\"WebPage\",\"@id\":\"https:\\\/\\\/patagoniambiental.com.ar\\\/info\\\/se-firmo-el-contrato-para-el-sistema-cloacal-de-piramides\\\/\",\"url\":\"https:\\\/\\\/patagoniambiental.com.ar\\\/info\\\/se-firmo-el-contrato-para-el-sistema-cloacal-de-piramides\\\/\",\"name\":\"Se firm\u00f3 el contrato para el sistema cloacal de Pir\u00e1mides\",\"isPartOf\":{\"@id\":\"https:\\\/\\\/patagoniambiental.com.ar\\\/info\\\/#website\"},\"datePublished\":\"2016-09-25T12:00:20+00:00\",\"breadcrumb\":{\"@id\":\"https:\\\/\\\/patagoniambiental.com.ar\\\/info\\\/se-firmo-el-contrato-para-el-sistema-cloacal-de-piramides\\\/#breadcrumb\"},\"inLanguage\":\"es\",\"potentialAction\":[{\"@type\":\"ReadAction\",\"target\":[\"https:\\\/\\\/patagoniambiental.com.ar\\\/info\\\/se-firmo-el-contrato-para-el-sistema-cloacal-de-piramides\\\/\"]}]},{\"@type\":\"BreadcrumbList\",\"@id\":\"https:\\\/\\\/patagoniambiental.com.ar\\\/info\\\/se-firmo-el-contrato-para-el-sistema-cloacal-de-piramides\\\/#breadcrumb\",\"itemListElement\":[{\"@type\":\"ListItem\",\"position\":1,\"name\":\"Inicio\",\"item\":\"https:\\\/\\\/patagoniambiental.com.ar\\\/info\\\/\"},{\"@type\":\"ListItem\",\"position\":2,\"name\":\"Se firm\u00f3 el contrato para el sistema cloacal de Pir\u00e1mides\"}]},{\"@type\":\"WebSite\",\"@id\":\"https:\\\/\\\/patagoniambiental.com.ar\\\/info\\\/#website\",\"url\":\"https:\\\/\\\/patagoniambiental.com.ar\\\/info\\\/\",\"name\":\"Patagonia Ambiental\",\"description\":\"Monitoreo y an\u00e1lisis de la situaci\u00f3n geopol\u00edtica en el mundo y su implicancia en la Patagonia\",\"publisher\":{\"@id\":\"https:\\\/\\\/patagoniambiental.com.ar\\\/info\\\/#organization\"},\"potentialAction\":[{\"@type\":\"SearchAction\",\"target\":{\"@type\":\"EntryPoint\",\"urlTemplate\":\"https:\\\/\\\/patagoniambiental.com.ar\\\/info\\\/?s={search_term_string}\"},\"query-input\":{\"@type\":\"PropertyValueSpecification\",\"valueRequired\":true,\"valueName\":\"search_term_string\"}}],\"inLanguage\":\"es\"},{\"@type\":\"Organization\",\"@id\":\"https:\\\/\\\/patagoniambiental.com.ar\\\/info\\\/#organization\",\"name\":\"Patagonia Ambiental\",\"url\":\"https:\\\/\\\/patagoniambiental.com.ar\\\/info\\\/\",\"logo\":{\"@type\":\"ImageObject\",\"inLanguage\":\"es\",\"@id\":\"https:\\\/\\\/patagoniambiental.com.ar\\\/info\\\/#\\\/schema\\\/logo\\\/image\\\/\",\"url\":\"https:\\\/\\\/patagoniambiental.com.ar\\\/info\\\/wp-content\\\/uploads\\\/2025\\\/05\\\/LOGO-PATAGONIA-AMBIENTAL.png\",\"contentUrl\":\"https:\\\/\\\/patagoniambiental.com.ar\\\/info\\\/wp-content\\\/uploads\\\/2025\\\/05\\\/LOGO-PATAGONIA-AMBIENTAL.png\",\"width\":433,\"height\":250,\"caption\":\"Patagonia Ambiental\"},\"image\":{\"@id\":\"https:\\\/\\\/patagoniambiental.com.ar\\\/info\\\/#\\\/schema\\\/logo\\\/image\\\/\"},\"sameAs\":[\"https:\\\/\\\/www.facebook.com\\\/patagonia.ambiental\",\"https:\\\/\\\/x.com\\\/PatAmb\"]},{\"@type\":\"Person\",\"@id\":\"https:\\\/\\\/patagoniambiental.com.ar\\\/info\\\/#\\\/schema\\\/person\\\/db12bff64bbcbf6a253710bf0ea37b5d\",\"name\":\"Patagonia Ambiental\",\"description\":\"Andr\u00e9s Nievas T\u00e9cnico en manejo ambiental, consultor Ambiental y escritor para medios locales e internacionales sobre temas de geopolitica y medio ambiente.\",\"sameAs\":[\"http:\\\/\\\/www.patagoniambiental.com.ar\",\"https:\\\/\\\/www.facebook.com\\\/share\\\/1C1V8Gv9BX\\\/?mibextid=qi2Omg\",\"@patagoniambiental\",\"https:\\\/\\\/youtube.com\\\/@patagoniaambiental2023?si=BLt58t0wuXquxlYZ\"]}]}<\/script>\n<!-- \/ Yoast SEO Premium plugin. -->","yoast_head_json":{"title":"Se firm\u00f3 el contrato para el sistema cloacal de Pir\u00e1mides","robots":{"index":"index","follow":"follow","max-snippet":"max-snippet:-1","max-image-preview":"max-image-preview:large","max-video-preview":"max-video-preview:-1"},"canonical":"https:\/\/patagoniambiental.com.ar\/info\/se-firmo-el-contrato-para-el-sistema-cloacal-de-piramides\/","og_locale":"es_ES","og_type":"article","og_title":"Se firm\u00f3 el contrato para el sistema cloacal de Pir\u00e1mides","og_description":"RAWSON.- El gobernador Mario Das Neves encabez\u00f3 en Casa de Gobierno de Rawson, la firma del contrato de obra para [&hellip;]","og_url":"https:\/\/patagoniambiental.com.ar\/info\/se-firmo-el-contrato-para-el-sistema-cloacal-de-piramides\/","og_site_name":"Patagonia Ambiental","article_publisher":"https:\/\/www.facebook.com\/patagonia.ambiental","article_author":"https:\/\/www.facebook.com\/share\/1C1V8Gv9BX\/?mibextid=qi2Omg","article_published_time":"2016-09-25T12:00:20+00:00","author":"Patagonia Ambiental","twitter_card":"summary_large_image","twitter_creator":"@PatAmb","twitter_site":"@PatAmb","schema":{"@context":"https:\/\/schema.org","@graph":[{"@type":"Article","@id":"https:\/\/patagoniambiental.com.ar\/info\/se-firmo-el-contrato-para-el-sistema-cloacal-de-piramides\/#article","isPartOf":{"@id":"https:\/\/patagoniambiental.com.ar\/info\/se-firmo-el-contrato-para-el-sistema-cloacal-de-piramides\/"},"author":{"name":"Patagonia Ambiental","@id":"https:\/\/patagoniambiental.com.ar\/info\/#\/schema\/person\/db12bff64bbcbf6a253710bf0ea37b5d"},"headline":"Se firm\u00f3 el contrato para el sistema cloacal de Pir\u00e1mides","datePublished":"2016-09-25T12:00:20+00:00","mainEntityOfPage":{"@id":"https:\/\/patagoniambiental.com.ar\/info\/se-firmo-el-contrato-para-el-sistema-cloacal-de-piramides\/"},"wordCount":519,"publisher":{"@id":"https:\/\/patagoniambiental.com.ar\/info\/#organization"},"articleSection":["Municipales","Noticias"],"inLanguage":"es"},{"@type":"WebPage","@id":"https:\/\/patagoniambiental.com.ar\/info\/se-firmo-el-contrato-para-el-sistema-cloacal-de-piramides\/","url":"https:\/\/patagoniambiental.com.ar\/info\/se-firmo-el-contrato-para-el-sistema-cloacal-de-piramides\/","name":"Se firm\u00f3 el contrato para el sistema cloacal de Pir\u00e1mides","isPartOf":{"@id":"https:\/\/patagoniambiental.com.ar\/info\/#website"},"datePublished":"2016-09-25T12:00:20+00:00","breadcrumb":{"@id":"https:\/\/patagoniambiental.com.ar\/info\/se-firmo-el-contrato-para-el-sistema-cloacal-de-piramides\/#breadcrumb"},"inLanguage":"es","potentialAction":[{"@type":"ReadAction","target":["https:\/\/patagoniambiental.com.ar\/info\/se-firmo-el-contrato-para-el-sistema-cloacal-de-piramides\/"]}]},{"@type":"BreadcrumbList","@id":"https:\/\/patagoniambiental.com.ar\/info\/se-firmo-el-contrato-para-el-sistema-cloacal-de-piramides\/#breadcrumb","itemListElement":[{"@type":"ListItem","position":1,"name":"Inicio","item":"https:\/\/patagoniambiental.com.ar\/info\/"},{"@type":"ListItem","position":2,"name":"Se firm\u00f3 el contrato para el sistema cloacal de Pir\u00e1mides"}]},{"@type":"WebSite","@id":"https:\/\/patagoniambiental.com.ar\/info\/#website","url":"https:\/\/patagoniambiental.com.ar\/info\/","name":"Patagonia Ambiental","description":"Monitoreo y an\u00e1lisis de la situaci\u00f3n geopol\u00edtica en el mundo y su implicancia en la Patagonia","publisher":{"@id":"https:\/\/patagoniambiental.com.ar\/info\/#organization"},"potentialAction":[{"@type":"SearchAction","target":{"@type":"EntryPoint","urlTemplate":"https:\/\/patagoniambiental.com.ar\/info\/?s={search_term_string}"},"query-input":{"@type":"PropertyValueSpecification","valueRequired":true,"valueName":"search_term_string"}}],"inLanguage":"es"},{"@type":"Organization","@id":"https:\/\/patagoniambiental.com.ar\/info\/#organization","name":"Patagonia Ambiental","url":"https:\/\/patagoniambiental.com.ar\/info\/","logo":{"@type":"ImageObject","inLanguage":"es","@id":"https:\/\/patagoniambiental.com.ar\/info\/#\/schema\/logo\/image\/","url":"https:\/\/patagoniambiental.com.ar\/info\/wp-content\/uploads\/2025\/05\/LOGO-PATAGONIA-AMBIENTAL.png","contentUrl":"https:\/\/patagoniambiental.com.ar\/info\/wp-content\/uploads\/2025\/05\/LOGO-PATAGONIA-AMBIENTAL.png","width":433,"height":250,"caption":"Patagonia Ambiental"},"image":{"@id":"https:\/\/patagoniambiental.com.ar\/info\/#\/schema\/logo\/image\/"},"sameAs":["https:\/\/www.facebook.com\/patagonia.ambiental","https:\/\/x.com\/PatAmb"]},{"@type":"Person","@id":"https:\/\/patagoniambiental.com.ar\/info\/#\/schema\/person\/db12bff64bbcbf6a253710bf0ea37b5d","name":"Patagonia Ambiental","description":"Andr\u00e9s Nievas T\u00e9cnico en manejo ambiental, consultor Ambiental y escritor para medios locales e internacionales sobre temas de geopolitica y medio ambiente.","sameAs":["http:\/\/www.patagoniambiental.com.ar","https:\/\/www.facebook.com\/share\/1C1V8Gv9BX\/?mibextid=qi2Omg","@patagoniambiental","https:\/\/youtube.com\/@patagoniaambiental2023?si=BLt58t0wuXquxlYZ"]}]}},"_links":{"self":[{"href":"https:\/\/patagoniambiental.com.ar\/info\/wp-json\/wp\/v2\/posts\/21052","targetHints":{"allow":["GET"]}}],"collection":[{"href":"https:\/\/patagoniambiental.com.ar\/info\/wp-json\/wp\/v2\/posts"}],"about":[{"href":"https:\/\/patagoniambiental.com.ar\/info\/wp-json\/wp\/v2\/types\/post"}],"author":[{"embeddable":true,"href":"https:\/\/patagoniambiental.com.ar\/info\/wp-json\/wp\/v2\/users\/2"}],"replies":[{"embeddable":true,"href":"https:\/\/patagoniambiental.com.ar\/info\/wp-json\/wp\/v2\/comments?post=21052"}],"version-history":[{"count":0,"href":"https:\/\/patagoniambiental.com.ar\/info\/wp-json\/wp\/v2\/posts\/21052\/revisions"}],"wp:attachment":[{"href":"https:\/\/patagoniambiental.com.ar\/info\/wp-json\/wp\/v2\/media?parent=21052"}],"wp:term":[{"taxonomy":"category","embeddable":true,"href":"https:\/\/patagoniambiental.com.ar\/info\/wp-json\/wp\/v2\/categories?post=21052"},{"taxonomy":"post_tag","embeddable":true,"href":"https:\/\/patagoniambiental.com.ar\/info\/wp-json\/wp\/v2\/tags?post=21052"}],"curies":[{"name":"wp","href":"https:\/\/api.w.org\/{rel}","templated":true}]}}