{"id":21064,"date":"2016-09-26T09:53:16","date_gmt":"2016-09-26T12:53:16","guid":{"rendered":"http:\/\/patagoniambiental.com.ar\/?p=21064"},"modified":"2016-09-26T09:53:16","modified_gmt":"2016-09-26T12:53:16","slug":"inicio-la-obra-del-plan-director-de-desagues-cloacales-de-choele-choel","status":"publish","type":"post","link":"https:\/\/patagoniambiental.com.ar\/info\/inicio-la-obra-del-plan-director-de-desagues-cloacales-de-choele-choel\/","title":{"rendered":"Inici\u00f3 la obra del Plan Director de Desag\u00fces Cloacales de Choele Choel"},"content":{"rendered":"<p class=\"x_MsoNormal\">CHOELE CHOEL.- El titular del Departamento Provincial de Aguas (DPA), Fernando Curetti, confirm\u00f3 que esta semana comenzaron los trabajos de la obra del Plan Director de Desag\u00fces Cloacales, para Choele Choel con una inversi\u00f3n que supera $88.000.000.<\/p>\n<p class=\"x_MsoNormal\">Esta obra de gran envergadura, se estima que generar\u00e1 unos 40 puestos de trabajo en la localidad, principalmente para la maquinaria.<\/p>\n<p class=\"x_MsoNormal\">Los trabajos se estiman en un plazo de ejecuci\u00f3n de 18 meses y son financiados a trav\u00e9s del Banco Interamericano de Desarrollo (BID) desde el Ente Nacional de Obras H\u00eddricas de Saneamiento (ENHOSA).<\/p>\n<p class=\"x_MsoNormal\">\u201cEstamos muy contentos porque esta obra implica un impacto muy positivo, ya que ser\u00e1 un nuevo sistema que brindar\u00e1 casi el 100% de cobertura, para un total de 15.000 habitantes y con una proyecci\u00f3n a 20 a\u00f1os\u201d explico Curetti. Es as\u00ed, que el funcionario adem\u00e1s inform\u00f3 que \u201cla empresa Marinelli S.A comenz\u00f3 con la obra a buen ritmo, los primeros trabajos se est\u00e1n ejecutando desde el lunes en el barrio la Mercedes, para continuar con la colocaci\u00f3n de ca\u00f1er\u00eda en las pr\u00f3ximas semanas\u201d.<\/p>\n<p class=\"x_MsoNormal\">Se trata de una nueva infraestructura de saneamiento que aplicar\u00e1 una\u00a0 nueva tecnolog\u00eda, en la que tratar\u00e1 los residuos cloacales para su reutilizaci\u00f3n en el riego de una gran masa forestal. En este marco, se llevar\u00e1 adelante la forestaci\u00f3n de m\u00e1s de 30 hect\u00e1reas, principalmente con ejemplares \u00e1lamo.<\/p>\n<p class=\"x_MsoNormal\">La obra en Choele Choel implica la ejecuci\u00f3n de los colectores troncales de los barrios Las Bardas y Maldonado, y acondicionamiento de la estaci\u00f3n elevadora tres y de la estaci\u00f3n elevadora uno; adem\u00e1s plantea la ejecuci\u00f3n de la impulsi\u00f3n entre \u00e9stas.<\/p>\n<p>Asimismo, se llevar\u00e1 adelante la construcci\u00f3n de la estaci\u00f3n elevadora de paso, la impulsi\u00f3n, la construcci\u00f3n de la primera etapa de la planta depuradora compuesta por dos m\u00f3dulos de una capacidad de 1545 m3\/d\u00eda cada uno; adem\u00e1s del tendido de redes colectoras domiciliarias en una extensi\u00f3n del orden de los 23 kil\u00f3metros de dise\u00f1o de la obra.<br \/>\nFuente: Gobierno de R\u00edo Negro<\/p>\n","protected":false},"excerpt":{"rendered":"<p>CHOELE CHOEL.- El titular del Departamento Provincial de Aguas (DPA), Fernando Curetti, confirm\u00f3 que esta semana comenzaron los trabajos de [&hellip;]<\/p>\n","protected":false},"author":2,"featured_media":0,"comment_status":"closed","ping_status":"closed","sticky":false,"template":"","format":"standard","meta":{"site-sidebar-layout":"default","site-content-layout":"","ast-site-content-layout":"default","site-content-style":"default","site-sidebar-style":"default","ast-global-header-display":"","ast-banner-title-visibility":"","ast-main-header-display":"","ast-hfb-above-header-display":"","ast-hfb-below-header-display":"","ast-hfb-mobile-header-display":"","site-post-title":"","ast-breadcrumbs-content":"","ast-featured-img":"","footer-sml-layout":"","ast-disable-related-posts":"","theme-transparent-header-meta":"","adv-header-id-meta":"","stick-header-meta":"","header-above-stick-meta":"","header-main-stick-meta":"","header-below-stick-meta":"","astra-migrate-meta-layouts":"default","ast-page-background-enabled":"default","ast-page-background-meta":{"desktop":{"background-color":"var(--ast-global-color-5)","background-image":"","background-repeat":"repeat","background-position":"center center","background-size":"auto","background-attachment":"scroll","background-type":"","background-media":"","overlay-type":"","overlay-color":"","overlay-opacity":"","overlay-gradient":""},"tablet":{"background-color":"","background-image":"","background-repeat":"repeat","background-position":"center center","background-size":"auto","background-attachment":"scroll","background-type":"","background-media":"","overlay-type":"","overlay-color":"","overlay-opacity":"","overlay-gradient":""},"mobile":{"background-color":"","background-image":"","background-repeat":"repeat","background-position":"center center","background-size":"auto","background-attachment":"scroll","background-type":"","background-media":"","overlay-type":"","overlay-color":"","overlay-opacity":"","overlay-gradient":""}},"ast-content-background-meta":{"desktop":{"background-color":"var(--ast-global-color-4)","background-image":"","background-repeat":"repeat","background-position":"center center","background-size":"auto","background-attachment":"scroll","background-type":"","background-media":"","overlay-type":"","overlay-color":"","overlay-opacity":"","overlay-gradient":""},"tablet":{"background-color":"var(--ast-global-color-4)","background-image":"","background-repeat":"repeat","background-position":"center center","background-size":"auto","background-attachment":"scroll","background-type":"","background-media":"","overlay-type":"","overlay-color":"","overlay-opacity":"","overlay-gradient":""},"mobile":{"background-color":"var(--ast-global-color-4)","background-image":"","background-repeat":"repeat","background-position":"center center","background-size":"auto","background-attachment":"scroll","background-type":"","background-media":"","overlay-type":"","overlay-color":"","overlay-opacity":"","overlay-gradient":""}},"footnotes":""},"categories":[16,1],"tags":[],"class_list":["post-21064","post","type-post","status-publish","format-standard","hentry","category-municipales","category-noticias"],"yoast_head":"<!-- This site is optimized with the Yoast SEO Premium plugin v23.0 (Yoast SEO v27.4) - https:\/\/yoast.com\/product\/yoast-seo-premium-wordpress\/ -->\n<title>Inici\u00f3 la obra del Plan Director de Desag\u00fces Cloacales de Choele Choel<\/title>\n<meta name=\"robots\" content=\"index, follow, max-snippet:-1, max-image-preview:large, max-video-preview:-1\" \/>\n<link rel=\"canonical\" href=\"https:\/\/patagoniambiental.com.ar\/info\/inicio-la-obra-del-plan-director-de-desagues-cloacales-de-choele-choel\/\" \/>\n<meta property=\"og:locale\" content=\"es_ES\" \/>\n<meta property=\"og:type\" content=\"article\" \/>\n<meta property=\"og:title\" content=\"Inici\u00f3 la obra del Plan Director de Desag\u00fces Cloacales de Choele Choel\" \/>\n<meta property=\"og:description\" content=\"CHOELE CHOEL.- El titular del Departamento Provincial de Aguas (DPA), Fernando Curetti, confirm\u00f3 que esta semana comenzaron los trabajos de [&hellip;]\" \/>\n<meta property=\"og:url\" content=\"https:\/\/patagoniambiental.com.ar\/info\/inicio-la-obra-del-plan-director-de-desagues-cloacales-de-choele-choel\/\" \/>\n<meta property=\"og:site_name\" content=\"Patagonia Ambiental\" \/>\n<meta property=\"article:publisher\" content=\"https:\/\/www.facebook.com\/patagonia.ambiental\" \/>\n<meta property=\"article:author\" content=\"https:\/\/www.facebook.com\/share\/1C1V8Gv9BX\/?mibextid=qi2Omg\" \/>\n<meta property=\"article:published_time\" content=\"2016-09-26T12:53:16+00:00\" \/>\n<meta name=\"author\" content=\"Patagonia Ambiental\" \/>\n<meta name=\"twitter:card\" content=\"summary_large_image\" \/>\n<meta name=\"twitter:creator\" content=\"@PatAmb\" \/>\n<meta name=\"twitter:site\" content=\"@PatAmb\" \/>\n<script type=\"application\/ld+json\" class=\"yoast-schema-graph\">{\"@context\":\"https:\\\/\\\/schema.org\",\"@graph\":[{\"@type\":\"Article\",\"@id\":\"https:\\\/\\\/patagoniambiental.com.ar\\\/info\\\/inicio-la-obra-del-plan-director-de-desagues-cloacales-de-choele-choel\\\/#article\",\"isPartOf\":{\"@id\":\"https:\\\/\\\/patagoniambiental.com.ar\\\/info\\\/inicio-la-obra-del-plan-director-de-desagues-cloacales-de-choele-choel\\\/\"},\"author\":{\"name\":\"Patagonia Ambiental\",\"@id\":\"https:\\\/\\\/patagoniambiental.com.ar\\\/info\\\/#\\\/schema\\\/person\\\/db12bff64bbcbf6a253710bf0ea37b5d\"},\"headline\":\"Inici\u00f3 la obra del Plan Director de Desag\u00fces Cloacales de Choele Choel\",\"datePublished\":\"2016-09-26T12:53:16+00:00\",\"mainEntityOfPage\":{\"@id\":\"https:\\\/\\\/patagoniambiental.com.ar\\\/info\\\/inicio-la-obra-del-plan-director-de-desagues-cloacales-de-choele-choel\\\/\"},\"wordCount\":367,\"publisher\":{\"@id\":\"https:\\\/\\\/patagoniambiental.com.ar\\\/info\\\/#organization\"},\"articleSection\":[\"Municipales\",\"Noticias\"],\"inLanguage\":\"es\"},{\"@type\":\"WebPage\",\"@id\":\"https:\\\/\\\/patagoniambiental.com.ar\\\/info\\\/inicio-la-obra-del-plan-director-de-desagues-cloacales-de-choele-choel\\\/\",\"url\":\"https:\\\/\\\/patagoniambiental.com.ar\\\/info\\\/inicio-la-obra-del-plan-director-de-desagues-cloacales-de-choele-choel\\\/\",\"name\":\"Inici\u00f3 la obra del Plan Director de Desag\u00fces Cloacales de Choele Choel\",\"isPartOf\":{\"@id\":\"https:\\\/\\\/patagoniambiental.com.ar\\\/info\\\/#website\"},\"datePublished\":\"2016-09-26T12:53:16+00:00\",\"breadcrumb\":{\"@id\":\"https:\\\/\\\/patagoniambiental.com.ar\\\/info\\\/inicio-la-obra-del-plan-director-de-desagues-cloacales-de-choele-choel\\\/#breadcrumb\"},\"inLanguage\":\"es\",\"potentialAction\":[{\"@type\":\"ReadAction\",\"target\":[\"https:\\\/\\\/patagoniambiental.com.ar\\\/info\\\/inicio-la-obra-del-plan-director-de-desagues-cloacales-de-choele-choel\\\/\"]}]},{\"@type\":\"BreadcrumbList\",\"@id\":\"https:\\\/\\\/patagoniambiental.com.ar\\\/info\\\/inicio-la-obra-del-plan-director-de-desagues-cloacales-de-choele-choel\\\/#breadcrumb\",\"itemListElement\":[{\"@type\":\"ListItem\",\"position\":1,\"name\":\"Inicio\",\"item\":\"https:\\\/\\\/patagoniambiental.com.ar\\\/info\\\/\"},{\"@type\":\"ListItem\",\"position\":2,\"name\":\"Inici\u00f3 la obra del Plan Director de Desag\u00fces Cloacales de Choele Choel\"}]},{\"@type\":\"WebSite\",\"@id\":\"https:\\\/\\\/patagoniambiental.com.ar\\\/info\\\/#website\",\"url\":\"https:\\\/\\\/patagoniambiental.com.ar\\\/info\\\/\",\"name\":\"Patagonia Ambiental\",\"description\":\"Monitoreo y an\u00e1lisis de la situaci\u00f3n geopol\u00edtica en el mundo y su implicancia en la Patagonia\",\"publisher\":{\"@id\":\"https:\\\/\\\/patagoniambiental.com.ar\\\/info\\\/#organization\"},\"potentialAction\":[{\"@type\":\"SearchAction\",\"target\":{\"@type\":\"EntryPoint\",\"urlTemplate\":\"https:\\\/\\\/patagoniambiental.com.ar\\\/info\\\/?s={search_term_string}\"},\"query-input\":{\"@type\":\"PropertyValueSpecification\",\"valueRequired\":true,\"valueName\":\"search_term_string\"}}],\"inLanguage\":\"es\"},{\"@type\":\"Organization\",\"@id\":\"https:\\\/\\\/patagoniambiental.com.ar\\\/info\\\/#organization\",\"name\":\"Patagonia Ambiental\",\"url\":\"https:\\\/\\\/patagoniambiental.com.ar\\\/info\\\/\",\"logo\":{\"@type\":\"ImageObject\",\"inLanguage\":\"es\",\"@id\":\"https:\\\/\\\/patagoniambiental.com.ar\\\/info\\\/#\\\/schema\\\/logo\\\/image\\\/\",\"url\":\"https:\\\/\\\/patagoniambiental.com.ar\\\/info\\\/wp-content\\\/uploads\\\/2025\\\/05\\\/LOGO-PATAGONIA-AMBIENTAL.png\",\"contentUrl\":\"https:\\\/\\\/patagoniambiental.com.ar\\\/info\\\/wp-content\\\/uploads\\\/2025\\\/05\\\/LOGO-PATAGONIA-AMBIENTAL.png\",\"width\":433,\"height\":250,\"caption\":\"Patagonia Ambiental\"},\"image\":{\"@id\":\"https:\\\/\\\/patagoniambiental.com.ar\\\/info\\\/#\\\/schema\\\/logo\\\/image\\\/\"},\"sameAs\":[\"https:\\\/\\\/www.facebook.com\\\/patagonia.ambiental\",\"https:\\\/\\\/x.com\\\/PatAmb\"]},{\"@type\":\"Person\",\"@id\":\"https:\\\/\\\/patagoniambiental.com.ar\\\/info\\\/#\\\/schema\\\/person\\\/db12bff64bbcbf6a253710bf0ea37b5d\",\"name\":\"Patagonia Ambiental\",\"description\":\"Andr\u00e9s Nievas T\u00e9cnico en manejo ambiental, consultor Ambiental y escritor para medios locales e internacionales sobre temas de geopolitica y medio ambiente.\",\"sameAs\":[\"http:\\\/\\\/www.patagoniambiental.com.ar\",\"https:\\\/\\\/www.facebook.com\\\/share\\\/1C1V8Gv9BX\\\/?mibextid=qi2Omg\",\"@patagoniambiental\",\"https:\\\/\\\/youtube.com\\\/@patagoniaambiental2023?si=BLt58t0wuXquxlYZ\"]}]}<\/script>\n<!-- \/ Yoast SEO Premium plugin. -->","yoast_head_json":{"title":"Inici\u00f3 la obra del Plan Director de Desag\u00fces Cloacales de Choele Choel","robots":{"index":"index","follow":"follow","max-snippet":"max-snippet:-1","max-image-preview":"max-image-preview:large","max-video-preview":"max-video-preview:-1"},"canonical":"https:\/\/patagoniambiental.com.ar\/info\/inicio-la-obra-del-plan-director-de-desagues-cloacales-de-choele-choel\/","og_locale":"es_ES","og_type":"article","og_title":"Inici\u00f3 la obra del Plan Director de Desag\u00fces Cloacales de Choele Choel","og_description":"CHOELE CHOEL.- El titular del Departamento Provincial de Aguas (DPA), Fernando Curetti, confirm\u00f3 que esta semana comenzaron los trabajos de [&hellip;]","og_url":"https:\/\/patagoniambiental.com.ar\/info\/inicio-la-obra-del-plan-director-de-desagues-cloacales-de-choele-choel\/","og_site_name":"Patagonia Ambiental","article_publisher":"https:\/\/www.facebook.com\/patagonia.ambiental","article_author":"https:\/\/www.facebook.com\/share\/1C1V8Gv9BX\/?mibextid=qi2Omg","article_published_time":"2016-09-26T12:53:16+00:00","author":"Patagonia Ambiental","twitter_card":"summary_large_image","twitter_creator":"@PatAmb","twitter_site":"@PatAmb","schema":{"@context":"https:\/\/schema.org","@graph":[{"@type":"Article","@id":"https:\/\/patagoniambiental.com.ar\/info\/inicio-la-obra-del-plan-director-de-desagues-cloacales-de-choele-choel\/#article","isPartOf":{"@id":"https:\/\/patagoniambiental.com.ar\/info\/inicio-la-obra-del-plan-director-de-desagues-cloacales-de-choele-choel\/"},"author":{"name":"Patagonia Ambiental","@id":"https:\/\/patagoniambiental.com.ar\/info\/#\/schema\/person\/db12bff64bbcbf6a253710bf0ea37b5d"},"headline":"Inici\u00f3 la obra del Plan Director de Desag\u00fces Cloacales de Choele Choel","datePublished":"2016-09-26T12:53:16+00:00","mainEntityOfPage":{"@id":"https:\/\/patagoniambiental.com.ar\/info\/inicio-la-obra-del-plan-director-de-desagues-cloacales-de-choele-choel\/"},"wordCount":367,"publisher":{"@id":"https:\/\/patagoniambiental.com.ar\/info\/#organization"},"articleSection":["Municipales","Noticias"],"inLanguage":"es"},{"@type":"WebPage","@id":"https:\/\/patagoniambiental.com.ar\/info\/inicio-la-obra-del-plan-director-de-desagues-cloacales-de-choele-choel\/","url":"https:\/\/patagoniambiental.com.ar\/info\/inicio-la-obra-del-plan-director-de-desagues-cloacales-de-choele-choel\/","name":"Inici\u00f3 la obra del Plan Director de Desag\u00fces Cloacales de Choele Choel","isPartOf":{"@id":"https:\/\/patagoniambiental.com.ar\/info\/#website"},"datePublished":"2016-09-26T12:53:16+00:00","breadcrumb":{"@id":"https:\/\/patagoniambiental.com.ar\/info\/inicio-la-obra-del-plan-director-de-desagues-cloacales-de-choele-choel\/#breadcrumb"},"inLanguage":"es","potentialAction":[{"@type":"ReadAction","target":["https:\/\/patagoniambiental.com.ar\/info\/inicio-la-obra-del-plan-director-de-desagues-cloacales-de-choele-choel\/"]}]},{"@type":"BreadcrumbList","@id":"https:\/\/patagoniambiental.com.ar\/info\/inicio-la-obra-del-plan-director-de-desagues-cloacales-de-choele-choel\/#breadcrumb","itemListElement":[{"@type":"ListItem","position":1,"name":"Inicio","item":"https:\/\/patagoniambiental.com.ar\/info\/"},{"@type":"ListItem","position":2,"name":"Inici\u00f3 la obra del Plan Director de Desag\u00fces Cloacales de Choele Choel"}]},{"@type":"WebSite","@id":"https:\/\/patagoniambiental.com.ar\/info\/#website","url":"https:\/\/patagoniambiental.com.ar\/info\/","name":"Patagonia Ambiental","description":"Monitoreo y an\u00e1lisis de la situaci\u00f3n geopol\u00edtica en el mundo y su implicancia en la Patagonia","publisher":{"@id":"https:\/\/patagoniambiental.com.ar\/info\/#organization"},"potentialAction":[{"@type":"SearchAction","target":{"@type":"EntryPoint","urlTemplate":"https:\/\/patagoniambiental.com.ar\/info\/?s={search_term_string}"},"query-input":{"@type":"PropertyValueSpecification","valueRequired":true,"valueName":"search_term_string"}}],"inLanguage":"es"},{"@type":"Organization","@id":"https:\/\/patagoniambiental.com.ar\/info\/#organization","name":"Patagonia Ambiental","url":"https:\/\/patagoniambiental.com.ar\/info\/","logo":{"@type":"ImageObject","inLanguage":"es","@id":"https:\/\/patagoniambiental.com.ar\/info\/#\/schema\/logo\/image\/","url":"https:\/\/patagoniambiental.com.ar\/info\/wp-content\/uploads\/2025\/05\/LOGO-PATAGONIA-AMBIENTAL.png","contentUrl":"https:\/\/patagoniambiental.com.ar\/info\/wp-content\/uploads\/2025\/05\/LOGO-PATAGONIA-AMBIENTAL.png","width":433,"height":250,"caption":"Patagonia Ambiental"},"image":{"@id":"https:\/\/patagoniambiental.com.ar\/info\/#\/schema\/logo\/image\/"},"sameAs":["https:\/\/www.facebook.com\/patagonia.ambiental","https:\/\/x.com\/PatAmb"]},{"@type":"Person","@id":"https:\/\/patagoniambiental.com.ar\/info\/#\/schema\/person\/db12bff64bbcbf6a253710bf0ea37b5d","name":"Patagonia Ambiental","description":"Andr\u00e9s Nievas T\u00e9cnico en manejo ambiental, consultor Ambiental y escritor para medios locales e internacionales sobre temas de geopolitica y medio ambiente.","sameAs":["http:\/\/www.patagoniambiental.com.ar","https:\/\/www.facebook.com\/share\/1C1V8Gv9BX\/?mibextid=qi2Omg","@patagoniambiental","https:\/\/youtube.com\/@patagoniaambiental2023?si=BLt58t0wuXquxlYZ"]}]}},"_links":{"self":[{"href":"https:\/\/patagoniambiental.com.ar\/info\/wp-json\/wp\/v2\/posts\/21064","targetHints":{"allow":["GET"]}}],"collection":[{"href":"https:\/\/patagoniambiental.com.ar\/info\/wp-json\/wp\/v2\/posts"}],"about":[{"href":"https:\/\/patagoniambiental.com.ar\/info\/wp-json\/wp\/v2\/types\/post"}],"author":[{"embeddable":true,"href":"https:\/\/patagoniambiental.com.ar\/info\/wp-json\/wp\/v2\/users\/2"}],"replies":[{"embeddable":true,"href":"https:\/\/patagoniambiental.com.ar\/info\/wp-json\/wp\/v2\/comments?post=21064"}],"version-history":[{"count":0,"href":"https:\/\/patagoniambiental.com.ar\/info\/wp-json\/wp\/v2\/posts\/21064\/revisions"}],"wp:attachment":[{"href":"https:\/\/patagoniambiental.com.ar\/info\/wp-json\/wp\/v2\/media?parent=21064"}],"wp:term":[{"taxonomy":"category","embeddable":true,"href":"https:\/\/patagoniambiental.com.ar\/info\/wp-json\/wp\/v2\/categories?post=21064"},{"taxonomy":"post_tag","embeddable":true,"href":"https:\/\/patagoniambiental.com.ar\/info\/wp-json\/wp\/v2\/tags?post=21064"}],"curies":[{"name":"wp","href":"https:\/\/api.w.org\/{rel}","templated":true}]}}