{"id":21173,"date":"2016-09-29T19:00:52","date_gmt":"2016-09-29T22:00:52","guid":{"rendered":"http:\/\/patagoniambiental.com.ar\/?p=21173"},"modified":"2016-09-29T19:00:52","modified_gmt":"2016-09-29T22:00:52","slug":"forestan-zona-urbana-de-eduardo-castex","status":"publish","type":"post","link":"https:\/\/patagoniambiental.com.ar\/info\/forestan-zona-urbana-de-eduardo-castex\/","title":{"rendered":"Forestan zona urbana de Eduardo Castex"},"content":{"rendered":"<p class=\"entry-title\">Eduardo Castex.-Municipio advierte a los vecinos que extrajeron plantas y no las repusieron.<!--more--><\/p>\n<p class=\"td-post-sub-title\">El departamento de Medio Ambiente comunal est\u00e1 llevando a cabo trabajos de forestaci\u00f3n en la zona urbana de Eduardo Castex, y recomendaron a los vecinos que \u00e9sta \u201ces la \u00e9poca propicia para colocar \u00e1rboles en las veredas\u201d. Ya se plantaron entre 200 y 250 plantas, pero \u00faltimamente tambi\u00e9n se avanz\u00f3 con trabajos en otros sectores de la localidad.<br \/>\nLa repartici\u00f3n municipal advirti\u00f3 que est\u00e1 notificando a los frentistas que han extra\u00eddo plantas y no las repusieron, a quienes se les otorga un plazo para proceder a la forestaci\u00f3n y caso contrario \u201cse seguir\u00e1 el curso legal\u201d.<br \/>\nEl \u00e1rea municipal castense realiz\u00f3 trabajos de forestaci\u00f3n en el predio del ACA y el terreno de descanso de camioneros; en el comedor municipal; en la Escuela 44 y alrededores; en las instalaciones del Sal\u00f3n Expresarte; en la Pista de la Salud; y en el Parque Independencia. Tambi\u00e9n en el predio de la Virgen Mar\u00eda Auxiliadora y la calle vecinal lindante; en el predio del cementerio local; en la Sociedad Espa\u00f1ola; en el cruce de diagonal San Mart\u00edn y Espa\u00f1a; y se han realizado los hoyos en la vereda del Taller de Costura y Centro Laboral para proceder a la forestaci\u00f3n.<br \/>\n\u201cSe han colocado ejemplares donde est\u00e1n las cazuelas realizadas y se solicita a los frentistas que los cuiden y rieguen para que puedan prosperar\u201d, destacaron desde la comuna.<\/p>\n<p>Fresnos.<br \/>\n\u201cSe plantaron entre doscientas y doscientas cincuenta plantas, pero \u00faltimamente tambi\u00e9n se avanz\u00f3 con trabajos en otros sectores de la localidad, que incluyen las inmediaciones del predio del Club Estudiantil, y tambi\u00e9n en la zona este de Eduardo Castex\u201d, indicaron ayer fuentes municipales.<br \/>\nEl departamento de Medio Ambiente de la municipalidad tambi\u00e9n -hace poco m\u00e1s de un mes- est\u00e1 entregando fresnos del vivero municipal para la forestaci\u00f3n de los predios de Racing Club y la Asociaci\u00f3n Amigos de los Animales.<br \/>\nAdem\u00e1s, desde dicha repartici\u00f3n reiteraron que brindan asesoramiento a los vecinos castenses para saber qu\u00e9 especie de \u00e1rbol conviene colocar de acuerdo al tipo de vereda y profundidad de la tosca.<\/p>\n<p>Cortinas de \u00e1rboles.<br \/>\nLa repartici\u00f3n municipal tambi\u00e9n en el transcurso de este a\u00f1o llev\u00f3 adelante plantaciones al norte de la ruta provincial 102, en cercan\u00edas de esta localidad, con intenciones de contar con \u201ccortinas de \u00e1rboles\u201d para mitigar \u201cel ingreso\u201d de las fumigaciones con agroqu\u00edmicos a la zona urbana castense.<br \/>\nEstos trabajos continuar\u00e1n en el futuro mediato, en otros sectores que delimitan la zona urbana y la secci\u00f3n de quintas de esta localidad, informaron desde la municipalidad.<\/p>\n<p>Realizan mejoras en cementerio<br \/>\nLos operarios municipales se encuentran realizando trabajos de mejoras y ampliaci\u00f3n en el cementerio castense. Los trabajos incluyeron la ejecuci\u00f3n de obras en el predio y tambi\u00e9n en el exterior, porque presentaba deficiencias edilicias y necesidades de obras para comodidad de las personas que concurren a la necr\u00f3polis.<br \/>\nEntre las obras m\u00e1s importantes se encuentran la construcci\u00f3n de dos ba\u00f1os adaptados para personas con discapacidades, y la construcci\u00f3n de un segundo deposito de ata\u00fades.<br \/>\nEl \u00e1rea de Prensa del municipio local indic\u00f3 que adem\u00e1s \u201cse construyeron los cordones del nuevo ingreso y egreso al predio con una rotonda de giro hacia el boulevard Hip\u00f3lito Yrigoyen\u201d. Y en el predio ubicado en la zona sur tambi\u00e9n se ejecut\u00f3 la construcci\u00f3n \u201cde otra calle<br \/>\ninterna para la circulaci\u00f3n de personas con problemas de movilidad\u201d. \u201cSe est\u00e1 concretando tambi\u00e9n un trabajo importante de forestaci\u00f3n\u201d, detallaron.<br \/>\nLas obras municipales tambi\u00e9n solucionar\u00edan la problem\u00e1tica de la falta de acceso al agua potable en algunos sectores del predio. \u201cSe instal\u00f3 una nueva l\u00ednea de agua que abastece a una nueva pileta construida en ese lugar\u201d, indicaron desde la comuna.<\/p>\n<p>Fuente: Diario La Arena<\/p>\n","protected":false},"excerpt":{"rendered":"<p>Eduardo Castex.-Municipio advierte a los vecinos que extrajeron plantas y no las repusieron.<\/p>\n","protected":false},"author":2,"featured_media":2966,"comment_status":"closed","ping_status":"closed","sticky":false,"template":"","format":"standard","meta":{"site-sidebar-layout":"default","site-content-layout":"","ast-site-content-layout":"default","site-content-style":"default","site-sidebar-style":"default","ast-global-header-display":"","ast-banner-title-visibility":"","ast-main-header-display":"","ast-hfb-above-header-display":"","ast-hfb-below-header-display":"","ast-hfb-mobile-header-display":"","site-post-title":"","ast-breadcrumbs-content":"","ast-featured-img":"","footer-sml-layout":"","ast-disable-related-posts":"","theme-transparent-header-meta":"","adv-header-id-meta":"","stick-header-meta":"","header-above-stick-meta":"","header-main-stick-meta":"","header-below-stick-meta":"","astra-migrate-meta-layouts":"default","ast-page-background-enabled":"default","ast-page-background-meta":{"desktop":{"background-color":"var(--ast-global-color-5)","background-image":"","background-repeat":"repeat","background-position":"center center","background-size":"auto","background-attachment":"scroll","background-type":"","background-media":"","overlay-type":"","overlay-color":"","overlay-opacity":"","overlay-gradient":""},"tablet":{"background-color":"","background-image":"","background-repeat":"repeat","background-position":"center center","background-size":"auto","background-attachment":"scroll","background-type":"","background-media":"","overlay-type":"","overlay-color":"","overlay-opacity":"","overlay-gradient":""},"mobile":{"background-color":"","background-image":"","background-repeat":"repeat","background-position":"center center","background-size":"auto","background-attachment":"scroll","background-type":"","background-media":"","overlay-type":"","overlay-color":"","overlay-opacity":"","overlay-gradient":""}},"ast-content-background-meta":{"desktop":{"background-color":"var(--ast-global-color-4)","background-image":"","background-repeat":"repeat","background-position":"center center","background-size":"auto","background-attachment":"scroll","background-type":"","background-media":"","overlay-type":"","overlay-color":"","overlay-opacity":"","overlay-gradient":""},"tablet":{"background-color":"var(--ast-global-color-4)","background-image":"","background-repeat":"repeat","background-position":"center center","background-size":"auto","background-attachment":"scroll","background-type":"","background-media":"","overlay-type":"","overlay-color":"","overlay-opacity":"","overlay-gradient":""},"mobile":{"background-color":"var(--ast-global-color-4)","background-image":"","background-repeat":"repeat","background-position":"center center","background-size":"auto","background-attachment":"scroll","background-type":"","background-media":"","overlay-type":"","overlay-color":"","overlay-opacity":"","overlay-gradient":""}},"footnotes":""},"categories":[16,1],"tags":[],"class_list":["post-21173","post","type-post","status-publish","format-standard","has-post-thumbnail","hentry","category-municipales","category-noticias"],"yoast_head":"<!-- This site is optimized with the Yoast SEO Premium plugin v23.0 (Yoast SEO v27.4) - https:\/\/yoast.com\/product\/yoast-seo-premium-wordpress\/ -->\n<title>Forestan zona urbana de Eduardo Castex<\/title>\n<meta name=\"robots\" content=\"index, follow, max-snippet:-1, max-image-preview:large, max-video-preview:-1\" \/>\n<link rel=\"canonical\" href=\"https:\/\/patagoniambiental.com.ar\/info\/forestan-zona-urbana-de-eduardo-castex\/\" \/>\n<meta property=\"og:locale\" content=\"es_ES\" \/>\n<meta property=\"og:type\" content=\"article\" \/>\n<meta property=\"og:title\" content=\"Forestan zona urbana de Eduardo Castex\" \/>\n<meta property=\"og:description\" content=\"Eduardo Castex.-Municipio advierte a los vecinos que extrajeron plantas y no las repusieron.\" \/>\n<meta property=\"og:url\" content=\"https:\/\/patagoniambiental.com.ar\/info\/forestan-zona-urbana-de-eduardo-castex\/\" \/>\n<meta property=\"og:site_name\" content=\"Patagonia Ambiental\" \/>\n<meta property=\"article:publisher\" content=\"https:\/\/www.facebook.com\/patagonia.ambiental\" \/>\n<meta property=\"article:author\" content=\"https:\/\/www.facebook.com\/share\/1C1V8Gv9BX\/?mibextid=qi2Omg\" \/>\n<meta property=\"article:published_time\" content=\"2016-09-29T22:00:52+00:00\" \/>\n<meta name=\"author\" content=\"Patagonia Ambiental\" \/>\n<meta name=\"twitter:card\" content=\"summary_large_image\" \/>\n<meta name=\"twitter:creator\" content=\"@PatAmb\" \/>\n<meta name=\"twitter:site\" content=\"@PatAmb\" \/>\n<script type=\"application\/ld+json\" class=\"yoast-schema-graph\">{\"@context\":\"https:\\\/\\\/schema.org\",\"@graph\":[{\"@type\":\"Article\",\"@id\":\"https:\\\/\\\/patagoniambiental.com.ar\\\/info\\\/forestan-zona-urbana-de-eduardo-castex\\\/#article\",\"isPartOf\":{\"@id\":\"https:\\\/\\\/patagoniambiental.com.ar\\\/info\\\/forestan-zona-urbana-de-eduardo-castex\\\/\"},\"author\":{\"name\":\"Patagonia Ambiental\",\"@id\":\"https:\\\/\\\/patagoniambiental.com.ar\\\/info\\\/#\\\/schema\\\/person\\\/db12bff64bbcbf6a253710bf0ea37b5d\"},\"headline\":\"Forestan zona urbana de Eduardo Castex\",\"datePublished\":\"2016-09-29T22:00:52+00:00\",\"mainEntityOfPage\":{\"@id\":\"https:\\\/\\\/patagoniambiental.com.ar\\\/info\\\/forestan-zona-urbana-de-eduardo-castex\\\/\"},\"wordCount\":670,\"publisher\":{\"@id\":\"https:\\\/\\\/patagoniambiental.com.ar\\\/info\\\/#organization\"},\"image\":{\"@id\":\"https:\\\/\\\/patagoniambiental.com.ar\\\/info\\\/forestan-zona-urbana-de-eduardo-castex\\\/#primaryimage\"},\"thumbnailUrl\":\"\",\"articleSection\":[\"Municipales\",\"Noticias\"],\"inLanguage\":\"es\"},{\"@type\":\"WebPage\",\"@id\":\"https:\\\/\\\/patagoniambiental.com.ar\\\/info\\\/forestan-zona-urbana-de-eduardo-castex\\\/\",\"url\":\"https:\\\/\\\/patagoniambiental.com.ar\\\/info\\\/forestan-zona-urbana-de-eduardo-castex\\\/\",\"name\":\"Forestan zona urbana de Eduardo Castex\",\"isPartOf\":{\"@id\":\"https:\\\/\\\/patagoniambiental.com.ar\\\/info\\\/#website\"},\"primaryImageOfPage\":{\"@id\":\"https:\\\/\\\/patagoniambiental.com.ar\\\/info\\\/forestan-zona-urbana-de-eduardo-castex\\\/#primaryimage\"},\"image\":{\"@id\":\"https:\\\/\\\/patagoniambiental.com.ar\\\/info\\\/forestan-zona-urbana-de-eduardo-castex\\\/#primaryimage\"},\"thumbnailUrl\":\"\",\"datePublished\":\"2016-09-29T22:00:52+00:00\",\"breadcrumb\":{\"@id\":\"https:\\\/\\\/patagoniambiental.com.ar\\\/info\\\/forestan-zona-urbana-de-eduardo-castex\\\/#breadcrumb\"},\"inLanguage\":\"es\",\"potentialAction\":[{\"@type\":\"ReadAction\",\"target\":[\"https:\\\/\\\/patagoniambiental.com.ar\\\/info\\\/forestan-zona-urbana-de-eduardo-castex\\\/\"]}]},{\"@type\":\"ImageObject\",\"inLanguage\":\"es\",\"@id\":\"https:\\\/\\\/patagoniambiental.com.ar\\\/info\\\/forestan-zona-urbana-de-eduardo-castex\\\/#primaryimage\",\"url\":\"\",\"contentUrl\":\"\"},{\"@type\":\"BreadcrumbList\",\"@id\":\"https:\\\/\\\/patagoniambiental.com.ar\\\/info\\\/forestan-zona-urbana-de-eduardo-castex\\\/#breadcrumb\",\"itemListElement\":[{\"@type\":\"ListItem\",\"position\":1,\"name\":\"Inicio\",\"item\":\"https:\\\/\\\/patagoniambiental.com.ar\\\/info\\\/\"},{\"@type\":\"ListItem\",\"position\":2,\"name\":\"Forestan zona urbana de Eduardo Castex\"}]},{\"@type\":\"WebSite\",\"@id\":\"https:\\\/\\\/patagoniambiental.com.ar\\\/info\\\/#website\",\"url\":\"https:\\\/\\\/patagoniambiental.com.ar\\\/info\\\/\",\"name\":\"Patagonia Ambiental\",\"description\":\"Monitoreo y an\u00e1lisis de la situaci\u00f3n geopol\u00edtica en el mundo y su implicancia en la Patagonia\",\"publisher\":{\"@id\":\"https:\\\/\\\/patagoniambiental.com.ar\\\/info\\\/#organization\"},\"potentialAction\":[{\"@type\":\"SearchAction\",\"target\":{\"@type\":\"EntryPoint\",\"urlTemplate\":\"https:\\\/\\\/patagoniambiental.com.ar\\\/info\\\/?s={search_term_string}\"},\"query-input\":{\"@type\":\"PropertyValueSpecification\",\"valueRequired\":true,\"valueName\":\"search_term_string\"}}],\"inLanguage\":\"es\"},{\"@type\":\"Organization\",\"@id\":\"https:\\\/\\\/patagoniambiental.com.ar\\\/info\\\/#organization\",\"name\":\"Patagonia Ambiental\",\"url\":\"https:\\\/\\\/patagoniambiental.com.ar\\\/info\\\/\",\"logo\":{\"@type\":\"ImageObject\",\"inLanguage\":\"es\",\"@id\":\"https:\\\/\\\/patagoniambiental.com.ar\\\/info\\\/#\\\/schema\\\/logo\\\/image\\\/\",\"url\":\"https:\\\/\\\/patagoniambiental.com.ar\\\/info\\\/wp-content\\\/uploads\\\/2025\\\/05\\\/LOGO-PATAGONIA-AMBIENTAL.png\",\"contentUrl\":\"https:\\\/\\\/patagoniambiental.com.ar\\\/info\\\/wp-content\\\/uploads\\\/2025\\\/05\\\/LOGO-PATAGONIA-AMBIENTAL.png\",\"width\":433,\"height\":250,\"caption\":\"Patagonia Ambiental\"},\"image\":{\"@id\":\"https:\\\/\\\/patagoniambiental.com.ar\\\/info\\\/#\\\/schema\\\/logo\\\/image\\\/\"},\"sameAs\":[\"https:\\\/\\\/www.facebook.com\\\/patagonia.ambiental\",\"https:\\\/\\\/x.com\\\/PatAmb\"]},{\"@type\":\"Person\",\"@id\":\"https:\\\/\\\/patagoniambiental.com.ar\\\/info\\\/#\\\/schema\\\/person\\\/db12bff64bbcbf6a253710bf0ea37b5d\",\"name\":\"Patagonia Ambiental\",\"description\":\"Andr\u00e9s Nievas T\u00e9cnico en manejo ambiental, consultor Ambiental y escritor para medios locales e internacionales sobre temas de geopolitica y medio ambiente.\",\"sameAs\":[\"http:\\\/\\\/www.patagoniambiental.com.ar\",\"https:\\\/\\\/www.facebook.com\\\/share\\\/1C1V8Gv9BX\\\/?mibextid=qi2Omg\",\"@patagoniambiental\",\"https:\\\/\\\/youtube.com\\\/@patagoniaambiental2023?si=BLt58t0wuXquxlYZ\"]}]}<\/script>\n<!-- \/ Yoast SEO Premium plugin. -->","yoast_head_json":{"title":"Forestan zona urbana de Eduardo Castex","robots":{"index":"index","follow":"follow","max-snippet":"max-snippet:-1","max-image-preview":"max-image-preview:large","max-video-preview":"max-video-preview:-1"},"canonical":"https:\/\/patagoniambiental.com.ar\/info\/forestan-zona-urbana-de-eduardo-castex\/","og_locale":"es_ES","og_type":"article","og_title":"Forestan zona urbana de Eduardo Castex","og_description":"Eduardo Castex.-Municipio advierte a los vecinos que extrajeron plantas y no las repusieron.","og_url":"https:\/\/patagoniambiental.com.ar\/info\/forestan-zona-urbana-de-eduardo-castex\/","og_site_name":"Patagonia Ambiental","article_publisher":"https:\/\/www.facebook.com\/patagonia.ambiental","article_author":"https:\/\/www.facebook.com\/share\/1C1V8Gv9BX\/?mibextid=qi2Omg","article_published_time":"2016-09-29T22:00:52+00:00","author":"Patagonia Ambiental","twitter_card":"summary_large_image","twitter_creator":"@PatAmb","twitter_site":"@PatAmb","schema":{"@context":"https:\/\/schema.org","@graph":[{"@type":"Article","@id":"https:\/\/patagoniambiental.com.ar\/info\/forestan-zona-urbana-de-eduardo-castex\/#article","isPartOf":{"@id":"https:\/\/patagoniambiental.com.ar\/info\/forestan-zona-urbana-de-eduardo-castex\/"},"author":{"name":"Patagonia Ambiental","@id":"https:\/\/patagoniambiental.com.ar\/info\/#\/schema\/person\/db12bff64bbcbf6a253710bf0ea37b5d"},"headline":"Forestan zona urbana de Eduardo Castex","datePublished":"2016-09-29T22:00:52+00:00","mainEntityOfPage":{"@id":"https:\/\/patagoniambiental.com.ar\/info\/forestan-zona-urbana-de-eduardo-castex\/"},"wordCount":670,"publisher":{"@id":"https:\/\/patagoniambiental.com.ar\/info\/#organization"},"image":{"@id":"https:\/\/patagoniambiental.com.ar\/info\/forestan-zona-urbana-de-eduardo-castex\/#primaryimage"},"thumbnailUrl":"","articleSection":["Municipales","Noticias"],"inLanguage":"es"},{"@type":"WebPage","@id":"https:\/\/patagoniambiental.com.ar\/info\/forestan-zona-urbana-de-eduardo-castex\/","url":"https:\/\/patagoniambiental.com.ar\/info\/forestan-zona-urbana-de-eduardo-castex\/","name":"Forestan zona urbana de Eduardo Castex","isPartOf":{"@id":"https:\/\/patagoniambiental.com.ar\/info\/#website"},"primaryImageOfPage":{"@id":"https:\/\/patagoniambiental.com.ar\/info\/forestan-zona-urbana-de-eduardo-castex\/#primaryimage"},"image":{"@id":"https:\/\/patagoniambiental.com.ar\/info\/forestan-zona-urbana-de-eduardo-castex\/#primaryimage"},"thumbnailUrl":"","datePublished":"2016-09-29T22:00:52+00:00","breadcrumb":{"@id":"https:\/\/patagoniambiental.com.ar\/info\/forestan-zona-urbana-de-eduardo-castex\/#breadcrumb"},"inLanguage":"es","potentialAction":[{"@type":"ReadAction","target":["https:\/\/patagoniambiental.com.ar\/info\/forestan-zona-urbana-de-eduardo-castex\/"]}]},{"@type":"ImageObject","inLanguage":"es","@id":"https:\/\/patagoniambiental.com.ar\/info\/forestan-zona-urbana-de-eduardo-castex\/#primaryimage","url":"","contentUrl":""},{"@type":"BreadcrumbList","@id":"https:\/\/patagoniambiental.com.ar\/info\/forestan-zona-urbana-de-eduardo-castex\/#breadcrumb","itemListElement":[{"@type":"ListItem","position":1,"name":"Inicio","item":"https:\/\/patagoniambiental.com.ar\/info\/"},{"@type":"ListItem","position":2,"name":"Forestan zona urbana de Eduardo Castex"}]},{"@type":"WebSite","@id":"https:\/\/patagoniambiental.com.ar\/info\/#website","url":"https:\/\/patagoniambiental.com.ar\/info\/","name":"Patagonia Ambiental","description":"Monitoreo y an\u00e1lisis de la situaci\u00f3n geopol\u00edtica en el mundo y su implicancia en la Patagonia","publisher":{"@id":"https:\/\/patagoniambiental.com.ar\/info\/#organization"},"potentialAction":[{"@type":"SearchAction","target":{"@type":"EntryPoint","urlTemplate":"https:\/\/patagoniambiental.com.ar\/info\/?s={search_term_string}"},"query-input":{"@type":"PropertyValueSpecification","valueRequired":true,"valueName":"search_term_string"}}],"inLanguage":"es"},{"@type":"Organization","@id":"https:\/\/patagoniambiental.com.ar\/info\/#organization","name":"Patagonia Ambiental","url":"https:\/\/patagoniambiental.com.ar\/info\/","logo":{"@type":"ImageObject","inLanguage":"es","@id":"https:\/\/patagoniambiental.com.ar\/info\/#\/schema\/logo\/image\/","url":"https:\/\/patagoniambiental.com.ar\/info\/wp-content\/uploads\/2025\/05\/LOGO-PATAGONIA-AMBIENTAL.png","contentUrl":"https:\/\/patagoniambiental.com.ar\/info\/wp-content\/uploads\/2025\/05\/LOGO-PATAGONIA-AMBIENTAL.png","width":433,"height":250,"caption":"Patagonia Ambiental"},"image":{"@id":"https:\/\/patagoniambiental.com.ar\/info\/#\/schema\/logo\/image\/"},"sameAs":["https:\/\/www.facebook.com\/patagonia.ambiental","https:\/\/x.com\/PatAmb"]},{"@type":"Person","@id":"https:\/\/patagoniambiental.com.ar\/info\/#\/schema\/person\/db12bff64bbcbf6a253710bf0ea37b5d","name":"Patagonia Ambiental","description":"Andr\u00e9s Nievas T\u00e9cnico en manejo ambiental, consultor Ambiental y escritor para medios locales e internacionales sobre temas de geopolitica y medio ambiente.","sameAs":["http:\/\/www.patagoniambiental.com.ar","https:\/\/www.facebook.com\/share\/1C1V8Gv9BX\/?mibextid=qi2Omg","@patagoniambiental","https:\/\/youtube.com\/@patagoniaambiental2023?si=BLt58t0wuXquxlYZ"]}]}},"_links":{"self":[{"href":"https:\/\/patagoniambiental.com.ar\/info\/wp-json\/wp\/v2\/posts\/21173","targetHints":{"allow":["GET"]}}],"collection":[{"href":"https:\/\/patagoniambiental.com.ar\/info\/wp-json\/wp\/v2\/posts"}],"about":[{"href":"https:\/\/patagoniambiental.com.ar\/info\/wp-json\/wp\/v2\/types\/post"}],"author":[{"embeddable":true,"href":"https:\/\/patagoniambiental.com.ar\/info\/wp-json\/wp\/v2\/users\/2"}],"replies":[{"embeddable":true,"href":"https:\/\/patagoniambiental.com.ar\/info\/wp-json\/wp\/v2\/comments?post=21173"}],"version-history":[{"count":0,"href":"https:\/\/patagoniambiental.com.ar\/info\/wp-json\/wp\/v2\/posts\/21173\/revisions"}],"wp:featuredmedia":[{"embeddable":true,"href":"https:\/\/patagoniambiental.com.ar\/info\/wp-json\/"}],"wp:attachment":[{"href":"https:\/\/patagoniambiental.com.ar\/info\/wp-json\/wp\/v2\/media?parent=21173"}],"wp:term":[{"taxonomy":"category","embeddable":true,"href":"https:\/\/patagoniambiental.com.ar\/info\/wp-json\/wp\/v2\/categories?post=21173"},{"taxonomy":"post_tag","embeddable":true,"href":"https:\/\/patagoniambiental.com.ar\/info\/wp-json\/wp\/v2\/tags?post=21173"}],"curies":[{"name":"wp","href":"https:\/\/api.w.org\/{rel}","templated":true}]}}