{"id":21208,"date":"2016-09-30T09:00:49","date_gmt":"2016-09-30T12:00:49","guid":{"rendered":"http:\/\/patagoniambiental.com.ar\/?p=21208"},"modified":"2016-09-30T09:00:49","modified_gmt":"2016-09-30T12:00:49","slug":"potenciaran-la-concientizacion-sobre-la-separacion-de-residuos-en-rawson","status":"publish","type":"post","link":"https:\/\/patagoniambiental.com.ar\/info\/potenciaran-la-concientizacion-sobre-la-separacion-de-residuos-en-rawson\/","title":{"rendered":"Potenciar\u00e1n la concientizaci\u00f3n sobre la separaci\u00f3n de residuos en Rawson"},"content":{"rendered":"<p>RAWSON.- Se realiz\u00f3 en Rawson una reuni\u00f3n de trabajo entre el Municipio y el gobierno Provincial con el objetivo de lograr la concientizaci\u00f3n de la poblaci\u00f3n en relaci\u00f3n con la separaci\u00f3n de los residuos y, por otra parte, generar una disposici\u00f3n adecuada de los residuos voluminosos, como escombros y chatarra.<br \/>\nAl respecto, la secretaria de Producci\u00f3n y Medio Ambiente de la Municipalidad de Rawson, Graciela Carrazza, llam\u00f3 en este contexto a los vecinos a \u201ccomprender la importancia de la preservaci\u00f3n del ambiente\u201d. Y anticip\u00f3 que en 15 d\u00edas est\u00e1 previsto que comience a encuestarse a los vecinos de Rawson con el objetivo de concientizar sobre las tem\u00e1ticas y, en particular, sobre la separaci\u00f3n de los residuos.<br \/>\nLas acciones planificadas est\u00e1n incluidas en la Gesti\u00f3n Anual de Medio Ambiente (GAMA) que fue dise\u00f1ada por el municipio capitalino y, en este sentido, se valor\u00f3 el apoyo provincial.<\/p>\n<p><strong>Trabajo coordinado<\/strong><\/p>\n<p>Sobre los encuentros, Carazza expres\u00f3: \u201cTuvimos, en primer lugar, una reuni\u00f3n en la cartera provincial de Ambiente y luego otra en el despacho de la intendenta Artero, con la participaci\u00f3n de los funcionarios y de Ra\u00fal P\u00e1ez, quien acompa\u00f1a al equipo provincial, es de Esquel y tiene una experiencia importante tanto en el CEAMSE como en el armado del Consejo Ambiental de esa localidad\u201d, resumi\u00f3 Carrazza.<br \/>\nExplic\u00f3 que el objetivo de estas reuniones es \u201crealizar un trabajo coordinado y conjunto entre Provincia y Municipio para hacer m\u00e1s eficiente el trabajo en cuanto a la protecci\u00f3n del ambiente\u201d. En este contexto, indic\u00f3, \u201ccoincidimos en la necesidad de trabajar de manera m\u00e1s intensiva, abarcando en lo posible a todo Rawson, en primer lugar en la concientizaci\u00f3n, para la cual se est\u00e1 avanzando en diversas acciones\u201d.<\/p>\n<p><strong>Encuesta<\/strong><\/p>\n<p>Una de esas acciones, precis\u00f3, se trata de \u201cuna encuesta que abarcar\u00e1 200 casos, que prevemos iniciar en 15 d\u00edas y que estar\u00e1 orientada a consultar a los vecinos de todas las zonas de Rawson sobre el tema de la separaci\u00f3n de los residuos\u201d. Esta encuesta se encuentra en el marco del trabajo coordinado con la Provincia, en cuanto a la campa\u00f1a para plantear la importancia de la separaci\u00f3n de los residuos.<br \/>\nEn este sentido dijo que uno de los objetivos es \u201cconvertir lo org\u00e1nico en compost para utilizar en el Vivero Municipal\u201d, y estim\u00f3 que se podr\u00eda \u201creducir en un 50% la cantidad de basura que va a la planta del GIRSU y aprovecharla de esa manera\u201d.<br \/>\nPor otra parte, indic\u00f3, se convers\u00f3 sobre la disposici\u00f3n de los residuos voluminosos, como restos de poda, chatarras y escombros, para lo cual \u201cse ha hablado con la Intendenta y con el secretario de Obras y Servicios P\u00fablicos para buscar un lugar para ubicarlos dentro del predio de la planta de transferencia\u201d.<br \/>\n\u201cEl trabajo para hacer es mucho -dijo Carrazza- pero tambi\u00e9n es importante mencionar que esta tarea no es solamente responsabilidad de la Municipalidad o de la Provincia sino que es necesario que la hagamos entre todos, porque de lo contrario es imposible\u201d.<br \/>\n\u201cEn definitiva, queremos lograr que todos entendamos la importancia del cuidado del medio ambiente\u201d, concluy\u00f3.<\/p>\n<p><strong>\u201cUn cambio importante\u201d<\/strong><\/p>\n<p>Por su parte la subsecretaria Vega coment\u00f3: \u201cEstamos trabajando en conjunto entre Municipio y Provincia a trav\u00e9s del Ministerio de Ambiente, para mejorar la gesti\u00f3n del tratamiento de la basura\u201d.<br \/>\n\u201cQueremos hacer la recolecci\u00f3n diferenciada de basura en Rawson. Si la separaci\u00f3n se hace en el hogar y la recolecci\u00f3n se hace diferenciada, es mucho m\u00e1s eficiente el proceso. Rawson enviar\u00eda menos basura al GIRSU, por lo tanto llevar\u00eda un menor costo para el municipio en combustible, camiones y dem\u00e1s\u201d, afirm\u00f3 Vega.<br \/>\nTambi\u00e9n particip\u00f3 de la reuni\u00f3n Ra\u00fal P\u00e1ez, responsable de la planta de tratamiento del GIRSU en Esquel. P\u00e1ez \u201ccuenta con mucha experiencia en estos temas, trabaj\u00f3 en el CEAMSE, ha instalado mas de diez plantas en todo en el pa\u00eds en diferentes municipios\u201d, con lo cual asesorar\u00e1 \u201cen estos trabajos que se realizar\u00e1n de manera conjunta\u201d, adelant\u00f3 Vega.<br \/>\n\u201cQueremos lograr un cambio importante. Por supuesto que es gradual, ya que necesitamos mucha concientizaci\u00f3n por parte de la gente\u201d, dijo Vega, ante lo cual agreg\u00f3: \u201cEstamos muy motivados por ser de Rawson, por poder cumplir con el objetivo de trabajar con el municipio en estas tem\u00e1ticas y darles una vuelta de tuerca\u201d.<\/p>\n<div class=\"sharedaddy sd-sharing-enabled\">\u00a0Fuente: Diario La Jornada<\/div>\n","protected":false},"excerpt":{"rendered":"<p>RAWSON.- Se realiz\u00f3 en Rawson una reuni\u00f3n de trabajo entre el Municipio y el gobierno Provincial con el objetivo de [&hellip;]<\/p>\n","protected":false},"author":2,"featured_media":0,"comment_status":"closed","ping_status":"closed","sticky":false,"template":"","format":"standard","meta":{"site-sidebar-layout":"default","site-content-layout":"","ast-site-content-layout":"default","site-content-style":"default","site-sidebar-style":"default","ast-global-header-display":"","ast-banner-title-visibility":"","ast-main-header-display":"","ast-hfb-above-header-display":"","ast-hfb-below-header-display":"","ast-hfb-mobile-header-display":"","site-post-title":"","ast-breadcrumbs-content":"","ast-featured-img":"","footer-sml-layout":"","ast-disable-related-posts":"","theme-transparent-header-meta":"","adv-header-id-meta":"","stick-header-meta":"","header-above-stick-meta":"","header-main-stick-meta":"","header-below-stick-meta":"","astra-migrate-meta-layouts":"default","ast-page-background-enabled":"default","ast-page-background-meta":{"desktop":{"background-color":"var(--ast-global-color-5)","background-image":"","background-repeat":"repeat","background-position":"center center","background-size":"auto","background-attachment":"scroll","background-type":"","background-media":"","overlay-type":"","overlay-color":"","overlay-opacity":"","overlay-gradient":""},"tablet":{"background-color":"","background-image":"","background-repeat":"repeat","background-position":"center center","background-size":"auto","background-attachment":"scroll","background-type":"","background-media":"","overlay-type":"","overlay-color":"","overlay-opacity":"","overlay-gradient":""},"mobile":{"background-color":"","background-image":"","background-repeat":"repeat","background-position":"center center","background-size":"auto","background-attachment":"scroll","background-type":"","background-media":"","overlay-type":"","overlay-color":"","overlay-opacity":"","overlay-gradient":""}},"ast-content-background-meta":{"desktop":{"background-color":"var(--ast-global-color-4)","background-image":"","background-repeat":"repeat","background-position":"center center","background-size":"auto","background-attachment":"scroll","background-type":"","background-media":"","overlay-type":"","overlay-color":"","overlay-opacity":"","overlay-gradient":""},"tablet":{"background-color":"var(--ast-global-color-4)","background-image":"","background-repeat":"repeat","background-position":"center center","background-size":"auto","background-attachment":"scroll","background-type":"","background-media":"","overlay-type":"","overlay-color":"","overlay-opacity":"","overlay-gradient":""},"mobile":{"background-color":"var(--ast-global-color-4)","background-image":"","background-repeat":"repeat","background-position":"center center","background-size":"auto","background-attachment":"scroll","background-type":"","background-media":"","overlay-type":"","overlay-color":"","overlay-opacity":"","overlay-gradient":""}},"footnotes":""},"categories":[16,1],"tags":[],"class_list":["post-21208","post","type-post","status-publish","format-standard","hentry","category-municipales","category-noticias"],"yoast_head":"<!-- This site is optimized with the Yoast SEO Premium plugin v23.0 (Yoast SEO v27.4) - https:\/\/yoast.com\/product\/yoast-seo-premium-wordpress\/ -->\n<title>Potenciar\u00e1n la concientizaci\u00f3n sobre la separaci\u00f3n de residuos en Rawson<\/title>\n<meta name=\"robots\" content=\"index, follow, max-snippet:-1, max-image-preview:large, max-video-preview:-1\" \/>\n<link rel=\"canonical\" href=\"https:\/\/patagoniambiental.com.ar\/info\/potenciaran-la-concientizacion-sobre-la-separacion-de-residuos-en-rawson\/\" \/>\n<meta property=\"og:locale\" content=\"es_ES\" \/>\n<meta property=\"og:type\" content=\"article\" \/>\n<meta property=\"og:title\" content=\"Potenciar\u00e1n la concientizaci\u00f3n sobre la separaci\u00f3n de residuos en Rawson\" \/>\n<meta property=\"og:description\" content=\"RAWSON.- Se realiz\u00f3 en Rawson una reuni\u00f3n de trabajo entre el Municipio y el gobierno Provincial con el objetivo de [&hellip;]\" \/>\n<meta property=\"og:url\" content=\"https:\/\/patagoniambiental.com.ar\/info\/potenciaran-la-concientizacion-sobre-la-separacion-de-residuos-en-rawson\/\" \/>\n<meta property=\"og:site_name\" content=\"Patagonia Ambiental\" \/>\n<meta property=\"article:publisher\" content=\"https:\/\/www.facebook.com\/patagonia.ambiental\" \/>\n<meta property=\"article:author\" content=\"https:\/\/www.facebook.com\/share\/1C1V8Gv9BX\/?mibextid=qi2Omg\" \/>\n<meta property=\"article:published_time\" content=\"2016-09-30T12:00:49+00:00\" \/>\n<meta name=\"author\" content=\"Patagonia Ambiental\" \/>\n<meta name=\"twitter:card\" content=\"summary_large_image\" \/>\n<meta name=\"twitter:creator\" content=\"@PatAmb\" \/>\n<meta name=\"twitter:site\" content=\"@PatAmb\" \/>\n<script type=\"application\/ld+json\" class=\"yoast-schema-graph\">{\"@context\":\"https:\\\/\\\/schema.org\",\"@graph\":[{\"@type\":\"Article\",\"@id\":\"https:\\\/\\\/patagoniambiental.com.ar\\\/info\\\/potenciaran-la-concientizacion-sobre-la-separacion-de-residuos-en-rawson\\\/#article\",\"isPartOf\":{\"@id\":\"https:\\\/\\\/patagoniambiental.com.ar\\\/info\\\/potenciaran-la-concientizacion-sobre-la-separacion-de-residuos-en-rawson\\\/\"},\"author\":{\"name\":\"Patagonia Ambiental\",\"@id\":\"https:\\\/\\\/patagoniambiental.com.ar\\\/info\\\/#\\\/schema\\\/person\\\/db12bff64bbcbf6a253710bf0ea37b5d\"},\"headline\":\"Potenciar\u00e1n la concientizaci\u00f3n sobre la separaci\u00f3n de residuos en Rawson\",\"datePublished\":\"2016-09-30T12:00:49+00:00\",\"mainEntityOfPage\":{\"@id\":\"https:\\\/\\\/patagoniambiental.com.ar\\\/info\\\/potenciaran-la-concientizacion-sobre-la-separacion-de-residuos-en-rawson\\\/\"},\"wordCount\":768,\"publisher\":{\"@id\":\"https:\\\/\\\/patagoniambiental.com.ar\\\/info\\\/#organization\"},\"articleSection\":[\"Municipales\",\"Noticias\"],\"inLanguage\":\"es\"},{\"@type\":\"WebPage\",\"@id\":\"https:\\\/\\\/patagoniambiental.com.ar\\\/info\\\/potenciaran-la-concientizacion-sobre-la-separacion-de-residuos-en-rawson\\\/\",\"url\":\"https:\\\/\\\/patagoniambiental.com.ar\\\/info\\\/potenciaran-la-concientizacion-sobre-la-separacion-de-residuos-en-rawson\\\/\",\"name\":\"Potenciar\u00e1n la concientizaci\u00f3n sobre la separaci\u00f3n de residuos en Rawson\",\"isPartOf\":{\"@id\":\"https:\\\/\\\/patagoniambiental.com.ar\\\/info\\\/#website\"},\"datePublished\":\"2016-09-30T12:00:49+00:00\",\"breadcrumb\":{\"@id\":\"https:\\\/\\\/patagoniambiental.com.ar\\\/info\\\/potenciaran-la-concientizacion-sobre-la-separacion-de-residuos-en-rawson\\\/#breadcrumb\"},\"inLanguage\":\"es\",\"potentialAction\":[{\"@type\":\"ReadAction\",\"target\":[\"https:\\\/\\\/patagoniambiental.com.ar\\\/info\\\/potenciaran-la-concientizacion-sobre-la-separacion-de-residuos-en-rawson\\\/\"]}]},{\"@type\":\"BreadcrumbList\",\"@id\":\"https:\\\/\\\/patagoniambiental.com.ar\\\/info\\\/potenciaran-la-concientizacion-sobre-la-separacion-de-residuos-en-rawson\\\/#breadcrumb\",\"itemListElement\":[{\"@type\":\"ListItem\",\"position\":1,\"name\":\"Inicio\",\"item\":\"https:\\\/\\\/patagoniambiental.com.ar\\\/info\\\/\"},{\"@type\":\"ListItem\",\"position\":2,\"name\":\"Potenciar\u00e1n la concientizaci\u00f3n sobre la separaci\u00f3n de residuos en Rawson\"}]},{\"@type\":\"WebSite\",\"@id\":\"https:\\\/\\\/patagoniambiental.com.ar\\\/info\\\/#website\",\"url\":\"https:\\\/\\\/patagoniambiental.com.ar\\\/info\\\/\",\"name\":\"Patagonia Ambiental\",\"description\":\"Monitoreo y an\u00e1lisis de la situaci\u00f3n geopol\u00edtica en el mundo y su implicancia en la Patagonia\",\"publisher\":{\"@id\":\"https:\\\/\\\/patagoniambiental.com.ar\\\/info\\\/#organization\"},\"potentialAction\":[{\"@type\":\"SearchAction\",\"target\":{\"@type\":\"EntryPoint\",\"urlTemplate\":\"https:\\\/\\\/patagoniambiental.com.ar\\\/info\\\/?s={search_term_string}\"},\"query-input\":{\"@type\":\"PropertyValueSpecification\",\"valueRequired\":true,\"valueName\":\"search_term_string\"}}],\"inLanguage\":\"es\"},{\"@type\":\"Organization\",\"@id\":\"https:\\\/\\\/patagoniambiental.com.ar\\\/info\\\/#organization\",\"name\":\"Patagonia Ambiental\",\"url\":\"https:\\\/\\\/patagoniambiental.com.ar\\\/info\\\/\",\"logo\":{\"@type\":\"ImageObject\",\"inLanguage\":\"es\",\"@id\":\"https:\\\/\\\/patagoniambiental.com.ar\\\/info\\\/#\\\/schema\\\/logo\\\/image\\\/\",\"url\":\"https:\\\/\\\/patagoniambiental.com.ar\\\/info\\\/wp-content\\\/uploads\\\/2025\\\/05\\\/LOGO-PATAGONIA-AMBIENTAL.png\",\"contentUrl\":\"https:\\\/\\\/patagoniambiental.com.ar\\\/info\\\/wp-content\\\/uploads\\\/2025\\\/05\\\/LOGO-PATAGONIA-AMBIENTAL.png\",\"width\":433,\"height\":250,\"caption\":\"Patagonia Ambiental\"},\"image\":{\"@id\":\"https:\\\/\\\/patagoniambiental.com.ar\\\/info\\\/#\\\/schema\\\/logo\\\/image\\\/\"},\"sameAs\":[\"https:\\\/\\\/www.facebook.com\\\/patagonia.ambiental\",\"https:\\\/\\\/x.com\\\/PatAmb\"]},{\"@type\":\"Person\",\"@id\":\"https:\\\/\\\/patagoniambiental.com.ar\\\/info\\\/#\\\/schema\\\/person\\\/db12bff64bbcbf6a253710bf0ea37b5d\",\"name\":\"Patagonia Ambiental\",\"description\":\"Andr\u00e9s Nievas T\u00e9cnico en manejo ambiental, consultor Ambiental y escritor para medios locales e internacionales sobre temas de geopolitica y medio ambiente.\",\"sameAs\":[\"http:\\\/\\\/www.patagoniambiental.com.ar\",\"https:\\\/\\\/www.facebook.com\\\/share\\\/1C1V8Gv9BX\\\/?mibextid=qi2Omg\",\"@patagoniambiental\",\"https:\\\/\\\/youtube.com\\\/@patagoniaambiental2023?si=BLt58t0wuXquxlYZ\"]}]}<\/script>\n<!-- \/ Yoast SEO Premium plugin. -->","yoast_head_json":{"title":"Potenciar\u00e1n la concientizaci\u00f3n sobre la separaci\u00f3n de residuos en Rawson","robots":{"index":"index","follow":"follow","max-snippet":"max-snippet:-1","max-image-preview":"max-image-preview:large","max-video-preview":"max-video-preview:-1"},"canonical":"https:\/\/patagoniambiental.com.ar\/info\/potenciaran-la-concientizacion-sobre-la-separacion-de-residuos-en-rawson\/","og_locale":"es_ES","og_type":"article","og_title":"Potenciar\u00e1n la concientizaci\u00f3n sobre la separaci\u00f3n de residuos en Rawson","og_description":"RAWSON.- Se realiz\u00f3 en Rawson una reuni\u00f3n de trabajo entre el Municipio y el gobierno Provincial con el objetivo de [&hellip;]","og_url":"https:\/\/patagoniambiental.com.ar\/info\/potenciaran-la-concientizacion-sobre-la-separacion-de-residuos-en-rawson\/","og_site_name":"Patagonia Ambiental","article_publisher":"https:\/\/www.facebook.com\/patagonia.ambiental","article_author":"https:\/\/www.facebook.com\/share\/1C1V8Gv9BX\/?mibextid=qi2Omg","article_published_time":"2016-09-30T12:00:49+00:00","author":"Patagonia Ambiental","twitter_card":"summary_large_image","twitter_creator":"@PatAmb","twitter_site":"@PatAmb","schema":{"@context":"https:\/\/schema.org","@graph":[{"@type":"Article","@id":"https:\/\/patagoniambiental.com.ar\/info\/potenciaran-la-concientizacion-sobre-la-separacion-de-residuos-en-rawson\/#article","isPartOf":{"@id":"https:\/\/patagoniambiental.com.ar\/info\/potenciaran-la-concientizacion-sobre-la-separacion-de-residuos-en-rawson\/"},"author":{"name":"Patagonia Ambiental","@id":"https:\/\/patagoniambiental.com.ar\/info\/#\/schema\/person\/db12bff64bbcbf6a253710bf0ea37b5d"},"headline":"Potenciar\u00e1n la concientizaci\u00f3n sobre la separaci\u00f3n de residuos en Rawson","datePublished":"2016-09-30T12:00:49+00:00","mainEntityOfPage":{"@id":"https:\/\/patagoniambiental.com.ar\/info\/potenciaran-la-concientizacion-sobre-la-separacion-de-residuos-en-rawson\/"},"wordCount":768,"publisher":{"@id":"https:\/\/patagoniambiental.com.ar\/info\/#organization"},"articleSection":["Municipales","Noticias"],"inLanguage":"es"},{"@type":"WebPage","@id":"https:\/\/patagoniambiental.com.ar\/info\/potenciaran-la-concientizacion-sobre-la-separacion-de-residuos-en-rawson\/","url":"https:\/\/patagoniambiental.com.ar\/info\/potenciaran-la-concientizacion-sobre-la-separacion-de-residuos-en-rawson\/","name":"Potenciar\u00e1n la concientizaci\u00f3n sobre la separaci\u00f3n de residuos en Rawson","isPartOf":{"@id":"https:\/\/patagoniambiental.com.ar\/info\/#website"},"datePublished":"2016-09-30T12:00:49+00:00","breadcrumb":{"@id":"https:\/\/patagoniambiental.com.ar\/info\/potenciaran-la-concientizacion-sobre-la-separacion-de-residuos-en-rawson\/#breadcrumb"},"inLanguage":"es","potentialAction":[{"@type":"ReadAction","target":["https:\/\/patagoniambiental.com.ar\/info\/potenciaran-la-concientizacion-sobre-la-separacion-de-residuos-en-rawson\/"]}]},{"@type":"BreadcrumbList","@id":"https:\/\/patagoniambiental.com.ar\/info\/potenciaran-la-concientizacion-sobre-la-separacion-de-residuos-en-rawson\/#breadcrumb","itemListElement":[{"@type":"ListItem","position":1,"name":"Inicio","item":"https:\/\/patagoniambiental.com.ar\/info\/"},{"@type":"ListItem","position":2,"name":"Potenciar\u00e1n la concientizaci\u00f3n sobre la separaci\u00f3n de residuos en Rawson"}]},{"@type":"WebSite","@id":"https:\/\/patagoniambiental.com.ar\/info\/#website","url":"https:\/\/patagoniambiental.com.ar\/info\/","name":"Patagonia Ambiental","description":"Monitoreo y an\u00e1lisis de la situaci\u00f3n geopol\u00edtica en el mundo y su implicancia en la Patagonia","publisher":{"@id":"https:\/\/patagoniambiental.com.ar\/info\/#organization"},"potentialAction":[{"@type":"SearchAction","target":{"@type":"EntryPoint","urlTemplate":"https:\/\/patagoniambiental.com.ar\/info\/?s={search_term_string}"},"query-input":{"@type":"PropertyValueSpecification","valueRequired":true,"valueName":"search_term_string"}}],"inLanguage":"es"},{"@type":"Organization","@id":"https:\/\/patagoniambiental.com.ar\/info\/#organization","name":"Patagonia Ambiental","url":"https:\/\/patagoniambiental.com.ar\/info\/","logo":{"@type":"ImageObject","inLanguage":"es","@id":"https:\/\/patagoniambiental.com.ar\/info\/#\/schema\/logo\/image\/","url":"https:\/\/patagoniambiental.com.ar\/info\/wp-content\/uploads\/2025\/05\/LOGO-PATAGONIA-AMBIENTAL.png","contentUrl":"https:\/\/patagoniambiental.com.ar\/info\/wp-content\/uploads\/2025\/05\/LOGO-PATAGONIA-AMBIENTAL.png","width":433,"height":250,"caption":"Patagonia Ambiental"},"image":{"@id":"https:\/\/patagoniambiental.com.ar\/info\/#\/schema\/logo\/image\/"},"sameAs":["https:\/\/www.facebook.com\/patagonia.ambiental","https:\/\/x.com\/PatAmb"]},{"@type":"Person","@id":"https:\/\/patagoniambiental.com.ar\/info\/#\/schema\/person\/db12bff64bbcbf6a253710bf0ea37b5d","name":"Patagonia Ambiental","description":"Andr\u00e9s Nievas T\u00e9cnico en manejo ambiental, consultor Ambiental y escritor para medios locales e internacionales sobre temas de geopolitica y medio ambiente.","sameAs":["http:\/\/www.patagoniambiental.com.ar","https:\/\/www.facebook.com\/share\/1C1V8Gv9BX\/?mibextid=qi2Omg","@patagoniambiental","https:\/\/youtube.com\/@patagoniaambiental2023?si=BLt58t0wuXquxlYZ"]}]}},"_links":{"self":[{"href":"https:\/\/patagoniambiental.com.ar\/info\/wp-json\/wp\/v2\/posts\/21208","targetHints":{"allow":["GET"]}}],"collection":[{"href":"https:\/\/patagoniambiental.com.ar\/info\/wp-json\/wp\/v2\/posts"}],"about":[{"href":"https:\/\/patagoniambiental.com.ar\/info\/wp-json\/wp\/v2\/types\/post"}],"author":[{"embeddable":true,"href":"https:\/\/patagoniambiental.com.ar\/info\/wp-json\/wp\/v2\/users\/2"}],"replies":[{"embeddable":true,"href":"https:\/\/patagoniambiental.com.ar\/info\/wp-json\/wp\/v2\/comments?post=21208"}],"version-history":[{"count":0,"href":"https:\/\/patagoniambiental.com.ar\/info\/wp-json\/wp\/v2\/posts\/21208\/revisions"}],"wp:attachment":[{"href":"https:\/\/patagoniambiental.com.ar\/info\/wp-json\/wp\/v2\/media?parent=21208"}],"wp:term":[{"taxonomy":"category","embeddable":true,"href":"https:\/\/patagoniambiental.com.ar\/info\/wp-json\/wp\/v2\/categories?post=21208"},{"taxonomy":"post_tag","embeddable":true,"href":"https:\/\/patagoniambiental.com.ar\/info\/wp-json\/wp\/v2\/tags?post=21208"}],"curies":[{"name":"wp","href":"https:\/\/api.w.org\/{rel}","templated":true}]}}