{"id":21211,"date":"2016-09-30T09:00:59","date_gmt":"2016-09-30T12:00:59","guid":{"rendered":"http:\/\/patagoniambiental.com.ar\/?p=21211"},"modified":"2016-09-30T09:00:59","modified_gmt":"2016-09-30T12:00:59","slug":"se-eliminaron-200-toneladas-de-chatarra-con-la-compactacion-de-vehiculos-en-neuquen","status":"publish","type":"post","link":"https:\/\/patagoniambiental.com.ar\/info\/se-eliminaron-200-toneladas-de-chatarra-con-la-compactacion-de-vehiculos-en-neuquen\/","title":{"rendered":"Se eliminaron 200 toneladas de chatarra con la compactaci\u00f3n de veh\u00edculos en Neuqu\u00e9n"},"content":{"rendered":"<div class=\"cuerpo\">\n<p>NEUQUEN.- Doscientas toneladas de chatarra fueron retiradas de la ciudad de Neuquen\u00a0gracias al proceso iniciado hace dos semanas a trav\u00e9s del cual se compactaron 500 motos y 200 autos abandonados en la v\u00eda p\u00fablica o secuestrados en operativos de tr\u00e1nsito. A eso se agregaron los residuos voluminosos recolectados en los operativos de limpieza barrial.<\/p>\n<p>El secretario de Movilidad Urbana, Fabi\u00e1n Garc\u00eda, explic\u00f3 que el objetivo del operativo es cuidar el medio ambiente y contribuir a la seguridad de los vecinos y remarc\u00f3 que se trata de un procedimiento que no genera gastos al municipio. Anticip\u00f3 adem\u00e1s que la compactadora volver\u00e1 a trabajar en la ciudad dentro de 45 d\u00edas.<\/p>\n<p>\u201cEstamos comenzando con este proceso de compactaci\u00f3n que llevar\u00e1 dos a\u00f1os y a medida que vamos regularizando el tema dominial, los informes y notificaciones, la empresa regresar\u00e1 para las posteriores etapas\u201d, explic\u00f3. Agreg\u00f3 que algunos autos \u201ceran solo carcazas\u201d que fueron removidos de la v\u00eda p\u00fablica por la subsecretar\u00eda de Medio Ambiente y otros se encontraban depositados en el predio de Parque Industrial a partir de secuestros que realiza la direcci\u00f3n de Tr\u00e1nsito.<\/p>\n<p>El funcionario se\u00f1al\u00f3 que se trata de una planta compactadora m\u00f3vil de la empresa Matferroso que se radica en la ciudad por unos d\u00edas, \u201chace r\u00e1pidamente el trabajo y contin\u00faa en otra localidad, dependiendo de la demanda del producto que se lleva que luego se destina a la siderurgia\u201d.<\/p>\n<p>Garc\u00eda destac\u00f3 el \u201cimportante beneficio ambiental, a nivel visual y de contaminaci\u00f3n del suelo, adem\u00e1s de que se resuelve un problema real sin costo para el municipio\u201d e inform\u00f3 que antes de pasar por la prensa compactadora, la chatarra es sometida a un procedimiento de descontaminaci\u00f3n mediante la extracci\u00f3n de aceites y fluidos de alta toxicidad para el medio ambiente.<\/p>\n<p>\u201cFueron 12 d\u00edas de trabajo de la empresa en los que se despoj\u00f3 a la ciudad de 200 toneladas de chatarra y para el municipio es un balance muy positivo porque disminuye as\u00ed la contaminaci\u00f3n ambiental y visual que estos veh\u00edculos generaban\u201d. Adelant\u00f3 que la siguiente etapa de compactaci\u00f3n tendr\u00e1 lugar en los pr\u00f3ximos dos meses, tiempo en el que empresa regresar\u00e1 a la capital neuquina para repetir el trabajo por una o dos semanas.<\/p>\n<p>\u201cEstamos trabajando con el Fiscal General, Jos\u00e9 Gerez, para acelerar los tr\u00e1mites de la Justicia de todos los veh\u00edculos que est\u00e1n judicializados -y que son muchos all\u00ed en Parque Industrial- para poder avanzar con la compactaci\u00f3n. Necesitamos liberar el predio y para ello hay que hacer notificaciones, depuraci\u00f3n de todos los expedientes y eso nos va a llevar un tiempo\u201d, estim\u00f3.<\/p>\n<p>Garc\u00eda inform\u00f3 que quienes tengan o detecten veh\u00edculos en estado de abandono pueden comunicarse con la subsecretar\u00eda de Medio Ambiente al tel\u00e9fono 4491200 internos 4257 y 4025 para su remoci\u00f3n.<\/p>\n<\/div>\n<div class=\"poll-nota\">\u00a0Fuente: La Ma\u00f1ana de Neuquen<\/div>\n","protected":false},"excerpt":{"rendered":"<p>NEUQUEN.- Doscientas toneladas de chatarra fueron retiradas de la ciudad de Neuquen\u00a0gracias al proceso iniciado hace dos semanas a trav\u00e9s [&hellip;]<\/p>\n","protected":false},"author":2,"featured_media":0,"comment_status":"closed","ping_status":"closed","sticky":false,"template":"","format":"standard","meta":{"site-sidebar-layout":"default","site-content-layout":"","ast-site-content-layout":"default","site-content-style":"default","site-sidebar-style":"default","ast-global-header-display":"","ast-banner-title-visibility":"","ast-main-header-display":"","ast-hfb-above-header-display":"","ast-hfb-below-header-display":"","ast-hfb-mobile-header-display":"","site-post-title":"","ast-breadcrumbs-content":"","ast-featured-img":"","footer-sml-layout":"","ast-disable-related-posts":"","theme-transparent-header-meta":"","adv-header-id-meta":"","stick-header-meta":"","header-above-stick-meta":"","header-main-stick-meta":"","header-below-stick-meta":"","astra-migrate-meta-layouts":"default","ast-page-background-enabled":"default","ast-page-background-meta":{"desktop":{"background-color":"var(--ast-global-color-5)","background-image":"","background-repeat":"repeat","background-position":"center center","background-size":"auto","background-attachment":"scroll","background-type":"","background-media":"","overlay-type":"","overlay-color":"","overlay-opacity":"","overlay-gradient":""},"tablet":{"background-color":"","background-image":"","background-repeat":"repeat","background-position":"center center","background-size":"auto","background-attachment":"scroll","background-type":"","background-media":"","overlay-type":"","overlay-color":"","overlay-opacity":"","overlay-gradient":""},"mobile":{"background-color":"","background-image":"","background-repeat":"repeat","background-position":"center center","background-size":"auto","background-attachment":"scroll","background-type":"","background-media":"","overlay-type":"","overlay-color":"","overlay-opacity":"","overlay-gradient":""}},"ast-content-background-meta":{"desktop":{"background-color":"var(--ast-global-color-4)","background-image":"","background-repeat":"repeat","background-position":"center center","background-size":"auto","background-attachment":"scroll","background-type":"","background-media":"","overlay-type":"","overlay-color":"","overlay-opacity":"","overlay-gradient":""},"tablet":{"background-color":"var(--ast-global-color-4)","background-image":"","background-repeat":"repeat","background-position":"center center","background-size":"auto","background-attachment":"scroll","background-type":"","background-media":"","overlay-type":"","overlay-color":"","overlay-opacity":"","overlay-gradient":""},"mobile":{"background-color":"var(--ast-global-color-4)","background-image":"","background-repeat":"repeat","background-position":"center center","background-size":"auto","background-attachment":"scroll","background-type":"","background-media":"","overlay-type":"","overlay-color":"","overlay-opacity":"","overlay-gradient":""}},"footnotes":""},"categories":[16,1],"tags":[],"class_list":["post-21211","post","type-post","status-publish","format-standard","hentry","category-municipales","category-noticias"],"yoast_head":"<!-- This site is optimized with the Yoast SEO Premium plugin v23.0 (Yoast SEO v27.4) - https:\/\/yoast.com\/product\/yoast-seo-premium-wordpress\/ -->\n<title>Se eliminaron 200 toneladas de chatarra con la compactaci\u00f3n de veh\u00edculos en Neuqu\u00e9n<\/title>\n<meta name=\"robots\" content=\"index, follow, max-snippet:-1, max-image-preview:large, max-video-preview:-1\" \/>\n<link rel=\"canonical\" href=\"https:\/\/patagoniambiental.com.ar\/info\/se-eliminaron-200-toneladas-de-chatarra-con-la-compactacion-de-vehiculos-en-neuquen\/\" \/>\n<meta property=\"og:locale\" content=\"es_ES\" \/>\n<meta property=\"og:type\" content=\"article\" \/>\n<meta property=\"og:title\" content=\"Se eliminaron 200 toneladas de chatarra con la compactaci\u00f3n de veh\u00edculos en Neuqu\u00e9n\" \/>\n<meta property=\"og:description\" content=\"NEUQUEN.- Doscientas toneladas de chatarra fueron retiradas de la ciudad de Neuquen\u00a0gracias al proceso iniciado hace dos semanas a trav\u00e9s [&hellip;]\" \/>\n<meta property=\"og:url\" content=\"https:\/\/patagoniambiental.com.ar\/info\/se-eliminaron-200-toneladas-de-chatarra-con-la-compactacion-de-vehiculos-en-neuquen\/\" \/>\n<meta property=\"og:site_name\" content=\"Patagonia Ambiental\" \/>\n<meta property=\"article:publisher\" content=\"https:\/\/www.facebook.com\/patagonia.ambiental\" \/>\n<meta property=\"article:author\" content=\"https:\/\/www.facebook.com\/share\/1C1V8Gv9BX\/?mibextid=qi2Omg\" \/>\n<meta property=\"article:published_time\" content=\"2016-09-30T12:00:59+00:00\" \/>\n<meta name=\"author\" content=\"Patagonia Ambiental\" \/>\n<meta name=\"twitter:card\" content=\"summary_large_image\" \/>\n<meta name=\"twitter:creator\" content=\"@PatAmb\" \/>\n<meta name=\"twitter:site\" content=\"@PatAmb\" \/>\n<script type=\"application\/ld+json\" class=\"yoast-schema-graph\">{\"@context\":\"https:\\\/\\\/schema.org\",\"@graph\":[{\"@type\":\"Article\",\"@id\":\"https:\\\/\\\/patagoniambiental.com.ar\\\/info\\\/se-eliminaron-200-toneladas-de-chatarra-con-la-compactacion-de-vehiculos-en-neuquen\\\/#article\",\"isPartOf\":{\"@id\":\"https:\\\/\\\/patagoniambiental.com.ar\\\/info\\\/se-eliminaron-200-toneladas-de-chatarra-con-la-compactacion-de-vehiculos-en-neuquen\\\/\"},\"author\":{\"name\":\"Patagonia Ambiental\",\"@id\":\"https:\\\/\\\/patagoniambiental.com.ar\\\/info\\\/#\\\/schema\\\/person\\\/db12bff64bbcbf6a253710bf0ea37b5d\"},\"headline\":\"Se eliminaron 200 toneladas de chatarra con la compactaci\u00f3n de veh\u00edculos en Neuqu\u00e9n\",\"datePublished\":\"2016-09-30T12:00:59+00:00\",\"mainEntityOfPage\":{\"@id\":\"https:\\\/\\\/patagoniambiental.com.ar\\\/info\\\/se-eliminaron-200-toneladas-de-chatarra-con-la-compactacion-de-vehiculos-en-neuquen\\\/\"},\"wordCount\":512,\"publisher\":{\"@id\":\"https:\\\/\\\/patagoniambiental.com.ar\\\/info\\\/#organization\"},\"articleSection\":[\"Municipales\",\"Noticias\"],\"inLanguage\":\"es\"},{\"@type\":\"WebPage\",\"@id\":\"https:\\\/\\\/patagoniambiental.com.ar\\\/info\\\/se-eliminaron-200-toneladas-de-chatarra-con-la-compactacion-de-vehiculos-en-neuquen\\\/\",\"url\":\"https:\\\/\\\/patagoniambiental.com.ar\\\/info\\\/se-eliminaron-200-toneladas-de-chatarra-con-la-compactacion-de-vehiculos-en-neuquen\\\/\",\"name\":\"Se eliminaron 200 toneladas de chatarra con la compactaci\u00f3n de veh\u00edculos en Neuqu\u00e9n\",\"isPartOf\":{\"@id\":\"https:\\\/\\\/patagoniambiental.com.ar\\\/info\\\/#website\"},\"datePublished\":\"2016-09-30T12:00:59+00:00\",\"breadcrumb\":{\"@id\":\"https:\\\/\\\/patagoniambiental.com.ar\\\/info\\\/se-eliminaron-200-toneladas-de-chatarra-con-la-compactacion-de-vehiculos-en-neuquen\\\/#breadcrumb\"},\"inLanguage\":\"es\",\"potentialAction\":[{\"@type\":\"ReadAction\",\"target\":[\"https:\\\/\\\/patagoniambiental.com.ar\\\/info\\\/se-eliminaron-200-toneladas-de-chatarra-con-la-compactacion-de-vehiculos-en-neuquen\\\/\"]}]},{\"@type\":\"BreadcrumbList\",\"@id\":\"https:\\\/\\\/patagoniambiental.com.ar\\\/info\\\/se-eliminaron-200-toneladas-de-chatarra-con-la-compactacion-de-vehiculos-en-neuquen\\\/#breadcrumb\",\"itemListElement\":[{\"@type\":\"ListItem\",\"position\":1,\"name\":\"Inicio\",\"item\":\"https:\\\/\\\/patagoniambiental.com.ar\\\/info\\\/\"},{\"@type\":\"ListItem\",\"position\":2,\"name\":\"Se eliminaron 200 toneladas de chatarra con la compactaci\u00f3n de veh\u00edculos en Neuqu\u00e9n\"}]},{\"@type\":\"WebSite\",\"@id\":\"https:\\\/\\\/patagoniambiental.com.ar\\\/info\\\/#website\",\"url\":\"https:\\\/\\\/patagoniambiental.com.ar\\\/info\\\/\",\"name\":\"Patagonia Ambiental\",\"description\":\"Monitoreo y an\u00e1lisis de la situaci\u00f3n geopol\u00edtica en el mundo y su implicancia en la Patagonia\",\"publisher\":{\"@id\":\"https:\\\/\\\/patagoniambiental.com.ar\\\/info\\\/#organization\"},\"potentialAction\":[{\"@type\":\"SearchAction\",\"target\":{\"@type\":\"EntryPoint\",\"urlTemplate\":\"https:\\\/\\\/patagoniambiental.com.ar\\\/info\\\/?s={search_term_string}\"},\"query-input\":{\"@type\":\"PropertyValueSpecification\",\"valueRequired\":true,\"valueName\":\"search_term_string\"}}],\"inLanguage\":\"es\"},{\"@type\":\"Organization\",\"@id\":\"https:\\\/\\\/patagoniambiental.com.ar\\\/info\\\/#organization\",\"name\":\"Patagonia Ambiental\",\"url\":\"https:\\\/\\\/patagoniambiental.com.ar\\\/info\\\/\",\"logo\":{\"@type\":\"ImageObject\",\"inLanguage\":\"es\",\"@id\":\"https:\\\/\\\/patagoniambiental.com.ar\\\/info\\\/#\\\/schema\\\/logo\\\/image\\\/\",\"url\":\"https:\\\/\\\/patagoniambiental.com.ar\\\/info\\\/wp-content\\\/uploads\\\/2025\\\/05\\\/LOGO-PATAGONIA-AMBIENTAL.png\",\"contentUrl\":\"https:\\\/\\\/patagoniambiental.com.ar\\\/info\\\/wp-content\\\/uploads\\\/2025\\\/05\\\/LOGO-PATAGONIA-AMBIENTAL.png\",\"width\":433,\"height\":250,\"caption\":\"Patagonia Ambiental\"},\"image\":{\"@id\":\"https:\\\/\\\/patagoniambiental.com.ar\\\/info\\\/#\\\/schema\\\/logo\\\/image\\\/\"},\"sameAs\":[\"https:\\\/\\\/www.facebook.com\\\/patagonia.ambiental\",\"https:\\\/\\\/x.com\\\/PatAmb\"]},{\"@type\":\"Person\",\"@id\":\"https:\\\/\\\/patagoniambiental.com.ar\\\/info\\\/#\\\/schema\\\/person\\\/db12bff64bbcbf6a253710bf0ea37b5d\",\"name\":\"Patagonia Ambiental\",\"description\":\"Andr\u00e9s Nievas T\u00e9cnico en manejo ambiental, consultor Ambiental y escritor para medios locales e internacionales sobre temas de geopolitica y medio ambiente.\",\"sameAs\":[\"http:\\\/\\\/www.patagoniambiental.com.ar\",\"https:\\\/\\\/www.facebook.com\\\/share\\\/1C1V8Gv9BX\\\/?mibextid=qi2Omg\",\"@patagoniambiental\",\"https:\\\/\\\/youtube.com\\\/@patagoniaambiental2023?si=BLt58t0wuXquxlYZ\"]}]}<\/script>\n<!-- \/ Yoast SEO Premium plugin. -->","yoast_head_json":{"title":"Se eliminaron 200 toneladas de chatarra con la compactaci\u00f3n de veh\u00edculos en Neuqu\u00e9n","robots":{"index":"index","follow":"follow","max-snippet":"max-snippet:-1","max-image-preview":"max-image-preview:large","max-video-preview":"max-video-preview:-1"},"canonical":"https:\/\/patagoniambiental.com.ar\/info\/se-eliminaron-200-toneladas-de-chatarra-con-la-compactacion-de-vehiculos-en-neuquen\/","og_locale":"es_ES","og_type":"article","og_title":"Se eliminaron 200 toneladas de chatarra con la compactaci\u00f3n de veh\u00edculos en Neuqu\u00e9n","og_description":"NEUQUEN.- Doscientas toneladas de chatarra fueron retiradas de la ciudad de Neuquen\u00a0gracias al proceso iniciado hace dos semanas a trav\u00e9s [&hellip;]","og_url":"https:\/\/patagoniambiental.com.ar\/info\/se-eliminaron-200-toneladas-de-chatarra-con-la-compactacion-de-vehiculos-en-neuquen\/","og_site_name":"Patagonia Ambiental","article_publisher":"https:\/\/www.facebook.com\/patagonia.ambiental","article_author":"https:\/\/www.facebook.com\/share\/1C1V8Gv9BX\/?mibextid=qi2Omg","article_published_time":"2016-09-30T12:00:59+00:00","author":"Patagonia Ambiental","twitter_card":"summary_large_image","twitter_creator":"@PatAmb","twitter_site":"@PatAmb","schema":{"@context":"https:\/\/schema.org","@graph":[{"@type":"Article","@id":"https:\/\/patagoniambiental.com.ar\/info\/se-eliminaron-200-toneladas-de-chatarra-con-la-compactacion-de-vehiculos-en-neuquen\/#article","isPartOf":{"@id":"https:\/\/patagoniambiental.com.ar\/info\/se-eliminaron-200-toneladas-de-chatarra-con-la-compactacion-de-vehiculos-en-neuquen\/"},"author":{"name":"Patagonia Ambiental","@id":"https:\/\/patagoniambiental.com.ar\/info\/#\/schema\/person\/db12bff64bbcbf6a253710bf0ea37b5d"},"headline":"Se eliminaron 200 toneladas de chatarra con la compactaci\u00f3n de veh\u00edculos en Neuqu\u00e9n","datePublished":"2016-09-30T12:00:59+00:00","mainEntityOfPage":{"@id":"https:\/\/patagoniambiental.com.ar\/info\/se-eliminaron-200-toneladas-de-chatarra-con-la-compactacion-de-vehiculos-en-neuquen\/"},"wordCount":512,"publisher":{"@id":"https:\/\/patagoniambiental.com.ar\/info\/#organization"},"articleSection":["Municipales","Noticias"],"inLanguage":"es"},{"@type":"WebPage","@id":"https:\/\/patagoniambiental.com.ar\/info\/se-eliminaron-200-toneladas-de-chatarra-con-la-compactacion-de-vehiculos-en-neuquen\/","url":"https:\/\/patagoniambiental.com.ar\/info\/se-eliminaron-200-toneladas-de-chatarra-con-la-compactacion-de-vehiculos-en-neuquen\/","name":"Se eliminaron 200 toneladas de chatarra con la compactaci\u00f3n de veh\u00edculos en Neuqu\u00e9n","isPartOf":{"@id":"https:\/\/patagoniambiental.com.ar\/info\/#website"},"datePublished":"2016-09-30T12:00:59+00:00","breadcrumb":{"@id":"https:\/\/patagoniambiental.com.ar\/info\/se-eliminaron-200-toneladas-de-chatarra-con-la-compactacion-de-vehiculos-en-neuquen\/#breadcrumb"},"inLanguage":"es","potentialAction":[{"@type":"ReadAction","target":["https:\/\/patagoniambiental.com.ar\/info\/se-eliminaron-200-toneladas-de-chatarra-con-la-compactacion-de-vehiculos-en-neuquen\/"]}]},{"@type":"BreadcrumbList","@id":"https:\/\/patagoniambiental.com.ar\/info\/se-eliminaron-200-toneladas-de-chatarra-con-la-compactacion-de-vehiculos-en-neuquen\/#breadcrumb","itemListElement":[{"@type":"ListItem","position":1,"name":"Inicio","item":"https:\/\/patagoniambiental.com.ar\/info\/"},{"@type":"ListItem","position":2,"name":"Se eliminaron 200 toneladas de chatarra con la compactaci\u00f3n de veh\u00edculos en Neuqu\u00e9n"}]},{"@type":"WebSite","@id":"https:\/\/patagoniambiental.com.ar\/info\/#website","url":"https:\/\/patagoniambiental.com.ar\/info\/","name":"Patagonia Ambiental","description":"Monitoreo y an\u00e1lisis de la situaci\u00f3n geopol\u00edtica en el mundo y su implicancia en la Patagonia","publisher":{"@id":"https:\/\/patagoniambiental.com.ar\/info\/#organization"},"potentialAction":[{"@type":"SearchAction","target":{"@type":"EntryPoint","urlTemplate":"https:\/\/patagoniambiental.com.ar\/info\/?s={search_term_string}"},"query-input":{"@type":"PropertyValueSpecification","valueRequired":true,"valueName":"search_term_string"}}],"inLanguage":"es"},{"@type":"Organization","@id":"https:\/\/patagoniambiental.com.ar\/info\/#organization","name":"Patagonia Ambiental","url":"https:\/\/patagoniambiental.com.ar\/info\/","logo":{"@type":"ImageObject","inLanguage":"es","@id":"https:\/\/patagoniambiental.com.ar\/info\/#\/schema\/logo\/image\/","url":"https:\/\/patagoniambiental.com.ar\/info\/wp-content\/uploads\/2025\/05\/LOGO-PATAGONIA-AMBIENTAL.png","contentUrl":"https:\/\/patagoniambiental.com.ar\/info\/wp-content\/uploads\/2025\/05\/LOGO-PATAGONIA-AMBIENTAL.png","width":433,"height":250,"caption":"Patagonia Ambiental"},"image":{"@id":"https:\/\/patagoniambiental.com.ar\/info\/#\/schema\/logo\/image\/"},"sameAs":["https:\/\/www.facebook.com\/patagonia.ambiental","https:\/\/x.com\/PatAmb"]},{"@type":"Person","@id":"https:\/\/patagoniambiental.com.ar\/info\/#\/schema\/person\/db12bff64bbcbf6a253710bf0ea37b5d","name":"Patagonia Ambiental","description":"Andr\u00e9s Nievas T\u00e9cnico en manejo ambiental, consultor Ambiental y escritor para medios locales e internacionales sobre temas de geopolitica y medio ambiente.","sameAs":["http:\/\/www.patagoniambiental.com.ar","https:\/\/www.facebook.com\/share\/1C1V8Gv9BX\/?mibextid=qi2Omg","@patagoniambiental","https:\/\/youtube.com\/@patagoniaambiental2023?si=BLt58t0wuXquxlYZ"]}]}},"_links":{"self":[{"href":"https:\/\/patagoniambiental.com.ar\/info\/wp-json\/wp\/v2\/posts\/21211","targetHints":{"allow":["GET"]}}],"collection":[{"href":"https:\/\/patagoniambiental.com.ar\/info\/wp-json\/wp\/v2\/posts"}],"about":[{"href":"https:\/\/patagoniambiental.com.ar\/info\/wp-json\/wp\/v2\/types\/post"}],"author":[{"embeddable":true,"href":"https:\/\/patagoniambiental.com.ar\/info\/wp-json\/wp\/v2\/users\/2"}],"replies":[{"embeddable":true,"href":"https:\/\/patagoniambiental.com.ar\/info\/wp-json\/wp\/v2\/comments?post=21211"}],"version-history":[{"count":0,"href":"https:\/\/patagoniambiental.com.ar\/info\/wp-json\/wp\/v2\/posts\/21211\/revisions"}],"wp:attachment":[{"href":"https:\/\/patagoniambiental.com.ar\/info\/wp-json\/wp\/v2\/media?parent=21211"}],"wp:term":[{"taxonomy":"category","embeddable":true,"href":"https:\/\/patagoniambiental.com.ar\/info\/wp-json\/wp\/v2\/categories?post=21211"},{"taxonomy":"post_tag","embeddable":true,"href":"https:\/\/patagoniambiental.com.ar\/info\/wp-json\/wp\/v2\/tags?post=21211"}],"curies":[{"name":"wp","href":"https:\/\/api.w.org\/{rel}","templated":true}]}}