{"id":21220,"date":"2016-09-30T09:25:26","date_gmt":"2016-09-30T12:25:26","guid":{"rendered":"http:\/\/patagoniambiental.com.ar\/?p=21220"},"modified":"2016-09-30T09:25:26","modified_gmt":"2016-09-30T12:25:26","slug":"retiro-de-chatarra-teniamos-una-deuda-pendiente-con-la-armada-dijo-de-marco","status":"publish","type":"post","link":"https:\/\/patagoniambiental.com.ar\/info\/retiro-de-chatarra-teniamos-una-deuda-pendiente-con-la-armada-dijo-de-marco\/","title":{"rendered":"RETIRO DE CHATARRA: \u201cTen\u00edamos una deuda pendiente con la Armada\u201d, dijo De Marco"},"content":{"rendered":"<p class=\"top-header\">Ushuaia.-El secretario de Medio Ambiente de la Municipalidad de Ushuaia, Dami\u00e1n de Marco, sostuvo que \u201cten\u00edamos una deuda pendiente con la Armada ya que a\u00f1os atr\u00e1s el propio Municipio hab\u00eda depositado veh\u00edculos abandonados en tierras del antiguo aeropuerto y desde entonces nunca los retir\u00f3\u201d, por lo que ahora \u201cestamos realizando una remediaci\u00f3n de esa situaci\u00f3n\u201d.<!--more--><\/p>\n<p>Se refiri\u00f3 as\u00ed a los trabajos de retiro y compactaci\u00f3n de veh\u00edculos abandonados en predios de la fuerza, en el sector del antiguo aeropuerto.<\/p>\n<p>De Marco mencion\u00f3 que \u201cnos reunimos con autoridades de la Armada y les explicamos el trabajo de recuperaci\u00f3n que estamos haciendo en la ciudad, y ofrecimos traer al predio la m\u00e1quina compactadora de chatarra para compactar estos veh\u00edculos\u201d, para luego \u201ctrasladarlos al predio en donde estamos depositando los cubos de chatarra\u201d.<\/p>\n<p>Asimismo, explic\u00f3 que \u201cesta es una primera etapa ya que hay otro tipo de chatarra y residuos voluminosos desparramados por la costa; todo eso va a ser retirado y compactado, as\u00ed que tenemos un trabajo arduo por delante\u201d.<\/p>\n<p>A\u00f1adi\u00f3 que \u201cese mismo trabajo de remediaci\u00f3n estamos realizando en toda la ciudad y el balance es positivo ya que hasta el momento retiramos m\u00e1s de 200 toneladas de chatarra, y es para destacar el trabajo en conjunto que estamos realizando con distintas instituciones de la ciudad\u201d.<\/p>\n<p>En cuanto al plan de acci\u00f3n para retirar la chatarra el funcionario explic\u00f3 que \u201cprimero marcamos la chatarra abandonada tanto en espacios p\u00fablicos como privados, que en algunos casos llevan muchos a\u00f1os en esos lugares generando contaminaci\u00f3n\u201d, luego \u201crealizamos el retiro y compactaci\u00f3n\u201d y finalmente \u201chacemos el acopio en el predio que destinamos a tal fin\u201d.<\/p>\n<p>A ello sum\u00f3 que \u201cestamos trabajando en conjunto con la gente de Provincia para que nos aprueben el destino final para poder llevar esta chatarra al continente\u201d. Y en funci\u00f3n de ello, anticip\u00f3 que adem\u00e1s \u201cvamos a mantener una reuni\u00f3n con funcionarios de la Aduana, que es un eslab\u00f3n importante en esta cadena, para poder acordar que la chatarra sea cargada en contenedores y llevada en barco\u201d.<\/p>\n<p>Fuente: Ushuaia Noticias<\/p>\n","protected":false},"excerpt":{"rendered":"<p>Ushuaia.-El secretario de Medio Ambiente de la Municipalidad de Ushuaia, Dami\u00e1n de Marco, sostuvo que \u201cten\u00edamos una deuda pendiente con [&hellip;]<\/p>\n","protected":false},"author":2,"featured_media":0,"comment_status":"closed","ping_status":"closed","sticky":false,"template":"","format":"standard","meta":{"site-sidebar-layout":"default","site-content-layout":"","ast-site-content-layout":"default","site-content-style":"default","site-sidebar-style":"default","ast-global-header-display":"","ast-banner-title-visibility":"","ast-main-header-display":"","ast-hfb-above-header-display":"","ast-hfb-below-header-display":"","ast-hfb-mobile-header-display":"","site-post-title":"","ast-breadcrumbs-content":"","ast-featured-img":"","footer-sml-layout":"","ast-disable-related-posts":"","theme-transparent-header-meta":"","adv-header-id-meta":"","stick-header-meta":"","header-above-stick-meta":"","header-main-stick-meta":"","header-below-stick-meta":"","astra-migrate-meta-layouts":"default","ast-page-background-enabled":"default","ast-page-background-meta":{"desktop":{"background-color":"var(--ast-global-color-5)","background-image":"","background-repeat":"repeat","background-position":"center center","background-size":"auto","background-attachment":"scroll","background-type":"","background-media":"","overlay-type":"","overlay-color":"","overlay-opacity":"","overlay-gradient":""},"tablet":{"background-color":"","background-image":"","background-repeat":"repeat","background-position":"center center","background-size":"auto","background-attachment":"scroll","background-type":"","background-media":"","overlay-type":"","overlay-color":"","overlay-opacity":"","overlay-gradient":""},"mobile":{"background-color":"","background-image":"","background-repeat":"repeat","background-position":"center center","background-size":"auto","background-attachment":"scroll","background-type":"","background-media":"","overlay-type":"","overlay-color":"","overlay-opacity":"","overlay-gradient":""}},"ast-content-background-meta":{"desktop":{"background-color":"var(--ast-global-color-4)","background-image":"","background-repeat":"repeat","background-position":"center center","background-size":"auto","background-attachment":"scroll","background-type":"","background-media":"","overlay-type":"","overlay-color":"","overlay-opacity":"","overlay-gradient":""},"tablet":{"background-color":"var(--ast-global-color-4)","background-image":"","background-repeat":"repeat","background-position":"center center","background-size":"auto","background-attachment":"scroll","background-type":"","background-media":"","overlay-type":"","overlay-color":"","overlay-opacity":"","overlay-gradient":""},"mobile":{"background-color":"var(--ast-global-color-4)","background-image":"","background-repeat":"repeat","background-position":"center center","background-size":"auto","background-attachment":"scroll","background-type":"","background-media":"","overlay-type":"","overlay-color":"","overlay-opacity":"","overlay-gradient":""}},"footnotes":""},"categories":[16,1],"tags":[],"class_list":["post-21220","post","type-post","status-publish","format-standard","hentry","category-municipales","category-noticias"],"yoast_head":"<!-- This site is optimized with the Yoast SEO Premium plugin v23.0 (Yoast SEO v27.4) - https:\/\/yoast.com\/product\/yoast-seo-premium-wordpress\/ -->\n<title>RETIRO DE CHATARRA: \u201cTen\u00edamos una deuda pendiente con la Armada\u201d, dijo De Marco<\/title>\n<meta name=\"robots\" content=\"index, follow, max-snippet:-1, max-image-preview:large, max-video-preview:-1\" \/>\n<link rel=\"canonical\" href=\"https:\/\/patagoniambiental.com.ar\/info\/retiro-de-chatarra-teniamos-una-deuda-pendiente-con-la-armada-dijo-de-marco\/\" \/>\n<meta property=\"og:locale\" content=\"es_ES\" \/>\n<meta property=\"og:type\" content=\"article\" \/>\n<meta property=\"og:title\" content=\"RETIRO DE CHATARRA: \u201cTen\u00edamos una deuda pendiente con la Armada\u201d, dijo De Marco\" \/>\n<meta property=\"og:description\" content=\"Ushuaia.-El secretario de Medio Ambiente de la Municipalidad de Ushuaia, Dami\u00e1n de Marco, sostuvo que \u201cten\u00edamos una deuda pendiente con [&hellip;]\" \/>\n<meta property=\"og:url\" content=\"https:\/\/patagoniambiental.com.ar\/info\/retiro-de-chatarra-teniamos-una-deuda-pendiente-con-la-armada-dijo-de-marco\/\" \/>\n<meta property=\"og:site_name\" content=\"Patagonia Ambiental\" \/>\n<meta property=\"article:publisher\" content=\"https:\/\/www.facebook.com\/patagonia.ambiental\" \/>\n<meta property=\"article:author\" content=\"https:\/\/www.facebook.com\/share\/1C1V8Gv9BX\/?mibextid=qi2Omg\" \/>\n<meta property=\"article:published_time\" content=\"2016-09-30T12:25:26+00:00\" \/>\n<meta name=\"author\" content=\"Patagonia Ambiental\" \/>\n<meta name=\"twitter:card\" content=\"summary_large_image\" \/>\n<meta name=\"twitter:creator\" content=\"@PatAmb\" \/>\n<meta name=\"twitter:site\" content=\"@PatAmb\" \/>\n<script type=\"application\/ld+json\" class=\"yoast-schema-graph\">{\"@context\":\"https:\\\/\\\/schema.org\",\"@graph\":[{\"@type\":\"Article\",\"@id\":\"https:\\\/\\\/patagoniambiental.com.ar\\\/info\\\/retiro-de-chatarra-teniamos-una-deuda-pendiente-con-la-armada-dijo-de-marco\\\/#article\",\"isPartOf\":{\"@id\":\"https:\\\/\\\/patagoniambiental.com.ar\\\/info\\\/retiro-de-chatarra-teniamos-una-deuda-pendiente-con-la-armada-dijo-de-marco\\\/\"},\"author\":{\"name\":\"Patagonia Ambiental\",\"@id\":\"https:\\\/\\\/patagoniambiental.com.ar\\\/info\\\/#\\\/schema\\\/person\\\/db12bff64bbcbf6a253710bf0ea37b5d\"},\"headline\":\"RETIRO DE CHATARRA: \u201cTen\u00edamos una deuda pendiente con la Armada\u201d, dijo De Marco\",\"datePublished\":\"2016-09-30T12:25:26+00:00\",\"mainEntityOfPage\":{\"@id\":\"https:\\\/\\\/patagoniambiental.com.ar\\\/info\\\/retiro-de-chatarra-teniamos-una-deuda-pendiente-con-la-armada-dijo-de-marco\\\/\"},\"wordCount\":380,\"publisher\":{\"@id\":\"https:\\\/\\\/patagoniambiental.com.ar\\\/info\\\/#organization\"},\"articleSection\":[\"Municipales\",\"Noticias\"],\"inLanguage\":\"es\"},{\"@type\":\"WebPage\",\"@id\":\"https:\\\/\\\/patagoniambiental.com.ar\\\/info\\\/retiro-de-chatarra-teniamos-una-deuda-pendiente-con-la-armada-dijo-de-marco\\\/\",\"url\":\"https:\\\/\\\/patagoniambiental.com.ar\\\/info\\\/retiro-de-chatarra-teniamos-una-deuda-pendiente-con-la-armada-dijo-de-marco\\\/\",\"name\":\"RETIRO DE CHATARRA: \u201cTen\u00edamos una deuda pendiente con la Armada\u201d, dijo De Marco\",\"isPartOf\":{\"@id\":\"https:\\\/\\\/patagoniambiental.com.ar\\\/info\\\/#website\"},\"datePublished\":\"2016-09-30T12:25:26+00:00\",\"breadcrumb\":{\"@id\":\"https:\\\/\\\/patagoniambiental.com.ar\\\/info\\\/retiro-de-chatarra-teniamos-una-deuda-pendiente-con-la-armada-dijo-de-marco\\\/#breadcrumb\"},\"inLanguage\":\"es\",\"potentialAction\":[{\"@type\":\"ReadAction\",\"target\":[\"https:\\\/\\\/patagoniambiental.com.ar\\\/info\\\/retiro-de-chatarra-teniamos-una-deuda-pendiente-con-la-armada-dijo-de-marco\\\/\"]}]},{\"@type\":\"BreadcrumbList\",\"@id\":\"https:\\\/\\\/patagoniambiental.com.ar\\\/info\\\/retiro-de-chatarra-teniamos-una-deuda-pendiente-con-la-armada-dijo-de-marco\\\/#breadcrumb\",\"itemListElement\":[{\"@type\":\"ListItem\",\"position\":1,\"name\":\"Inicio\",\"item\":\"https:\\\/\\\/patagoniambiental.com.ar\\\/info\\\/\"},{\"@type\":\"ListItem\",\"position\":2,\"name\":\"RETIRO DE CHATARRA: \u201cTen\u00edamos una deuda pendiente con la Armada\u201d, dijo De Marco\"}]},{\"@type\":\"WebSite\",\"@id\":\"https:\\\/\\\/patagoniambiental.com.ar\\\/info\\\/#website\",\"url\":\"https:\\\/\\\/patagoniambiental.com.ar\\\/info\\\/\",\"name\":\"Patagonia Ambiental\",\"description\":\"Monitoreo y an\u00e1lisis de la situaci\u00f3n geopol\u00edtica en el mundo y su implicancia en la Patagonia\",\"publisher\":{\"@id\":\"https:\\\/\\\/patagoniambiental.com.ar\\\/info\\\/#organization\"},\"potentialAction\":[{\"@type\":\"SearchAction\",\"target\":{\"@type\":\"EntryPoint\",\"urlTemplate\":\"https:\\\/\\\/patagoniambiental.com.ar\\\/info\\\/?s={search_term_string}\"},\"query-input\":{\"@type\":\"PropertyValueSpecification\",\"valueRequired\":true,\"valueName\":\"search_term_string\"}}],\"inLanguage\":\"es\"},{\"@type\":\"Organization\",\"@id\":\"https:\\\/\\\/patagoniambiental.com.ar\\\/info\\\/#organization\",\"name\":\"Patagonia Ambiental\",\"url\":\"https:\\\/\\\/patagoniambiental.com.ar\\\/info\\\/\",\"logo\":{\"@type\":\"ImageObject\",\"inLanguage\":\"es\",\"@id\":\"https:\\\/\\\/patagoniambiental.com.ar\\\/info\\\/#\\\/schema\\\/logo\\\/image\\\/\",\"url\":\"https:\\\/\\\/patagoniambiental.com.ar\\\/info\\\/wp-content\\\/uploads\\\/2025\\\/05\\\/LOGO-PATAGONIA-AMBIENTAL.png\",\"contentUrl\":\"https:\\\/\\\/patagoniambiental.com.ar\\\/info\\\/wp-content\\\/uploads\\\/2025\\\/05\\\/LOGO-PATAGONIA-AMBIENTAL.png\",\"width\":433,\"height\":250,\"caption\":\"Patagonia Ambiental\"},\"image\":{\"@id\":\"https:\\\/\\\/patagoniambiental.com.ar\\\/info\\\/#\\\/schema\\\/logo\\\/image\\\/\"},\"sameAs\":[\"https:\\\/\\\/www.facebook.com\\\/patagonia.ambiental\",\"https:\\\/\\\/x.com\\\/PatAmb\"]},{\"@type\":\"Person\",\"@id\":\"https:\\\/\\\/patagoniambiental.com.ar\\\/info\\\/#\\\/schema\\\/person\\\/db12bff64bbcbf6a253710bf0ea37b5d\",\"name\":\"Patagonia Ambiental\",\"description\":\"Andr\u00e9s Nievas T\u00e9cnico en manejo ambiental, consultor Ambiental y escritor para medios locales e internacionales sobre temas de geopolitica y medio ambiente.\",\"sameAs\":[\"http:\\\/\\\/www.patagoniambiental.com.ar\",\"https:\\\/\\\/www.facebook.com\\\/share\\\/1C1V8Gv9BX\\\/?mibextid=qi2Omg\",\"@patagoniambiental\",\"https:\\\/\\\/youtube.com\\\/@patagoniaambiental2023?si=BLt58t0wuXquxlYZ\"]}]}<\/script>\n<!-- \/ Yoast SEO Premium plugin. -->","yoast_head_json":{"title":"RETIRO DE CHATARRA: \u201cTen\u00edamos una deuda pendiente con la Armada\u201d, dijo De Marco","robots":{"index":"index","follow":"follow","max-snippet":"max-snippet:-1","max-image-preview":"max-image-preview:large","max-video-preview":"max-video-preview:-1"},"canonical":"https:\/\/patagoniambiental.com.ar\/info\/retiro-de-chatarra-teniamos-una-deuda-pendiente-con-la-armada-dijo-de-marco\/","og_locale":"es_ES","og_type":"article","og_title":"RETIRO DE CHATARRA: \u201cTen\u00edamos una deuda pendiente con la Armada\u201d, dijo De Marco","og_description":"Ushuaia.-El secretario de Medio Ambiente de la Municipalidad de Ushuaia, Dami\u00e1n de Marco, sostuvo que \u201cten\u00edamos una deuda pendiente con [&hellip;]","og_url":"https:\/\/patagoniambiental.com.ar\/info\/retiro-de-chatarra-teniamos-una-deuda-pendiente-con-la-armada-dijo-de-marco\/","og_site_name":"Patagonia Ambiental","article_publisher":"https:\/\/www.facebook.com\/patagonia.ambiental","article_author":"https:\/\/www.facebook.com\/share\/1C1V8Gv9BX\/?mibextid=qi2Omg","article_published_time":"2016-09-30T12:25:26+00:00","author":"Patagonia Ambiental","twitter_card":"summary_large_image","twitter_creator":"@PatAmb","twitter_site":"@PatAmb","schema":{"@context":"https:\/\/schema.org","@graph":[{"@type":"Article","@id":"https:\/\/patagoniambiental.com.ar\/info\/retiro-de-chatarra-teniamos-una-deuda-pendiente-con-la-armada-dijo-de-marco\/#article","isPartOf":{"@id":"https:\/\/patagoniambiental.com.ar\/info\/retiro-de-chatarra-teniamos-una-deuda-pendiente-con-la-armada-dijo-de-marco\/"},"author":{"name":"Patagonia Ambiental","@id":"https:\/\/patagoniambiental.com.ar\/info\/#\/schema\/person\/db12bff64bbcbf6a253710bf0ea37b5d"},"headline":"RETIRO DE CHATARRA: \u201cTen\u00edamos una deuda pendiente con la Armada\u201d, dijo De Marco","datePublished":"2016-09-30T12:25:26+00:00","mainEntityOfPage":{"@id":"https:\/\/patagoniambiental.com.ar\/info\/retiro-de-chatarra-teniamos-una-deuda-pendiente-con-la-armada-dijo-de-marco\/"},"wordCount":380,"publisher":{"@id":"https:\/\/patagoniambiental.com.ar\/info\/#organization"},"articleSection":["Municipales","Noticias"],"inLanguage":"es"},{"@type":"WebPage","@id":"https:\/\/patagoniambiental.com.ar\/info\/retiro-de-chatarra-teniamos-una-deuda-pendiente-con-la-armada-dijo-de-marco\/","url":"https:\/\/patagoniambiental.com.ar\/info\/retiro-de-chatarra-teniamos-una-deuda-pendiente-con-la-armada-dijo-de-marco\/","name":"RETIRO DE CHATARRA: \u201cTen\u00edamos una deuda pendiente con la Armada\u201d, dijo De Marco","isPartOf":{"@id":"https:\/\/patagoniambiental.com.ar\/info\/#website"},"datePublished":"2016-09-30T12:25:26+00:00","breadcrumb":{"@id":"https:\/\/patagoniambiental.com.ar\/info\/retiro-de-chatarra-teniamos-una-deuda-pendiente-con-la-armada-dijo-de-marco\/#breadcrumb"},"inLanguage":"es","potentialAction":[{"@type":"ReadAction","target":["https:\/\/patagoniambiental.com.ar\/info\/retiro-de-chatarra-teniamos-una-deuda-pendiente-con-la-armada-dijo-de-marco\/"]}]},{"@type":"BreadcrumbList","@id":"https:\/\/patagoniambiental.com.ar\/info\/retiro-de-chatarra-teniamos-una-deuda-pendiente-con-la-armada-dijo-de-marco\/#breadcrumb","itemListElement":[{"@type":"ListItem","position":1,"name":"Inicio","item":"https:\/\/patagoniambiental.com.ar\/info\/"},{"@type":"ListItem","position":2,"name":"RETIRO DE CHATARRA: \u201cTen\u00edamos una deuda pendiente con la Armada\u201d, dijo De Marco"}]},{"@type":"WebSite","@id":"https:\/\/patagoniambiental.com.ar\/info\/#website","url":"https:\/\/patagoniambiental.com.ar\/info\/","name":"Patagonia Ambiental","description":"Monitoreo y an\u00e1lisis de la situaci\u00f3n geopol\u00edtica en el mundo y su implicancia en la Patagonia","publisher":{"@id":"https:\/\/patagoniambiental.com.ar\/info\/#organization"},"potentialAction":[{"@type":"SearchAction","target":{"@type":"EntryPoint","urlTemplate":"https:\/\/patagoniambiental.com.ar\/info\/?s={search_term_string}"},"query-input":{"@type":"PropertyValueSpecification","valueRequired":true,"valueName":"search_term_string"}}],"inLanguage":"es"},{"@type":"Organization","@id":"https:\/\/patagoniambiental.com.ar\/info\/#organization","name":"Patagonia Ambiental","url":"https:\/\/patagoniambiental.com.ar\/info\/","logo":{"@type":"ImageObject","inLanguage":"es","@id":"https:\/\/patagoniambiental.com.ar\/info\/#\/schema\/logo\/image\/","url":"https:\/\/patagoniambiental.com.ar\/info\/wp-content\/uploads\/2025\/05\/LOGO-PATAGONIA-AMBIENTAL.png","contentUrl":"https:\/\/patagoniambiental.com.ar\/info\/wp-content\/uploads\/2025\/05\/LOGO-PATAGONIA-AMBIENTAL.png","width":433,"height":250,"caption":"Patagonia Ambiental"},"image":{"@id":"https:\/\/patagoniambiental.com.ar\/info\/#\/schema\/logo\/image\/"},"sameAs":["https:\/\/www.facebook.com\/patagonia.ambiental","https:\/\/x.com\/PatAmb"]},{"@type":"Person","@id":"https:\/\/patagoniambiental.com.ar\/info\/#\/schema\/person\/db12bff64bbcbf6a253710bf0ea37b5d","name":"Patagonia Ambiental","description":"Andr\u00e9s Nievas T\u00e9cnico en manejo ambiental, consultor Ambiental y escritor para medios locales e internacionales sobre temas de geopolitica y medio ambiente.","sameAs":["http:\/\/www.patagoniambiental.com.ar","https:\/\/www.facebook.com\/share\/1C1V8Gv9BX\/?mibextid=qi2Omg","@patagoniambiental","https:\/\/youtube.com\/@patagoniaambiental2023?si=BLt58t0wuXquxlYZ"]}]}},"_links":{"self":[{"href":"https:\/\/patagoniambiental.com.ar\/info\/wp-json\/wp\/v2\/posts\/21220","targetHints":{"allow":["GET"]}}],"collection":[{"href":"https:\/\/patagoniambiental.com.ar\/info\/wp-json\/wp\/v2\/posts"}],"about":[{"href":"https:\/\/patagoniambiental.com.ar\/info\/wp-json\/wp\/v2\/types\/post"}],"author":[{"embeddable":true,"href":"https:\/\/patagoniambiental.com.ar\/info\/wp-json\/wp\/v2\/users\/2"}],"replies":[{"embeddable":true,"href":"https:\/\/patagoniambiental.com.ar\/info\/wp-json\/wp\/v2\/comments?post=21220"}],"version-history":[{"count":0,"href":"https:\/\/patagoniambiental.com.ar\/info\/wp-json\/wp\/v2\/posts\/21220\/revisions"}],"wp:attachment":[{"href":"https:\/\/patagoniambiental.com.ar\/info\/wp-json\/wp\/v2\/media?parent=21220"}],"wp:term":[{"taxonomy":"category","embeddable":true,"href":"https:\/\/patagoniambiental.com.ar\/info\/wp-json\/wp\/v2\/categories?post=21220"},{"taxonomy":"post_tag","embeddable":true,"href":"https:\/\/patagoniambiental.com.ar\/info\/wp-json\/wp\/v2\/tags?post=21220"}],"curies":[{"name":"wp","href":"https:\/\/api.w.org\/{rel}","templated":true}]}}