{"id":21233,"date":"2016-10-01T19:20:10","date_gmt":"2016-10-01T22:20:10","guid":{"rendered":"http:\/\/patagoniambiental.com.ar\/?p=21233"},"modified":"2016-10-01T19:20:10","modified_gmt":"2016-10-01T22:20:10","slug":"reunion-con-el-administrador-de-aduanas-realizan-gestiones-para-exportacion-de-chatarra","status":"publish","type":"post","link":"https:\/\/patagoniambiental.com.ar\/info\/reunion-con-el-administrador-de-aduanas-realizan-gestiones-para-exportacion-de-chatarra\/","title":{"rendered":"REUNI\u00d3N CON EL ADMINISTRADOR DE ADUANAS: Realizan gestiones para exportaci\u00f3n de chatarra"},"content":{"rendered":"<p class=\"top-header\">Ushuaia.-El Secretario de Medio Ambiente de la Municipalidad, Dami\u00e1n de Marco, mantuvo un encuentro con el administrador de la Aduana de Ushuaia, <!--more-->Mario Molina, para avanzar en la posibilidad de completar el c\u00edrculo de la limpieza de chatarra con la exportaci\u00f3n de los fardos compactados hacia el continente.<\/p>\n<p>\u201cFue un muy buen encuentro con el administrador de la Aduana y resta ahora que podamos concretar con Provincia para la obtenci\u00f3n del correspondiente certificado de origen de la chatarra que debe salir de nuestra ciudad hacia el continente\u201d, explic\u00f3 el funcionario de Medio Ambiente.<\/p>\n<p>La reuni\u00f3n cont\u00f3 tambi\u00e9n con la presencia de todas las partes intervinientes hasta este punto de tratamiento de la chatarra, ya que se sum\u00f3 la empresa Trinidad Oversea, que es la due\u00f1a de la m\u00e1quina compactadora, el despachante de aduana y tambi\u00e9n la empresa que provee los contenedores en los que se trasladar\u00e1 lo compactado.<\/p>\n<p>Aduana realizar\u00e1 los controles de rigor sobre el volumen exportable. Resta coordinar con el \u00e1rea de Industria del gobierno de la Provincia la certificaci\u00f3n de origen que necesita la propia Aduana para habilitar la salida de lo producido.<\/p>\n<p>\u201cCon este paso, la coordinaci\u00f3n con Aduana y las \u00e1reas involucradas en la operaci\u00f3n de exportaci\u00f3n, cerramos el c\u00edrculo de la chatarra y la limpieza de la ciudad se convierte no s\u00f3lo en acci\u00f3n, sino en una transformaci\u00f3n. Estamos trabajando para concretar esta posibilidad que es lo mejor que le puede pasar a la ciudad con este tema\u201d, dijo de Marco.<\/p>\n<p>Fuente: Ushuaia Noticias<\/p>\n","protected":false},"excerpt":{"rendered":"<p>Ushuaia.-El Secretario de Medio Ambiente de la Municipalidad, Dami\u00e1n de Marco, mantuvo un encuentro con el administrador de la Aduana [&hellip;]<\/p>\n","protected":false},"author":2,"featured_media":0,"comment_status":"closed","ping_status":"closed","sticky":false,"template":"","format":"standard","meta":{"site-sidebar-layout":"default","site-content-layout":"","ast-site-content-layout":"default","site-content-style":"default","site-sidebar-style":"default","ast-global-header-display":"","ast-banner-title-visibility":"","ast-main-header-display":"","ast-hfb-above-header-display":"","ast-hfb-below-header-display":"","ast-hfb-mobile-header-display":"","site-post-title":"","ast-breadcrumbs-content":"","ast-featured-img":"","footer-sml-layout":"","ast-disable-related-posts":"","theme-transparent-header-meta":"","adv-header-id-meta":"","stick-header-meta":"","header-above-stick-meta":"","header-main-stick-meta":"","header-below-stick-meta":"","astra-migrate-meta-layouts":"default","ast-page-background-enabled":"default","ast-page-background-meta":{"desktop":{"background-color":"var(--ast-global-color-5)","background-image":"","background-repeat":"repeat","background-position":"center center","background-size":"auto","background-attachment":"scroll","background-type":"","background-media":"","overlay-type":"","overlay-color":"","overlay-opacity":"","overlay-gradient":""},"tablet":{"background-color":"","background-image":"","background-repeat":"repeat","background-position":"center center","background-size":"auto","background-attachment":"scroll","background-type":"","background-media":"","overlay-type":"","overlay-color":"","overlay-opacity":"","overlay-gradient":""},"mobile":{"background-color":"","background-image":"","background-repeat":"repeat","background-position":"center center","background-size":"auto","background-attachment":"scroll","background-type":"","background-media":"","overlay-type":"","overlay-color":"","overlay-opacity":"","overlay-gradient":""}},"ast-content-background-meta":{"desktop":{"background-color":"var(--ast-global-color-4)","background-image":"","background-repeat":"repeat","background-position":"center center","background-size":"auto","background-attachment":"scroll","background-type":"","background-media":"","overlay-type":"","overlay-color":"","overlay-opacity":"","overlay-gradient":""},"tablet":{"background-color":"var(--ast-global-color-4)","background-image":"","background-repeat":"repeat","background-position":"center center","background-size":"auto","background-attachment":"scroll","background-type":"","background-media":"","overlay-type":"","overlay-color":"","overlay-opacity":"","overlay-gradient":""},"mobile":{"background-color":"var(--ast-global-color-4)","background-image":"","background-repeat":"repeat","background-position":"center center","background-size":"auto","background-attachment":"scroll","background-type":"","background-media":"","overlay-type":"","overlay-color":"","overlay-opacity":"","overlay-gradient":""}},"footnotes":""},"categories":[16,1],"tags":[],"class_list":["post-21233","post","type-post","status-publish","format-standard","hentry","category-municipales","category-noticias"],"yoast_head":"<!-- This site is optimized with the Yoast SEO Premium plugin v23.0 (Yoast SEO v27.4) - https:\/\/yoast.com\/product\/yoast-seo-premium-wordpress\/ -->\n<title>REUNI\u00d3N CON EL ADMINISTRADOR DE ADUANAS: Realizan gestiones para exportaci\u00f3n de chatarra<\/title>\n<meta name=\"robots\" content=\"index, follow, max-snippet:-1, max-image-preview:large, max-video-preview:-1\" \/>\n<link rel=\"canonical\" href=\"https:\/\/patagoniambiental.com.ar\/info\/reunion-con-el-administrador-de-aduanas-realizan-gestiones-para-exportacion-de-chatarra\/\" \/>\n<meta property=\"og:locale\" content=\"es_ES\" \/>\n<meta property=\"og:type\" content=\"article\" \/>\n<meta property=\"og:title\" content=\"REUNI\u00d3N CON EL ADMINISTRADOR DE ADUANAS: Realizan gestiones para exportaci\u00f3n de chatarra\" \/>\n<meta property=\"og:description\" content=\"Ushuaia.-El Secretario de Medio Ambiente de la Municipalidad, Dami\u00e1n de Marco, mantuvo un encuentro con el administrador de la Aduana [&hellip;]\" \/>\n<meta property=\"og:url\" content=\"https:\/\/patagoniambiental.com.ar\/info\/reunion-con-el-administrador-de-aduanas-realizan-gestiones-para-exportacion-de-chatarra\/\" \/>\n<meta property=\"og:site_name\" content=\"Patagonia Ambiental\" \/>\n<meta property=\"article:publisher\" content=\"https:\/\/www.facebook.com\/patagonia.ambiental\" \/>\n<meta property=\"article:author\" content=\"https:\/\/www.facebook.com\/share\/1C1V8Gv9BX\/?mibextid=qi2Omg\" \/>\n<meta property=\"article:published_time\" content=\"2016-10-01T22:20:10+00:00\" \/>\n<meta name=\"author\" content=\"Patagonia Ambiental\" \/>\n<meta name=\"twitter:card\" content=\"summary_large_image\" \/>\n<meta name=\"twitter:creator\" content=\"@PatAmb\" \/>\n<meta name=\"twitter:site\" content=\"@PatAmb\" \/>\n<script type=\"application\/ld+json\" class=\"yoast-schema-graph\">{\"@context\":\"https:\\\/\\\/schema.org\",\"@graph\":[{\"@type\":\"Article\",\"@id\":\"https:\\\/\\\/patagoniambiental.com.ar\\\/info\\\/reunion-con-el-administrador-de-aduanas-realizan-gestiones-para-exportacion-de-chatarra\\\/#article\",\"isPartOf\":{\"@id\":\"https:\\\/\\\/patagoniambiental.com.ar\\\/info\\\/reunion-con-el-administrador-de-aduanas-realizan-gestiones-para-exportacion-de-chatarra\\\/\"},\"author\":{\"name\":\"Patagonia Ambiental\",\"@id\":\"https:\\\/\\\/patagoniambiental.com.ar\\\/info\\\/#\\\/schema\\\/person\\\/db12bff64bbcbf6a253710bf0ea37b5d\"},\"headline\":\"REUNI\u00d3N CON EL ADMINISTRADOR DE ADUANAS: Realizan gestiones para exportaci\u00f3n de chatarra\",\"datePublished\":\"2016-10-01T22:20:10+00:00\",\"mainEntityOfPage\":{\"@id\":\"https:\\\/\\\/patagoniambiental.com.ar\\\/info\\\/reunion-con-el-administrador-de-aduanas-realizan-gestiones-para-exportacion-de-chatarra\\\/\"},\"wordCount\":282,\"publisher\":{\"@id\":\"https:\\\/\\\/patagoniambiental.com.ar\\\/info\\\/#organization\"},\"articleSection\":[\"Municipales\",\"Noticias\"],\"inLanguage\":\"es\"},{\"@type\":\"WebPage\",\"@id\":\"https:\\\/\\\/patagoniambiental.com.ar\\\/info\\\/reunion-con-el-administrador-de-aduanas-realizan-gestiones-para-exportacion-de-chatarra\\\/\",\"url\":\"https:\\\/\\\/patagoniambiental.com.ar\\\/info\\\/reunion-con-el-administrador-de-aduanas-realizan-gestiones-para-exportacion-de-chatarra\\\/\",\"name\":\"REUNI\u00d3N CON EL ADMINISTRADOR DE ADUANAS: Realizan gestiones para exportaci\u00f3n de chatarra\",\"isPartOf\":{\"@id\":\"https:\\\/\\\/patagoniambiental.com.ar\\\/info\\\/#website\"},\"datePublished\":\"2016-10-01T22:20:10+00:00\",\"breadcrumb\":{\"@id\":\"https:\\\/\\\/patagoniambiental.com.ar\\\/info\\\/reunion-con-el-administrador-de-aduanas-realizan-gestiones-para-exportacion-de-chatarra\\\/#breadcrumb\"},\"inLanguage\":\"es\",\"potentialAction\":[{\"@type\":\"ReadAction\",\"target\":[\"https:\\\/\\\/patagoniambiental.com.ar\\\/info\\\/reunion-con-el-administrador-de-aduanas-realizan-gestiones-para-exportacion-de-chatarra\\\/\"]}]},{\"@type\":\"BreadcrumbList\",\"@id\":\"https:\\\/\\\/patagoniambiental.com.ar\\\/info\\\/reunion-con-el-administrador-de-aduanas-realizan-gestiones-para-exportacion-de-chatarra\\\/#breadcrumb\",\"itemListElement\":[{\"@type\":\"ListItem\",\"position\":1,\"name\":\"Inicio\",\"item\":\"https:\\\/\\\/patagoniambiental.com.ar\\\/info\\\/\"},{\"@type\":\"ListItem\",\"position\":2,\"name\":\"REUNI\u00d3N CON EL ADMINISTRADOR DE ADUANAS: Realizan gestiones para exportaci\u00f3n de chatarra\"}]},{\"@type\":\"WebSite\",\"@id\":\"https:\\\/\\\/patagoniambiental.com.ar\\\/info\\\/#website\",\"url\":\"https:\\\/\\\/patagoniambiental.com.ar\\\/info\\\/\",\"name\":\"Patagonia Ambiental\",\"description\":\"Monitoreo y an\u00e1lisis de la situaci\u00f3n geopol\u00edtica en el mundo y su implicancia en la Patagonia\",\"publisher\":{\"@id\":\"https:\\\/\\\/patagoniambiental.com.ar\\\/info\\\/#organization\"},\"potentialAction\":[{\"@type\":\"SearchAction\",\"target\":{\"@type\":\"EntryPoint\",\"urlTemplate\":\"https:\\\/\\\/patagoniambiental.com.ar\\\/info\\\/?s={search_term_string}\"},\"query-input\":{\"@type\":\"PropertyValueSpecification\",\"valueRequired\":true,\"valueName\":\"search_term_string\"}}],\"inLanguage\":\"es\"},{\"@type\":\"Organization\",\"@id\":\"https:\\\/\\\/patagoniambiental.com.ar\\\/info\\\/#organization\",\"name\":\"Patagonia Ambiental\",\"url\":\"https:\\\/\\\/patagoniambiental.com.ar\\\/info\\\/\",\"logo\":{\"@type\":\"ImageObject\",\"inLanguage\":\"es\",\"@id\":\"https:\\\/\\\/patagoniambiental.com.ar\\\/info\\\/#\\\/schema\\\/logo\\\/image\\\/\",\"url\":\"https:\\\/\\\/patagoniambiental.com.ar\\\/info\\\/wp-content\\\/uploads\\\/2025\\\/05\\\/LOGO-PATAGONIA-AMBIENTAL.png\",\"contentUrl\":\"https:\\\/\\\/patagoniambiental.com.ar\\\/info\\\/wp-content\\\/uploads\\\/2025\\\/05\\\/LOGO-PATAGONIA-AMBIENTAL.png\",\"width\":433,\"height\":250,\"caption\":\"Patagonia Ambiental\"},\"image\":{\"@id\":\"https:\\\/\\\/patagoniambiental.com.ar\\\/info\\\/#\\\/schema\\\/logo\\\/image\\\/\"},\"sameAs\":[\"https:\\\/\\\/www.facebook.com\\\/patagonia.ambiental\",\"https:\\\/\\\/x.com\\\/PatAmb\"]},{\"@type\":\"Person\",\"@id\":\"https:\\\/\\\/patagoniambiental.com.ar\\\/info\\\/#\\\/schema\\\/person\\\/db12bff64bbcbf6a253710bf0ea37b5d\",\"name\":\"Patagonia Ambiental\",\"description\":\"Andr\u00e9s Nievas T\u00e9cnico en manejo ambiental, consultor Ambiental y escritor para medios locales e internacionales sobre temas de geopolitica y medio ambiente.\",\"sameAs\":[\"http:\\\/\\\/www.patagoniambiental.com.ar\",\"https:\\\/\\\/www.facebook.com\\\/share\\\/1C1V8Gv9BX\\\/?mibextid=qi2Omg\",\"@patagoniambiental\",\"https:\\\/\\\/youtube.com\\\/@patagoniaambiental2023?si=BLt58t0wuXquxlYZ\"]}]}<\/script>\n<!-- \/ Yoast SEO Premium plugin. -->","yoast_head_json":{"title":"REUNI\u00d3N CON EL ADMINISTRADOR DE ADUANAS: Realizan gestiones para exportaci\u00f3n de chatarra","robots":{"index":"index","follow":"follow","max-snippet":"max-snippet:-1","max-image-preview":"max-image-preview:large","max-video-preview":"max-video-preview:-1"},"canonical":"https:\/\/patagoniambiental.com.ar\/info\/reunion-con-el-administrador-de-aduanas-realizan-gestiones-para-exportacion-de-chatarra\/","og_locale":"es_ES","og_type":"article","og_title":"REUNI\u00d3N CON EL ADMINISTRADOR DE ADUANAS: Realizan gestiones para exportaci\u00f3n de chatarra","og_description":"Ushuaia.-El Secretario de Medio Ambiente de la Municipalidad, Dami\u00e1n de Marco, mantuvo un encuentro con el administrador de la Aduana [&hellip;]","og_url":"https:\/\/patagoniambiental.com.ar\/info\/reunion-con-el-administrador-de-aduanas-realizan-gestiones-para-exportacion-de-chatarra\/","og_site_name":"Patagonia Ambiental","article_publisher":"https:\/\/www.facebook.com\/patagonia.ambiental","article_author":"https:\/\/www.facebook.com\/share\/1C1V8Gv9BX\/?mibextid=qi2Omg","article_published_time":"2016-10-01T22:20:10+00:00","author":"Patagonia Ambiental","twitter_card":"summary_large_image","twitter_creator":"@PatAmb","twitter_site":"@PatAmb","schema":{"@context":"https:\/\/schema.org","@graph":[{"@type":"Article","@id":"https:\/\/patagoniambiental.com.ar\/info\/reunion-con-el-administrador-de-aduanas-realizan-gestiones-para-exportacion-de-chatarra\/#article","isPartOf":{"@id":"https:\/\/patagoniambiental.com.ar\/info\/reunion-con-el-administrador-de-aduanas-realizan-gestiones-para-exportacion-de-chatarra\/"},"author":{"name":"Patagonia Ambiental","@id":"https:\/\/patagoniambiental.com.ar\/info\/#\/schema\/person\/db12bff64bbcbf6a253710bf0ea37b5d"},"headline":"REUNI\u00d3N CON EL ADMINISTRADOR DE ADUANAS: Realizan gestiones para exportaci\u00f3n de chatarra","datePublished":"2016-10-01T22:20:10+00:00","mainEntityOfPage":{"@id":"https:\/\/patagoniambiental.com.ar\/info\/reunion-con-el-administrador-de-aduanas-realizan-gestiones-para-exportacion-de-chatarra\/"},"wordCount":282,"publisher":{"@id":"https:\/\/patagoniambiental.com.ar\/info\/#organization"},"articleSection":["Municipales","Noticias"],"inLanguage":"es"},{"@type":"WebPage","@id":"https:\/\/patagoniambiental.com.ar\/info\/reunion-con-el-administrador-de-aduanas-realizan-gestiones-para-exportacion-de-chatarra\/","url":"https:\/\/patagoniambiental.com.ar\/info\/reunion-con-el-administrador-de-aduanas-realizan-gestiones-para-exportacion-de-chatarra\/","name":"REUNI\u00d3N CON EL ADMINISTRADOR DE ADUANAS: Realizan gestiones para exportaci\u00f3n de chatarra","isPartOf":{"@id":"https:\/\/patagoniambiental.com.ar\/info\/#website"},"datePublished":"2016-10-01T22:20:10+00:00","breadcrumb":{"@id":"https:\/\/patagoniambiental.com.ar\/info\/reunion-con-el-administrador-de-aduanas-realizan-gestiones-para-exportacion-de-chatarra\/#breadcrumb"},"inLanguage":"es","potentialAction":[{"@type":"ReadAction","target":["https:\/\/patagoniambiental.com.ar\/info\/reunion-con-el-administrador-de-aduanas-realizan-gestiones-para-exportacion-de-chatarra\/"]}]},{"@type":"BreadcrumbList","@id":"https:\/\/patagoniambiental.com.ar\/info\/reunion-con-el-administrador-de-aduanas-realizan-gestiones-para-exportacion-de-chatarra\/#breadcrumb","itemListElement":[{"@type":"ListItem","position":1,"name":"Inicio","item":"https:\/\/patagoniambiental.com.ar\/info\/"},{"@type":"ListItem","position":2,"name":"REUNI\u00d3N CON EL ADMINISTRADOR DE ADUANAS: Realizan gestiones para exportaci\u00f3n de chatarra"}]},{"@type":"WebSite","@id":"https:\/\/patagoniambiental.com.ar\/info\/#website","url":"https:\/\/patagoniambiental.com.ar\/info\/","name":"Patagonia Ambiental","description":"Monitoreo y an\u00e1lisis de la situaci\u00f3n geopol\u00edtica en el mundo y su implicancia en la Patagonia","publisher":{"@id":"https:\/\/patagoniambiental.com.ar\/info\/#organization"},"potentialAction":[{"@type":"SearchAction","target":{"@type":"EntryPoint","urlTemplate":"https:\/\/patagoniambiental.com.ar\/info\/?s={search_term_string}"},"query-input":{"@type":"PropertyValueSpecification","valueRequired":true,"valueName":"search_term_string"}}],"inLanguage":"es"},{"@type":"Organization","@id":"https:\/\/patagoniambiental.com.ar\/info\/#organization","name":"Patagonia Ambiental","url":"https:\/\/patagoniambiental.com.ar\/info\/","logo":{"@type":"ImageObject","inLanguage":"es","@id":"https:\/\/patagoniambiental.com.ar\/info\/#\/schema\/logo\/image\/","url":"https:\/\/patagoniambiental.com.ar\/info\/wp-content\/uploads\/2025\/05\/LOGO-PATAGONIA-AMBIENTAL.png","contentUrl":"https:\/\/patagoniambiental.com.ar\/info\/wp-content\/uploads\/2025\/05\/LOGO-PATAGONIA-AMBIENTAL.png","width":433,"height":250,"caption":"Patagonia Ambiental"},"image":{"@id":"https:\/\/patagoniambiental.com.ar\/info\/#\/schema\/logo\/image\/"},"sameAs":["https:\/\/www.facebook.com\/patagonia.ambiental","https:\/\/x.com\/PatAmb"]},{"@type":"Person","@id":"https:\/\/patagoniambiental.com.ar\/info\/#\/schema\/person\/db12bff64bbcbf6a253710bf0ea37b5d","name":"Patagonia Ambiental","description":"Andr\u00e9s Nievas T\u00e9cnico en manejo ambiental, consultor Ambiental y escritor para medios locales e internacionales sobre temas de geopolitica y medio ambiente.","sameAs":["http:\/\/www.patagoniambiental.com.ar","https:\/\/www.facebook.com\/share\/1C1V8Gv9BX\/?mibextid=qi2Omg","@patagoniambiental","https:\/\/youtube.com\/@patagoniaambiental2023?si=BLt58t0wuXquxlYZ"]}]}},"_links":{"self":[{"href":"https:\/\/patagoniambiental.com.ar\/info\/wp-json\/wp\/v2\/posts\/21233","targetHints":{"allow":["GET"]}}],"collection":[{"href":"https:\/\/patagoniambiental.com.ar\/info\/wp-json\/wp\/v2\/posts"}],"about":[{"href":"https:\/\/patagoniambiental.com.ar\/info\/wp-json\/wp\/v2\/types\/post"}],"author":[{"embeddable":true,"href":"https:\/\/patagoniambiental.com.ar\/info\/wp-json\/wp\/v2\/users\/2"}],"replies":[{"embeddable":true,"href":"https:\/\/patagoniambiental.com.ar\/info\/wp-json\/wp\/v2\/comments?post=21233"}],"version-history":[{"count":0,"href":"https:\/\/patagoniambiental.com.ar\/info\/wp-json\/wp\/v2\/posts\/21233\/revisions"}],"wp:attachment":[{"href":"https:\/\/patagoniambiental.com.ar\/info\/wp-json\/wp\/v2\/media?parent=21233"}],"wp:term":[{"taxonomy":"category","embeddable":true,"href":"https:\/\/patagoniambiental.com.ar\/info\/wp-json\/wp\/v2\/categories?post=21233"},{"taxonomy":"post_tag","embeddable":true,"href":"https:\/\/patagoniambiental.com.ar\/info\/wp-json\/wp\/v2\/tags?post=21233"}],"curies":[{"name":"wp","href":"https:\/\/api.w.org\/{rel}","templated":true}]}}